{"id":31946,"date":"2021-09-23T15:20:17","date_gmt":"2021-09-23T20:20:17","guid":{"rendered":"https:\/\/www.cric-colombia.org\/portal\/?p=31946"},"modified":"2021-09-23T16:14:17","modified_gmt":"2021-09-23T21:14:17","slug":"en-el-marco-de-relacionamiento-de-dialogos-para-fortalecer-la-salud-de-los-pueblos-indigenas","status":"publish","type":"post","link":"https:\/\/www.cric-colombia.org\/portal\/en-el-marco-de-relacionamiento-de-dialogos-para-fortalecer-la-salud-de-los-pueblos-indigenas\/","title":{"rendered":"En el marco de relacionamiento de di\u00e1logos para fortalecer la salud de los pueblos ind\u00edgenas"},"content":{"rendered":"<p>Con la din\u00e1mica de seguir fortaleciendo la salud propia de los Pueblos ind\u00edgenas, <strong>el d\u00eda 21 de septiembre 2021, se realiz\u00f3 una reuni\u00f3n del programa de salud-CRIC,\u00a0<\/strong>en la Ciudad de Popay\u00e1n, con la delegaci\u00f3n del Ministerio de Salud Nacional, para Socializar resultados de la prueba piloto de instrumentos construidos para la recolecci\u00f3n de informaci\u00f3n de costos del Sistema Ind\u00edgena de Salud Propio Intercultural SISPI, sistema que se ha venido construyendo milenariamente por las comunidades ind\u00edgenas, el cual plantea la salud de forma integral garantizando el buen vivir de nuestras comunidades. De esa manera se trabaj\u00f3 las siguientes tem\u00e1ticas para avanzar en la operatividad de salud de los Pueblos Ind\u00edgenas, la construcci\u00f3n de instrumentos para recolecci\u00f3n de informaci\u00f3n de costos: en donde se dio conocer los resultados de la prueba piloto realizada en el <strong>tejido de salud zonal, de la Asociaci\u00f3n De Cabildos Ind\u00edgenas del Norte del Cauca ACIN-CXHAB WALA KIWE.<\/strong><\/p>\n<p><strong>H\u00e9ctor Fabi\u00e1n Garreta-consejero-CRIC, expreso<\/strong> <em>\u201cEl programa de salud, viene adelantando un trabajo muy importante, hoy estamos mostrando todas las pr\u00e1cticas en la operatividad desde los territorios, realmente es un avance muy significativo, desde el trabajo t\u00e9cnico, pol\u00edtico, organizativo y cultural, hoy estamos mostrando al Ministerio de salud, de lo que se viene avanzando en los en los territorios\u201d.<\/em><\/p>\n<p><img decoding=\"async\" loading=\"lazy\" class=\"size-medium wp-image-31948 alignleft\" src=\"https:\/\/www.cric-colombia.org\/portal\/wp-content\/uploads\/2021\/09\/01-salud-300x138.jpeg\" alt=\"\" width=\"300\" height=\"138\" srcset=\"https:\/\/www.cric-colombia.org\/portal\/wp-content\/uploads\/2021\/09\/01-salud-300x138.jpeg 300w, https:\/\/www.cric-colombia.org\/portal\/wp-content\/uploads\/2021\/09\/01-salud-768x353.jpeg 768w, https:\/\/www.cric-colombia.org\/portal\/wp-content\/uploads\/2021\/09\/01-salud-1024x471.jpeg 1024w, https:\/\/www.cric-colombia.org\/portal\/wp-content\/uploads\/2021\/09\/01-salud-696x320.jpeg 696w, https:\/\/www.cric-colombia.org\/portal\/wp-content\/uploads\/2021\/09\/01-salud-1068x491.jpeg 1068w, https:\/\/www.cric-colombia.org\/portal\/wp-content\/uploads\/2021\/09\/01-salud-913x420.jpeg 913w, https:\/\/www.cric-colombia.org\/portal\/wp-content\/uploads\/2021\/09\/01-salud.jpeg 1280w\" sizes=\"(max-width: 300px) 100vw, 300px\" \/><\/p>\n<p><strong>Tambi\u00e9n uno de los dinamizadores expreso<\/strong> <em>\u201cante la delegaci\u00f3n del Ministerio de salud, que desde muchos a\u00f1os se viene trabajando en los territorios por el bienestar de la salud de las comunidades, por tal raz\u00f3n, decir que necesitamos que el Gobierno Nacional, ponga la voluntad de accionar frente a muchas situaciones que estamos viviendo con los asesinatos de l\u00edderes, mueren ni\u00f1os por la desnutrici\u00f3n y la corrupci\u00f3n de recursos por parte del Gobierno, as\u00ed no podemos seguir hablando del buen vivir comunitario, si no hay avance frente a muchas situaciones, las autoridades tomaran la decisi\u00f3n para las acciones en el marco de la minga, para que el Gobierno Nacional Cumpla con el derecho de la salud de los Pueblos ind\u00edgenas\u201d.<\/em><\/p>\n<p><strong>Respuesta Delegaci\u00f3n del Ministerio de Salud<\/strong><\/p>\n<p><strong>Uno de los voceros expreso lo siguiente<\/strong> <em>\u201clo m\u00e1s importante es hacer el acompa\u00f1amiento permanente en todas las actividades que viene realizando el programa de salud en los territorios, entendiendo la importancia de las cosmovisiones de los Pueblos Ind\u00edgenas, no solo en el tema de costos si no como llegar a las comunidades, de esa forma seguiremos trabajando en la mesa abierta de di\u00e1logos, para avanzar en los temas relacionados en salud, que puedan desarrollar en los siguientes meses.<\/em><\/p>\n<p>Para todos los <strong>pueblos Ind\u00edgenas de Colombia, estamos unidos,<\/strong> todos vamos hacia el mismo camino, que es garantizar el servicio de salud, desde cada uno de los puntos de vista de acuerdo a las necesidades. As\u00ed de esa forma se seguir\u00e1 trabajando con la delegaci\u00f3n del Ministerio de Salud Nacional y el <strong>programa de salud-CRIC,<\/strong> para el fortalecimiento del <strong>Sistema Ind\u00edgena de Salud Propio Intercultural-SISPI.<\/strong><\/p>\n<p>Por: Componente de formaci\u00f3n, capacitaci\u00f3n y l\u00ednea de comunicaci\u00f3n del programa de salud-CRIC. y Programa de Comunicaciones-CRIC.<\/p>\n<p>&nbsp;<\/p>\n<p>&nbsp;<\/p>\n","protected":false},"excerpt":{"rendered":"<p>Con la din\u00e1mica de seguir fortaleciendo la salud propia de los Pueblos ind\u00edgenas, el d\u00eda 21 de septiembre 2021, se realiz\u00f3 una reuni\u00f3n del programa de salud-CRIC,\u00a0en la Ciudad de Popay\u00e1n, con la delegaci\u00f3n del Ministerio de Salud Nacional, para Socializar resultados de la prueba piloto de instrumentos construidos para la recolecci\u00f3n de informaci\u00f3n de <\/p>\n","protected":false},"author":6,"featured_media":31947,"comment_status":"open","ping_status":"open","sticky":false,"template":"","format":"standard","meta":{"footnotes":""},"categories":[3],"tags":[89,87,917],"yoast_head":"<!-- This site is optimized with the Yoast SEO plugin v20.12 - https:\/\/yoast.com\/wordpress\/plugins\/seo\/ -->\n<title>En el marco de relacionamiento de di\u00e1logos para fortalecer la salud de los pueblos ind\u00edgenas - Consejo Regional Ind\u00edgena del Cauca - CRIC<\/title>\n<meta name=\"robots\" content=\"index, follow, max-snippet:-1, max-image-preview:large, max-video-preview:-1\" \/>\n<link rel=\"canonical\" href=\"https:\/\/www.cric-colombia.org\/portal\/en-el-marco-de-relacionamiento-de-dialogos-para-fortalecer-la-salud-de-los-pueblos-indigenas\/\" \/>\n<meta property=\"og:locale\" content=\"es_ES\" \/>\n<meta property=\"og:type\" content=\"article\" \/>\n<meta property=\"og:title\" content=\"En el marco de relacionamiento de di\u00e1logos para fortalecer la salud de los pueblos ind\u00edgenas - Consejo Regional Ind\u00edgena del Cauca - CRIC\" \/>\n<meta property=\"og:description\" content=\"Con la din\u00e1mica de seguir fortaleciendo la salud propia de los Pueblos ind\u00edgenas, el d\u00eda 21 de septiembre 2021, se realiz\u00f3 una reuni\u00f3n del programa de salud-CRIC,\u00a0en la Ciudad de Popay\u00e1n, con la delegaci\u00f3n del Ministerio de Salud Nacional, para Socializar resultados de la prueba piloto de instrumentos construidos para la recolecci\u00f3n de informaci\u00f3n de\" \/>\n<meta property=\"og:url\" content=\"https:\/\/www.cric-colombia.org\/portal\/en-el-marco-de-relacionamiento-de-dialogos-para-fortalecer-la-salud-de-los-pueblos-indigenas\/\" \/>\n<meta property=\"og:site_name\" content=\"Consejo Regional Ind\u00edgena del Cauca - CRIC\" \/>\n<meta property=\"article:publisher\" content=\"https:\/\/www.facebook.com\/cric.colombia\/\" \/>\n<meta property=\"article:published_time\" content=\"2021-09-23T20:20:17+00:00\" \/>\n<meta property=\"article:modified_time\" content=\"2021-09-23T21:14:17+00:00\" \/>\n<meta property=\"og:image\" content=\"https:\/\/www.cric-colombia.org\/portal\/wp-content\/uploads\/2021\/09\/salud-02.jpeg\" \/>\n\t<meta property=\"og:image:width\" content=\"1280\" \/>\n\t<meta property=\"og:image:height\" content=\"589\" \/>\n\t<meta property=\"og:image:type\" content=\"image\/jpeg\" \/>\n<meta name=\"author\" content=\"Comunicaciones CRIC\" \/>\n<meta name=\"twitter:card\" content=\"summary_large_image\" \/>\n<meta name=\"twitter:creator\" content=\"@CRIC_Cauca\" \/>\n<meta name=\"twitter:site\" content=\"@CRIC_Cauca\" \/>\n<meta name=\"twitter:label1\" content=\"Escrito por\" \/>\n\t<meta name=\"twitter:data1\" content=\"Comunicaciones CRIC\" \/>\n\t<meta name=\"twitter:label2\" content=\"Tiempo de lectura\" \/>\n\t<meta name=\"twitter:data2\" content=\"3 minutos\" \/>\n<script type=\"application\/ld+json\" class=\"yoast-schema-graph\">{\"@context\":\"https:\/\/schema.org\",\"@graph\":[{\"@type\":\"Article\",\"@id\":\"https:\/\/www.cric-colombia.org\/portal\/en-el-marco-de-relacionamiento-de-dialogos-para-fortalecer-la-salud-de-los-pueblos-indigenas\/#article\",\"isPartOf\":{\"@id\":\"https:\/\/www.cric-colombia.org\/portal\/en-el-marco-de-relacionamiento-de-dialogos-para-fortalecer-la-salud-de-los-pueblos-indigenas\/\"},\"author\":{\"name\":\"Comunicaciones CRIC\",\"@id\":\"https:\/\/www.cric-colombia.org\/portal\/#\/schema\/person\/ab3a3099267de33d55f74f34ba201931\"},\"headline\":\"En el marco de relacionamiento de di\u00e1logos para fortalecer la salud de los pueblos ind\u00edgenas\",\"datePublished\":\"2021-09-23T20:20:17+00:00\",\"dateModified\":\"2021-09-23T21:14:17+00:00\",\"mainEntityOfPage\":{\"@id\":\"https:\/\/www.cric-colombia.org\/portal\/en-el-marco-de-relacionamiento-de-dialogos-para-fortalecer-la-salud-de-los-pueblos-indigenas\/\"},\"wordCount\":557,\"commentCount\":0,\"publisher\":{\"@id\":\"https:\/\/www.cric-colombia.org\/portal\/#organization\"},\"keywords\":[\"cauca\",\"indigenas\",\"Salud Propia\"],\"articleSection\":[\"Actualidad Ind\u00edgena del Cauca\"],\"inLanguage\":\"es\",\"potentialAction\":[{\"@type\":\"CommentAction\",\"name\":\"Comment\",\"target\":[\"https:\/\/www.cric-colombia.org\/portal\/en-el-marco-de-relacionamiento-de-dialogos-para-fortalecer-la-salud-de-los-pueblos-indigenas\/#respond\"]}]},{\"@type\":\"WebPage\",\"@id\":\"https:\/\/www.cric-colombia.org\/portal\/en-el-marco-de-relacionamiento-de-dialogos-para-fortalecer-la-salud-de-los-pueblos-indigenas\/\",\"url\":\"https:\/\/www.cric-colombia.org\/portal\/en-el-marco-de-relacionamiento-de-dialogos-para-fortalecer-la-salud-de-los-pueblos-indigenas\/\",\"name\":\"En el marco de relacionamiento de di\u00e1logos para fortalecer la salud de los pueblos ind\u00edgenas - Consejo Regional Ind\u00edgena del Cauca - CRIC\",\"isPartOf\":{\"@id\":\"https:\/\/www.cric-colombia.org\/portal\/#website\"},\"datePublished\":\"2021-09-23T20:20:17+00:00\",\"dateModified\":\"2021-09-23T21:14:17+00:00\",\"breadcrumb\":{\"@id\":\"https:\/\/www.cric-colombia.org\/portal\/en-el-marco-de-relacionamiento-de-dialogos-para-fortalecer-la-salud-de-los-pueblos-indigenas\/#breadcrumb\"},\"inLanguage\":\"es\",\"potentialAction\":[{\"@type\":\"ReadAction\",\"target\":[\"https:\/\/www.cric-colombia.org\/portal\/en-el-marco-de-relacionamiento-de-dialogos-para-fortalecer-la-salud-de-los-pueblos-indigenas\/\"]}]},{\"@type\":\"BreadcrumbList\",\"@id\":\"https:\/\/www.cric-colombia.org\/portal\/en-el-marco-de-relacionamiento-de-dialogos-para-fortalecer-la-salud-de-los-pueblos-indigenas\/#breadcrumb\",\"itemListElement\":[{\"@type\":\"ListItem\",\"position\":1,\"name\":\"Portada\",\"item\":\"https:\/\/www.cric-colombia.org\/portal\/\"},{\"@type\":\"ListItem\",\"position\":2,\"name\":\"En el marco de relacionamiento de di\u00e1logos para fortalecer la salud de los pueblos ind\u00edgenas\"}]},{\"@type\":\"WebSite\",\"@id\":\"https:\/\/www.cric-colombia.org\/portal\/#website\",\"url\":\"https:\/\/www.cric-colombia.org\/portal\/\",\"name\":\"Consejo Regional Ind\u00edgena del Cauca - CRIC\",\"description\":\"P\u00e1gina oficial del Consejo Regional Ind\u00edgena del Cauca, Colombia\",\"publisher\":{\"@id\":\"https:\/\/www.cric-colombia.org\/portal\/#organization\"},\"potentialAction\":[{\"@type\":\"SearchAction\",\"target\":{\"@type\":\"EntryPoint\",\"urlTemplate\":\"https:\/\/www.cric-colombia.org\/portal\/?s={search_term_string}\"},\"query-input\":\"required name=search_term_string\"}],\"inLanguage\":\"es\"},{\"@type\":\"Organization\",\"@id\":\"https:\/\/www.cric-colombia.org\/portal\/#organization\",\"name\":\"Consejo Regional Ind\u00edgena del Cauca\",\"url\":\"https:\/\/www.cric-colombia.org\/portal\/\",\"logo\":{\"@type\":\"ImageObject\",\"inLanguage\":\"es\",\"@id\":\"https:\/\/www.cric-colombia.org\/portal\/#\/schema\/logo\/image\/\",\"url\":\"https:\/\/www.cric-colombia.org\/portal\/wp-content\/uploads\/2015\/08\/logo_cric.jpg\",\"contentUrl\":\"https:\/\/www.cric-colombia.org\/portal\/wp-content\/uploads\/2015\/08\/logo_cric.jpg\",\"width\":512,\"height\":512,\"caption\":\"Consejo Regional Ind\u00edgena del Cauca\"},\"image\":{\"@id\":\"https:\/\/www.cric-colombia.org\/portal\/#\/schema\/logo\/image\/\"},\"sameAs\":[\"https:\/\/www.facebook.com\/cric.colombia\/\",\"https:\/\/twitter.com\/CRIC_Cauca\"]},{\"@type\":\"Person\",\"@id\":\"https:\/\/www.cric-colombia.org\/portal\/#\/schema\/person\/ab3a3099267de33d55f74f34ba201931\",\"name\":\"Comunicaciones CRIC\",\"image\":{\"@type\":\"ImageObject\",\"inLanguage\":\"es\",\"@id\":\"https:\/\/www.cric-colombia.org\/portal\/#\/schema\/person\/image\/\",\"url\":\"https:\/\/secure.gravatar.com\/avatar\/a8d1a6cfcb82a80d09dafefdcc3dcc8a?s=96&d=retro&r=g\",\"contentUrl\":\"https:\/\/secure.gravatar.com\/avatar\/a8d1a6cfcb82a80d09dafefdcc3dcc8a?s=96&d=retro&r=g\",\"caption\":\"Comunicaciones CRIC\"},\"url\":\"https:\/\/www.cric-colombia.org\/portal\/author\/comunicaciones\/\"}]}<\/script>\n<!-- \/ Yoast SEO plugin. -->","yoast_head_json":{"title":"En el marco de relacionamiento de di\u00e1logos para fortalecer la salud de los pueblos ind\u00edgenas - Consejo Regional Ind\u00edgena del Cauca - CRIC","robots":{"index":"index","follow":"follow","max-snippet":"max-snippet:-1","max-image-preview":"max-image-preview:large","max-video-preview":"max-video-preview:-1"},"canonical":"https:\/\/www.cric-colombia.org\/portal\/en-el-marco-de-relacionamiento-de-dialogos-para-fortalecer-la-salud-de-los-pueblos-indigenas\/","og_locale":"es_ES","og_type":"article","og_title":"En el marco de relacionamiento de di\u00e1logos para fortalecer la salud de los pueblos ind\u00edgenas - Consejo Regional Ind\u00edgena del Cauca - CRIC","og_description":"Con la din\u00e1mica de seguir fortaleciendo la salud propia de los Pueblos ind\u00edgenas, el d\u00eda 21 de septiembre 2021, se realiz\u00f3 una reuni\u00f3n del programa de salud-CRIC,\u00a0en la Ciudad de Popay\u00e1n, con la delegaci\u00f3n del Ministerio de Salud Nacional, para Socializar resultados de la prueba piloto de instrumentos construidos para la recolecci\u00f3n de informaci\u00f3n de","og_url":"https:\/\/www.cric-colombia.org\/portal\/en-el-marco-de-relacionamiento-de-dialogos-para-fortalecer-la-salud-de-los-pueblos-indigenas\/","og_site_name":"Consejo Regional Ind\u00edgena del Cauca - CRIC","article_publisher":"https:\/\/www.facebook.com\/cric.colombia\/","article_published_time":"2021-09-23T20:20:17+00:00","article_modified_time":"2021-09-23T21:14:17+00:00","og_image":[{"width":1280,"height":589,"url":"https:\/\/www.cric-colombia.org\/portal\/wp-content\/uploads\/2021\/09\/salud-02.jpeg","type":"image\/jpeg"}],"author":"Comunicaciones CRIC","twitter_card":"summary_large_image","twitter_creator":"@CRIC_Cauca","twitter_site":"@CRIC_Cauca","twitter_misc":{"Escrito por":"Comunicaciones CRIC","Tiempo de lectura":"3 minutos"},"schema":{"@context":"https:\/\/schema.org","@graph":[{"@type":"Article","@id":"https:\/\/www.cric-colombia.org\/portal\/en-el-marco-de-relacionamiento-de-dialogos-para-fortalecer-la-salud-de-los-pueblos-indigenas\/#article","isPartOf":{"@id":"https:\/\/www.cric-colombia.org\/portal\/en-el-marco-de-relacionamiento-de-dialogos-para-fortalecer-la-salud-de-los-pueblos-indigenas\/"},"author":{"name":"Comunicaciones CRIC","@id":"https:\/\/www.cric-colombia.org\/portal\/#\/schema\/person\/ab3a3099267de33d55f74f34ba201931"},"headline":"En el marco de relacionamiento de di\u00e1logos para fortalecer la salud de los pueblos ind\u00edgenas","datePublished":"2021-09-23T20:20:17+00:00","dateModified":"2021-09-23T21:14:17+00:00","mainEntityOfPage":{"@id":"https:\/\/www.cric-colombia.org\/portal\/en-el-marco-de-relacionamiento-de-dialogos-para-fortalecer-la-salud-de-los-pueblos-indigenas\/"},"wordCount":557,"commentCount":0,"publisher":{"@id":"https:\/\/www.cric-colombia.org\/portal\/#organization"},"keywords":["cauca","indigenas","Salud Propia"],"articleSection":["Actualidad Ind\u00edgena del Cauca"],"inLanguage":"es","potentialAction":[{"@type":"CommentAction","name":"Comment","target":["https:\/\/www.cric-colombia.org\/portal\/en-el-marco-de-relacionamiento-de-dialogos-para-fortalecer-la-salud-de-los-pueblos-indigenas\/#respond"]}]},{"@type":"WebPage","@id":"https:\/\/www.cric-colombia.org\/portal\/en-el-marco-de-relacionamiento-de-dialogos-para-fortalecer-la-salud-de-los-pueblos-indigenas\/","url":"https:\/\/www.cric-colombia.org\/portal\/en-el-marco-de-relacionamiento-de-dialogos-para-fortalecer-la-salud-de-los-pueblos-indigenas\/","name":"En el marco de relacionamiento de di\u00e1logos para fortalecer la salud de los pueblos ind\u00edgenas - Consejo Regional Ind\u00edgena del Cauca - CRIC","isPartOf":{"@id":"https:\/\/www.cric-colombia.org\/portal\/#website"},"datePublished":"2021-09-23T20:20:17+00:00","dateModified":"2021-09-23T21:14:17+00:00","breadcrumb":{"@id":"https:\/\/www.cric-colombia.org\/portal\/en-el-marco-de-relacionamiento-de-dialogos-para-fortalecer-la-salud-de-los-pueblos-indigenas\/#breadcrumb"},"inLanguage":"es","potentialAction":[{"@type":"ReadAction","target":["https:\/\/www.cric-colombia.org\/portal\/en-el-marco-de-relacionamiento-de-dialogos-para-fortalecer-la-salud-de-los-pueblos-indigenas\/"]}]},{"@type":"BreadcrumbList","@id":"https:\/\/www.cric-colombia.org\/portal\/en-el-marco-de-relacionamiento-de-dialogos-para-fortalecer-la-salud-de-los-pueblos-indigenas\/#breadcrumb","itemListElement":[{"@type":"ListItem","position":1,"name":"Portada","item":"https:\/\/www.cric-colombia.org\/portal\/"},{"@type":"ListItem","position":2,"name":"En el marco de relacionamiento de di\u00e1logos para fortalecer la salud de los pueblos ind\u00edgenas"}]},{"@type":"WebSite","@id":"https:\/\/www.cric-colombia.org\/portal\/#website","url":"https:\/\/www.cric-colombia.org\/portal\/","name":"Consejo Regional Ind\u00edgena del Cauca - CRIC","description":"P\u00e1gina oficial del Consejo Regional Ind\u00edgena del Cauca, Colombia","publisher":{"@id":"https:\/\/www.cric-colombia.org\/portal\/#organization"},"potentialAction":[{"@type":"SearchAction","target":{"@type":"EntryPoint","urlTemplate":"https:\/\/www.cric-colombia.org\/portal\/?s={search_term_string}"},"query-input":"required name=search_term_string"}],"inLanguage":"es"},{"@type":"Organization","@id":"https:\/\/www.cric-colombia.org\/portal\/#organization","name":"Consejo Regional Ind\u00edgena del Cauca","url":"https:\/\/www.cric-colombia.org\/portal\/","logo":{"@type":"ImageObject","inLanguage":"es","@id":"https:\/\/www.cric-colombia.org\/portal\/#\/schema\/logo\/image\/","url":"https:\/\/www.cric-colombia.org\/portal\/wp-content\/uploads\/2015\/08\/logo_cric.jpg","contentUrl":"https:\/\/www.cric-colombia.org\/portal\/wp-content\/uploads\/2015\/08\/logo_cric.jpg","width":512,"height":512,"caption":"Consejo Regional Ind\u00edgena del Cauca"},"image":{"@id":"https:\/\/www.cric-colombia.org\/portal\/#\/schema\/logo\/image\/"},"sameAs":["https:\/\/www.facebook.com\/cric.colombia\/","https:\/\/twitter.com\/CRIC_Cauca"]},{"@type":"Person","@id":"https:\/\/www.cric-colombia.org\/portal\/#\/schema\/person\/ab3a3099267de33d55f74f34ba201931","name":"Comunicaciones CRIC","image":{"@type":"ImageObject","inLanguage":"es","@id":"https:\/\/www.cric-colombia.org\/portal\/#\/schema\/person\/image\/","url":"https:\/\/secure.gravatar.com\/avatar\/a8d1a6cfcb82a80d09dafefdcc3dcc8a?s=96&d=retro&r=g","contentUrl":"https:\/\/secure.gravatar.com\/avatar\/a8d1a6cfcb82a80d09dafefdcc3dcc8a?s=96&d=retro&r=g","caption":"Comunicaciones CRIC"},"url":"https:\/\/www.cric-colombia.org\/portal\/author\/comunicaciones\/"}]}},"jetpack_featured_media_url":"https:\/\/www.cric-colombia.org\/portal\/wp-content\/uploads\/2021\/09\/salud-02.jpeg","_links":{"self":[{"href":"https:\/\/www.cric-colombia.org\/portal\/wp-json\/wp\/v2\/posts\/31946"}],"collection":[{"href":"https:\/\/www.cric-colombia.org\/portal\/wp-json\/wp\/v2\/posts"}],"about":[{"href":"https:\/\/www.cric-colombia.org\/portal\/wp-json\/wp\/v2\/types\/post"}],"author":[{"embeddable":true,"href":"https:\/\/www.cric-colombia.org\/portal\/wp-json\/wp\/v2\/users\/6"}],"replies":[{"embeddable":true,"href":"https:\/\/www.cric-colombia.org\/portal\/wp-json\/wp\/v2\/comments?post=31946"}],"version-history":[{"count":3,"href":"https:\/\/www.cric-colombia.org\/portal\/wp-json\/wp\/v2\/posts\/31946\/revisions"}],"predecessor-version":[{"id":31951,"href":"https:\/\/www.cric-colombia.org\/portal\/wp-json\/wp\/v2\/posts\/31946\/revisions\/31951"}],"wp:featuredmedia":[{"embeddable":true,"href":"https:\/\/www.cric-colombia.org\/portal\/wp-json\/wp\/v2\/media\/31947"}],"wp:attachment":[{"href":"https:\/\/www.cric-colombia.org\/portal\/wp-json\/wp\/v2\/media?parent=31946"}],"wp:term":[{"taxonomy":"category","embeddable":true,"href":"https:\/\/www.cric-colombia.org\/portal\/wp-json\/wp\/v2\/categories?post=31946"},{"taxonomy":"post_tag","embeddable":true,"href":"https:\/\/www.cric-colombia.org\/portal\/wp-json\/wp\/v2\/tags?post=31946"}],"curies":[{"name":"wp","href":"https:\/\/api.w.org\/{rel}","templated":true}]}}