{"id":30603,"date":"2021-05-04T23:03:05","date_gmt":"2021-05-05T04:03:05","guid":{"rendered":"https:\/\/www.cric-colombia.org\/portal\/?p=30603"},"modified":"2021-05-04T23:03:05","modified_gmt":"2021-05-05T04:03:05","slug":"testimonio-de-7-dias-de-resistencia-en-cali","status":"publish","type":"post","link":"https:\/\/www.cric-colombia.org\/portal\/testimonio-de-7-dias-de-resistencia-en-cali\/","title":{"rendered":"Testimonio de 7 d\u00edas de resistencia en Cali\u00a0"},"content":{"rendered":"<p>Entre l\u00e1grimas y con la voz entrecortada una compa\u00f1era nos cuenta como han sido los 7 d\u00edas de resistencia en uno de los puntos de movilizaci\u00f3n en la ciudad de Cali, donde se han tenido que enfrentar a los constantes hostigamientos de la fuerza p\u00fablica, adem\u00e1s de la violencia por parte de personas que est\u00e1n en contra de la movilizaci\u00f3n y que en varias ocasiones les han tirado los carros encima, y ante la llegada del respaldo de una delegaci\u00f3n del Consejo Regional Ind\u00edgena del Cauca \u2013 CRIC expresa que \u201c<strong>Esto da un alivio porque aqu\u00ed \u00e9ramos solos, solo muchachos y j\u00f3venes, la polic\u00eda nos pas\u00f3 por encima, todo el mundo, pero ustedes dan un alivio grand\u00edsimo, estoy llorando<\/strong>\u201d.<\/p>\n<p>As\u00ed como ella hay miles de j\u00f3venes que se encuentran en diferentes puntos de la ciudad de Cali, ejerciendo resistencia con el prop\u00f3sito de que el pa\u00eds tenga un cambio real, de esta manera como ind\u00edgenas los hemos venido a respaldar porque todos los colombianos que hemos sido v\u00edctimas de la falta de oportunidades de este pa\u00eds a causa de sus malos dirigentes y de la violencia que se vive en los territorios, estamos indignados y nos encontramos luchando para que esto cambie, adem\u00e1s queremos visibilizar que las personas que se encuentran movilizando no son ningunos v\u00e1ndalos, son personas que sue\u00f1an en grande y que quieren tener un buena calidad de vida, \u201c<strong>Nosotros no somos ningunos delincuentes, estamos haci\u00e9ndonos o\u00edr para que todo esto acabe, por favor colaboren<\/strong>\u201d manifiesta la compa\u00f1era y adem\u00e1s nos cuenta que han sido muchas madres quienes se han unido a la lucha y los han apoyado durante estos d\u00edas, preparando los alimentos y estando pendientes de ellos.<\/p>\n<p>Finalmente, la compa\u00f1era hace una invitaci\u00f3n para que continuemos colaborando con esta lucha y afirma que los campesinos y al personal m\u00e9dico son la prioridad para que puedan movilizarse con tranquilidad.<\/p>\n<p><strong>Por: Red AMCIC<\/strong><\/p>\n","protected":false},"excerpt":{"rendered":"<p>Entre l\u00e1grimas y con la voz entrecortada una compa\u00f1era nos cuenta como han sido los 7 d\u00edas de resistencia en uno de los puntos de movilizaci\u00f3n en la ciudad de Cali, donde se han tenido que enfrentar a los constantes hostigamientos de la fuerza p\u00fablica, adem\u00e1s de la violencia por parte de personas que est\u00e1n <\/p>\n","protected":false},"author":6,"featured_media":30612,"comment_status":"open","ping_status":"open","sticky":false,"template":"","format":"standard","meta":{"footnotes":""},"categories":[23],"tags":[168],"yoast_head":"<!-- This site is optimized with the Yoast SEO plugin v20.12 - https:\/\/yoast.com\/wordpress\/plugins\/seo\/ -->\n<title>Testimonio de 7 d\u00edas de resistencia en Cali\u00a0 - Consejo Regional Ind\u00edgena del Cauca - CRIC<\/title>\n<meta name=\"robots\" content=\"index, follow, max-snippet:-1, max-image-preview:large, max-video-preview:-1\" \/>\n<link rel=\"canonical\" href=\"https:\/\/www.cric-colombia.org\/portal\/testimonio-de-7-dias-de-resistencia-en-cali\/\" \/>\n<meta property=\"og:locale\" content=\"es_ES\" \/>\n<meta property=\"og:type\" content=\"article\" \/>\n<meta property=\"og:title\" content=\"Testimonio de 7 d\u00edas de resistencia en Cali\u00a0 - Consejo Regional Ind\u00edgena del Cauca - CRIC\" \/>\n<meta property=\"og:description\" content=\"Entre l\u00e1grimas y con la voz entrecortada una compa\u00f1era nos cuenta como han sido los 7 d\u00edas de resistencia en uno de los puntos de movilizaci\u00f3n en la ciudad de Cali, donde se han tenido que enfrentar a los constantes hostigamientos de la fuerza p\u00fablica, adem\u00e1s de la violencia por parte de personas que est\u00e1n\" \/>\n<meta property=\"og:url\" content=\"https:\/\/www.cric-colombia.org\/portal\/testimonio-de-7-dias-de-resistencia-en-cali\/\" \/>\n<meta property=\"og:site_name\" content=\"Consejo Regional Ind\u00edgena del Cauca - CRIC\" \/>\n<meta property=\"article:publisher\" content=\"https:\/\/www.facebook.com\/cric.colombia\/\" \/>\n<meta property=\"article:published_time\" content=\"2021-05-05T04:03:05+00:00\" \/>\n<meta property=\"og:image\" content=\"https:\/\/www.cric-colombia.org\/portal\/wp-content\/uploads\/2021\/05\/IMG-20210504-WA0279-1.jpg\" \/>\n\t<meta property=\"og:image:width\" content=\"1280\" \/>\n\t<meta property=\"og:image:height\" content=\"576\" \/>\n\t<meta property=\"og:image:type\" content=\"image\/jpeg\" \/>\n<meta name=\"author\" content=\"Comunicaciones CRIC\" \/>\n<meta name=\"twitter:card\" content=\"summary_large_image\" \/>\n<meta name=\"twitter:creator\" content=\"@CRIC_Cauca\" \/>\n<meta name=\"twitter:site\" content=\"@CRIC_Cauca\" \/>\n<meta name=\"twitter:label1\" content=\"Escrito por\" \/>\n\t<meta name=\"twitter:data1\" content=\"Comunicaciones CRIC\" \/>\n\t<meta name=\"twitter:label2\" content=\"Tiempo de lectura\" \/>\n\t<meta name=\"twitter:data2\" content=\"2 minutos\" \/>\n<script type=\"application\/ld+json\" class=\"yoast-schema-graph\">{\"@context\":\"https:\/\/schema.org\",\"@graph\":[{\"@type\":\"Article\",\"@id\":\"https:\/\/www.cric-colombia.org\/portal\/testimonio-de-7-dias-de-resistencia-en-cali\/#article\",\"isPartOf\":{\"@id\":\"https:\/\/www.cric-colombia.org\/portal\/testimonio-de-7-dias-de-resistencia-en-cali\/\"},\"author\":{\"name\":\"Comunicaciones CRIC\",\"@id\":\"https:\/\/www.cric-colombia.org\/portal\/#\/schema\/person\/ab3a3099267de33d55f74f34ba201931\"},\"headline\":\"Testimonio de 7 d\u00edas de resistencia en Cali\u00a0\",\"datePublished\":\"2021-05-05T04:03:05+00:00\",\"dateModified\":\"2021-05-05T04:03:05+00:00\",\"mainEntityOfPage\":{\"@id\":\"https:\/\/www.cric-colombia.org\/portal\/testimonio-de-7-dias-de-resistencia-en-cali\/\"},\"wordCount\":351,\"commentCount\":0,\"publisher\":{\"@id\":\"https:\/\/www.cric-colombia.org\/portal\/#organization\"},\"keywords\":[\"Minga\"],\"articleSection\":[\"Actualidad Ind\u00edgena Nacional\"],\"inLanguage\":\"es\",\"potentialAction\":[{\"@type\":\"CommentAction\",\"name\":\"Comment\",\"target\":[\"https:\/\/www.cric-colombia.org\/portal\/testimonio-de-7-dias-de-resistencia-en-cali\/#respond\"]}]},{\"@type\":\"WebPage\",\"@id\":\"https:\/\/www.cric-colombia.org\/portal\/testimonio-de-7-dias-de-resistencia-en-cali\/\",\"url\":\"https:\/\/www.cric-colombia.org\/portal\/testimonio-de-7-dias-de-resistencia-en-cali\/\",\"name\":\"Testimonio de 7 d\u00edas de resistencia en Cali\u00a0 - Consejo Regional Ind\u00edgena del Cauca - CRIC\",\"isPartOf\":{\"@id\":\"https:\/\/www.cric-colombia.org\/portal\/#website\"},\"datePublished\":\"2021-05-05T04:03:05+00:00\",\"dateModified\":\"2021-05-05T04:03:05+00:00\",\"breadcrumb\":{\"@id\":\"https:\/\/www.cric-colombia.org\/portal\/testimonio-de-7-dias-de-resistencia-en-cali\/#breadcrumb\"},\"inLanguage\":\"es\",\"potentialAction\":[{\"@type\":\"ReadAction\",\"target\":[\"https:\/\/www.cric-colombia.org\/portal\/testimonio-de-7-dias-de-resistencia-en-cali\/\"]}]},{\"@type\":\"BreadcrumbList\",\"@id\":\"https:\/\/www.cric-colombia.org\/portal\/testimonio-de-7-dias-de-resistencia-en-cali\/#breadcrumb\",\"itemListElement\":[{\"@type\":\"ListItem\",\"position\":1,\"name\":\"Portada\",\"item\":\"https:\/\/www.cric-colombia.org\/portal\/\"},{\"@type\":\"ListItem\",\"position\":2,\"name\":\"Testimonio de 7 d\u00edas de resistencia en Cali\u00a0\"}]},{\"@type\":\"WebSite\",\"@id\":\"https:\/\/www.cric-colombia.org\/portal\/#website\",\"url\":\"https:\/\/www.cric-colombia.org\/portal\/\",\"name\":\"Consejo Regional Ind\u00edgena del Cauca - CRIC\",\"description\":\"P\u00e1gina oficial del Consejo Regional Ind\u00edgena del Cauca, Colombia\",\"publisher\":{\"@id\":\"https:\/\/www.cric-colombia.org\/portal\/#organization\"},\"potentialAction\":[{\"@type\":\"SearchAction\",\"target\":{\"@type\":\"EntryPoint\",\"urlTemplate\":\"https:\/\/www.cric-colombia.org\/portal\/?s={search_term_string}\"},\"query-input\":\"required name=search_term_string\"}],\"inLanguage\":\"es\"},{\"@type\":\"Organization\",\"@id\":\"https:\/\/www.cric-colombia.org\/portal\/#organization\",\"name\":\"Consejo Regional Ind\u00edgena del Cauca\",\"url\":\"https:\/\/www.cric-colombia.org\/portal\/\",\"logo\":{\"@type\":\"ImageObject\",\"inLanguage\":\"es\",\"@id\":\"https:\/\/www.cric-colombia.org\/portal\/#\/schema\/logo\/image\/\",\"url\":\"https:\/\/www.cric-colombia.org\/portal\/wp-content\/uploads\/2015\/08\/logo_cric.jpg\",\"contentUrl\":\"https:\/\/www.cric-colombia.org\/portal\/wp-content\/uploads\/2015\/08\/logo_cric.jpg\",\"width\":512,\"height\":512,\"caption\":\"Consejo Regional Ind\u00edgena del Cauca\"},\"image\":{\"@id\":\"https:\/\/www.cric-colombia.org\/portal\/#\/schema\/logo\/image\/\"},\"sameAs\":[\"https:\/\/www.facebook.com\/cric.colombia\/\",\"https:\/\/twitter.com\/CRIC_Cauca\"]},{\"@type\":\"Person\",\"@id\":\"https:\/\/www.cric-colombia.org\/portal\/#\/schema\/person\/ab3a3099267de33d55f74f34ba201931\",\"name\":\"Comunicaciones CRIC\",\"image\":{\"@type\":\"ImageObject\",\"inLanguage\":\"es\",\"@id\":\"https:\/\/www.cric-colombia.org\/portal\/#\/schema\/person\/image\/\",\"url\":\"https:\/\/secure.gravatar.com\/avatar\/a8d1a6cfcb82a80d09dafefdcc3dcc8a?s=96&d=retro&r=g\",\"contentUrl\":\"https:\/\/secure.gravatar.com\/avatar\/a8d1a6cfcb82a80d09dafefdcc3dcc8a?s=96&d=retro&r=g\",\"caption\":\"Comunicaciones CRIC\"},\"url\":\"https:\/\/www.cric-colombia.org\/portal\/author\/comunicaciones\/\"}]}<\/script>\n<!-- \/ Yoast SEO plugin. -->","yoast_head_json":{"title":"Testimonio de 7 d\u00edas de resistencia en Cali\u00a0 - Consejo Regional Ind\u00edgena del Cauca - CRIC","robots":{"index":"index","follow":"follow","max-snippet":"max-snippet:-1","max-image-preview":"max-image-preview:large","max-video-preview":"max-video-preview:-1"},"canonical":"https:\/\/www.cric-colombia.org\/portal\/testimonio-de-7-dias-de-resistencia-en-cali\/","og_locale":"es_ES","og_type":"article","og_title":"Testimonio de 7 d\u00edas de resistencia en Cali\u00a0 - Consejo Regional Ind\u00edgena del Cauca - CRIC","og_description":"Entre l\u00e1grimas y con la voz entrecortada una compa\u00f1era nos cuenta como han sido los 7 d\u00edas de resistencia en uno de los puntos de movilizaci\u00f3n en la ciudad de Cali, donde se han tenido que enfrentar a los constantes hostigamientos de la fuerza p\u00fablica, adem\u00e1s de la violencia por parte de personas que est\u00e1n","og_url":"https:\/\/www.cric-colombia.org\/portal\/testimonio-de-7-dias-de-resistencia-en-cali\/","og_site_name":"Consejo Regional Ind\u00edgena del Cauca - CRIC","article_publisher":"https:\/\/www.facebook.com\/cric.colombia\/","article_published_time":"2021-05-05T04:03:05+00:00","og_image":[{"width":1280,"height":576,"url":"https:\/\/www.cric-colombia.org\/portal\/wp-content\/uploads\/2021\/05\/IMG-20210504-WA0279-1.jpg","type":"image\/jpeg"}],"author":"Comunicaciones CRIC","twitter_card":"summary_large_image","twitter_creator":"@CRIC_Cauca","twitter_site":"@CRIC_Cauca","twitter_misc":{"Escrito por":"Comunicaciones CRIC","Tiempo de lectura":"2 minutos"},"schema":{"@context":"https:\/\/schema.org","@graph":[{"@type":"Article","@id":"https:\/\/www.cric-colombia.org\/portal\/testimonio-de-7-dias-de-resistencia-en-cali\/#article","isPartOf":{"@id":"https:\/\/www.cric-colombia.org\/portal\/testimonio-de-7-dias-de-resistencia-en-cali\/"},"author":{"name":"Comunicaciones CRIC","@id":"https:\/\/www.cric-colombia.org\/portal\/#\/schema\/person\/ab3a3099267de33d55f74f34ba201931"},"headline":"Testimonio de 7 d\u00edas de resistencia en Cali\u00a0","datePublished":"2021-05-05T04:03:05+00:00","dateModified":"2021-05-05T04:03:05+00:00","mainEntityOfPage":{"@id":"https:\/\/www.cric-colombia.org\/portal\/testimonio-de-7-dias-de-resistencia-en-cali\/"},"wordCount":351,"commentCount":0,"publisher":{"@id":"https:\/\/www.cric-colombia.org\/portal\/#organization"},"keywords":["Minga"],"articleSection":["Actualidad Ind\u00edgena Nacional"],"inLanguage":"es","potentialAction":[{"@type":"CommentAction","name":"Comment","target":["https:\/\/www.cric-colombia.org\/portal\/testimonio-de-7-dias-de-resistencia-en-cali\/#respond"]}]},{"@type":"WebPage","@id":"https:\/\/www.cric-colombia.org\/portal\/testimonio-de-7-dias-de-resistencia-en-cali\/","url":"https:\/\/www.cric-colombia.org\/portal\/testimonio-de-7-dias-de-resistencia-en-cali\/","name":"Testimonio de 7 d\u00edas de resistencia en Cali\u00a0 - Consejo Regional Ind\u00edgena del Cauca - CRIC","isPartOf":{"@id":"https:\/\/www.cric-colombia.org\/portal\/#website"},"datePublished":"2021-05-05T04:03:05+00:00","dateModified":"2021-05-05T04:03:05+00:00","breadcrumb":{"@id":"https:\/\/www.cric-colombia.org\/portal\/testimonio-de-7-dias-de-resistencia-en-cali\/#breadcrumb"},"inLanguage":"es","potentialAction":[{"@type":"ReadAction","target":["https:\/\/www.cric-colombia.org\/portal\/testimonio-de-7-dias-de-resistencia-en-cali\/"]}]},{"@type":"BreadcrumbList","@id":"https:\/\/www.cric-colombia.org\/portal\/testimonio-de-7-dias-de-resistencia-en-cali\/#breadcrumb","itemListElement":[{"@type":"ListItem","position":1,"name":"Portada","item":"https:\/\/www.cric-colombia.org\/portal\/"},{"@type":"ListItem","position":2,"name":"Testimonio de 7 d\u00edas de resistencia en Cali\u00a0"}]},{"@type":"WebSite","@id":"https:\/\/www.cric-colombia.org\/portal\/#website","url":"https:\/\/www.cric-colombia.org\/portal\/","name":"Consejo Regional Ind\u00edgena del Cauca - CRIC","description":"P\u00e1gina oficial del Consejo Regional Ind\u00edgena del Cauca, Colombia","publisher":{"@id":"https:\/\/www.cric-colombia.org\/portal\/#organization"},"potentialAction":[{"@type":"SearchAction","target":{"@type":"EntryPoint","urlTemplate":"https:\/\/www.cric-colombia.org\/portal\/?s={search_term_string}"},"query-input":"required name=search_term_string"}],"inLanguage":"es"},{"@type":"Organization","@id":"https:\/\/www.cric-colombia.org\/portal\/#organization","name":"Consejo Regional Ind\u00edgena del Cauca","url":"https:\/\/www.cric-colombia.org\/portal\/","logo":{"@type":"ImageObject","inLanguage":"es","@id":"https:\/\/www.cric-colombia.org\/portal\/#\/schema\/logo\/image\/","url":"https:\/\/www.cric-colombia.org\/portal\/wp-content\/uploads\/2015\/08\/logo_cric.jpg","contentUrl":"https:\/\/www.cric-colombia.org\/portal\/wp-content\/uploads\/2015\/08\/logo_cric.jpg","width":512,"height":512,"caption":"Consejo Regional Ind\u00edgena del Cauca"},"image":{"@id":"https:\/\/www.cric-colombia.org\/portal\/#\/schema\/logo\/image\/"},"sameAs":["https:\/\/www.facebook.com\/cric.colombia\/","https:\/\/twitter.com\/CRIC_Cauca"]},{"@type":"Person","@id":"https:\/\/www.cric-colombia.org\/portal\/#\/schema\/person\/ab3a3099267de33d55f74f34ba201931","name":"Comunicaciones CRIC","image":{"@type":"ImageObject","inLanguage":"es","@id":"https:\/\/www.cric-colombia.org\/portal\/#\/schema\/person\/image\/","url":"https:\/\/secure.gravatar.com\/avatar\/a8d1a6cfcb82a80d09dafefdcc3dcc8a?s=96&d=retro&r=g","contentUrl":"https:\/\/secure.gravatar.com\/avatar\/a8d1a6cfcb82a80d09dafefdcc3dcc8a?s=96&d=retro&r=g","caption":"Comunicaciones CRIC"},"url":"https:\/\/www.cric-colombia.org\/portal\/author\/comunicaciones\/"}]}},"jetpack_featured_media_url":"https:\/\/www.cric-colombia.org\/portal\/wp-content\/uploads\/2021\/05\/IMG-20210504-WA0279-1.jpg","_links":{"self":[{"href":"https:\/\/www.cric-colombia.org\/portal\/wp-json\/wp\/v2\/posts\/30603"}],"collection":[{"href":"https:\/\/www.cric-colombia.org\/portal\/wp-json\/wp\/v2\/posts"}],"about":[{"href":"https:\/\/www.cric-colombia.org\/portal\/wp-json\/wp\/v2\/types\/post"}],"author":[{"embeddable":true,"href":"https:\/\/www.cric-colombia.org\/portal\/wp-json\/wp\/v2\/users\/6"}],"replies":[{"embeddable":true,"href":"https:\/\/www.cric-colombia.org\/portal\/wp-json\/wp\/v2\/comments?post=30603"}],"version-history":[{"count":1,"href":"https:\/\/www.cric-colombia.org\/portal\/wp-json\/wp\/v2\/posts\/30603\/revisions"}],"predecessor-version":[{"id":30614,"href":"https:\/\/www.cric-colombia.org\/portal\/wp-json\/wp\/v2\/posts\/30603\/revisions\/30614"}],"wp:featuredmedia":[{"embeddable":true,"href":"https:\/\/www.cric-colombia.org\/portal\/wp-json\/wp\/v2\/media\/30612"}],"wp:attachment":[{"href":"https:\/\/www.cric-colombia.org\/portal\/wp-json\/wp\/v2\/media?parent=30603"}],"wp:term":[{"taxonomy":"category","embeddable":true,"href":"https:\/\/www.cric-colombia.org\/portal\/wp-json\/wp\/v2\/categories?post=30603"},{"taxonomy":"post_tag","embeddable":true,"href":"https:\/\/www.cric-colombia.org\/portal\/wp-json\/wp\/v2\/tags?post=30603"}],"curies":[{"name":"wp","href":"https:\/\/api.w.org\/{rel}","templated":true}]}}