{"id":30601,"date":"2021-05-04T20:55:48","date_gmt":"2021-05-05T01:55:48","guid":{"rendered":"https:\/\/www.cric-colombia.org\/portal\/?p=30601"},"modified":"2021-05-04T20:55:48","modified_gmt":"2021-05-05T01:55:48","slug":"observatorio-de-derechos-humanos-cric-denuncia-de-uso-desmesurado-de-fuerza-por-parte-de-la-policia-nacional","status":"publish","type":"post","link":"https:\/\/www.cric-colombia.org\/portal\/observatorio-de-derechos-humanos-cric-denuncia-de-uso-desmesurado-de-fuerza-por-parte-de-la-policia-nacional\/","title":{"rendered":"Observatorio de derechos humanos CRIC: Denuncia de uso desmesurado de fuerza por parte de la Polic\u00eda Nacional"},"content":{"rendered":"<h2>BOLET\u00cdN 4 DE MAYO DEL 2021<\/h2>\n<p>Denuncia de uso desmesurado de fuerza por parte de la Polic\u00eda Nacional<\/p>\n<p>El Observatorio de Derechos Humanos del Consejo Regional Ind\u00edgena del Cauca -CRIC Nacional- basado en fuentes alternativas que igualmente realizan seguimiento y monitoreo al Paro Nacional, visibilizamos las graves violaciones a los derechos humanos y derechos fundamentales de la poblaci\u00f3n colombiana, quienes en el uso leg\u00edtimo y legal derecho a la protesta (Art\u00edculos 20 y 37 de la Constituci\u00f3n Pol\u00edtica de Colombia) fueron agredidos brutalmente y tratados como actores armados por parte de la Fuerza P\u00fablica (sobre todo el Escuadr\u00f3n M\u00f3vil Antidisturbios-ESMAD, Polic\u00eda de Vigilancia y Ejercito Nacional).<\/p>\n<h3>Hechos:<\/h3>\n<h4>Cali<\/h4>\n<p>Entre la noche del 3 y madrugada del 4 de mayo del presente a\u00f1o, el medio alternativo Contagio Radio, se\u00f1ala al menos 26 personas asesinadas y cerca de 1.181 personas agredidas violentamente por parte de la polic\u00eda y el ej\u00e9rcito.<\/p>\n<p>Estas cifras no incluyen el consolidado de lo ocurrido en la noche y madrugada de este lunes en la ciudad de Cali desde la que se reportaban graves afectaciones por el uso desmesurado de fuerza en sectores como el Paso del Comercio y Silo\u00e9.<\/p>\n<h4>Popay\u00e1n<\/h4>\n<p>En la madrugada del d\u00eda 04 de mayo de 2021, manifestantes que estaban en el centro de Popay\u00e1n y se dirig\u00edan hacia la URI fueron atacados por miembros del ESMAD, como resultado de esta confrontaci\u00f3n se conoce cuatro capturados entre los cuales est\u00e1 un menor de edad ind\u00edgena; un herido por impacto de aturdidora en rodilla derecha, cortada en el dedo medio de la mano derecha; y otras dos personas quienes presentaron politraumatismos y heridas en cara. Estas tres personas fueron trasladadas a los centros m\u00e9dicos para recibir atenci\u00f3n.<\/p>\n<p>De este hecho se tiene una manifestante desaparecida que responde al nombre de Camila Andrea Vidal Ceballos.<\/p>\n<p>En este mismo suceso fue detenido por la fuerza p\u00fablica, un comunero menor de edad del pueblo Nasa, quien posteriormente fue procesado por el presunto delito de Asonada, desde el Consejo Regional Ind\u00edgena del Cauca-CRIC Nacional, se realiz\u00f3 la representaci\u00f3n jur\u00eddica y los tr\u00e1mites correspondientes para lograr la libertad inmediata del comunero.<\/p>\n<p><strong> Programa Defensa de la Vida y los Derechos Humanos Consejo Regional ind\u00edgena del Cauca &#8211; CRIC Nacional<\/strong> \u2013<\/p>\n","protected":false},"excerpt":{"rendered":"<p>BOLET\u00cdN 4 DE MAYO DEL 2021 Denuncia de uso desmesurado de fuerza por parte de la Polic\u00eda Nacional El Observatorio de Derechos Humanos del Consejo Regional Ind\u00edgena del Cauca -CRIC Nacional- basado en fuentes alternativas que igualmente realizan seguimiento y monitoreo al Paro Nacional, visibilizamos las graves violaciones a los derechos humanos y derechos fundamentales <\/p>\n","protected":false},"author":6,"featured_media":29821,"comment_status":"open","ping_status":"open","sticky":false,"template":"","format":"standard","meta":{"footnotes":""},"categories":[23],"tags":[168],"yoast_head":"<!-- This site is optimized with the Yoast SEO plugin v20.12 - https:\/\/yoast.com\/wordpress\/plugins\/seo\/ -->\n<title>Observatorio de derechos humanos CRIC: Denuncia de uso desmesurado de fuerza por parte de la Polic\u00eda Nacional - Consejo Regional Ind\u00edgena del Cauca - CRIC<\/title>\n<meta name=\"robots\" content=\"index, follow, max-snippet:-1, max-image-preview:large, max-video-preview:-1\" \/>\n<link rel=\"canonical\" href=\"https:\/\/www.cric-colombia.org\/portal\/observatorio-de-derechos-humanos-cric-denuncia-de-uso-desmesurado-de-fuerza-por-parte-de-la-policia-nacional\/\" \/>\n<meta property=\"og:locale\" content=\"es_ES\" \/>\n<meta property=\"og:type\" content=\"article\" \/>\n<meta property=\"og:title\" content=\"Observatorio de derechos humanos CRIC: Denuncia de uso desmesurado de fuerza por parte de la Polic\u00eda Nacional - Consejo Regional Ind\u00edgena del Cauca - CRIC\" \/>\n<meta property=\"og:description\" content=\"BOLET\u00cdN 4 DE MAYO DEL 2021 Denuncia de uso desmesurado de fuerza por parte de la Polic\u00eda Nacional El Observatorio de Derechos Humanos del Consejo Regional Ind\u00edgena del Cauca -CRIC Nacional- basado en fuentes alternativas que igualmente realizan seguimiento y monitoreo al Paro Nacional, visibilizamos las graves violaciones a los derechos humanos y derechos fundamentales\" \/>\n<meta property=\"og:url\" content=\"https:\/\/www.cric-colombia.org\/portal\/observatorio-de-derechos-humanos-cric-denuncia-de-uso-desmesurado-de-fuerza-por-parte-de-la-policia-nacional\/\" \/>\n<meta property=\"og:site_name\" content=\"Consejo Regional Ind\u00edgena del Cauca - CRIC\" \/>\n<meta property=\"article:publisher\" content=\"https:\/\/www.facebook.com\/cric.colombia\/\" \/>\n<meta property=\"article:published_time\" content=\"2021-05-05T01:55:48+00:00\" \/>\n<meta property=\"og:image\" content=\"https:\/\/www.cric-colombia.org\/portal\/wp-content\/uploads\/2020\/12\/CRIC-Nacional-Logo.png\" \/>\n\t<meta property=\"og:image:width\" content=\"5901\" \/>\n\t<meta property=\"og:image:height\" content=\"4744\" \/>\n\t<meta property=\"og:image:type\" content=\"image\/png\" \/>\n<meta name=\"author\" content=\"Comunicaciones CRIC\" \/>\n<meta name=\"twitter:card\" content=\"summary_large_image\" \/>\n<meta name=\"twitter:creator\" content=\"@CRIC_Cauca\" \/>\n<meta name=\"twitter:site\" content=\"@CRIC_Cauca\" \/>\n<meta name=\"twitter:label1\" content=\"Escrito por\" \/>\n\t<meta name=\"twitter:data1\" content=\"Comunicaciones CRIC\" \/>\n\t<meta name=\"twitter:label2\" content=\"Tiempo de lectura\" \/>\n\t<meta name=\"twitter:data2\" content=\"2 minutos\" \/>\n<script type=\"application\/ld+json\" class=\"yoast-schema-graph\">{\"@context\":\"https:\/\/schema.org\",\"@graph\":[{\"@type\":\"Article\",\"@id\":\"https:\/\/www.cric-colombia.org\/portal\/observatorio-de-derechos-humanos-cric-denuncia-de-uso-desmesurado-de-fuerza-por-parte-de-la-policia-nacional\/#article\",\"isPartOf\":{\"@id\":\"https:\/\/www.cric-colombia.org\/portal\/observatorio-de-derechos-humanos-cric-denuncia-de-uso-desmesurado-de-fuerza-por-parte-de-la-policia-nacional\/\"},\"author\":{\"name\":\"Comunicaciones CRIC\",\"@id\":\"https:\/\/www.cric-colombia.org\/portal\/#\/schema\/person\/ab3a3099267de33d55f74f34ba201931\"},\"headline\":\"Observatorio de derechos humanos CRIC: Denuncia de uso desmesurado de fuerza por parte de la Polic\u00eda Nacional\",\"datePublished\":\"2021-05-05T01:55:48+00:00\",\"dateModified\":\"2021-05-05T01:55:48+00:00\",\"mainEntityOfPage\":{\"@id\":\"https:\/\/www.cric-colombia.org\/portal\/observatorio-de-derechos-humanos-cric-denuncia-de-uso-desmesurado-de-fuerza-por-parte-de-la-policia-nacional\/\"},\"wordCount\":406,\"commentCount\":0,\"publisher\":{\"@id\":\"https:\/\/www.cric-colombia.org\/portal\/#organization\"},\"keywords\":[\"Minga\"],\"articleSection\":[\"Actualidad Ind\u00edgena Nacional\"],\"inLanguage\":\"es\",\"potentialAction\":[{\"@type\":\"CommentAction\",\"name\":\"Comment\",\"target\":[\"https:\/\/www.cric-colombia.org\/portal\/observatorio-de-derechos-humanos-cric-denuncia-de-uso-desmesurado-de-fuerza-por-parte-de-la-policia-nacional\/#respond\"]}]},{\"@type\":\"WebPage\",\"@id\":\"https:\/\/www.cric-colombia.org\/portal\/observatorio-de-derechos-humanos-cric-denuncia-de-uso-desmesurado-de-fuerza-por-parte-de-la-policia-nacional\/\",\"url\":\"https:\/\/www.cric-colombia.org\/portal\/observatorio-de-derechos-humanos-cric-denuncia-de-uso-desmesurado-de-fuerza-por-parte-de-la-policia-nacional\/\",\"name\":\"Observatorio de derechos humanos CRIC: Denuncia de uso desmesurado de fuerza por parte de la Polic\u00eda Nacional - Consejo Regional Ind\u00edgena del Cauca - CRIC\",\"isPartOf\":{\"@id\":\"https:\/\/www.cric-colombia.org\/portal\/#website\"},\"datePublished\":\"2021-05-05T01:55:48+00:00\",\"dateModified\":\"2021-05-05T01:55:48+00:00\",\"breadcrumb\":{\"@id\":\"https:\/\/www.cric-colombia.org\/portal\/observatorio-de-derechos-humanos-cric-denuncia-de-uso-desmesurado-de-fuerza-por-parte-de-la-policia-nacional\/#breadcrumb\"},\"inLanguage\":\"es\",\"potentialAction\":[{\"@type\":\"ReadAction\",\"target\":[\"https:\/\/www.cric-colombia.org\/portal\/observatorio-de-derechos-humanos-cric-denuncia-de-uso-desmesurado-de-fuerza-por-parte-de-la-policia-nacional\/\"]}]},{\"@type\":\"BreadcrumbList\",\"@id\":\"https:\/\/www.cric-colombia.org\/portal\/observatorio-de-derechos-humanos-cric-denuncia-de-uso-desmesurado-de-fuerza-por-parte-de-la-policia-nacional\/#breadcrumb\",\"itemListElement\":[{\"@type\":\"ListItem\",\"position\":1,\"name\":\"Portada\",\"item\":\"https:\/\/www.cric-colombia.org\/portal\/\"},{\"@type\":\"ListItem\",\"position\":2,\"name\":\"Observatorio de derechos humanos CRIC: Denuncia de uso desmesurado de fuerza por parte de la Polic\u00eda Nacional\"}]},{\"@type\":\"WebSite\",\"@id\":\"https:\/\/www.cric-colombia.org\/portal\/#website\",\"url\":\"https:\/\/www.cric-colombia.org\/portal\/\",\"name\":\"Consejo Regional Ind\u00edgena del Cauca - CRIC\",\"description\":\"P\u00e1gina oficial del Consejo Regional Ind\u00edgena del Cauca, Colombia\",\"publisher\":{\"@id\":\"https:\/\/www.cric-colombia.org\/portal\/#organization\"},\"potentialAction\":[{\"@type\":\"SearchAction\",\"target\":{\"@type\":\"EntryPoint\",\"urlTemplate\":\"https:\/\/www.cric-colombia.org\/portal\/?s={search_term_string}\"},\"query-input\":\"required name=search_term_string\"}],\"inLanguage\":\"es\"},{\"@type\":\"Organization\",\"@id\":\"https:\/\/www.cric-colombia.org\/portal\/#organization\",\"name\":\"Consejo Regional Ind\u00edgena del Cauca\",\"url\":\"https:\/\/www.cric-colombia.org\/portal\/\",\"logo\":{\"@type\":\"ImageObject\",\"inLanguage\":\"es\",\"@id\":\"https:\/\/www.cric-colombia.org\/portal\/#\/schema\/logo\/image\/\",\"url\":\"https:\/\/www.cric-colombia.org\/portal\/wp-content\/uploads\/2015\/08\/logo_cric.jpg\",\"contentUrl\":\"https:\/\/www.cric-colombia.org\/portal\/wp-content\/uploads\/2015\/08\/logo_cric.jpg\",\"width\":512,\"height\":512,\"caption\":\"Consejo Regional Ind\u00edgena del Cauca\"},\"image\":{\"@id\":\"https:\/\/www.cric-colombia.org\/portal\/#\/schema\/logo\/image\/\"},\"sameAs\":[\"https:\/\/www.facebook.com\/cric.colombia\/\",\"https:\/\/twitter.com\/CRIC_Cauca\"]},{\"@type\":\"Person\",\"@id\":\"https:\/\/www.cric-colombia.org\/portal\/#\/schema\/person\/ab3a3099267de33d55f74f34ba201931\",\"name\":\"Comunicaciones CRIC\",\"image\":{\"@type\":\"ImageObject\",\"inLanguage\":\"es\",\"@id\":\"https:\/\/www.cric-colombia.org\/portal\/#\/schema\/person\/image\/\",\"url\":\"https:\/\/secure.gravatar.com\/avatar\/a8d1a6cfcb82a80d09dafefdcc3dcc8a?s=96&d=retro&r=g\",\"contentUrl\":\"https:\/\/secure.gravatar.com\/avatar\/a8d1a6cfcb82a80d09dafefdcc3dcc8a?s=96&d=retro&r=g\",\"caption\":\"Comunicaciones CRIC\"},\"url\":\"https:\/\/www.cric-colombia.org\/portal\/author\/comunicaciones\/\"}]}<\/script>\n<!-- \/ Yoast SEO plugin. -->","yoast_head_json":{"title":"Observatorio de derechos humanos CRIC: Denuncia de uso desmesurado de fuerza por parte de la Polic\u00eda Nacional - Consejo Regional Ind\u00edgena del Cauca - CRIC","robots":{"index":"index","follow":"follow","max-snippet":"max-snippet:-1","max-image-preview":"max-image-preview:large","max-video-preview":"max-video-preview:-1"},"canonical":"https:\/\/www.cric-colombia.org\/portal\/observatorio-de-derechos-humanos-cric-denuncia-de-uso-desmesurado-de-fuerza-por-parte-de-la-policia-nacional\/","og_locale":"es_ES","og_type":"article","og_title":"Observatorio de derechos humanos CRIC: Denuncia de uso desmesurado de fuerza por parte de la Polic\u00eda Nacional - Consejo Regional Ind\u00edgena del Cauca - CRIC","og_description":"BOLET\u00cdN 4 DE MAYO DEL 2021 Denuncia de uso desmesurado de fuerza por parte de la Polic\u00eda Nacional El Observatorio de Derechos Humanos del Consejo Regional Ind\u00edgena del Cauca -CRIC Nacional- basado en fuentes alternativas que igualmente realizan seguimiento y monitoreo al Paro Nacional, visibilizamos las graves violaciones a los derechos humanos y derechos fundamentales","og_url":"https:\/\/www.cric-colombia.org\/portal\/observatorio-de-derechos-humanos-cric-denuncia-de-uso-desmesurado-de-fuerza-por-parte-de-la-policia-nacional\/","og_site_name":"Consejo Regional Ind\u00edgena del Cauca - CRIC","article_publisher":"https:\/\/www.facebook.com\/cric.colombia\/","article_published_time":"2021-05-05T01:55:48+00:00","og_image":[{"width":5901,"height":4744,"url":"https:\/\/www.cric-colombia.org\/portal\/wp-content\/uploads\/2020\/12\/CRIC-Nacional-Logo.png","type":"image\/png"}],"author":"Comunicaciones CRIC","twitter_card":"summary_large_image","twitter_creator":"@CRIC_Cauca","twitter_site":"@CRIC_Cauca","twitter_misc":{"Escrito por":"Comunicaciones CRIC","Tiempo de lectura":"2 minutos"},"schema":{"@context":"https:\/\/schema.org","@graph":[{"@type":"Article","@id":"https:\/\/www.cric-colombia.org\/portal\/observatorio-de-derechos-humanos-cric-denuncia-de-uso-desmesurado-de-fuerza-por-parte-de-la-policia-nacional\/#article","isPartOf":{"@id":"https:\/\/www.cric-colombia.org\/portal\/observatorio-de-derechos-humanos-cric-denuncia-de-uso-desmesurado-de-fuerza-por-parte-de-la-policia-nacional\/"},"author":{"name":"Comunicaciones CRIC","@id":"https:\/\/www.cric-colombia.org\/portal\/#\/schema\/person\/ab3a3099267de33d55f74f34ba201931"},"headline":"Observatorio de derechos humanos CRIC: Denuncia de uso desmesurado de fuerza por parte de la Polic\u00eda Nacional","datePublished":"2021-05-05T01:55:48+00:00","dateModified":"2021-05-05T01:55:48+00:00","mainEntityOfPage":{"@id":"https:\/\/www.cric-colombia.org\/portal\/observatorio-de-derechos-humanos-cric-denuncia-de-uso-desmesurado-de-fuerza-por-parte-de-la-policia-nacional\/"},"wordCount":406,"commentCount":0,"publisher":{"@id":"https:\/\/www.cric-colombia.org\/portal\/#organization"},"keywords":["Minga"],"articleSection":["Actualidad Ind\u00edgena Nacional"],"inLanguage":"es","potentialAction":[{"@type":"CommentAction","name":"Comment","target":["https:\/\/www.cric-colombia.org\/portal\/observatorio-de-derechos-humanos-cric-denuncia-de-uso-desmesurado-de-fuerza-por-parte-de-la-policia-nacional\/#respond"]}]},{"@type":"WebPage","@id":"https:\/\/www.cric-colombia.org\/portal\/observatorio-de-derechos-humanos-cric-denuncia-de-uso-desmesurado-de-fuerza-por-parte-de-la-policia-nacional\/","url":"https:\/\/www.cric-colombia.org\/portal\/observatorio-de-derechos-humanos-cric-denuncia-de-uso-desmesurado-de-fuerza-por-parte-de-la-policia-nacional\/","name":"Observatorio de derechos humanos CRIC: Denuncia de uso desmesurado de fuerza por parte de la Polic\u00eda Nacional - Consejo Regional Ind\u00edgena del Cauca - CRIC","isPartOf":{"@id":"https:\/\/www.cric-colombia.org\/portal\/#website"},"datePublished":"2021-05-05T01:55:48+00:00","dateModified":"2021-05-05T01:55:48+00:00","breadcrumb":{"@id":"https:\/\/www.cric-colombia.org\/portal\/observatorio-de-derechos-humanos-cric-denuncia-de-uso-desmesurado-de-fuerza-por-parte-de-la-policia-nacional\/#breadcrumb"},"inLanguage":"es","potentialAction":[{"@type":"ReadAction","target":["https:\/\/www.cric-colombia.org\/portal\/observatorio-de-derechos-humanos-cric-denuncia-de-uso-desmesurado-de-fuerza-por-parte-de-la-policia-nacional\/"]}]},{"@type":"BreadcrumbList","@id":"https:\/\/www.cric-colombia.org\/portal\/observatorio-de-derechos-humanos-cric-denuncia-de-uso-desmesurado-de-fuerza-por-parte-de-la-policia-nacional\/#breadcrumb","itemListElement":[{"@type":"ListItem","position":1,"name":"Portada","item":"https:\/\/www.cric-colombia.org\/portal\/"},{"@type":"ListItem","position":2,"name":"Observatorio de derechos humanos CRIC: Denuncia de uso desmesurado de fuerza por parte de la Polic\u00eda Nacional"}]},{"@type":"WebSite","@id":"https:\/\/www.cric-colombia.org\/portal\/#website","url":"https:\/\/www.cric-colombia.org\/portal\/","name":"Consejo Regional Ind\u00edgena del Cauca - CRIC","description":"P\u00e1gina oficial del Consejo Regional Ind\u00edgena del Cauca, Colombia","publisher":{"@id":"https:\/\/www.cric-colombia.org\/portal\/#organization"},"potentialAction":[{"@type":"SearchAction","target":{"@type":"EntryPoint","urlTemplate":"https:\/\/www.cric-colombia.org\/portal\/?s={search_term_string}"},"query-input":"required name=search_term_string"}],"inLanguage":"es"},{"@type":"Organization","@id":"https:\/\/www.cric-colombia.org\/portal\/#organization","name":"Consejo Regional Ind\u00edgena del Cauca","url":"https:\/\/www.cric-colombia.org\/portal\/","logo":{"@type":"ImageObject","inLanguage":"es","@id":"https:\/\/www.cric-colombia.org\/portal\/#\/schema\/logo\/image\/","url":"https:\/\/www.cric-colombia.org\/portal\/wp-content\/uploads\/2015\/08\/logo_cric.jpg","contentUrl":"https:\/\/www.cric-colombia.org\/portal\/wp-content\/uploads\/2015\/08\/logo_cric.jpg","width":512,"height":512,"caption":"Consejo Regional Ind\u00edgena del Cauca"},"image":{"@id":"https:\/\/www.cric-colombia.org\/portal\/#\/schema\/logo\/image\/"},"sameAs":["https:\/\/www.facebook.com\/cric.colombia\/","https:\/\/twitter.com\/CRIC_Cauca"]},{"@type":"Person","@id":"https:\/\/www.cric-colombia.org\/portal\/#\/schema\/person\/ab3a3099267de33d55f74f34ba201931","name":"Comunicaciones CRIC","image":{"@type":"ImageObject","inLanguage":"es","@id":"https:\/\/www.cric-colombia.org\/portal\/#\/schema\/person\/image\/","url":"https:\/\/secure.gravatar.com\/avatar\/a8d1a6cfcb82a80d09dafefdcc3dcc8a?s=96&d=retro&r=g","contentUrl":"https:\/\/secure.gravatar.com\/avatar\/a8d1a6cfcb82a80d09dafefdcc3dcc8a?s=96&d=retro&r=g","caption":"Comunicaciones CRIC"},"url":"https:\/\/www.cric-colombia.org\/portal\/author\/comunicaciones\/"}]}},"jetpack_featured_media_url":"https:\/\/www.cric-colombia.org\/portal\/wp-content\/uploads\/2020\/12\/CRIC-Nacional-Logo.png","_links":{"self":[{"href":"https:\/\/www.cric-colombia.org\/portal\/wp-json\/wp\/v2\/posts\/30601"}],"collection":[{"href":"https:\/\/www.cric-colombia.org\/portal\/wp-json\/wp\/v2\/posts"}],"about":[{"href":"https:\/\/www.cric-colombia.org\/portal\/wp-json\/wp\/v2\/types\/post"}],"author":[{"embeddable":true,"href":"https:\/\/www.cric-colombia.org\/portal\/wp-json\/wp\/v2\/users\/6"}],"replies":[{"embeddable":true,"href":"https:\/\/www.cric-colombia.org\/portal\/wp-json\/wp\/v2\/comments?post=30601"}],"version-history":[{"count":1,"href":"https:\/\/www.cric-colombia.org\/portal\/wp-json\/wp\/v2\/posts\/30601\/revisions"}],"predecessor-version":[{"id":30602,"href":"https:\/\/www.cric-colombia.org\/portal\/wp-json\/wp\/v2\/posts\/30601\/revisions\/30602"}],"wp:featuredmedia":[{"embeddable":true,"href":"https:\/\/www.cric-colombia.org\/portal\/wp-json\/wp\/v2\/media\/29821"}],"wp:attachment":[{"href":"https:\/\/www.cric-colombia.org\/portal\/wp-json\/wp\/v2\/media?parent=30601"}],"wp:term":[{"taxonomy":"category","embeddable":true,"href":"https:\/\/www.cric-colombia.org\/portal\/wp-json\/wp\/v2\/categories?post=30601"},{"taxonomy":"post_tag","embeddable":true,"href":"https:\/\/www.cric-colombia.org\/portal\/wp-json\/wp\/v2\/tags?post=30601"}],"curies":[{"name":"wp","href":"https:\/\/api.w.org\/{rel}","templated":true}]}}