{"id":30582,"date":"2021-05-04T12:13:53","date_gmt":"2021-05-04T17:13:53","guid":{"rendered":"https:\/\/www.cric-colombia.org\/portal\/?p=30582"},"modified":"2021-05-04T12:13:53","modified_gmt":"2021-05-04T17:13:53","slug":"el-descontento-social-no-puede-recibir-tratamiento-militar","status":"publish","type":"post","link":"https:\/\/www.cric-colombia.org\/portal\/el-descontento-social-no-puede-recibir-tratamiento-militar\/","title":{"rendered":"El descontento social no puede recibir tratamiento militar"},"content":{"rendered":"<p>Ya va a ser una semana desde que comenz\u00f3 el Paro Nacional. Desde el Consejo Regional Ind\u00edgena del Cauca (CRIC) responsabilizamos al Gobierno Nacional en cabeza de Iv\u00e1n Duque, el ministro de defensa Diego Molano y el general del ej\u00e9rcito Zapateiro de la crisis social que viene viviendo el pa\u00eds. Y a la gobernadora del Valle del Cauca, Clara Luz Rold\u00e1n, as\u00ed como al alcalde de Cali, Jorge Iv\u00e1n Ospina, de la grave situaci\u00f3n que tiene foco en esta ciudad.<\/p>\n<p>Mientras el pueblo colombiano clama por comida, salud y educaci\u00f3n; el gobierno ha respondido con lo \u00fanico que tiene \u00abbala\u00bb. Hasta el d\u00eda domingo 2 de mayo, seg\u00fan informes de la Defensor\u00eda del Pueblo, se hab\u00edan contabilizado 19 personas asesinadas, 11 de ellas en la ciudad de Cali. Una cifra que sin duda aumentar\u00e1 como resultado de la represi\u00f3n del d\u00eda de ayer. Hay asimismo un gran n\u00famero de heridos, se habla de 80 personas desaparecidas, un mujer abusada sexualmente e incontables denuncias de abuso de autoridad.<\/p>\n<p>\u00abQueremos un cambio estructural para nuestro pa\u00eds, que todo el pueblo colombiano sea escuchado y sean atendidas las necesidades, (&#8230;) hemos solicitado al Ministerio del Interior y solicitamos al Ministro de Defensa que se retire la fuerza p\u00fablica\u00bb, expres\u00f3 Ferley Quintero, Consejero Mayor del CRIC.<\/p>\n<p>El d\u00eda de ayer, 400 guardias ind\u00edgenas reforzaron dos puntos de concentraci\u00f3n del Paro Nacional en la ciudad de Cali, hoy se espera que 1000 guardias m\u00e1s lleguen y se sumen a la protesta pac\u00edfica.<\/p>\n<p>&nbsp;<\/p>\n<p><strong>Por: Programa de comunicaciones CRIC.<\/strong><\/p>\n","protected":false},"excerpt":{"rendered":"<p>Ya va a ser una semana desde que comenz\u00f3 el Paro Nacional. Desde el Consejo Regional Ind\u00edgena del Cauca (CRIC) responsabilizamos al Gobierno Nacional en cabeza de Iv\u00e1n Duque, el ministro de defensa Diego Molano y el general del ej\u00e9rcito Zapateiro de la crisis social que viene viviendo el pa\u00eds. Y a la gobernadora del <\/p>\n","protected":false},"author":6,"featured_media":30584,"comment_status":"open","ping_status":"open","sticky":false,"template":"","format":"standard","meta":{"footnotes":""},"categories":[3],"tags":[896],"yoast_head":"<!-- This site is optimized with the Yoast SEO plugin v20.12 - https:\/\/yoast.com\/wordpress\/plugins\/seo\/ -->\n<title>El descontento social no puede recibir tratamiento militar - Consejo Regional Ind\u00edgena del Cauca - CRIC<\/title>\n<meta name=\"robots\" content=\"index, follow, max-snippet:-1, max-image-preview:large, max-video-preview:-1\" \/>\n<link rel=\"canonical\" href=\"https:\/\/www.cric-colombia.org\/portal\/el-descontento-social-no-puede-recibir-tratamiento-militar\/\" \/>\n<meta property=\"og:locale\" content=\"es_ES\" \/>\n<meta property=\"og:type\" content=\"article\" \/>\n<meta property=\"og:title\" content=\"El descontento social no puede recibir tratamiento militar - Consejo Regional Ind\u00edgena del Cauca - CRIC\" \/>\n<meta property=\"og:description\" content=\"Ya va a ser una semana desde que comenz\u00f3 el Paro Nacional. Desde el Consejo Regional Ind\u00edgena del Cauca (CRIC) responsabilizamos al Gobierno Nacional en cabeza de Iv\u00e1n Duque, el ministro de defensa Diego Molano y el general del ej\u00e9rcito Zapateiro de la crisis social que viene viviendo el pa\u00eds. Y a la gobernadora del\" \/>\n<meta property=\"og:url\" content=\"https:\/\/www.cric-colombia.org\/portal\/el-descontento-social-no-puede-recibir-tratamiento-militar\/\" \/>\n<meta property=\"og:site_name\" content=\"Consejo Regional Ind\u00edgena del Cauca - CRIC\" \/>\n<meta property=\"article:publisher\" content=\"https:\/\/www.facebook.com\/cric.colombia\/\" \/>\n<meta property=\"article:published_time\" content=\"2021-05-04T17:13:53+00:00\" \/>\n<meta property=\"og:image\" content=\"https:\/\/www.cric-colombia.org\/portal\/wp-content\/uploads\/2021\/05\/M4-2-1024x769.jpeg\" \/>\n\t<meta property=\"og:image:width\" content=\"1024\" \/>\n\t<meta property=\"og:image:height\" content=\"769\" \/>\n\t<meta property=\"og:image:type\" content=\"image\/jpeg\" \/>\n<meta name=\"author\" content=\"Comunicaciones CRIC\" \/>\n<meta name=\"twitter:card\" content=\"summary_large_image\" \/>\n<meta name=\"twitter:creator\" content=\"@CRIC_Cauca\" \/>\n<meta name=\"twitter:site\" content=\"@CRIC_Cauca\" \/>\n<meta name=\"twitter:label1\" content=\"Escrito por\" \/>\n\t<meta name=\"twitter:data1\" content=\"Comunicaciones CRIC\" \/>\n\t<meta name=\"twitter:label2\" content=\"Tiempo de lectura\" \/>\n\t<meta name=\"twitter:data2\" content=\"1 minuto\" \/>\n<script type=\"application\/ld+json\" class=\"yoast-schema-graph\">{\"@context\":\"https:\/\/schema.org\",\"@graph\":[{\"@type\":\"Article\",\"@id\":\"https:\/\/www.cric-colombia.org\/portal\/el-descontento-social-no-puede-recibir-tratamiento-militar\/#article\",\"isPartOf\":{\"@id\":\"https:\/\/www.cric-colombia.org\/portal\/el-descontento-social-no-puede-recibir-tratamiento-militar\/\"},\"author\":{\"name\":\"Comunicaciones CRIC\",\"@id\":\"https:\/\/www.cric-colombia.org\/portal\/#\/schema\/person\/ab3a3099267de33d55f74f34ba201931\"},\"headline\":\"El descontento social no puede recibir tratamiento militar\",\"datePublished\":\"2021-05-04T17:13:53+00:00\",\"dateModified\":\"2021-05-04T17:13:53+00:00\",\"mainEntityOfPage\":{\"@id\":\"https:\/\/www.cric-colombia.org\/portal\/el-descontento-social-no-puede-recibir-tratamiento-militar\/\"},\"wordCount\":276,\"commentCount\":0,\"publisher\":{\"@id\":\"https:\/\/www.cric-colombia.org\/portal\/#organization\"},\"keywords\":[\"#EstamosEnMinga #Resistencia #Mingahaciaafuera #SOSColombia #ColombiaResiste #CricNacional\"],\"articleSection\":[\"Actualidad Ind\u00edgena del Cauca\"],\"inLanguage\":\"es\",\"potentialAction\":[{\"@type\":\"CommentAction\",\"name\":\"Comment\",\"target\":[\"https:\/\/www.cric-colombia.org\/portal\/el-descontento-social-no-puede-recibir-tratamiento-militar\/#respond\"]}]},{\"@type\":\"WebPage\",\"@id\":\"https:\/\/www.cric-colombia.org\/portal\/el-descontento-social-no-puede-recibir-tratamiento-militar\/\",\"url\":\"https:\/\/www.cric-colombia.org\/portal\/el-descontento-social-no-puede-recibir-tratamiento-militar\/\",\"name\":\"El descontento social no puede recibir tratamiento militar - Consejo Regional Ind\u00edgena del Cauca - CRIC\",\"isPartOf\":{\"@id\":\"https:\/\/www.cric-colombia.org\/portal\/#website\"},\"datePublished\":\"2021-05-04T17:13:53+00:00\",\"dateModified\":\"2021-05-04T17:13:53+00:00\",\"breadcrumb\":{\"@id\":\"https:\/\/www.cric-colombia.org\/portal\/el-descontento-social-no-puede-recibir-tratamiento-militar\/#breadcrumb\"},\"inLanguage\":\"es\",\"potentialAction\":[{\"@type\":\"ReadAction\",\"target\":[\"https:\/\/www.cric-colombia.org\/portal\/el-descontento-social-no-puede-recibir-tratamiento-militar\/\"]}]},{\"@type\":\"BreadcrumbList\",\"@id\":\"https:\/\/www.cric-colombia.org\/portal\/el-descontento-social-no-puede-recibir-tratamiento-militar\/#breadcrumb\",\"itemListElement\":[{\"@type\":\"ListItem\",\"position\":1,\"name\":\"Portada\",\"item\":\"https:\/\/www.cric-colombia.org\/portal\/\"},{\"@type\":\"ListItem\",\"position\":2,\"name\":\"El descontento social no puede recibir tratamiento militar\"}]},{\"@type\":\"WebSite\",\"@id\":\"https:\/\/www.cric-colombia.org\/portal\/#website\",\"url\":\"https:\/\/www.cric-colombia.org\/portal\/\",\"name\":\"Consejo Regional Ind\u00edgena del Cauca - CRIC\",\"description\":\"P\u00e1gina oficial del Consejo Regional Ind\u00edgena del Cauca, Colombia\",\"publisher\":{\"@id\":\"https:\/\/www.cric-colombia.org\/portal\/#organization\"},\"potentialAction\":[{\"@type\":\"SearchAction\",\"target\":{\"@type\":\"EntryPoint\",\"urlTemplate\":\"https:\/\/www.cric-colombia.org\/portal\/?s={search_term_string}\"},\"query-input\":\"required name=search_term_string\"}],\"inLanguage\":\"es\"},{\"@type\":\"Organization\",\"@id\":\"https:\/\/www.cric-colombia.org\/portal\/#organization\",\"name\":\"Consejo Regional Ind\u00edgena del Cauca\",\"url\":\"https:\/\/www.cric-colombia.org\/portal\/\",\"logo\":{\"@type\":\"ImageObject\",\"inLanguage\":\"es\",\"@id\":\"https:\/\/www.cric-colombia.org\/portal\/#\/schema\/logo\/image\/\",\"url\":\"https:\/\/www.cric-colombia.org\/portal\/wp-content\/uploads\/2015\/08\/logo_cric.jpg\",\"contentUrl\":\"https:\/\/www.cric-colombia.org\/portal\/wp-content\/uploads\/2015\/08\/logo_cric.jpg\",\"width\":512,\"height\":512,\"caption\":\"Consejo Regional Ind\u00edgena del Cauca\"},\"image\":{\"@id\":\"https:\/\/www.cric-colombia.org\/portal\/#\/schema\/logo\/image\/\"},\"sameAs\":[\"https:\/\/www.facebook.com\/cric.colombia\/\",\"https:\/\/twitter.com\/CRIC_Cauca\"]},{\"@type\":\"Person\",\"@id\":\"https:\/\/www.cric-colombia.org\/portal\/#\/schema\/person\/ab3a3099267de33d55f74f34ba201931\",\"name\":\"Comunicaciones CRIC\",\"image\":{\"@type\":\"ImageObject\",\"inLanguage\":\"es\",\"@id\":\"https:\/\/www.cric-colombia.org\/portal\/#\/schema\/person\/image\/\",\"url\":\"https:\/\/secure.gravatar.com\/avatar\/a8d1a6cfcb82a80d09dafefdcc3dcc8a?s=96&d=retro&r=g\",\"contentUrl\":\"https:\/\/secure.gravatar.com\/avatar\/a8d1a6cfcb82a80d09dafefdcc3dcc8a?s=96&d=retro&r=g\",\"caption\":\"Comunicaciones CRIC\"},\"url\":\"https:\/\/www.cric-colombia.org\/portal\/author\/comunicaciones\/\"}]}<\/script>\n<!-- \/ Yoast SEO plugin. -->","yoast_head_json":{"title":"El descontento social no puede recibir tratamiento militar - Consejo Regional Ind\u00edgena del Cauca - CRIC","robots":{"index":"index","follow":"follow","max-snippet":"max-snippet:-1","max-image-preview":"max-image-preview:large","max-video-preview":"max-video-preview:-1"},"canonical":"https:\/\/www.cric-colombia.org\/portal\/el-descontento-social-no-puede-recibir-tratamiento-militar\/","og_locale":"es_ES","og_type":"article","og_title":"El descontento social no puede recibir tratamiento militar - Consejo Regional Ind\u00edgena del Cauca - CRIC","og_description":"Ya va a ser una semana desde que comenz\u00f3 el Paro Nacional. Desde el Consejo Regional Ind\u00edgena del Cauca (CRIC) responsabilizamos al Gobierno Nacional en cabeza de Iv\u00e1n Duque, el ministro de defensa Diego Molano y el general del ej\u00e9rcito Zapateiro de la crisis social que viene viviendo el pa\u00eds. Y a la gobernadora del","og_url":"https:\/\/www.cric-colombia.org\/portal\/el-descontento-social-no-puede-recibir-tratamiento-militar\/","og_site_name":"Consejo Regional Ind\u00edgena del Cauca - CRIC","article_publisher":"https:\/\/www.facebook.com\/cric.colombia\/","article_published_time":"2021-05-04T17:13:53+00:00","og_image":[{"width":1024,"height":769,"url":"https:\/\/www.cric-colombia.org\/portal\/wp-content\/uploads\/2021\/05\/M4-2-1024x769.jpeg","type":"image\/jpeg"}],"author":"Comunicaciones CRIC","twitter_card":"summary_large_image","twitter_creator":"@CRIC_Cauca","twitter_site":"@CRIC_Cauca","twitter_misc":{"Escrito por":"Comunicaciones CRIC","Tiempo de lectura":"1 minuto"},"schema":{"@context":"https:\/\/schema.org","@graph":[{"@type":"Article","@id":"https:\/\/www.cric-colombia.org\/portal\/el-descontento-social-no-puede-recibir-tratamiento-militar\/#article","isPartOf":{"@id":"https:\/\/www.cric-colombia.org\/portal\/el-descontento-social-no-puede-recibir-tratamiento-militar\/"},"author":{"name":"Comunicaciones CRIC","@id":"https:\/\/www.cric-colombia.org\/portal\/#\/schema\/person\/ab3a3099267de33d55f74f34ba201931"},"headline":"El descontento social no puede recibir tratamiento militar","datePublished":"2021-05-04T17:13:53+00:00","dateModified":"2021-05-04T17:13:53+00:00","mainEntityOfPage":{"@id":"https:\/\/www.cric-colombia.org\/portal\/el-descontento-social-no-puede-recibir-tratamiento-militar\/"},"wordCount":276,"commentCount":0,"publisher":{"@id":"https:\/\/www.cric-colombia.org\/portal\/#organization"},"keywords":["#EstamosEnMinga #Resistencia #Mingahaciaafuera #SOSColombia #ColombiaResiste #CricNacional"],"articleSection":["Actualidad Ind\u00edgena del Cauca"],"inLanguage":"es","potentialAction":[{"@type":"CommentAction","name":"Comment","target":["https:\/\/www.cric-colombia.org\/portal\/el-descontento-social-no-puede-recibir-tratamiento-militar\/#respond"]}]},{"@type":"WebPage","@id":"https:\/\/www.cric-colombia.org\/portal\/el-descontento-social-no-puede-recibir-tratamiento-militar\/","url":"https:\/\/www.cric-colombia.org\/portal\/el-descontento-social-no-puede-recibir-tratamiento-militar\/","name":"El descontento social no puede recibir tratamiento militar - Consejo Regional Ind\u00edgena del Cauca - CRIC","isPartOf":{"@id":"https:\/\/www.cric-colombia.org\/portal\/#website"},"datePublished":"2021-05-04T17:13:53+00:00","dateModified":"2021-05-04T17:13:53+00:00","breadcrumb":{"@id":"https:\/\/www.cric-colombia.org\/portal\/el-descontento-social-no-puede-recibir-tratamiento-militar\/#breadcrumb"},"inLanguage":"es","potentialAction":[{"@type":"ReadAction","target":["https:\/\/www.cric-colombia.org\/portal\/el-descontento-social-no-puede-recibir-tratamiento-militar\/"]}]},{"@type":"BreadcrumbList","@id":"https:\/\/www.cric-colombia.org\/portal\/el-descontento-social-no-puede-recibir-tratamiento-militar\/#breadcrumb","itemListElement":[{"@type":"ListItem","position":1,"name":"Portada","item":"https:\/\/www.cric-colombia.org\/portal\/"},{"@type":"ListItem","position":2,"name":"El descontento social no puede recibir tratamiento militar"}]},{"@type":"WebSite","@id":"https:\/\/www.cric-colombia.org\/portal\/#website","url":"https:\/\/www.cric-colombia.org\/portal\/","name":"Consejo Regional Ind\u00edgena del Cauca - CRIC","description":"P\u00e1gina oficial del Consejo Regional Ind\u00edgena del Cauca, Colombia","publisher":{"@id":"https:\/\/www.cric-colombia.org\/portal\/#organization"},"potentialAction":[{"@type":"SearchAction","target":{"@type":"EntryPoint","urlTemplate":"https:\/\/www.cric-colombia.org\/portal\/?s={search_term_string}"},"query-input":"required name=search_term_string"}],"inLanguage":"es"},{"@type":"Organization","@id":"https:\/\/www.cric-colombia.org\/portal\/#organization","name":"Consejo Regional Ind\u00edgena del Cauca","url":"https:\/\/www.cric-colombia.org\/portal\/","logo":{"@type":"ImageObject","inLanguage":"es","@id":"https:\/\/www.cric-colombia.org\/portal\/#\/schema\/logo\/image\/","url":"https:\/\/www.cric-colombia.org\/portal\/wp-content\/uploads\/2015\/08\/logo_cric.jpg","contentUrl":"https:\/\/www.cric-colombia.org\/portal\/wp-content\/uploads\/2015\/08\/logo_cric.jpg","width":512,"height":512,"caption":"Consejo Regional Ind\u00edgena del Cauca"},"image":{"@id":"https:\/\/www.cric-colombia.org\/portal\/#\/schema\/logo\/image\/"},"sameAs":["https:\/\/www.facebook.com\/cric.colombia\/","https:\/\/twitter.com\/CRIC_Cauca"]},{"@type":"Person","@id":"https:\/\/www.cric-colombia.org\/portal\/#\/schema\/person\/ab3a3099267de33d55f74f34ba201931","name":"Comunicaciones CRIC","image":{"@type":"ImageObject","inLanguage":"es","@id":"https:\/\/www.cric-colombia.org\/portal\/#\/schema\/person\/image\/","url":"https:\/\/secure.gravatar.com\/avatar\/a8d1a6cfcb82a80d09dafefdcc3dcc8a?s=96&d=retro&r=g","contentUrl":"https:\/\/secure.gravatar.com\/avatar\/a8d1a6cfcb82a80d09dafefdcc3dcc8a?s=96&d=retro&r=g","caption":"Comunicaciones CRIC"},"url":"https:\/\/www.cric-colombia.org\/portal\/author\/comunicaciones\/"}]}},"jetpack_featured_media_url":"https:\/\/www.cric-colombia.org\/portal\/wp-content\/uploads\/2021\/05\/M4-2.jpeg","_links":{"self":[{"href":"https:\/\/www.cric-colombia.org\/portal\/wp-json\/wp\/v2\/posts\/30582"}],"collection":[{"href":"https:\/\/www.cric-colombia.org\/portal\/wp-json\/wp\/v2\/posts"}],"about":[{"href":"https:\/\/www.cric-colombia.org\/portal\/wp-json\/wp\/v2\/types\/post"}],"author":[{"embeddable":true,"href":"https:\/\/www.cric-colombia.org\/portal\/wp-json\/wp\/v2\/users\/6"}],"replies":[{"embeddable":true,"href":"https:\/\/www.cric-colombia.org\/portal\/wp-json\/wp\/v2\/comments?post=30582"}],"version-history":[{"count":1,"href":"https:\/\/www.cric-colombia.org\/portal\/wp-json\/wp\/v2\/posts\/30582\/revisions"}],"predecessor-version":[{"id":30583,"href":"https:\/\/www.cric-colombia.org\/portal\/wp-json\/wp\/v2\/posts\/30582\/revisions\/30583"}],"wp:featuredmedia":[{"embeddable":true,"href":"https:\/\/www.cric-colombia.org\/portal\/wp-json\/wp\/v2\/media\/30584"}],"wp:attachment":[{"href":"https:\/\/www.cric-colombia.org\/portal\/wp-json\/wp\/v2\/media?parent=30582"}],"wp:term":[{"taxonomy":"category","embeddable":true,"href":"https:\/\/www.cric-colombia.org\/portal\/wp-json\/wp\/v2\/categories?post=30582"},{"taxonomy":"post_tag","embeddable":true,"href":"https:\/\/www.cric-colombia.org\/portal\/wp-json\/wp\/v2\/tags?post=30582"}],"curies":[{"name":"wp","href":"https:\/\/api.w.org\/{rel}","templated":true}]}}