{"id":30580,"date":"2021-05-04T11:38:08","date_gmt":"2021-05-04T16:38:08","guid":{"rendered":"https:\/\/www.cric-colombia.org\/portal\/?p=30580"},"modified":"2021-05-04T11:38:08","modified_gmt":"2021-05-04T16:38:08","slug":"the-regional-indigenous-council-of-cauca-cric-appeal-to-the-national-and-international-community","status":"publish","type":"post","link":"https:\/\/www.cric-colombia.org\/portal\/the-regional-indigenous-council-of-cauca-cric-appeal-to-the-national-and-international-community\/","title":{"rendered":"The Regional Indigenous Council of Cauca (CRIC) appeal to the national and international community"},"content":{"rendered":"<div class=\"page\" title=\"Page 1\">\n<div class=\"section\" style=\"background-color: rgb(100.000000%, 100.000000%, 100.000000%);\">\n<div class=\"layoutArea\">\n<div class=\"column\">\n<p><span style=\"font-size: 12pt; font-family: ArialMT;\">The (127) Traditional Authorities of the Regional Indigenous Council of Cauca (Consejo Regional Indi\u0301gena del Cauca-CRIC) denounce that today at 7:30 pm, during the peaceful demonstrations at the \u00abLa Luna\u00bb point in the city of Santiago de Cali, Valle del Cauca, there was an intentional attack with an explosive device from the Mobile Anti-Disturbances Squadron or Escuadro\u0301n Mo\u0301vil Antidisturbios (aka ESMAD) against the social and popular sectors that were demonstrating that time. <\/span><span style=\"font-size: 12pt; font-family: Arial; font-weight: bold;\">A community member from the Sath Tama Kiwe Ancestral Territory was seriously injured. <\/span><span style=\"font-size: 12pt; font-family: ArialMT;\">In the middle of the confrontation, the arbitrary detention of a member of the Indigenous Guard was reported, who hours later was released.<\/span><\/p>\n<p><span style=\"font-size: 12.000000pt; font-family: 'ArialMT';\">These acts constitute a serious attack on freedom of expression and are only intended to silence us. We know that the attack is part of the repression strategy devised as a <\/span><\/p>\n<\/div>\n<\/div>\n<\/div>\n<\/div>\n<div class=\"page\" title=\"Page 2\">\n<div class=\"section\" style=\"background-color: rgb(100.000000%, 100.000000%, 100.000000%);\">\n<div class=\"layoutArea\">\n<div class=\"column\">\n<p><span style=\"font-size: 12.000000pt; font-family: 'ArialMT';\">large-scale plan by the Head of State, Head of Government and Highest Authority of the Military Forces, <\/span><span style=\"font-size: 12.000000pt; font-family: 'Arial'; font-weight: bold;\">who ordered the Army Commander, General Eduardo Enrique Zapateiro Altamiranda, to deploy a military action against citizens. <\/span><span style=\"font-size: 12.000000pt; font-family: 'ArialMT';\">That is why we want to alert the national and international community: an incalculable number of murders, injuries, harassment and acts of criminalization of those who walk with the strength of dignity and \u201cgood living\u201d are looming. We want to formally record that the National Government and its Minister of Defense are responsible for the effects on life, for the infiltrations of social mobilization and for what may happen from now on. <\/span><\/p>\n<p><span style=\"font-size: 12.000000pt; font-family: 'ArialMT';\">Since April 28 of the current year, Indigenous organizations, Afrodescendants,<br \/>\npeasants, students, youth, social, popular and union sectors have mobilized from our territories, walking the word through forceful actions that involve political, social and political expression. culture against tax reform, health reform, the regulation of \u00abprior consultation\u00bb and the humanitarian crisis that the country is going through, among other points. President Ivan Duque Ma\u0301rquez and his cabinet, with his words and actions, have confirmed their interest in favoring sugar mills, private and multinational companies. It is evident that the balance is tilting towards this sector and for them the benches of the current government&#8217;s political party are legislating. <\/span><\/p>\n<p><span style=\"font-size: 12.000000pt; font-family: 'Arial'; font-weight: bold;\">We call on the International Community, <\/span><span style=\"font-size: 12.000000pt; font-family: 'ArialMT';\">in its capacity as guarantor and defender of Human Rights and International Humanitarian Law, and National Organizations such as the Ombudsman&#8217;s Office, the Attorney General&#8217;s Office and the Attorney General&#8217;s Office of the Nation <\/span><span style=\"font-size: 12.000000pt; font-family: 'Arial'; font-weight: bold;\">to immediately activate alerts and move forward in the follow-up and monitoring of the safe expression of the \u201cOutward Minga\u201d <\/span><span style=\"font-size: 12.000000pt; font-family: 'ArialMT';\">[\u201cMinga Hacia Afuera,\u201d a peaceful, collective action directed outward, beyond the territories] that strengthens the National Strike today in different points of the Colombian Southwest. <\/span><\/p>\n<p><span style=\"font-size: 12.000000pt; font-family: 'Arial'; font-weight: bold;\">We continue to demand that the Colombian State comply in a comprehensive, complete and satisfactory manner with the commitments and agreements reached with the National Minga. <\/span><span style=\"font-size: 12.000000pt; font-family: 'ArialMT';\">We demand that the Government of Ivan Duque not insist on its legislative agenda, which we have called \u00abThe Death Project\u00bb and \u00abThe Paquetazo de Duque\u00bb; since it not only involves economic interests, but also violates the principles, values and fundamental rights of the most vulnerable Colombians in the country and their families. <\/span><\/p>\n<p><span style=\"font-size: 12.000000pt; font-family: 'ArialMT';\">Cali, May 3, 2021 <\/span><\/p>\n<\/div>\n<\/div>\n<\/div>\n<\/div>\n","protected":false},"excerpt":{"rendered":"<p>The (127) Traditional Authorities of the Regional Indigenous Council of Cauca (Consejo Regional Indi\u0301gena del Cauca-CRIC) denounce that today at 7:30 pm, during the peaceful demonstrations at the \u00abLa Luna\u00bb point in the city of Santiago de Cali, Valle del Cauca, there was an intentional attack with an explosive device from the Mobile Anti-Disturbances Squadron <\/p>\n","protected":false},"author":6,"featured_media":29821,"comment_status":"open","ping_status":"open","sticky":false,"template":"","format":"standard","meta":{"footnotes":""},"categories":[3,19],"tags":[896],"yoast_head":"<!-- This site is optimized with the Yoast SEO plugin v20.12 - https:\/\/yoast.com\/wordpress\/plugins\/seo\/ -->\n<title>The Regional Indigenous Council of Cauca (CRIC) appeal to the national and international community - Consejo Regional Ind\u00edgena del Cauca - CRIC<\/title>\n<meta name=\"robots\" content=\"index, follow, max-snippet:-1, max-image-preview:large, max-video-preview:-1\" \/>\n<link rel=\"canonical\" href=\"https:\/\/www.cric-colombia.org\/portal\/the-regional-indigenous-council-of-cauca-cric-appeal-to-the-national-and-international-community\/\" \/>\n<meta property=\"og:locale\" content=\"es_ES\" \/>\n<meta property=\"og:type\" content=\"article\" \/>\n<meta property=\"og:title\" content=\"The Regional Indigenous Council of Cauca (CRIC) appeal to the national and international community - Consejo Regional Ind\u00edgena del Cauca - CRIC\" \/>\n<meta property=\"og:description\" content=\"The (127) Traditional Authorities of the Regional Indigenous Council of Cauca (Consejo Regional Indi\u0301gena del Cauca-CRIC) denounce that today at 7:30 pm, during the peaceful demonstrations at the \u00abLa Luna\u00bb point in the city of Santiago de Cali, Valle del Cauca, there was an intentional attack with an explosive device from the Mobile Anti-Disturbances Squadron\" \/>\n<meta property=\"og:url\" content=\"https:\/\/www.cric-colombia.org\/portal\/the-regional-indigenous-council-of-cauca-cric-appeal-to-the-national-and-international-community\/\" \/>\n<meta property=\"og:site_name\" content=\"Consejo Regional Ind\u00edgena del Cauca - CRIC\" \/>\n<meta property=\"article:publisher\" content=\"https:\/\/www.facebook.com\/cric.colombia\/\" \/>\n<meta property=\"article:published_time\" content=\"2021-05-04T16:38:08+00:00\" \/>\n<meta property=\"og:image\" content=\"https:\/\/www.cric-colombia.org\/portal\/wp-content\/uploads\/2020\/12\/CRIC-Nacional-Logo.png\" \/>\n\t<meta property=\"og:image:width\" content=\"5901\" \/>\n\t<meta property=\"og:image:height\" content=\"4744\" \/>\n\t<meta property=\"og:image:type\" content=\"image\/png\" \/>\n<meta name=\"author\" content=\"Comunicaciones CRIC\" \/>\n<meta name=\"twitter:card\" content=\"summary_large_image\" \/>\n<meta name=\"twitter:creator\" content=\"@CRIC_Cauca\" \/>\n<meta name=\"twitter:site\" content=\"@CRIC_Cauca\" \/>\n<meta name=\"twitter:label1\" content=\"Escrito por\" \/>\n\t<meta name=\"twitter:data1\" content=\"Comunicaciones CRIC\" \/>\n\t<meta name=\"twitter:label2\" content=\"Tiempo de lectura\" \/>\n\t<meta name=\"twitter:data2\" content=\"3 minutos\" \/>\n<script type=\"application\/ld+json\" class=\"yoast-schema-graph\">{\"@context\":\"https:\/\/schema.org\",\"@graph\":[{\"@type\":\"Article\",\"@id\":\"https:\/\/www.cric-colombia.org\/portal\/the-regional-indigenous-council-of-cauca-cric-appeal-to-the-national-and-international-community\/#article\",\"isPartOf\":{\"@id\":\"https:\/\/www.cric-colombia.org\/portal\/the-regional-indigenous-council-of-cauca-cric-appeal-to-the-national-and-international-community\/\"},\"author\":{\"name\":\"Comunicaciones CRIC\",\"@id\":\"https:\/\/www.cric-colombia.org\/portal\/#\/schema\/person\/ab3a3099267de33d55f74f34ba201931\"},\"headline\":\"The Regional Indigenous Council of Cauca (CRIC) appeal to the national and international community\",\"datePublished\":\"2021-05-04T16:38:08+00:00\",\"dateModified\":\"2021-05-04T16:38:08+00:00\",\"mainEntityOfPage\":{\"@id\":\"https:\/\/www.cric-colombia.org\/portal\/the-regional-indigenous-council-of-cauca-cric-appeal-to-the-national-and-international-community\/\"},\"wordCount\":534,\"commentCount\":0,\"publisher\":{\"@id\":\"https:\/\/www.cric-colombia.org\/portal\/#organization\"},\"keywords\":[\"#EstamosEnMinga #Resistencia #Mingahaciaafuera #SOSColombia #ColombiaResiste #CricNacional\"],\"articleSection\":[\"Actualidad Ind\u00edgena del Cauca\",\"Comunicados de prensa\"],\"inLanguage\":\"es\",\"potentialAction\":[{\"@type\":\"CommentAction\",\"name\":\"Comment\",\"target\":[\"https:\/\/www.cric-colombia.org\/portal\/the-regional-indigenous-council-of-cauca-cric-appeal-to-the-national-and-international-community\/#respond\"]}]},{\"@type\":\"WebPage\",\"@id\":\"https:\/\/www.cric-colombia.org\/portal\/the-regional-indigenous-council-of-cauca-cric-appeal-to-the-national-and-international-community\/\",\"url\":\"https:\/\/www.cric-colombia.org\/portal\/the-regional-indigenous-council-of-cauca-cric-appeal-to-the-national-and-international-community\/\",\"name\":\"The Regional Indigenous Council of Cauca (CRIC) appeal to the national and international community - Consejo Regional Ind\u00edgena del Cauca - CRIC\",\"isPartOf\":{\"@id\":\"https:\/\/www.cric-colombia.org\/portal\/#website\"},\"datePublished\":\"2021-05-04T16:38:08+00:00\",\"dateModified\":\"2021-05-04T16:38:08+00:00\",\"breadcrumb\":{\"@id\":\"https:\/\/www.cric-colombia.org\/portal\/the-regional-indigenous-council-of-cauca-cric-appeal-to-the-national-and-international-community\/#breadcrumb\"},\"inLanguage\":\"es\",\"potentialAction\":[{\"@type\":\"ReadAction\",\"target\":[\"https:\/\/www.cric-colombia.org\/portal\/the-regional-indigenous-council-of-cauca-cric-appeal-to-the-national-and-international-community\/\"]}]},{\"@type\":\"BreadcrumbList\",\"@id\":\"https:\/\/www.cric-colombia.org\/portal\/the-regional-indigenous-council-of-cauca-cric-appeal-to-the-national-and-international-community\/#breadcrumb\",\"itemListElement\":[{\"@type\":\"ListItem\",\"position\":1,\"name\":\"Portada\",\"item\":\"https:\/\/www.cric-colombia.org\/portal\/\"},{\"@type\":\"ListItem\",\"position\":2,\"name\":\"The Regional Indigenous Council of Cauca (CRIC) appeal to the national and international community\"}]},{\"@type\":\"WebSite\",\"@id\":\"https:\/\/www.cric-colombia.org\/portal\/#website\",\"url\":\"https:\/\/www.cric-colombia.org\/portal\/\",\"name\":\"Consejo Regional Ind\u00edgena del Cauca - CRIC\",\"description\":\"P\u00e1gina oficial del Consejo Regional Ind\u00edgena del Cauca, Colombia\",\"publisher\":{\"@id\":\"https:\/\/www.cric-colombia.org\/portal\/#organization\"},\"potentialAction\":[{\"@type\":\"SearchAction\",\"target\":{\"@type\":\"EntryPoint\",\"urlTemplate\":\"https:\/\/www.cric-colombia.org\/portal\/?s={search_term_string}\"},\"query-input\":\"required name=search_term_string\"}],\"inLanguage\":\"es\"},{\"@type\":\"Organization\",\"@id\":\"https:\/\/www.cric-colombia.org\/portal\/#organization\",\"name\":\"Consejo Regional Ind\u00edgena del Cauca\",\"url\":\"https:\/\/www.cric-colombia.org\/portal\/\",\"logo\":{\"@type\":\"ImageObject\",\"inLanguage\":\"es\",\"@id\":\"https:\/\/www.cric-colombia.org\/portal\/#\/schema\/logo\/image\/\",\"url\":\"https:\/\/www.cric-colombia.org\/portal\/wp-content\/uploads\/2015\/08\/logo_cric.jpg\",\"contentUrl\":\"https:\/\/www.cric-colombia.org\/portal\/wp-content\/uploads\/2015\/08\/logo_cric.jpg\",\"width\":512,\"height\":512,\"caption\":\"Consejo Regional Ind\u00edgena del Cauca\"},\"image\":{\"@id\":\"https:\/\/www.cric-colombia.org\/portal\/#\/schema\/logo\/image\/\"},\"sameAs\":[\"https:\/\/www.facebook.com\/cric.colombia\/\",\"https:\/\/twitter.com\/CRIC_Cauca\"]},{\"@type\":\"Person\",\"@id\":\"https:\/\/www.cric-colombia.org\/portal\/#\/schema\/person\/ab3a3099267de33d55f74f34ba201931\",\"name\":\"Comunicaciones CRIC\",\"image\":{\"@type\":\"ImageObject\",\"inLanguage\":\"es\",\"@id\":\"https:\/\/www.cric-colombia.org\/portal\/#\/schema\/person\/image\/\",\"url\":\"https:\/\/secure.gravatar.com\/avatar\/a8d1a6cfcb82a80d09dafefdcc3dcc8a?s=96&d=retro&r=g\",\"contentUrl\":\"https:\/\/secure.gravatar.com\/avatar\/a8d1a6cfcb82a80d09dafefdcc3dcc8a?s=96&d=retro&r=g\",\"caption\":\"Comunicaciones CRIC\"},\"url\":\"https:\/\/www.cric-colombia.org\/portal\/author\/comunicaciones\/\"}]}<\/script>\n<!-- \/ Yoast SEO plugin. -->","yoast_head_json":{"title":"The Regional Indigenous Council of Cauca (CRIC) appeal to the national and international community - Consejo Regional Ind\u00edgena del Cauca - CRIC","robots":{"index":"index","follow":"follow","max-snippet":"max-snippet:-1","max-image-preview":"max-image-preview:large","max-video-preview":"max-video-preview:-1"},"canonical":"https:\/\/www.cric-colombia.org\/portal\/the-regional-indigenous-council-of-cauca-cric-appeal-to-the-national-and-international-community\/","og_locale":"es_ES","og_type":"article","og_title":"The Regional Indigenous Council of Cauca (CRIC) appeal to the national and international community - Consejo Regional Ind\u00edgena del Cauca - CRIC","og_description":"The (127) Traditional Authorities of the Regional Indigenous Council of Cauca (Consejo Regional Indi\u0301gena del Cauca-CRIC) denounce that today at 7:30 pm, during the peaceful demonstrations at the \u00abLa Luna\u00bb point in the city of Santiago de Cali, Valle del Cauca, there was an intentional attack with an explosive device from the Mobile Anti-Disturbances Squadron","og_url":"https:\/\/www.cric-colombia.org\/portal\/the-regional-indigenous-council-of-cauca-cric-appeal-to-the-national-and-international-community\/","og_site_name":"Consejo Regional Ind\u00edgena del Cauca - CRIC","article_publisher":"https:\/\/www.facebook.com\/cric.colombia\/","article_published_time":"2021-05-04T16:38:08+00:00","og_image":[{"width":5901,"height":4744,"url":"https:\/\/www.cric-colombia.org\/portal\/wp-content\/uploads\/2020\/12\/CRIC-Nacional-Logo.png","type":"image\/png"}],"author":"Comunicaciones CRIC","twitter_card":"summary_large_image","twitter_creator":"@CRIC_Cauca","twitter_site":"@CRIC_Cauca","twitter_misc":{"Escrito por":"Comunicaciones CRIC","Tiempo de lectura":"3 minutos"},"schema":{"@context":"https:\/\/schema.org","@graph":[{"@type":"Article","@id":"https:\/\/www.cric-colombia.org\/portal\/the-regional-indigenous-council-of-cauca-cric-appeal-to-the-national-and-international-community\/#article","isPartOf":{"@id":"https:\/\/www.cric-colombia.org\/portal\/the-regional-indigenous-council-of-cauca-cric-appeal-to-the-national-and-international-community\/"},"author":{"name":"Comunicaciones CRIC","@id":"https:\/\/www.cric-colombia.org\/portal\/#\/schema\/person\/ab3a3099267de33d55f74f34ba201931"},"headline":"The Regional Indigenous Council of Cauca (CRIC) appeal to the national and international community","datePublished":"2021-05-04T16:38:08+00:00","dateModified":"2021-05-04T16:38:08+00:00","mainEntityOfPage":{"@id":"https:\/\/www.cric-colombia.org\/portal\/the-regional-indigenous-council-of-cauca-cric-appeal-to-the-national-and-international-community\/"},"wordCount":534,"commentCount":0,"publisher":{"@id":"https:\/\/www.cric-colombia.org\/portal\/#organization"},"keywords":["#EstamosEnMinga #Resistencia #Mingahaciaafuera #SOSColombia #ColombiaResiste #CricNacional"],"articleSection":["Actualidad Ind\u00edgena del Cauca","Comunicados de prensa"],"inLanguage":"es","potentialAction":[{"@type":"CommentAction","name":"Comment","target":["https:\/\/www.cric-colombia.org\/portal\/the-regional-indigenous-council-of-cauca-cric-appeal-to-the-national-and-international-community\/#respond"]}]},{"@type":"WebPage","@id":"https:\/\/www.cric-colombia.org\/portal\/the-regional-indigenous-council-of-cauca-cric-appeal-to-the-national-and-international-community\/","url":"https:\/\/www.cric-colombia.org\/portal\/the-regional-indigenous-council-of-cauca-cric-appeal-to-the-national-and-international-community\/","name":"The Regional Indigenous Council of Cauca (CRIC) appeal to the national and international community - Consejo Regional Ind\u00edgena del Cauca - CRIC","isPartOf":{"@id":"https:\/\/www.cric-colombia.org\/portal\/#website"},"datePublished":"2021-05-04T16:38:08+00:00","dateModified":"2021-05-04T16:38:08+00:00","breadcrumb":{"@id":"https:\/\/www.cric-colombia.org\/portal\/the-regional-indigenous-council-of-cauca-cric-appeal-to-the-national-and-international-community\/#breadcrumb"},"inLanguage":"es","potentialAction":[{"@type":"ReadAction","target":["https:\/\/www.cric-colombia.org\/portal\/the-regional-indigenous-council-of-cauca-cric-appeal-to-the-national-and-international-community\/"]}]},{"@type":"BreadcrumbList","@id":"https:\/\/www.cric-colombia.org\/portal\/the-regional-indigenous-council-of-cauca-cric-appeal-to-the-national-and-international-community\/#breadcrumb","itemListElement":[{"@type":"ListItem","position":1,"name":"Portada","item":"https:\/\/www.cric-colombia.org\/portal\/"},{"@type":"ListItem","position":2,"name":"The Regional Indigenous Council of Cauca (CRIC) appeal to the national and international community"}]},{"@type":"WebSite","@id":"https:\/\/www.cric-colombia.org\/portal\/#website","url":"https:\/\/www.cric-colombia.org\/portal\/","name":"Consejo Regional Ind\u00edgena del Cauca - CRIC","description":"P\u00e1gina oficial del Consejo Regional Ind\u00edgena del Cauca, Colombia","publisher":{"@id":"https:\/\/www.cric-colombia.org\/portal\/#organization"},"potentialAction":[{"@type":"SearchAction","target":{"@type":"EntryPoint","urlTemplate":"https:\/\/www.cric-colombia.org\/portal\/?s={search_term_string}"},"query-input":"required name=search_term_string"}],"inLanguage":"es"},{"@type":"Organization","@id":"https:\/\/www.cric-colombia.org\/portal\/#organization","name":"Consejo Regional Ind\u00edgena del Cauca","url":"https:\/\/www.cric-colombia.org\/portal\/","logo":{"@type":"ImageObject","inLanguage":"es","@id":"https:\/\/www.cric-colombia.org\/portal\/#\/schema\/logo\/image\/","url":"https:\/\/www.cric-colombia.org\/portal\/wp-content\/uploads\/2015\/08\/logo_cric.jpg","contentUrl":"https:\/\/www.cric-colombia.org\/portal\/wp-content\/uploads\/2015\/08\/logo_cric.jpg","width":512,"height":512,"caption":"Consejo Regional Ind\u00edgena del Cauca"},"image":{"@id":"https:\/\/www.cric-colombia.org\/portal\/#\/schema\/logo\/image\/"},"sameAs":["https:\/\/www.facebook.com\/cric.colombia\/","https:\/\/twitter.com\/CRIC_Cauca"]},{"@type":"Person","@id":"https:\/\/www.cric-colombia.org\/portal\/#\/schema\/person\/ab3a3099267de33d55f74f34ba201931","name":"Comunicaciones CRIC","image":{"@type":"ImageObject","inLanguage":"es","@id":"https:\/\/www.cric-colombia.org\/portal\/#\/schema\/person\/image\/","url":"https:\/\/secure.gravatar.com\/avatar\/a8d1a6cfcb82a80d09dafefdcc3dcc8a?s=96&d=retro&r=g","contentUrl":"https:\/\/secure.gravatar.com\/avatar\/a8d1a6cfcb82a80d09dafefdcc3dcc8a?s=96&d=retro&r=g","caption":"Comunicaciones CRIC"},"url":"https:\/\/www.cric-colombia.org\/portal\/author\/comunicaciones\/"}]}},"jetpack_featured_media_url":"https:\/\/www.cric-colombia.org\/portal\/wp-content\/uploads\/2020\/12\/CRIC-Nacional-Logo.png","_links":{"self":[{"href":"https:\/\/www.cric-colombia.org\/portal\/wp-json\/wp\/v2\/posts\/30580"}],"collection":[{"href":"https:\/\/www.cric-colombia.org\/portal\/wp-json\/wp\/v2\/posts"}],"about":[{"href":"https:\/\/www.cric-colombia.org\/portal\/wp-json\/wp\/v2\/types\/post"}],"author":[{"embeddable":true,"href":"https:\/\/www.cric-colombia.org\/portal\/wp-json\/wp\/v2\/users\/6"}],"replies":[{"embeddable":true,"href":"https:\/\/www.cric-colombia.org\/portal\/wp-json\/wp\/v2\/comments?post=30580"}],"version-history":[{"count":1,"href":"https:\/\/www.cric-colombia.org\/portal\/wp-json\/wp\/v2\/posts\/30580\/revisions"}],"predecessor-version":[{"id":30581,"href":"https:\/\/www.cric-colombia.org\/portal\/wp-json\/wp\/v2\/posts\/30580\/revisions\/30581"}],"wp:featuredmedia":[{"embeddable":true,"href":"https:\/\/www.cric-colombia.org\/portal\/wp-json\/wp\/v2\/media\/29821"}],"wp:attachment":[{"href":"https:\/\/www.cric-colombia.org\/portal\/wp-json\/wp\/v2\/media?parent=30580"}],"wp:term":[{"taxonomy":"category","embeddable":true,"href":"https:\/\/www.cric-colombia.org\/portal\/wp-json\/wp\/v2\/categories?post=30580"},{"taxonomy":"post_tag","embeddable":true,"href":"https:\/\/www.cric-colombia.org\/portal\/wp-json\/wp\/v2\/tags?post=30580"}],"curies":[{"name":"wp","href":"https:\/\/api.w.org\/{rel}","templated":true}]}}