{"id":30506,"date":"2021-05-02T17:37:54","date_gmt":"2021-05-02T22:37:54","guid":{"rendered":"https:\/\/www.cric-colombia.org\/portal\/?p=30506"},"modified":"2021-05-02T18:40:11","modified_gmt":"2021-05-02T23:40:11","slug":"consejo-regional-indigena-del-cauca-anuncia-continuacion-de-la-protesta","status":"publish","type":"post","link":"https:\/\/www.cric-colombia.org\/portal\/consejo-regional-indigena-del-cauca-anuncia-continuacion-de-la-protesta\/","title":{"rendered":"Consejo Regional Ind\u00edgena del Cauca anuncia continuaci\u00f3n de la protesta"},"content":{"rendered":"<h5 class=\"entry-title\" style=\"text-align: center;\"><strong>El Consejo Regional Ind\u00edgena del Cauca (CRIC-Nacional) <\/strong><\/h5>\n<h5 class=\"entry-title\" style=\"text-align: center;\"><strong>a la comunidad nacional e internacional<\/strong><\/h5>\n<p class=\"p1\">Las (127) autoridades tradicionales del Consejo Regional Ind\u00edgena del Cauca CRIC-NACIONAL <b>anunciamos que continuaremos en lucha y resistencia exigiendo la reivindicaci\u00f3n de los derechos del pueblo colombiano y los grupos \u00e9tnicos<\/b>. Por ello, en respaldo al paro nacional iniciado el pasado de 28 de abril declaramos lo siguiente:<\/p>\n<p class=\"p2\"><b>PRIMERO.<\/b><span class=\"Apple-converted-space\">\u00a0 <\/span>El gobierno nacional se ha visto obligado a comunicar p\u00fablicamente el retiro del Proyecto de Ley de Reforma Tributaria. Constatamos esto como un triunfo de las movilizaciones sociales que se han desarrollado en todo el pa\u00eds. Triunfo que desafortunadamente el gobierno nacional ha manchado de sangre y atropello.<\/p>\n<p class=\"p1\"><b>SEGUNDO.<\/b> No nos retiraremos de los puntos humanitarios de exigencia<span class=\"s1\"> hasta tanto no se retiren formalmente los proyectos de Ley de Reforma Tributaria y de Reforma de la Salud. Exigimos tambi\u00e9n que no se contin\u00fae con el Proyecto de Decreto que busca reglamentar el Derecho Fundamental de la Consulta Previa, ni con la aspersi\u00f3n con glifosato contra los campos de Colombia. <\/span><\/p>\n<p class=\"p1\"><b>TERCERO. <\/b>Denunciamos la situaci\u00f3n de crisis humanitaria, el exterminio f\u00edsico, cultural y espiritual en contra de los pueblos ind\u00edgenas, afros, campesinos, sectores sociales, populares, sindicales y estudiantiles. En ejercicio pac\u00edfico, solidario y en unidad convocamos al pueblo colombiano a sumarse todos los d\u00edas a las concentraciones en las diferentes ciudades capitales, donde participaremos las organizaciones con las Autoridades C\u00edvicas de cada territorio, Guardia Ind\u00edgena, Guardia Cimarrona, Guardia Campesina, Guardia Comunitaria.<\/p>\n<p class=\"p1\">El d\u00eda de hoy, 2 de mayo de 2021, con el anuncio de que la movilizaci\u00f3n debe continuar, solicitamos la cooperaci\u00f3n de la Comunidad Internacional, as\u00ed como de los Organismos Garantes y Defensores de los Derechos Humanos, para velar por<span class=\"Apple-converted-space\">\u00a0 <\/span>nuestros derechos de bienestar y seguridad, en este recorrido y durante los pronunciamientos que haremos como constituyente primario.<\/p>\n<p class=\"p1\">Conocedores de su compromiso en la salvaguarda de los Derechos Humanos y el Derecho Internacional Humanitario, esperamos contar con su apoyo e incidencia pol\u00edtica ante las instituciones correspondientes para garantizar nuestro derecho a<span class=\"Apple-converted-space\">\u00a0 <\/span>la vida, el saneamiento b\u00e1sico, la alimentaci\u00f3n, el transporte, las medidas de protecci\u00f3n y, sobre todo, la articulaci\u00f3n de los protocolos de bioseguridad, teniendo en cuenta nuestra medicina propia, ancestral y cultural.<\/p>\n<p class=\"p2\"><b>CUARTO.<\/b> Exigimos al gobierno nacional que no trate al pueblo colombiano como un enemigo de guerra. Por tanto, denunciamos ante la comunidad nacional e internacional el ataque armado contra la movilizaci\u00f3n social y la implementaci\u00f3n de la figura llamada \u201cAsistencia Militar\u201d, que ahora pone en pr\u00e1ctica el Presidente Iv\u00e1n Duque, y que consiste en que el ej\u00e9rcito d\u00e9 apoyo a la polic\u00eda, legalizando el tratamiento militar a las protestas pac\u00edficas y las movilizaciones sociales.<\/p>\n<p class=\"p2\">Los sectores movilizados hemos denunciado que la polic\u00eda nos ataca con armas de fuego, y la respuesta que ha dado el gobierno nacional es la de mandar al ej\u00e9rcito colombiano para que intervenga ante la protesta. Eso no tiene validez en un estado social de derecho.<\/p>\n<p class=\"p2\"><b>Como CRIC-NACIONAL continuaremos en minga con el pueblo colombiano. Cuenten con nosotros para la paz, nunca para la guerra.<\/b><\/p>\n<p class=\"p2\">Cali, 2 de mayo de 2021<\/p>\n","protected":false},"excerpt":{"rendered":"<p>El Consejo Regional Ind\u00edgena del Cauca (CRIC-Nacional) a la comunidad nacional e internacional Las (127) autoridades tradicionales del Consejo Regional Ind\u00edgena del Cauca CRIC-NACIONAL anunciamos que continuaremos en lucha y resistencia exigiendo la reivindicaci\u00f3n de los derechos del pueblo colombiano y los grupos \u00e9tnicos. Por ello, en respaldo al paro nacional iniciado el pasado de <\/p>\n","protected":false},"author":6,"featured_media":29821,"comment_status":"open","ping_status":"open","sticky":false,"template":"","format":"standard","meta":{"footnotes":""},"categories":[19],"tags":[891,892,89,189,88,172],"yoast_head":"<!-- This site is optimized with the Yoast SEO plugin v20.12 - https:\/\/yoast.com\/wordpress\/plugins\/seo\/ -->\n<title>Consejo Regional Ind\u00edgena del Cauca anuncia continuaci\u00f3n de la protesta - Consejo Regional Ind\u00edgena del Cauca - CRIC<\/title>\n<meta name=\"robots\" content=\"index, follow, max-snippet:-1, max-image-preview:large, max-video-preview:-1\" \/>\n<link rel=\"canonical\" href=\"https:\/\/www.cric-colombia.org\/portal\/consejo-regional-indigena-del-cauca-anuncia-continuacion-de-la-protesta\/\" \/>\n<meta property=\"og:locale\" content=\"es_ES\" \/>\n<meta property=\"og:type\" content=\"article\" \/>\n<meta property=\"og:title\" content=\"Consejo Regional Ind\u00edgena del Cauca anuncia continuaci\u00f3n de la protesta - Consejo Regional Ind\u00edgena del Cauca - CRIC\" \/>\n<meta property=\"og:description\" content=\"El Consejo Regional Ind\u00edgena del Cauca (CRIC-Nacional) a la comunidad nacional e internacional Las (127) autoridades tradicionales del Consejo Regional Ind\u00edgena del Cauca CRIC-NACIONAL anunciamos que continuaremos en lucha y resistencia exigiendo la reivindicaci\u00f3n de los derechos del pueblo colombiano y los grupos \u00e9tnicos. Por ello, en respaldo al paro nacional iniciado el pasado de\" \/>\n<meta property=\"og:url\" content=\"https:\/\/www.cric-colombia.org\/portal\/consejo-regional-indigena-del-cauca-anuncia-continuacion-de-la-protesta\/\" \/>\n<meta property=\"og:site_name\" content=\"Consejo Regional Ind\u00edgena del Cauca - CRIC\" \/>\n<meta property=\"article:publisher\" content=\"https:\/\/www.facebook.com\/cric.colombia\/\" \/>\n<meta property=\"article:published_time\" content=\"2021-05-02T22:37:54+00:00\" \/>\n<meta property=\"article:modified_time\" content=\"2021-05-02T23:40:11+00:00\" \/>\n<meta property=\"og:image\" content=\"https:\/\/www.cric-colombia.org\/portal\/wp-content\/uploads\/2020\/12\/CRIC-Nacional-Logo.png\" \/>\n\t<meta property=\"og:image:width\" content=\"5901\" \/>\n\t<meta property=\"og:image:height\" content=\"4744\" \/>\n\t<meta property=\"og:image:type\" content=\"image\/png\" \/>\n<meta name=\"author\" content=\"Comunicaciones CRIC\" \/>\n<meta name=\"twitter:card\" content=\"summary_large_image\" \/>\n<meta name=\"twitter:creator\" content=\"@CRIC_Cauca\" \/>\n<meta name=\"twitter:site\" content=\"@CRIC_Cauca\" \/>\n<meta name=\"twitter:label1\" content=\"Escrito por\" \/>\n\t<meta name=\"twitter:data1\" content=\"Comunicaciones CRIC\" \/>\n\t<meta name=\"twitter:label2\" content=\"Tiempo de lectura\" \/>\n\t<meta name=\"twitter:data2\" content=\"3 minutos\" \/>\n<script type=\"application\/ld+json\" class=\"yoast-schema-graph\">{\"@context\":\"https:\/\/schema.org\",\"@graph\":[{\"@type\":\"Article\",\"@id\":\"https:\/\/www.cric-colombia.org\/portal\/consejo-regional-indigena-del-cauca-anuncia-continuacion-de-la-protesta\/#article\",\"isPartOf\":{\"@id\":\"https:\/\/www.cric-colombia.org\/portal\/consejo-regional-indigena-del-cauca-anuncia-continuacion-de-la-protesta\/\"},\"author\":{\"name\":\"Comunicaciones CRIC\",\"@id\":\"https:\/\/www.cric-colombia.org\/portal\/#\/schema\/person\/ab3a3099267de33d55f74f34ba201931\"},\"headline\":\"Consejo Regional Ind\u00edgena del Cauca anuncia continuaci\u00f3n de la protesta\",\"datePublished\":\"2021-05-02T22:37:54+00:00\",\"dateModified\":\"2021-05-02T23:40:11+00:00\",\"mainEntityOfPage\":{\"@id\":\"https:\/\/www.cric-colombia.org\/portal\/consejo-regional-indigena-del-cauca-anuncia-continuacion-de-la-protesta\/\"},\"wordCount\":547,\"commentCount\":0,\"publisher\":{\"@id\":\"https:\/\/www.cric-colombia.org\/portal\/#organization\"},\"keywords\":[\"#EstamosEnMinga\",\"#MingaContraReforma\",\"cauca\",\"CONSEJO REGIONAL INDIGENA DEL CAUCA CRIC\",\"cric\",\"Resistencia\"],\"articleSection\":[\"Comunicados de prensa\"],\"inLanguage\":\"es\",\"potentialAction\":[{\"@type\":\"CommentAction\",\"name\":\"Comment\",\"target\":[\"https:\/\/www.cric-colombia.org\/portal\/consejo-regional-indigena-del-cauca-anuncia-continuacion-de-la-protesta\/#respond\"]}]},{\"@type\":\"WebPage\",\"@id\":\"https:\/\/www.cric-colombia.org\/portal\/consejo-regional-indigena-del-cauca-anuncia-continuacion-de-la-protesta\/\",\"url\":\"https:\/\/www.cric-colombia.org\/portal\/consejo-regional-indigena-del-cauca-anuncia-continuacion-de-la-protesta\/\",\"name\":\"Consejo Regional Ind\u00edgena del Cauca anuncia continuaci\u00f3n de la protesta - Consejo Regional Ind\u00edgena del Cauca - CRIC\",\"isPartOf\":{\"@id\":\"https:\/\/www.cric-colombia.org\/portal\/#website\"},\"datePublished\":\"2021-05-02T22:37:54+00:00\",\"dateModified\":\"2021-05-02T23:40:11+00:00\",\"breadcrumb\":{\"@id\":\"https:\/\/www.cric-colombia.org\/portal\/consejo-regional-indigena-del-cauca-anuncia-continuacion-de-la-protesta\/#breadcrumb\"},\"inLanguage\":\"es\",\"potentialAction\":[{\"@type\":\"ReadAction\",\"target\":[\"https:\/\/www.cric-colombia.org\/portal\/consejo-regional-indigena-del-cauca-anuncia-continuacion-de-la-protesta\/\"]}]},{\"@type\":\"BreadcrumbList\",\"@id\":\"https:\/\/www.cric-colombia.org\/portal\/consejo-regional-indigena-del-cauca-anuncia-continuacion-de-la-protesta\/#breadcrumb\",\"itemListElement\":[{\"@type\":\"ListItem\",\"position\":1,\"name\":\"Portada\",\"item\":\"https:\/\/www.cric-colombia.org\/portal\/\"},{\"@type\":\"ListItem\",\"position\":2,\"name\":\"Consejo Regional Ind\u00edgena del Cauca anuncia continuaci\u00f3n de la protesta\"}]},{\"@type\":\"WebSite\",\"@id\":\"https:\/\/www.cric-colombia.org\/portal\/#website\",\"url\":\"https:\/\/www.cric-colombia.org\/portal\/\",\"name\":\"Consejo Regional Ind\u00edgena del Cauca - CRIC\",\"description\":\"P\u00e1gina oficial del Consejo Regional Ind\u00edgena del Cauca, Colombia\",\"publisher\":{\"@id\":\"https:\/\/www.cric-colombia.org\/portal\/#organization\"},\"potentialAction\":[{\"@type\":\"SearchAction\",\"target\":{\"@type\":\"EntryPoint\",\"urlTemplate\":\"https:\/\/www.cric-colombia.org\/portal\/?s={search_term_string}\"},\"query-input\":\"required name=search_term_string\"}],\"inLanguage\":\"es\"},{\"@type\":\"Organization\",\"@id\":\"https:\/\/www.cric-colombia.org\/portal\/#organization\",\"name\":\"Consejo Regional Ind\u00edgena del Cauca\",\"url\":\"https:\/\/www.cric-colombia.org\/portal\/\",\"logo\":{\"@type\":\"ImageObject\",\"inLanguage\":\"es\",\"@id\":\"https:\/\/www.cric-colombia.org\/portal\/#\/schema\/logo\/image\/\",\"url\":\"https:\/\/www.cric-colombia.org\/portal\/wp-content\/uploads\/2015\/08\/logo_cric.jpg\",\"contentUrl\":\"https:\/\/www.cric-colombia.org\/portal\/wp-content\/uploads\/2015\/08\/logo_cric.jpg\",\"width\":512,\"height\":512,\"caption\":\"Consejo Regional Ind\u00edgena del Cauca\"},\"image\":{\"@id\":\"https:\/\/www.cric-colombia.org\/portal\/#\/schema\/logo\/image\/\"},\"sameAs\":[\"https:\/\/www.facebook.com\/cric.colombia\/\",\"https:\/\/twitter.com\/CRIC_Cauca\"]},{\"@type\":\"Person\",\"@id\":\"https:\/\/www.cric-colombia.org\/portal\/#\/schema\/person\/ab3a3099267de33d55f74f34ba201931\",\"name\":\"Comunicaciones CRIC\",\"image\":{\"@type\":\"ImageObject\",\"inLanguage\":\"es\",\"@id\":\"https:\/\/www.cric-colombia.org\/portal\/#\/schema\/person\/image\/\",\"url\":\"https:\/\/secure.gravatar.com\/avatar\/a8d1a6cfcb82a80d09dafefdcc3dcc8a?s=96&d=retro&r=g\",\"contentUrl\":\"https:\/\/secure.gravatar.com\/avatar\/a8d1a6cfcb82a80d09dafefdcc3dcc8a?s=96&d=retro&r=g\",\"caption\":\"Comunicaciones CRIC\"},\"url\":\"https:\/\/www.cric-colombia.org\/portal\/author\/comunicaciones\/\"}]}<\/script>\n<!-- \/ Yoast SEO plugin. -->","yoast_head_json":{"title":"Consejo Regional Ind\u00edgena del Cauca anuncia continuaci\u00f3n de la protesta - Consejo Regional Ind\u00edgena del Cauca - CRIC","robots":{"index":"index","follow":"follow","max-snippet":"max-snippet:-1","max-image-preview":"max-image-preview:large","max-video-preview":"max-video-preview:-1"},"canonical":"https:\/\/www.cric-colombia.org\/portal\/consejo-regional-indigena-del-cauca-anuncia-continuacion-de-la-protesta\/","og_locale":"es_ES","og_type":"article","og_title":"Consejo Regional Ind\u00edgena del Cauca anuncia continuaci\u00f3n de la protesta - Consejo Regional Ind\u00edgena del Cauca - CRIC","og_description":"El Consejo Regional Ind\u00edgena del Cauca (CRIC-Nacional) a la comunidad nacional e internacional Las (127) autoridades tradicionales del Consejo Regional Ind\u00edgena del Cauca CRIC-NACIONAL anunciamos que continuaremos en lucha y resistencia exigiendo la reivindicaci\u00f3n de los derechos del pueblo colombiano y los grupos \u00e9tnicos. Por ello, en respaldo al paro nacional iniciado el pasado de","og_url":"https:\/\/www.cric-colombia.org\/portal\/consejo-regional-indigena-del-cauca-anuncia-continuacion-de-la-protesta\/","og_site_name":"Consejo Regional Ind\u00edgena del Cauca - CRIC","article_publisher":"https:\/\/www.facebook.com\/cric.colombia\/","article_published_time":"2021-05-02T22:37:54+00:00","article_modified_time":"2021-05-02T23:40:11+00:00","og_image":[{"width":5901,"height":4744,"url":"https:\/\/www.cric-colombia.org\/portal\/wp-content\/uploads\/2020\/12\/CRIC-Nacional-Logo.png","type":"image\/png"}],"author":"Comunicaciones CRIC","twitter_card":"summary_large_image","twitter_creator":"@CRIC_Cauca","twitter_site":"@CRIC_Cauca","twitter_misc":{"Escrito por":"Comunicaciones CRIC","Tiempo de lectura":"3 minutos"},"schema":{"@context":"https:\/\/schema.org","@graph":[{"@type":"Article","@id":"https:\/\/www.cric-colombia.org\/portal\/consejo-regional-indigena-del-cauca-anuncia-continuacion-de-la-protesta\/#article","isPartOf":{"@id":"https:\/\/www.cric-colombia.org\/portal\/consejo-regional-indigena-del-cauca-anuncia-continuacion-de-la-protesta\/"},"author":{"name":"Comunicaciones CRIC","@id":"https:\/\/www.cric-colombia.org\/portal\/#\/schema\/person\/ab3a3099267de33d55f74f34ba201931"},"headline":"Consejo Regional Ind\u00edgena del Cauca anuncia continuaci\u00f3n de la protesta","datePublished":"2021-05-02T22:37:54+00:00","dateModified":"2021-05-02T23:40:11+00:00","mainEntityOfPage":{"@id":"https:\/\/www.cric-colombia.org\/portal\/consejo-regional-indigena-del-cauca-anuncia-continuacion-de-la-protesta\/"},"wordCount":547,"commentCount":0,"publisher":{"@id":"https:\/\/www.cric-colombia.org\/portal\/#organization"},"keywords":["#EstamosEnMinga","#MingaContraReforma","cauca","CONSEJO REGIONAL INDIGENA DEL CAUCA CRIC","cric","Resistencia"],"articleSection":["Comunicados de prensa"],"inLanguage":"es","potentialAction":[{"@type":"CommentAction","name":"Comment","target":["https:\/\/www.cric-colombia.org\/portal\/consejo-regional-indigena-del-cauca-anuncia-continuacion-de-la-protesta\/#respond"]}]},{"@type":"WebPage","@id":"https:\/\/www.cric-colombia.org\/portal\/consejo-regional-indigena-del-cauca-anuncia-continuacion-de-la-protesta\/","url":"https:\/\/www.cric-colombia.org\/portal\/consejo-regional-indigena-del-cauca-anuncia-continuacion-de-la-protesta\/","name":"Consejo Regional Ind\u00edgena del Cauca anuncia continuaci\u00f3n de la protesta - Consejo Regional Ind\u00edgena del Cauca - CRIC","isPartOf":{"@id":"https:\/\/www.cric-colombia.org\/portal\/#website"},"datePublished":"2021-05-02T22:37:54+00:00","dateModified":"2021-05-02T23:40:11+00:00","breadcrumb":{"@id":"https:\/\/www.cric-colombia.org\/portal\/consejo-regional-indigena-del-cauca-anuncia-continuacion-de-la-protesta\/#breadcrumb"},"inLanguage":"es","potentialAction":[{"@type":"ReadAction","target":["https:\/\/www.cric-colombia.org\/portal\/consejo-regional-indigena-del-cauca-anuncia-continuacion-de-la-protesta\/"]}]},{"@type":"BreadcrumbList","@id":"https:\/\/www.cric-colombia.org\/portal\/consejo-regional-indigena-del-cauca-anuncia-continuacion-de-la-protesta\/#breadcrumb","itemListElement":[{"@type":"ListItem","position":1,"name":"Portada","item":"https:\/\/www.cric-colombia.org\/portal\/"},{"@type":"ListItem","position":2,"name":"Consejo Regional Ind\u00edgena del Cauca anuncia continuaci\u00f3n de la protesta"}]},{"@type":"WebSite","@id":"https:\/\/www.cric-colombia.org\/portal\/#website","url":"https:\/\/www.cric-colombia.org\/portal\/","name":"Consejo Regional Ind\u00edgena del Cauca - CRIC","description":"P\u00e1gina oficial del Consejo Regional Ind\u00edgena del Cauca, Colombia","publisher":{"@id":"https:\/\/www.cric-colombia.org\/portal\/#organization"},"potentialAction":[{"@type":"SearchAction","target":{"@type":"EntryPoint","urlTemplate":"https:\/\/www.cric-colombia.org\/portal\/?s={search_term_string}"},"query-input":"required name=search_term_string"}],"inLanguage":"es"},{"@type":"Organization","@id":"https:\/\/www.cric-colombia.org\/portal\/#organization","name":"Consejo Regional Ind\u00edgena del Cauca","url":"https:\/\/www.cric-colombia.org\/portal\/","logo":{"@type":"ImageObject","inLanguage":"es","@id":"https:\/\/www.cric-colombia.org\/portal\/#\/schema\/logo\/image\/","url":"https:\/\/www.cric-colombia.org\/portal\/wp-content\/uploads\/2015\/08\/logo_cric.jpg","contentUrl":"https:\/\/www.cric-colombia.org\/portal\/wp-content\/uploads\/2015\/08\/logo_cric.jpg","width":512,"height":512,"caption":"Consejo Regional Ind\u00edgena del Cauca"},"image":{"@id":"https:\/\/www.cric-colombia.org\/portal\/#\/schema\/logo\/image\/"},"sameAs":["https:\/\/www.facebook.com\/cric.colombia\/","https:\/\/twitter.com\/CRIC_Cauca"]},{"@type":"Person","@id":"https:\/\/www.cric-colombia.org\/portal\/#\/schema\/person\/ab3a3099267de33d55f74f34ba201931","name":"Comunicaciones CRIC","image":{"@type":"ImageObject","inLanguage":"es","@id":"https:\/\/www.cric-colombia.org\/portal\/#\/schema\/person\/image\/","url":"https:\/\/secure.gravatar.com\/avatar\/a8d1a6cfcb82a80d09dafefdcc3dcc8a?s=96&d=retro&r=g","contentUrl":"https:\/\/secure.gravatar.com\/avatar\/a8d1a6cfcb82a80d09dafefdcc3dcc8a?s=96&d=retro&r=g","caption":"Comunicaciones CRIC"},"url":"https:\/\/www.cric-colombia.org\/portal\/author\/comunicaciones\/"}]}},"jetpack_featured_media_url":"https:\/\/www.cric-colombia.org\/portal\/wp-content\/uploads\/2020\/12\/CRIC-Nacional-Logo.png","_links":{"self":[{"href":"https:\/\/www.cric-colombia.org\/portal\/wp-json\/wp\/v2\/posts\/30506"}],"collection":[{"href":"https:\/\/www.cric-colombia.org\/portal\/wp-json\/wp\/v2\/posts"}],"about":[{"href":"https:\/\/www.cric-colombia.org\/portal\/wp-json\/wp\/v2\/types\/post"}],"author":[{"embeddable":true,"href":"https:\/\/www.cric-colombia.org\/portal\/wp-json\/wp\/v2\/users\/6"}],"replies":[{"embeddable":true,"href":"https:\/\/www.cric-colombia.org\/portal\/wp-json\/wp\/v2\/comments?post=30506"}],"version-history":[{"count":4,"href":"https:\/\/www.cric-colombia.org\/portal\/wp-json\/wp\/v2\/posts\/30506\/revisions"}],"predecessor-version":[{"id":30510,"href":"https:\/\/www.cric-colombia.org\/portal\/wp-json\/wp\/v2\/posts\/30506\/revisions\/30510"}],"wp:featuredmedia":[{"embeddable":true,"href":"https:\/\/www.cric-colombia.org\/portal\/wp-json\/wp\/v2\/media\/29821"}],"wp:attachment":[{"href":"https:\/\/www.cric-colombia.org\/portal\/wp-json\/wp\/v2\/media?parent=30506"}],"wp:term":[{"taxonomy":"category","embeddable":true,"href":"https:\/\/www.cric-colombia.org\/portal\/wp-json\/wp\/v2\/categories?post=30506"},{"taxonomy":"post_tag","embeddable":true,"href":"https:\/\/www.cric-colombia.org\/portal\/wp-json\/wp\/v2\/tags?post=30506"}],"curies":[{"name":"wp","href":"https:\/\/api.w.org\/{rel}","templated":true}]}}