{"id":30440,"date":"2021-04-28T12:09:14","date_gmt":"2021-04-28T17:09:14","guid":{"rendered":"https:\/\/www.cric-colombia.org\/portal\/?p=30440"},"modified":"2021-04-28T12:26:15","modified_gmt":"2021-04-28T17:26:15","slug":"fuerza-publica-ataca-a-la-minga-en-tunia","status":"publish","type":"post","link":"https:\/\/www.cric-colombia.org\/portal\/fuerza-publica-ataca-a-la-minga-en-tunia\/","title":{"rendered":"Fuerza p\u00fablica ataca a la minga en Tun\u00eda, Cauca"},"content":{"rendered":"<p>El Tejido de Defensa de la Vida y los Derechos Humanos informa a la comunidad y a la opini\u00f3n p\u00fablica del ataque que acaba de recibir la caravana de la zona norte que se dirig\u00eda hacia la ciudad de Popay\u00e1n en el marco de la Minga Hacia Adentro y el Paro Nacional del 28 de abril.<\/p>\n<p>La fuerza p\u00fablica atac\u00f3 con gases y balas a la caravana de 6 chivas y unos 50 veh\u00edculos que se desplazaba por el peaje de Tun\u00eda. Varios mayores fueron afectados, e incluso una mujer perdi\u00f3 la conciencia por la inhalaci\u00f3n de los gases. Hay adem\u00e1s un dinamizador de la ACIN con una herida de consideraci\u00f3n en la cabeza por golpe con arma contundente.<\/p>\n<p><strong>Por: Tejido de Defensa de la Vida y los Derechos Humanos \/ Cxhab Wala Kiwe &#8211; ACIN.\u00a0<\/strong><\/p>\n","protected":false},"excerpt":{"rendered":"<p>El Tejido de Defensa de la Vida y los Derechos Humanos informa a la comunidad y a la opini\u00f3n p\u00fablica del ataque que acaba de recibir la caravana de la zona norte que se dirig\u00eda hacia la ciudad de Popay\u00e1n en el marco de la Minga Hacia Adentro y el Paro Nacional del 28 de <\/p>\n","protected":false},"author":6,"featured_media":23847,"comment_status":"open","ping_status":"open","sticky":false,"template":"","format":"standard","meta":{"footnotes":""},"categories":[3],"tags":[189,88,887,889],"yoast_head":"<!-- This site is optimized with the Yoast SEO plugin v20.12 - https:\/\/yoast.com\/wordpress\/plugins\/seo\/ -->\n<title>Fuerza p\u00fablica ataca a la minga en Tun\u00eda, Cauca - Consejo Regional Ind\u00edgena del Cauca - CRIC<\/title>\n<meta name=\"robots\" content=\"index, follow, max-snippet:-1, max-image-preview:large, max-video-preview:-1\" \/>\n<link rel=\"canonical\" href=\"https:\/\/www.cric-colombia.org\/portal\/fuerza-publica-ataca-a-la-minga-en-tunia\/\" \/>\n<meta property=\"og:locale\" content=\"es_ES\" \/>\n<meta property=\"og:type\" content=\"article\" \/>\n<meta property=\"og:title\" content=\"Fuerza p\u00fablica ataca a la minga en Tun\u00eda, Cauca - Consejo Regional Ind\u00edgena del Cauca - CRIC\" \/>\n<meta property=\"og:description\" content=\"El Tejido de Defensa de la Vida y los Derechos Humanos informa a la comunidad y a la opini\u00f3n p\u00fablica del ataque que acaba de recibir la caravana de la zona norte que se dirig\u00eda hacia la ciudad de Popay\u00e1n en el marco de la Minga Hacia Adentro y el Paro Nacional del 28 de\" \/>\n<meta property=\"og:url\" content=\"https:\/\/www.cric-colombia.org\/portal\/fuerza-publica-ataca-a-la-minga-en-tunia\/\" \/>\n<meta property=\"og:site_name\" content=\"Consejo Regional Ind\u00edgena del Cauca - CRIC\" \/>\n<meta property=\"article:publisher\" content=\"https:\/\/www.facebook.com\/cric.colombia\/\" \/>\n<meta property=\"article:published_time\" content=\"2021-04-28T17:09:14+00:00\" \/>\n<meta property=\"article:modified_time\" content=\"2021-04-28T17:26:15+00:00\" \/>\n<meta property=\"og:image\" content=\"https:\/\/www.cric-colombia.org\/portal\/wp-content\/uploads\/2018\/12\/ACIN-BOLETIN-DE-DERECHOS-HUMANOS-ACIN.jpg\" \/>\n\t<meta property=\"og:image:width\" content=\"1200\" \/>\n\t<meta property=\"og:image:height\" content=\"600\" \/>\n\t<meta property=\"og:image:type\" content=\"image\/jpeg\" \/>\n<meta name=\"author\" content=\"Comunicaciones CRIC\" \/>\n<meta name=\"twitter:card\" content=\"summary_large_image\" \/>\n<meta name=\"twitter:creator\" content=\"@CRIC_Cauca\" \/>\n<meta name=\"twitter:site\" content=\"@CRIC_Cauca\" \/>\n<meta name=\"twitter:label1\" content=\"Escrito por\" \/>\n\t<meta name=\"twitter:data1\" content=\"Comunicaciones CRIC\" \/>\n\t<meta name=\"twitter:label2\" content=\"Tiempo de lectura\" \/>\n\t<meta name=\"twitter:data2\" content=\"1 minuto\" \/>\n<script type=\"application\/ld+json\" class=\"yoast-schema-graph\">{\"@context\":\"https:\/\/schema.org\",\"@graph\":[{\"@type\":\"Article\",\"@id\":\"https:\/\/www.cric-colombia.org\/portal\/fuerza-publica-ataca-a-la-minga-en-tunia\/#article\",\"isPartOf\":{\"@id\":\"https:\/\/www.cric-colombia.org\/portal\/fuerza-publica-ataca-a-la-minga-en-tunia\/\"},\"author\":{\"name\":\"Comunicaciones CRIC\",\"@id\":\"https:\/\/www.cric-colombia.org\/portal\/#\/schema\/person\/ab3a3099267de33d55f74f34ba201931\"},\"headline\":\"Fuerza p\u00fablica ataca a la minga en Tun\u00eda, Cauca\",\"datePublished\":\"2021-04-28T17:09:14+00:00\",\"dateModified\":\"2021-04-28T17:26:15+00:00\",\"mainEntityOfPage\":{\"@id\":\"https:\/\/www.cric-colombia.org\/portal\/fuerza-publica-ataca-a-la-minga-en-tunia\/\"},\"wordCount\":153,\"commentCount\":0,\"publisher\":{\"@id\":\"https:\/\/www.cric-colombia.org\/portal\/#organization\"},\"keywords\":[\"CONSEJO REGIONAL INDIGENA DEL CAUCA CRIC\",\"cric\",\"Minga hacia adentro\",\"Paro 28 abril\"],\"articleSection\":[\"Actualidad Ind\u00edgena del Cauca\"],\"inLanguage\":\"es\",\"potentialAction\":[{\"@type\":\"CommentAction\",\"name\":\"Comment\",\"target\":[\"https:\/\/www.cric-colombia.org\/portal\/fuerza-publica-ataca-a-la-minga-en-tunia\/#respond\"]}]},{\"@type\":\"WebPage\",\"@id\":\"https:\/\/www.cric-colombia.org\/portal\/fuerza-publica-ataca-a-la-minga-en-tunia\/\",\"url\":\"https:\/\/www.cric-colombia.org\/portal\/fuerza-publica-ataca-a-la-minga-en-tunia\/\",\"name\":\"Fuerza p\u00fablica ataca a la minga en Tun\u00eda, Cauca - Consejo Regional Ind\u00edgena del Cauca - CRIC\",\"isPartOf\":{\"@id\":\"https:\/\/www.cric-colombia.org\/portal\/#website\"},\"datePublished\":\"2021-04-28T17:09:14+00:00\",\"dateModified\":\"2021-04-28T17:26:15+00:00\",\"breadcrumb\":{\"@id\":\"https:\/\/www.cric-colombia.org\/portal\/fuerza-publica-ataca-a-la-minga-en-tunia\/#breadcrumb\"},\"inLanguage\":\"es\",\"potentialAction\":[{\"@type\":\"ReadAction\",\"target\":[\"https:\/\/www.cric-colombia.org\/portal\/fuerza-publica-ataca-a-la-minga-en-tunia\/\"]}]},{\"@type\":\"BreadcrumbList\",\"@id\":\"https:\/\/www.cric-colombia.org\/portal\/fuerza-publica-ataca-a-la-minga-en-tunia\/#breadcrumb\",\"itemListElement\":[{\"@type\":\"ListItem\",\"position\":1,\"name\":\"Portada\",\"item\":\"https:\/\/www.cric-colombia.org\/portal\/\"},{\"@type\":\"ListItem\",\"position\":2,\"name\":\"Fuerza p\u00fablica ataca a la minga en Tun\u00eda, Cauca\"}]},{\"@type\":\"WebSite\",\"@id\":\"https:\/\/www.cric-colombia.org\/portal\/#website\",\"url\":\"https:\/\/www.cric-colombia.org\/portal\/\",\"name\":\"Consejo Regional Ind\u00edgena del Cauca - CRIC\",\"description\":\"P\u00e1gina oficial del Consejo Regional Ind\u00edgena del Cauca, Colombia\",\"publisher\":{\"@id\":\"https:\/\/www.cric-colombia.org\/portal\/#organization\"},\"potentialAction\":[{\"@type\":\"SearchAction\",\"target\":{\"@type\":\"EntryPoint\",\"urlTemplate\":\"https:\/\/www.cric-colombia.org\/portal\/?s={search_term_string}\"},\"query-input\":\"required name=search_term_string\"}],\"inLanguage\":\"es\"},{\"@type\":\"Organization\",\"@id\":\"https:\/\/www.cric-colombia.org\/portal\/#organization\",\"name\":\"Consejo Regional Ind\u00edgena del Cauca\",\"url\":\"https:\/\/www.cric-colombia.org\/portal\/\",\"logo\":{\"@type\":\"ImageObject\",\"inLanguage\":\"es\",\"@id\":\"https:\/\/www.cric-colombia.org\/portal\/#\/schema\/logo\/image\/\",\"url\":\"https:\/\/www.cric-colombia.org\/portal\/wp-content\/uploads\/2015\/08\/logo_cric.jpg\",\"contentUrl\":\"https:\/\/www.cric-colombia.org\/portal\/wp-content\/uploads\/2015\/08\/logo_cric.jpg\",\"width\":512,\"height\":512,\"caption\":\"Consejo Regional Ind\u00edgena del Cauca\"},\"image\":{\"@id\":\"https:\/\/www.cric-colombia.org\/portal\/#\/schema\/logo\/image\/\"},\"sameAs\":[\"https:\/\/www.facebook.com\/cric.colombia\/\",\"https:\/\/twitter.com\/CRIC_Cauca\"]},{\"@type\":\"Person\",\"@id\":\"https:\/\/www.cric-colombia.org\/portal\/#\/schema\/person\/ab3a3099267de33d55f74f34ba201931\",\"name\":\"Comunicaciones CRIC\",\"image\":{\"@type\":\"ImageObject\",\"inLanguage\":\"es\",\"@id\":\"https:\/\/www.cric-colombia.org\/portal\/#\/schema\/person\/image\/\",\"url\":\"https:\/\/secure.gravatar.com\/avatar\/a8d1a6cfcb82a80d09dafefdcc3dcc8a?s=96&d=retro&r=g\",\"contentUrl\":\"https:\/\/secure.gravatar.com\/avatar\/a8d1a6cfcb82a80d09dafefdcc3dcc8a?s=96&d=retro&r=g\",\"caption\":\"Comunicaciones CRIC\"},\"url\":\"https:\/\/www.cric-colombia.org\/portal\/author\/comunicaciones\/\"}]}<\/script>\n<!-- \/ Yoast SEO plugin. -->","yoast_head_json":{"title":"Fuerza p\u00fablica ataca a la minga en Tun\u00eda, Cauca - Consejo Regional Ind\u00edgena del Cauca - CRIC","robots":{"index":"index","follow":"follow","max-snippet":"max-snippet:-1","max-image-preview":"max-image-preview:large","max-video-preview":"max-video-preview:-1"},"canonical":"https:\/\/www.cric-colombia.org\/portal\/fuerza-publica-ataca-a-la-minga-en-tunia\/","og_locale":"es_ES","og_type":"article","og_title":"Fuerza p\u00fablica ataca a la minga en Tun\u00eda, Cauca - Consejo Regional Ind\u00edgena del Cauca - CRIC","og_description":"El Tejido de Defensa de la Vida y los Derechos Humanos informa a la comunidad y a la opini\u00f3n p\u00fablica del ataque que acaba de recibir la caravana de la zona norte que se dirig\u00eda hacia la ciudad de Popay\u00e1n en el marco de la Minga Hacia Adentro y el Paro Nacional del 28 de","og_url":"https:\/\/www.cric-colombia.org\/portal\/fuerza-publica-ataca-a-la-minga-en-tunia\/","og_site_name":"Consejo Regional Ind\u00edgena del Cauca - CRIC","article_publisher":"https:\/\/www.facebook.com\/cric.colombia\/","article_published_time":"2021-04-28T17:09:14+00:00","article_modified_time":"2021-04-28T17:26:15+00:00","og_image":[{"width":1200,"height":600,"url":"https:\/\/www.cric-colombia.org\/portal\/wp-content\/uploads\/2018\/12\/ACIN-BOLETIN-DE-DERECHOS-HUMANOS-ACIN.jpg","type":"image\/jpeg"}],"author":"Comunicaciones CRIC","twitter_card":"summary_large_image","twitter_creator":"@CRIC_Cauca","twitter_site":"@CRIC_Cauca","twitter_misc":{"Escrito por":"Comunicaciones CRIC","Tiempo de lectura":"1 minuto"},"schema":{"@context":"https:\/\/schema.org","@graph":[{"@type":"Article","@id":"https:\/\/www.cric-colombia.org\/portal\/fuerza-publica-ataca-a-la-minga-en-tunia\/#article","isPartOf":{"@id":"https:\/\/www.cric-colombia.org\/portal\/fuerza-publica-ataca-a-la-minga-en-tunia\/"},"author":{"name":"Comunicaciones CRIC","@id":"https:\/\/www.cric-colombia.org\/portal\/#\/schema\/person\/ab3a3099267de33d55f74f34ba201931"},"headline":"Fuerza p\u00fablica ataca a la minga en Tun\u00eda, Cauca","datePublished":"2021-04-28T17:09:14+00:00","dateModified":"2021-04-28T17:26:15+00:00","mainEntityOfPage":{"@id":"https:\/\/www.cric-colombia.org\/portal\/fuerza-publica-ataca-a-la-minga-en-tunia\/"},"wordCount":153,"commentCount":0,"publisher":{"@id":"https:\/\/www.cric-colombia.org\/portal\/#organization"},"keywords":["CONSEJO REGIONAL INDIGENA DEL CAUCA CRIC","cric","Minga hacia adentro","Paro 28 abril"],"articleSection":["Actualidad Ind\u00edgena del Cauca"],"inLanguage":"es","potentialAction":[{"@type":"CommentAction","name":"Comment","target":["https:\/\/www.cric-colombia.org\/portal\/fuerza-publica-ataca-a-la-minga-en-tunia\/#respond"]}]},{"@type":"WebPage","@id":"https:\/\/www.cric-colombia.org\/portal\/fuerza-publica-ataca-a-la-minga-en-tunia\/","url":"https:\/\/www.cric-colombia.org\/portal\/fuerza-publica-ataca-a-la-minga-en-tunia\/","name":"Fuerza p\u00fablica ataca a la minga en Tun\u00eda, Cauca - Consejo Regional Ind\u00edgena del Cauca - CRIC","isPartOf":{"@id":"https:\/\/www.cric-colombia.org\/portal\/#website"},"datePublished":"2021-04-28T17:09:14+00:00","dateModified":"2021-04-28T17:26:15+00:00","breadcrumb":{"@id":"https:\/\/www.cric-colombia.org\/portal\/fuerza-publica-ataca-a-la-minga-en-tunia\/#breadcrumb"},"inLanguage":"es","potentialAction":[{"@type":"ReadAction","target":["https:\/\/www.cric-colombia.org\/portal\/fuerza-publica-ataca-a-la-minga-en-tunia\/"]}]},{"@type":"BreadcrumbList","@id":"https:\/\/www.cric-colombia.org\/portal\/fuerza-publica-ataca-a-la-minga-en-tunia\/#breadcrumb","itemListElement":[{"@type":"ListItem","position":1,"name":"Portada","item":"https:\/\/www.cric-colombia.org\/portal\/"},{"@type":"ListItem","position":2,"name":"Fuerza p\u00fablica ataca a la minga en Tun\u00eda, Cauca"}]},{"@type":"WebSite","@id":"https:\/\/www.cric-colombia.org\/portal\/#website","url":"https:\/\/www.cric-colombia.org\/portal\/","name":"Consejo Regional Ind\u00edgena del Cauca - CRIC","description":"P\u00e1gina oficial del Consejo Regional Ind\u00edgena del Cauca, Colombia","publisher":{"@id":"https:\/\/www.cric-colombia.org\/portal\/#organization"},"potentialAction":[{"@type":"SearchAction","target":{"@type":"EntryPoint","urlTemplate":"https:\/\/www.cric-colombia.org\/portal\/?s={search_term_string}"},"query-input":"required name=search_term_string"}],"inLanguage":"es"},{"@type":"Organization","@id":"https:\/\/www.cric-colombia.org\/portal\/#organization","name":"Consejo Regional Ind\u00edgena del Cauca","url":"https:\/\/www.cric-colombia.org\/portal\/","logo":{"@type":"ImageObject","inLanguage":"es","@id":"https:\/\/www.cric-colombia.org\/portal\/#\/schema\/logo\/image\/","url":"https:\/\/www.cric-colombia.org\/portal\/wp-content\/uploads\/2015\/08\/logo_cric.jpg","contentUrl":"https:\/\/www.cric-colombia.org\/portal\/wp-content\/uploads\/2015\/08\/logo_cric.jpg","width":512,"height":512,"caption":"Consejo Regional Ind\u00edgena del Cauca"},"image":{"@id":"https:\/\/www.cric-colombia.org\/portal\/#\/schema\/logo\/image\/"},"sameAs":["https:\/\/www.facebook.com\/cric.colombia\/","https:\/\/twitter.com\/CRIC_Cauca"]},{"@type":"Person","@id":"https:\/\/www.cric-colombia.org\/portal\/#\/schema\/person\/ab3a3099267de33d55f74f34ba201931","name":"Comunicaciones CRIC","image":{"@type":"ImageObject","inLanguage":"es","@id":"https:\/\/www.cric-colombia.org\/portal\/#\/schema\/person\/image\/","url":"https:\/\/secure.gravatar.com\/avatar\/a8d1a6cfcb82a80d09dafefdcc3dcc8a?s=96&d=retro&r=g","contentUrl":"https:\/\/secure.gravatar.com\/avatar\/a8d1a6cfcb82a80d09dafefdcc3dcc8a?s=96&d=retro&r=g","caption":"Comunicaciones CRIC"},"url":"https:\/\/www.cric-colombia.org\/portal\/author\/comunicaciones\/"}]}},"jetpack_featured_media_url":"https:\/\/www.cric-colombia.org\/portal\/wp-content\/uploads\/2018\/12\/ACIN-BOLETIN-DE-DERECHOS-HUMANOS-ACIN.jpg","_links":{"self":[{"href":"https:\/\/www.cric-colombia.org\/portal\/wp-json\/wp\/v2\/posts\/30440"}],"collection":[{"href":"https:\/\/www.cric-colombia.org\/portal\/wp-json\/wp\/v2\/posts"}],"about":[{"href":"https:\/\/www.cric-colombia.org\/portal\/wp-json\/wp\/v2\/types\/post"}],"author":[{"embeddable":true,"href":"https:\/\/www.cric-colombia.org\/portal\/wp-json\/wp\/v2\/users\/6"}],"replies":[{"embeddable":true,"href":"https:\/\/www.cric-colombia.org\/portal\/wp-json\/wp\/v2\/comments?post=30440"}],"version-history":[{"count":4,"href":"https:\/\/www.cric-colombia.org\/portal\/wp-json\/wp\/v2\/posts\/30440\/revisions"}],"predecessor-version":[{"id":30449,"href":"https:\/\/www.cric-colombia.org\/portal\/wp-json\/wp\/v2\/posts\/30440\/revisions\/30449"}],"wp:featuredmedia":[{"embeddable":true,"href":"https:\/\/www.cric-colombia.org\/portal\/wp-json\/wp\/v2\/media\/23847"}],"wp:attachment":[{"href":"https:\/\/www.cric-colombia.org\/portal\/wp-json\/wp\/v2\/media?parent=30440"}],"wp:term":[{"taxonomy":"category","embeddable":true,"href":"https:\/\/www.cric-colombia.org\/portal\/wp-json\/wp\/v2\/categories?post=30440"},{"taxonomy":"post_tag","embeddable":true,"href":"https:\/\/www.cric-colombia.org\/portal\/wp-json\/wp\/v2\/tags?post=30440"}],"curies":[{"name":"wp","href":"https:\/\/api.w.org\/{rel}","templated":true}]}}