{"id":30104,"date":"2021-02-17T12:33:39","date_gmt":"2021-02-17T17:33:39","guid":{"rendered":"https:\/\/www.cric-colombia.org\/portal\/?p=30104"},"modified":"2021-03-18T12:00:09","modified_gmt":"2021-03-18T17:00:09","slug":"comunidades-indigenas-recorren-popayan-para-conmemorar-50-anos-del-cric","status":"publish","type":"post","link":"https:\/\/www.cric-colombia.org\/portal\/comunidades-indigenas-recorren-popayan-para-conmemorar-50-anos-del-cric\/","title":{"rendered":"Comunidades ind\u00edgenas recorren Popay\u00e1n para conmemorar 50 a\u00f1os del CRIC"},"content":{"rendered":"<h3><b>\u201cDel silencio a la palabra y de la palabra a la esperanza para la vida\u201d: Comunidades ind\u00edgenas recorren las calles de Popay\u00e1n para conmemorar los 50 a\u00f1os del Consejo Regional Ind\u00edgena del Cauca\u00a0<\/b><\/h3>\n<p>Las comunidades ind\u00edgenas del Cauca se han dado cita hoy en Popay\u00e1n para recorrer las calles de la ciudad de forma pac\u00edfica y anunciarle a la poblaci\u00f3n el comienzo de los actos conmemorativos por los 50 a\u00f1os de creaci\u00f3n del Consejo Regional Ind\u00edgena del Cauca (CRIC). Fundado en 1971, el CRIC posee ya un largo historial en la defensa y promoci\u00f3n de los derechos, territorios y culturas de las comunidades ind\u00edgenas de la regi\u00f3n, que ha sido reconocido por organizaciones nacionales e internacionales.<\/p>\n<p>Giovanny Yule, dinamizador pol\u00edtico del CRIC, resalt\u00f3 la importancia de este recorrido que se realiza en la ciudad en v\u00edsperas de la conmemoraci\u00f3n de los 50 a\u00f1os: \u201cLo que queremos es avisarle a la poblaci\u00f3n de esta bella ciudad, capital del Departamento del Cauca, donde hemos vivido y convivido todos estos a\u00f1os, todos estos siglos, que vamos a celebrar estos 50 a\u00f1os que significan para nosotros un ejercicio de decir, de plantear de d\u00f3nde venimos, d\u00f3nde estamos y para d\u00f3nde vamos: del silencio a la palabra, de la palabra a la esperanza para la vida.\u201d<\/p>\n<p>Yule no dud\u00f3 en reconocer el papel de los sectores de la capital del departamento que se han identificado y han apoyado las luchas del CRIC a lo largo de cinco d\u00e9cadas de existencia: \u201cPensamos que la ciudad de Popay\u00e1n ha sido una ciudad que de alguna manera nos ha recogido, y donde sectores muy importantes de esta ciudad y de este departamento han compartido la orientaci\u00f3n pol\u00edtica que ha venido haciendo el Consejo Regional Ind\u00edgena del Cauca.\u201d<\/p>\n<p>El dinamizador pol\u00edtico del CRIC invit\u00f3 a todos los miembros de la poblaci\u00f3n payanesa que quieran acompa\u00f1ar estos eventos a asistir a El Pital, en el\u00a0\u00a0Municipio Caldono, donde desde el d\u00eda 19 y hasta el 24 de febrero se estar\u00e1 llevando a cabo una apretada agenda de actividades que incluyen conversatorios, muestras y presentaci\u00f3n de grupos art\u00edsticos para conmemorar estos 50 a\u00f1os de historia de los pueblos ind\u00edgenas del Consejo Regional Ind\u00edgena del Cauca. \u201cUna memoria hist\u00f3rica que nos va a permitir a nosotros recoger lo que hasta ahora se ha caminado y se ha venido proyectando siguiendo la orientaci\u00f3n de nuestros ancestros, nuestros caciques, nuestros mayores.\u201d (\u2026) \u201cHoy pues estamos caminando esa orientaci\u00f3n para dejarle un camino y un sendero a nuestras pr\u00f3ximas generaciones, para que puedan seguir viviendo con dignidad en los territorios ind\u00edgenas no solamente del Cauca, sino del resto del pa\u00eds\u201d.<\/p>\n<h6><strong>Redacci\u00f3n: Programa de Comunicaciones. Consejo Regional Ind\u00edgena del Cauca (17.2.2021)<\/strong><\/h6>\n","protected":false},"excerpt":{"rendered":"<p>\u201cDel silencio a la palabra y de la palabra a la esperanza para la vida\u201d: Comunidades ind\u00edgenas recorren las calles de Popay\u00e1n para conmemorar los 50 a\u00f1os del Consejo Regional Ind\u00edgena del Cauca\u00a0 Las comunidades ind\u00edgenas del Cauca se han dado cita hoy en Popay\u00e1n para recorrer las calles de la ciudad de forma pac\u00edfica <\/p>\n","protected":false},"author":6,"featured_media":30105,"comment_status":"open","ping_status":"open","sticky":false,"template":"","format":"standard","meta":{"footnotes":""},"categories":[873,3,109,19,132],"tags":[862,189,782],"yoast_head":"<!-- This site is optimized with the Yoast SEO plugin v20.12 - https:\/\/yoast.com\/wordpress\/plugins\/seo\/ -->\n<title>Comunidades ind\u00edgenas recorren Popay\u00e1n para conmemorar 50 a\u00f1os del CRIC - Consejo Regional Ind\u00edgena del Cauca - CRIC<\/title>\n<meta name=\"description\" content=\"Las comunidades ind\u00edgenas del Cauca se han dado cita hoy en Popay\u00e1n para recorrer las calles de la ciudad de forma pac\u00edfica, y anunciarle a la poblaci\u00f3n el comienzo de los actos conmemorativos por los 50 a\u00f1os de creaci\u00f3n del Consejo Regional Ind\u00edgena del Cauca (CRIC).\" \/>\n<meta name=\"robots\" content=\"index, follow, max-snippet:-1, max-image-preview:large, max-video-preview:-1\" \/>\n<link rel=\"canonical\" href=\"https:\/\/www.cric-colombia.org\/portal\/comunidades-indigenas-recorren-popayan-para-conmemorar-50-anos-del-cric\/\" \/>\n<meta property=\"og:locale\" content=\"es_ES\" \/>\n<meta property=\"og:type\" content=\"article\" \/>\n<meta property=\"og:title\" content=\"Comunidades ind\u00edgenas recorren Popay\u00e1n para conmemorar 50 a\u00f1os del CRIC - Consejo Regional Ind\u00edgena del Cauca - CRIC\" \/>\n<meta property=\"og:description\" content=\"Las comunidades ind\u00edgenas del Cauca se han dado cita hoy en Popay\u00e1n para recorrer las calles de la ciudad de forma pac\u00edfica, y anunciarle a la poblaci\u00f3n el comienzo de los actos conmemorativos por los 50 a\u00f1os de creaci\u00f3n del Consejo Regional Ind\u00edgena del Cauca (CRIC).\" \/>\n<meta property=\"og:url\" content=\"https:\/\/www.cric-colombia.org\/portal\/comunidades-indigenas-recorren-popayan-para-conmemorar-50-anos-del-cric\/\" \/>\n<meta property=\"og:site_name\" content=\"Consejo Regional Ind\u00edgena del Cauca - CRIC\" \/>\n<meta property=\"article:publisher\" content=\"https:\/\/www.facebook.com\/cric.colombia\/\" \/>\n<meta property=\"article:published_time\" content=\"2021-02-17T17:33:39+00:00\" \/>\n<meta property=\"article:modified_time\" content=\"2021-03-18T17:00:09+00:00\" \/>\n<meta property=\"og:image\" content=\"https:\/\/www.cric-colombia.org\/portal\/wp-content\/uploads\/2021\/02\/WhatsApp-Image-2021-02-17-at-10.45.02.jpeg\" \/>\n\t<meta property=\"og:image:width\" content=\"1280\" \/>\n\t<meta property=\"og:image:height\" content=\"576\" \/>\n\t<meta property=\"og:image:type\" content=\"image\/jpeg\" \/>\n<meta name=\"author\" content=\"Comunicaciones CRIC\" \/>\n<meta name=\"twitter:card\" content=\"summary_large_image\" \/>\n<meta name=\"twitter:creator\" content=\"@CRIC_Cauca\" \/>\n<meta name=\"twitter:site\" content=\"@CRIC_Cauca\" \/>\n<meta name=\"twitter:label1\" content=\"Escrito por\" \/>\n\t<meta name=\"twitter:data1\" content=\"Comunicaciones CRIC\" \/>\n\t<meta name=\"twitter:label2\" content=\"Tiempo de lectura\" \/>\n\t<meta name=\"twitter:data2\" content=\"2 minutos\" \/>\n<script type=\"application\/ld+json\" class=\"yoast-schema-graph\">{\"@context\":\"https:\/\/schema.org\",\"@graph\":[{\"@type\":\"Article\",\"@id\":\"https:\/\/www.cric-colombia.org\/portal\/comunidades-indigenas-recorren-popayan-para-conmemorar-50-anos-del-cric\/#article\",\"isPartOf\":{\"@id\":\"https:\/\/www.cric-colombia.org\/portal\/comunidades-indigenas-recorren-popayan-para-conmemorar-50-anos-del-cric\/\"},\"author\":{\"name\":\"Comunicaciones CRIC\",\"@id\":\"https:\/\/www.cric-colombia.org\/portal\/#\/schema\/person\/ab3a3099267de33d55f74f34ba201931\"},\"headline\":\"Comunidades ind\u00edgenas recorren Popay\u00e1n para conmemorar 50 a\u00f1os del CRIC\",\"datePublished\":\"2021-02-17T17:33:39+00:00\",\"dateModified\":\"2021-03-18T17:00:09+00:00\",\"mainEntityOfPage\":{\"@id\":\"https:\/\/www.cric-colombia.org\/portal\/comunidades-indigenas-recorren-popayan-para-conmemorar-50-anos-del-cric\/\"},\"wordCount\":493,\"commentCount\":0,\"publisher\":{\"@id\":\"https:\/\/www.cric-colombia.org\/portal\/#organization\"},\"keywords\":[\"50a\u00f1osCRIC\",\"CONSEJO REGIONAL INDIGENA DEL CAUCA CRIC\",\"Popayan\"],\"articleSection\":[\"50 A\u00f1os\",\"Actualidad Ind\u00edgena del Cauca\",\"Boletines de prensa Consejo Regional Ind\u00edgena del Cauca\",\"Comunicados de prensa\",\"Nota minga hacia dentro\"],\"inLanguage\":\"es\",\"potentialAction\":[{\"@type\":\"CommentAction\",\"name\":\"Comment\",\"target\":[\"https:\/\/www.cric-colombia.org\/portal\/comunidades-indigenas-recorren-popayan-para-conmemorar-50-anos-del-cric\/#respond\"]}]},{\"@type\":\"WebPage\",\"@id\":\"https:\/\/www.cric-colombia.org\/portal\/comunidades-indigenas-recorren-popayan-para-conmemorar-50-anos-del-cric\/\",\"url\":\"https:\/\/www.cric-colombia.org\/portal\/comunidades-indigenas-recorren-popayan-para-conmemorar-50-anos-del-cric\/\",\"name\":\"Comunidades ind\u00edgenas recorren Popay\u00e1n para conmemorar 50 a\u00f1os del CRIC - Consejo Regional Ind\u00edgena del Cauca - CRIC\",\"isPartOf\":{\"@id\":\"https:\/\/www.cric-colombia.org\/portal\/#website\"},\"datePublished\":\"2021-02-17T17:33:39+00:00\",\"dateModified\":\"2021-03-18T17:00:09+00:00\",\"description\":\"Las comunidades ind\u00edgenas del Cauca se han dado cita hoy en Popay\u00e1n para recorrer las calles de la ciudad de forma pac\u00edfica, y anunciarle a la poblaci\u00f3n el comienzo de los actos conmemorativos por los 50 a\u00f1os de creaci\u00f3n del Consejo Regional Ind\u00edgena del Cauca (CRIC).\",\"breadcrumb\":{\"@id\":\"https:\/\/www.cric-colombia.org\/portal\/comunidades-indigenas-recorren-popayan-para-conmemorar-50-anos-del-cric\/#breadcrumb\"},\"inLanguage\":\"es\",\"potentialAction\":[{\"@type\":\"ReadAction\",\"target\":[\"https:\/\/www.cric-colombia.org\/portal\/comunidades-indigenas-recorren-popayan-para-conmemorar-50-anos-del-cric\/\"]}]},{\"@type\":\"BreadcrumbList\",\"@id\":\"https:\/\/www.cric-colombia.org\/portal\/comunidades-indigenas-recorren-popayan-para-conmemorar-50-anos-del-cric\/#breadcrumb\",\"itemListElement\":[{\"@type\":\"ListItem\",\"position\":1,\"name\":\"Portada\",\"item\":\"https:\/\/www.cric-colombia.org\/portal\/\"},{\"@type\":\"ListItem\",\"position\":2,\"name\":\"Comunidades ind\u00edgenas recorren Popay\u00e1n para conmemorar 50 a\u00f1os del CRIC\"}]},{\"@type\":\"WebSite\",\"@id\":\"https:\/\/www.cric-colombia.org\/portal\/#website\",\"url\":\"https:\/\/www.cric-colombia.org\/portal\/\",\"name\":\"Consejo Regional Ind\u00edgena del Cauca - CRIC\",\"description\":\"P\u00e1gina oficial del Consejo Regional Ind\u00edgena del Cauca, Colombia\",\"publisher\":{\"@id\":\"https:\/\/www.cric-colombia.org\/portal\/#organization\"},\"potentialAction\":[{\"@type\":\"SearchAction\",\"target\":{\"@type\":\"EntryPoint\",\"urlTemplate\":\"https:\/\/www.cric-colombia.org\/portal\/?s={search_term_string}\"},\"query-input\":\"required name=search_term_string\"}],\"inLanguage\":\"es\"},{\"@type\":\"Organization\",\"@id\":\"https:\/\/www.cric-colombia.org\/portal\/#organization\",\"name\":\"Consejo Regional Ind\u00edgena del Cauca\",\"url\":\"https:\/\/www.cric-colombia.org\/portal\/\",\"logo\":{\"@type\":\"ImageObject\",\"inLanguage\":\"es\",\"@id\":\"https:\/\/www.cric-colombia.org\/portal\/#\/schema\/logo\/image\/\",\"url\":\"https:\/\/www.cric-colombia.org\/portal\/wp-content\/uploads\/2015\/08\/logo_cric.jpg\",\"contentUrl\":\"https:\/\/www.cric-colombia.org\/portal\/wp-content\/uploads\/2015\/08\/logo_cric.jpg\",\"width\":512,\"height\":512,\"caption\":\"Consejo Regional Ind\u00edgena del Cauca\"},\"image\":{\"@id\":\"https:\/\/www.cric-colombia.org\/portal\/#\/schema\/logo\/image\/\"},\"sameAs\":[\"https:\/\/www.facebook.com\/cric.colombia\/\",\"https:\/\/twitter.com\/CRIC_Cauca\"]},{\"@type\":\"Person\",\"@id\":\"https:\/\/www.cric-colombia.org\/portal\/#\/schema\/person\/ab3a3099267de33d55f74f34ba201931\",\"name\":\"Comunicaciones CRIC\",\"image\":{\"@type\":\"ImageObject\",\"inLanguage\":\"es\",\"@id\":\"https:\/\/www.cric-colombia.org\/portal\/#\/schema\/person\/image\/\",\"url\":\"https:\/\/secure.gravatar.com\/avatar\/a8d1a6cfcb82a80d09dafefdcc3dcc8a?s=96&d=retro&r=g\",\"contentUrl\":\"https:\/\/secure.gravatar.com\/avatar\/a8d1a6cfcb82a80d09dafefdcc3dcc8a?s=96&d=retro&r=g\",\"caption\":\"Comunicaciones CRIC\"},\"url\":\"https:\/\/www.cric-colombia.org\/portal\/author\/comunicaciones\/\"}]}<\/script>\n<!-- \/ Yoast SEO plugin. -->","yoast_head_json":{"title":"Comunidades ind\u00edgenas recorren Popay\u00e1n para conmemorar 50 a\u00f1os del CRIC - Consejo Regional Ind\u00edgena del Cauca - CRIC","description":"Las comunidades ind\u00edgenas del Cauca se han dado cita hoy en Popay\u00e1n para recorrer las calles de la ciudad de forma pac\u00edfica, y anunciarle a la poblaci\u00f3n el comienzo de los actos conmemorativos por los 50 a\u00f1os de creaci\u00f3n del Consejo Regional Ind\u00edgena del Cauca (CRIC).","robots":{"index":"index","follow":"follow","max-snippet":"max-snippet:-1","max-image-preview":"max-image-preview:large","max-video-preview":"max-video-preview:-1"},"canonical":"https:\/\/www.cric-colombia.org\/portal\/comunidades-indigenas-recorren-popayan-para-conmemorar-50-anos-del-cric\/","og_locale":"es_ES","og_type":"article","og_title":"Comunidades ind\u00edgenas recorren Popay\u00e1n para conmemorar 50 a\u00f1os del CRIC - Consejo Regional Ind\u00edgena del Cauca - CRIC","og_description":"Las comunidades ind\u00edgenas del Cauca se han dado cita hoy en Popay\u00e1n para recorrer las calles de la ciudad de forma pac\u00edfica, y anunciarle a la poblaci\u00f3n el comienzo de los actos conmemorativos por los 50 a\u00f1os de creaci\u00f3n del Consejo Regional Ind\u00edgena del Cauca (CRIC).","og_url":"https:\/\/www.cric-colombia.org\/portal\/comunidades-indigenas-recorren-popayan-para-conmemorar-50-anos-del-cric\/","og_site_name":"Consejo Regional Ind\u00edgena del Cauca - CRIC","article_publisher":"https:\/\/www.facebook.com\/cric.colombia\/","article_published_time":"2021-02-17T17:33:39+00:00","article_modified_time":"2021-03-18T17:00:09+00:00","og_image":[{"width":1280,"height":576,"url":"https:\/\/www.cric-colombia.org\/portal\/wp-content\/uploads\/2021\/02\/WhatsApp-Image-2021-02-17-at-10.45.02.jpeg","type":"image\/jpeg"}],"author":"Comunicaciones CRIC","twitter_card":"summary_large_image","twitter_creator":"@CRIC_Cauca","twitter_site":"@CRIC_Cauca","twitter_misc":{"Escrito por":"Comunicaciones CRIC","Tiempo de lectura":"2 minutos"},"schema":{"@context":"https:\/\/schema.org","@graph":[{"@type":"Article","@id":"https:\/\/www.cric-colombia.org\/portal\/comunidades-indigenas-recorren-popayan-para-conmemorar-50-anos-del-cric\/#article","isPartOf":{"@id":"https:\/\/www.cric-colombia.org\/portal\/comunidades-indigenas-recorren-popayan-para-conmemorar-50-anos-del-cric\/"},"author":{"name":"Comunicaciones CRIC","@id":"https:\/\/www.cric-colombia.org\/portal\/#\/schema\/person\/ab3a3099267de33d55f74f34ba201931"},"headline":"Comunidades ind\u00edgenas recorren Popay\u00e1n para conmemorar 50 a\u00f1os del CRIC","datePublished":"2021-02-17T17:33:39+00:00","dateModified":"2021-03-18T17:00:09+00:00","mainEntityOfPage":{"@id":"https:\/\/www.cric-colombia.org\/portal\/comunidades-indigenas-recorren-popayan-para-conmemorar-50-anos-del-cric\/"},"wordCount":493,"commentCount":0,"publisher":{"@id":"https:\/\/www.cric-colombia.org\/portal\/#organization"},"keywords":["50a\u00f1osCRIC","CONSEJO REGIONAL INDIGENA DEL CAUCA CRIC","Popayan"],"articleSection":["50 A\u00f1os","Actualidad Ind\u00edgena del Cauca","Boletines de prensa Consejo Regional Ind\u00edgena del Cauca","Comunicados de prensa","Nota minga hacia dentro"],"inLanguage":"es","potentialAction":[{"@type":"CommentAction","name":"Comment","target":["https:\/\/www.cric-colombia.org\/portal\/comunidades-indigenas-recorren-popayan-para-conmemorar-50-anos-del-cric\/#respond"]}]},{"@type":"WebPage","@id":"https:\/\/www.cric-colombia.org\/portal\/comunidades-indigenas-recorren-popayan-para-conmemorar-50-anos-del-cric\/","url":"https:\/\/www.cric-colombia.org\/portal\/comunidades-indigenas-recorren-popayan-para-conmemorar-50-anos-del-cric\/","name":"Comunidades ind\u00edgenas recorren Popay\u00e1n para conmemorar 50 a\u00f1os del CRIC - Consejo Regional Ind\u00edgena del Cauca - CRIC","isPartOf":{"@id":"https:\/\/www.cric-colombia.org\/portal\/#website"},"datePublished":"2021-02-17T17:33:39+00:00","dateModified":"2021-03-18T17:00:09+00:00","description":"Las comunidades ind\u00edgenas del Cauca se han dado cita hoy en Popay\u00e1n para recorrer las calles de la ciudad de forma pac\u00edfica, y anunciarle a la poblaci\u00f3n el comienzo de los actos conmemorativos por los 50 a\u00f1os de creaci\u00f3n del Consejo Regional Ind\u00edgena del Cauca (CRIC).","breadcrumb":{"@id":"https:\/\/www.cric-colombia.org\/portal\/comunidades-indigenas-recorren-popayan-para-conmemorar-50-anos-del-cric\/#breadcrumb"},"inLanguage":"es","potentialAction":[{"@type":"ReadAction","target":["https:\/\/www.cric-colombia.org\/portal\/comunidades-indigenas-recorren-popayan-para-conmemorar-50-anos-del-cric\/"]}]},{"@type":"BreadcrumbList","@id":"https:\/\/www.cric-colombia.org\/portal\/comunidades-indigenas-recorren-popayan-para-conmemorar-50-anos-del-cric\/#breadcrumb","itemListElement":[{"@type":"ListItem","position":1,"name":"Portada","item":"https:\/\/www.cric-colombia.org\/portal\/"},{"@type":"ListItem","position":2,"name":"Comunidades ind\u00edgenas recorren Popay\u00e1n para conmemorar 50 a\u00f1os del CRIC"}]},{"@type":"WebSite","@id":"https:\/\/www.cric-colombia.org\/portal\/#website","url":"https:\/\/www.cric-colombia.org\/portal\/","name":"Consejo Regional Ind\u00edgena del Cauca - CRIC","description":"P\u00e1gina oficial del Consejo Regional Ind\u00edgena del Cauca, Colombia","publisher":{"@id":"https:\/\/www.cric-colombia.org\/portal\/#organization"},"potentialAction":[{"@type":"SearchAction","target":{"@type":"EntryPoint","urlTemplate":"https:\/\/www.cric-colombia.org\/portal\/?s={search_term_string}"},"query-input":"required name=search_term_string"}],"inLanguage":"es"},{"@type":"Organization","@id":"https:\/\/www.cric-colombia.org\/portal\/#organization","name":"Consejo Regional Ind\u00edgena del Cauca","url":"https:\/\/www.cric-colombia.org\/portal\/","logo":{"@type":"ImageObject","inLanguage":"es","@id":"https:\/\/www.cric-colombia.org\/portal\/#\/schema\/logo\/image\/","url":"https:\/\/www.cric-colombia.org\/portal\/wp-content\/uploads\/2015\/08\/logo_cric.jpg","contentUrl":"https:\/\/www.cric-colombia.org\/portal\/wp-content\/uploads\/2015\/08\/logo_cric.jpg","width":512,"height":512,"caption":"Consejo Regional Ind\u00edgena del Cauca"},"image":{"@id":"https:\/\/www.cric-colombia.org\/portal\/#\/schema\/logo\/image\/"},"sameAs":["https:\/\/www.facebook.com\/cric.colombia\/","https:\/\/twitter.com\/CRIC_Cauca"]},{"@type":"Person","@id":"https:\/\/www.cric-colombia.org\/portal\/#\/schema\/person\/ab3a3099267de33d55f74f34ba201931","name":"Comunicaciones CRIC","image":{"@type":"ImageObject","inLanguage":"es","@id":"https:\/\/www.cric-colombia.org\/portal\/#\/schema\/person\/image\/","url":"https:\/\/secure.gravatar.com\/avatar\/a8d1a6cfcb82a80d09dafefdcc3dcc8a?s=96&d=retro&r=g","contentUrl":"https:\/\/secure.gravatar.com\/avatar\/a8d1a6cfcb82a80d09dafefdcc3dcc8a?s=96&d=retro&r=g","caption":"Comunicaciones CRIC"},"url":"https:\/\/www.cric-colombia.org\/portal\/author\/comunicaciones\/"}]}},"jetpack_featured_media_url":"https:\/\/www.cric-colombia.org\/portal\/wp-content\/uploads\/2021\/02\/WhatsApp-Image-2021-02-17-at-10.45.02.jpeg","_links":{"self":[{"href":"https:\/\/www.cric-colombia.org\/portal\/wp-json\/wp\/v2\/posts\/30104"}],"collection":[{"href":"https:\/\/www.cric-colombia.org\/portal\/wp-json\/wp\/v2\/posts"}],"about":[{"href":"https:\/\/www.cric-colombia.org\/portal\/wp-json\/wp\/v2\/types\/post"}],"author":[{"embeddable":true,"href":"https:\/\/www.cric-colombia.org\/portal\/wp-json\/wp\/v2\/users\/6"}],"replies":[{"embeddable":true,"href":"https:\/\/www.cric-colombia.org\/portal\/wp-json\/wp\/v2\/comments?post=30104"}],"version-history":[{"count":8,"href":"https:\/\/www.cric-colombia.org\/portal\/wp-json\/wp\/v2\/posts\/30104\/revisions"}],"predecessor-version":[{"id":30114,"href":"https:\/\/www.cric-colombia.org\/portal\/wp-json\/wp\/v2\/posts\/30104\/revisions\/30114"}],"wp:featuredmedia":[{"embeddable":true,"href":"https:\/\/www.cric-colombia.org\/portal\/wp-json\/wp\/v2\/media\/30105"}],"wp:attachment":[{"href":"https:\/\/www.cric-colombia.org\/portal\/wp-json\/wp\/v2\/media?parent=30104"}],"wp:term":[{"taxonomy":"category","embeddable":true,"href":"https:\/\/www.cric-colombia.org\/portal\/wp-json\/wp\/v2\/categories?post=30104"},{"taxonomy":"post_tag","embeddable":true,"href":"https:\/\/www.cric-colombia.org\/portal\/wp-json\/wp\/v2\/tags?post=30104"}],"curies":[{"name":"wp","href":"https:\/\/api.w.org\/{rel}","templated":true}]}}