{"id":30013,"date":"2021-01-24T17:57:21","date_gmt":"2021-01-24T22:57:21","guid":{"rendered":"https:\/\/www.cric-colombia.org\/portal\/?p=30013"},"modified":"2021-03-18T12:00:11","modified_gmt":"2021-03-18T17:00:11","slug":"cric-nacional-logra-acuerdos-que-benefician-a-indigenas-del-pais","status":"publish","type":"post","link":"https:\/\/www.cric-colombia.org\/portal\/cric-nacional-logra-acuerdos-que-benefician-a-indigenas-del-pais\/","title":{"rendered":"CRIC-Nacional logra acuerdos que benefician a ind\u00edgenas del pa\u00eds."},"content":{"rendered":"<p><strong>Comunicado a la comunidad Nacional e Internacional\u00a0<\/strong><\/p>\n<p style=\"text-align: justify;\"><strong>LAS <\/strong><strong>(127) AUTORIDADES TRADICIONALES Y (10) PUEBLOS PERTENECIENTES AL CONSEJO REGIONAL IND\u00cdGENA DEL CAUCA-CRIC- NACIONAL, CON FUNDAMENTO EN NUESTRA LEY DE ORIGEN, EL DERECHO MAYOR, EL DERECHO PROPIO, LOS USOS Y COSTUMBRES, Y EN EL MARCO DE LOS DERECHOS QUE SE RECONOCEN EN LA CONSTITUCION POLITICA DE COLOMBIA, EL CONVENIO 169 DE LA OIT, RATIFICADO EN LA LEY 21 DE 1991, saludamos al pa\u00eds en el marco de exigencia de los derechos de la ni\u00f1ez de los PUEBLOS INDIGENAS. <\/strong><\/p>\n<p style=\"text-align: justify;\">Cerca de la media noche del d\u00eda 23 de enero de 2021, despu\u00e9s de agotar cinco reuniones extensas se logr\u00f3 <strong>ACUERDO CON EL INSTITUTO COLOMBIANO DE BIENESTAR FAMILIAR ICBF<\/strong>, espacio al cual acudi\u00f3 el <strong>MINISTERIO DEL INTERIOR<\/strong> que en horas de la tarde habr\u00eda llegado al Pital, sitio de concentraci\u00f3n de la Minga, acompa\u00f1ado de la Subdirectora Nacional y Director de Asuntos \u00c9tnicos y sus asesores de despacho, donde por primera vez se acordaron aspectos relevantes en el marco del <b>sistema educativo ind\u00edgena\u00a0propio SEIP, la continuidad de los lineamientos pol\u00edticos, pedag\u00f3gicos\u00a0y administrativos, de semillas de vida, en el marco de la emergencia del covid-19.<\/b><\/p>\n<p style=\"text-align: justify;\"><strong>\u00a0<\/strong>Luego de un largo debate en la Mesa de Dialogo y Concertaci\u00f3n, convocada para exigir al Gobierno de <strong>IVAN DUQUE MARQUEZ, <\/strong>acciones concretas para reivindicar los Derechos Fundamentales de los Pueblos Ind\u00edgenas, a la Educaci\u00f3n Ind\u00edgena Propia, a partir del camino orientado como <b>CRIC-NACIONAL, fue acordado lo siguiente: <\/b><\/p>\n<p style=\"text-align: justify;\"><b>1) La base de los lineamientos administrativos, 2) El aumento de la canasta para los Pueblos Ind\u00edgenas de Colombia, y 3) Se priorizo el termino de tres meses para lograr el proceso final para la Habilitaci\u00f3n de los Territorios Ind\u00edgenas, que apunta al reconocimiento de nuestras Autoridades Tradicionales desde el ejercicio de gobierno propio y Autoridades Educativas Propias.<\/b><\/p>\n<p style=\"text-align: justify;\">Gracias a la lucha, fuerza y determinaci\u00f3n de las Autoridades Ancestrales, Guardia ind\u00edgena, sabedores, comunidad, mayores y mayoras de nuestro proceso, se logra un importante avance en favor de la ni\u00f1ez ind\u00edgena de Colombia. <em>La Minga Hacia Adentro Continua<\/em>, con sabidur\u00eda, seguiremos tejiendo el camino desde la comunitariedad, desde nuestros principios de unidad, tierra, cultura y autonom\u00eda y los 10 puntos de plataforma de lucha. De igual forma continuaremos exigiendo y reivindicando el car\u00e1cter vinculante de los Derechos Fundamentales de los Pueblos Ind\u00edgenas, a la Participaci\u00f3n, Concertaci\u00f3n y Consulta Previa, como uno de los instrumentos de rango constitucional que hemos adoptado para salvaguardar los planes de vida en nuestros Territorios Ancestrales.<\/p>\n","protected":false},"excerpt":{"rendered":"<p>Comunicado a la comunidad Nacional e Internacional\u00a0 LAS (127) AUTORIDADES TRADICIONALES Y (10) PUEBLOS PERTENECIENTES AL CONSEJO REGIONAL IND\u00cdGENA DEL CAUCA-CRIC- NACIONAL, CON FUNDAMENTO EN NUESTRA LEY DE ORIGEN, EL DERECHO MAYOR, EL DERECHO PROPIO, LOS USOS Y COSTUMBRES, Y EN EL MARCO DE LOS DERECHOS QUE SE RECONOCEN EN LA CONSTITUCION POLITICA DE COLOMBIA, <\/p>\n","protected":false},"author":6,"featured_media":30014,"comment_status":"open","ping_status":"open","sticky":false,"template":"","format":"standard","meta":{"footnotes":""},"categories":[3,19,132],"tags":[198,864,253,191],"yoast_head":"<!-- This site is optimized with the Yoast SEO plugin v20.12 - https:\/\/yoast.com\/wordpress\/plugins\/seo\/ -->\n<title>CRIC-Nacional logra acuerdos que benefician a ind\u00edgenas del pa\u00eds. - Consejo Regional Ind\u00edgena del Cauca - CRIC<\/title>\n<meta name=\"robots\" content=\"index, follow, max-snippet:-1, max-image-preview:large, max-video-preview:-1\" \/>\n<link rel=\"canonical\" href=\"https:\/\/www.cric-colombia.org\/portal\/cric-nacional-logra-acuerdos-que-benefician-a-indigenas-del-pais\/\" \/>\n<meta property=\"og:locale\" content=\"es_ES\" \/>\n<meta property=\"og:type\" content=\"article\" \/>\n<meta property=\"og:title\" content=\"CRIC-Nacional logra acuerdos que benefician a ind\u00edgenas del pa\u00eds. - Consejo Regional Ind\u00edgena del Cauca - CRIC\" \/>\n<meta property=\"og:description\" content=\"Comunicado a la comunidad Nacional e Internacional\u00a0 LAS (127) AUTORIDADES TRADICIONALES Y (10) PUEBLOS PERTENECIENTES AL CONSEJO REGIONAL IND\u00cdGENA DEL CAUCA-CRIC- NACIONAL, CON FUNDAMENTO EN NUESTRA LEY DE ORIGEN, EL DERECHO MAYOR, EL DERECHO PROPIO, LOS USOS Y COSTUMBRES, Y EN EL MARCO DE LOS DERECHOS QUE SE RECONOCEN EN LA CONSTITUCION POLITICA DE COLOMBIA,\" \/>\n<meta property=\"og:url\" content=\"https:\/\/www.cric-colombia.org\/portal\/cric-nacional-logra-acuerdos-que-benefician-a-indigenas-del-pais\/\" \/>\n<meta property=\"og:site_name\" content=\"Consejo Regional Ind\u00edgena del Cauca - CRIC\" \/>\n<meta property=\"article:publisher\" content=\"https:\/\/www.facebook.com\/cric.colombia\/\" \/>\n<meta property=\"article:published_time\" content=\"2021-01-24T22:57:21+00:00\" \/>\n<meta property=\"article:modified_time\" content=\"2021-03-18T17:00:11+00:00\" \/>\n<meta property=\"og:image\" content=\"https:\/\/www.cric-colombia.org\/portal\/wp-content\/uploads\/2021\/01\/WhatsApp-Image-2021-01-24-at-8.31.50-AM.jpeg\" \/>\n\t<meta property=\"og:image:width\" content=\"1280\" \/>\n\t<meta property=\"og:image:height\" content=\"960\" \/>\n\t<meta property=\"og:image:type\" content=\"image\/jpeg\" \/>\n<meta name=\"author\" content=\"Comunicaciones CRIC\" \/>\n<meta name=\"twitter:card\" content=\"summary_large_image\" \/>\n<meta name=\"twitter:creator\" content=\"@CRIC_Cauca\" \/>\n<meta name=\"twitter:site\" content=\"@CRIC_Cauca\" \/>\n<meta name=\"twitter:label1\" content=\"Escrito por\" \/>\n\t<meta name=\"twitter:data1\" content=\"Comunicaciones CRIC\" \/>\n\t<meta name=\"twitter:label2\" content=\"Tiempo de lectura\" \/>\n\t<meta name=\"twitter:data2\" content=\"2 minutos\" \/>\n<script type=\"application\/ld+json\" class=\"yoast-schema-graph\">{\"@context\":\"https:\/\/schema.org\",\"@graph\":[{\"@type\":\"Article\",\"@id\":\"https:\/\/www.cric-colombia.org\/portal\/cric-nacional-logra-acuerdos-que-benefician-a-indigenas-del-pais\/#article\",\"isPartOf\":{\"@id\":\"https:\/\/www.cric-colombia.org\/portal\/cric-nacional-logra-acuerdos-que-benefician-a-indigenas-del-pais\/\"},\"author\":{\"name\":\"Comunicaciones CRIC\",\"@id\":\"https:\/\/www.cric-colombia.org\/portal\/#\/schema\/person\/ab3a3099267de33d55f74f34ba201931\"},\"headline\":\"CRIC-Nacional logra acuerdos que benefician a ind\u00edgenas del pa\u00eds.\",\"datePublished\":\"2021-01-24T22:57:21+00:00\",\"dateModified\":\"2021-03-18T17:00:11+00:00\",\"mainEntityOfPage\":{\"@id\":\"https:\/\/www.cric-colombia.org\/portal\/cric-nacional-logra-acuerdos-que-benefician-a-indigenas-del-pais\/\"},\"wordCount\":437,\"commentCount\":0,\"publisher\":{\"@id\":\"https:\/\/www.cric-colombia.org\/portal\/#organization\"},\"keywords\":[\"comunicado\",\"CRIC Nacional\",\"Educacion\",\"MEDIOS DE COMUNICACION CAUCA\"],\"articleSection\":[\"Actualidad Ind\u00edgena del Cauca\",\"Comunicados de prensa\",\"Nota minga hacia dentro\"],\"inLanguage\":\"es\",\"potentialAction\":[{\"@type\":\"CommentAction\",\"name\":\"Comment\",\"target\":[\"https:\/\/www.cric-colombia.org\/portal\/cric-nacional-logra-acuerdos-que-benefician-a-indigenas-del-pais\/#respond\"]}]},{\"@type\":\"WebPage\",\"@id\":\"https:\/\/www.cric-colombia.org\/portal\/cric-nacional-logra-acuerdos-que-benefician-a-indigenas-del-pais\/\",\"url\":\"https:\/\/www.cric-colombia.org\/portal\/cric-nacional-logra-acuerdos-que-benefician-a-indigenas-del-pais\/\",\"name\":\"CRIC-Nacional logra acuerdos que benefician a ind\u00edgenas del pa\u00eds. - Consejo Regional Ind\u00edgena del Cauca - CRIC\",\"isPartOf\":{\"@id\":\"https:\/\/www.cric-colombia.org\/portal\/#website\"},\"datePublished\":\"2021-01-24T22:57:21+00:00\",\"dateModified\":\"2021-03-18T17:00:11+00:00\",\"breadcrumb\":{\"@id\":\"https:\/\/www.cric-colombia.org\/portal\/cric-nacional-logra-acuerdos-que-benefician-a-indigenas-del-pais\/#breadcrumb\"},\"inLanguage\":\"es\",\"potentialAction\":[{\"@type\":\"ReadAction\",\"target\":[\"https:\/\/www.cric-colombia.org\/portal\/cric-nacional-logra-acuerdos-que-benefician-a-indigenas-del-pais\/\"]}]},{\"@type\":\"BreadcrumbList\",\"@id\":\"https:\/\/www.cric-colombia.org\/portal\/cric-nacional-logra-acuerdos-que-benefician-a-indigenas-del-pais\/#breadcrumb\",\"itemListElement\":[{\"@type\":\"ListItem\",\"position\":1,\"name\":\"Portada\",\"item\":\"https:\/\/www.cric-colombia.org\/portal\/\"},{\"@type\":\"ListItem\",\"position\":2,\"name\":\"CRIC-Nacional logra acuerdos que benefician a ind\u00edgenas del pa\u00eds.\"}]},{\"@type\":\"WebSite\",\"@id\":\"https:\/\/www.cric-colombia.org\/portal\/#website\",\"url\":\"https:\/\/www.cric-colombia.org\/portal\/\",\"name\":\"Consejo Regional Ind\u00edgena del Cauca - CRIC\",\"description\":\"P\u00e1gina oficial del Consejo Regional Ind\u00edgena del Cauca, Colombia\",\"publisher\":{\"@id\":\"https:\/\/www.cric-colombia.org\/portal\/#organization\"},\"potentialAction\":[{\"@type\":\"SearchAction\",\"target\":{\"@type\":\"EntryPoint\",\"urlTemplate\":\"https:\/\/www.cric-colombia.org\/portal\/?s={search_term_string}\"},\"query-input\":\"required name=search_term_string\"}],\"inLanguage\":\"es\"},{\"@type\":\"Organization\",\"@id\":\"https:\/\/www.cric-colombia.org\/portal\/#organization\",\"name\":\"Consejo Regional Ind\u00edgena del Cauca\",\"url\":\"https:\/\/www.cric-colombia.org\/portal\/\",\"logo\":{\"@type\":\"ImageObject\",\"inLanguage\":\"es\",\"@id\":\"https:\/\/www.cric-colombia.org\/portal\/#\/schema\/logo\/image\/\",\"url\":\"https:\/\/www.cric-colombia.org\/portal\/wp-content\/uploads\/2015\/08\/logo_cric.jpg\",\"contentUrl\":\"https:\/\/www.cric-colombia.org\/portal\/wp-content\/uploads\/2015\/08\/logo_cric.jpg\",\"width\":512,\"height\":512,\"caption\":\"Consejo Regional Ind\u00edgena del Cauca\"},\"image\":{\"@id\":\"https:\/\/www.cric-colombia.org\/portal\/#\/schema\/logo\/image\/\"},\"sameAs\":[\"https:\/\/www.facebook.com\/cric.colombia\/\",\"https:\/\/twitter.com\/CRIC_Cauca\"]},{\"@type\":\"Person\",\"@id\":\"https:\/\/www.cric-colombia.org\/portal\/#\/schema\/person\/ab3a3099267de33d55f74f34ba201931\",\"name\":\"Comunicaciones CRIC\",\"image\":{\"@type\":\"ImageObject\",\"inLanguage\":\"es\",\"@id\":\"https:\/\/www.cric-colombia.org\/portal\/#\/schema\/person\/image\/\",\"url\":\"https:\/\/secure.gravatar.com\/avatar\/a8d1a6cfcb82a80d09dafefdcc3dcc8a?s=96&d=retro&r=g\",\"contentUrl\":\"https:\/\/secure.gravatar.com\/avatar\/a8d1a6cfcb82a80d09dafefdcc3dcc8a?s=96&d=retro&r=g\",\"caption\":\"Comunicaciones CRIC\"},\"url\":\"https:\/\/www.cric-colombia.org\/portal\/author\/comunicaciones\/\"}]}<\/script>\n<!-- \/ Yoast SEO plugin. -->","yoast_head_json":{"title":"CRIC-Nacional logra acuerdos que benefician a ind\u00edgenas del pa\u00eds. - Consejo Regional Ind\u00edgena del Cauca - CRIC","robots":{"index":"index","follow":"follow","max-snippet":"max-snippet:-1","max-image-preview":"max-image-preview:large","max-video-preview":"max-video-preview:-1"},"canonical":"https:\/\/www.cric-colombia.org\/portal\/cric-nacional-logra-acuerdos-que-benefician-a-indigenas-del-pais\/","og_locale":"es_ES","og_type":"article","og_title":"CRIC-Nacional logra acuerdos que benefician a ind\u00edgenas del pa\u00eds. - Consejo Regional Ind\u00edgena del Cauca - CRIC","og_description":"Comunicado a la comunidad Nacional e Internacional\u00a0 LAS (127) AUTORIDADES TRADICIONALES Y (10) PUEBLOS PERTENECIENTES AL CONSEJO REGIONAL IND\u00cdGENA DEL CAUCA-CRIC- NACIONAL, CON FUNDAMENTO EN NUESTRA LEY DE ORIGEN, EL DERECHO MAYOR, EL DERECHO PROPIO, LOS USOS Y COSTUMBRES, Y EN EL MARCO DE LOS DERECHOS QUE SE RECONOCEN EN LA CONSTITUCION POLITICA DE COLOMBIA,","og_url":"https:\/\/www.cric-colombia.org\/portal\/cric-nacional-logra-acuerdos-que-benefician-a-indigenas-del-pais\/","og_site_name":"Consejo Regional Ind\u00edgena del Cauca - CRIC","article_publisher":"https:\/\/www.facebook.com\/cric.colombia\/","article_published_time":"2021-01-24T22:57:21+00:00","article_modified_time":"2021-03-18T17:00:11+00:00","og_image":[{"width":1280,"height":960,"url":"https:\/\/www.cric-colombia.org\/portal\/wp-content\/uploads\/2021\/01\/WhatsApp-Image-2021-01-24-at-8.31.50-AM.jpeg","type":"image\/jpeg"}],"author":"Comunicaciones CRIC","twitter_card":"summary_large_image","twitter_creator":"@CRIC_Cauca","twitter_site":"@CRIC_Cauca","twitter_misc":{"Escrito por":"Comunicaciones CRIC","Tiempo de lectura":"2 minutos"},"schema":{"@context":"https:\/\/schema.org","@graph":[{"@type":"Article","@id":"https:\/\/www.cric-colombia.org\/portal\/cric-nacional-logra-acuerdos-que-benefician-a-indigenas-del-pais\/#article","isPartOf":{"@id":"https:\/\/www.cric-colombia.org\/portal\/cric-nacional-logra-acuerdos-que-benefician-a-indigenas-del-pais\/"},"author":{"name":"Comunicaciones CRIC","@id":"https:\/\/www.cric-colombia.org\/portal\/#\/schema\/person\/ab3a3099267de33d55f74f34ba201931"},"headline":"CRIC-Nacional logra acuerdos que benefician a ind\u00edgenas del pa\u00eds.","datePublished":"2021-01-24T22:57:21+00:00","dateModified":"2021-03-18T17:00:11+00:00","mainEntityOfPage":{"@id":"https:\/\/www.cric-colombia.org\/portal\/cric-nacional-logra-acuerdos-que-benefician-a-indigenas-del-pais\/"},"wordCount":437,"commentCount":0,"publisher":{"@id":"https:\/\/www.cric-colombia.org\/portal\/#organization"},"keywords":["comunicado","CRIC Nacional","Educacion","MEDIOS DE COMUNICACION CAUCA"],"articleSection":["Actualidad Ind\u00edgena del Cauca","Comunicados de prensa","Nota minga hacia dentro"],"inLanguage":"es","potentialAction":[{"@type":"CommentAction","name":"Comment","target":["https:\/\/www.cric-colombia.org\/portal\/cric-nacional-logra-acuerdos-que-benefician-a-indigenas-del-pais\/#respond"]}]},{"@type":"WebPage","@id":"https:\/\/www.cric-colombia.org\/portal\/cric-nacional-logra-acuerdos-que-benefician-a-indigenas-del-pais\/","url":"https:\/\/www.cric-colombia.org\/portal\/cric-nacional-logra-acuerdos-que-benefician-a-indigenas-del-pais\/","name":"CRIC-Nacional logra acuerdos que benefician a ind\u00edgenas del pa\u00eds. - Consejo Regional Ind\u00edgena del Cauca - CRIC","isPartOf":{"@id":"https:\/\/www.cric-colombia.org\/portal\/#website"},"datePublished":"2021-01-24T22:57:21+00:00","dateModified":"2021-03-18T17:00:11+00:00","breadcrumb":{"@id":"https:\/\/www.cric-colombia.org\/portal\/cric-nacional-logra-acuerdos-que-benefician-a-indigenas-del-pais\/#breadcrumb"},"inLanguage":"es","potentialAction":[{"@type":"ReadAction","target":["https:\/\/www.cric-colombia.org\/portal\/cric-nacional-logra-acuerdos-que-benefician-a-indigenas-del-pais\/"]}]},{"@type":"BreadcrumbList","@id":"https:\/\/www.cric-colombia.org\/portal\/cric-nacional-logra-acuerdos-que-benefician-a-indigenas-del-pais\/#breadcrumb","itemListElement":[{"@type":"ListItem","position":1,"name":"Portada","item":"https:\/\/www.cric-colombia.org\/portal\/"},{"@type":"ListItem","position":2,"name":"CRIC-Nacional logra acuerdos que benefician a ind\u00edgenas del pa\u00eds."}]},{"@type":"WebSite","@id":"https:\/\/www.cric-colombia.org\/portal\/#website","url":"https:\/\/www.cric-colombia.org\/portal\/","name":"Consejo Regional Ind\u00edgena del Cauca - CRIC","description":"P\u00e1gina oficial del Consejo Regional Ind\u00edgena del Cauca, Colombia","publisher":{"@id":"https:\/\/www.cric-colombia.org\/portal\/#organization"},"potentialAction":[{"@type":"SearchAction","target":{"@type":"EntryPoint","urlTemplate":"https:\/\/www.cric-colombia.org\/portal\/?s={search_term_string}"},"query-input":"required name=search_term_string"}],"inLanguage":"es"},{"@type":"Organization","@id":"https:\/\/www.cric-colombia.org\/portal\/#organization","name":"Consejo Regional Ind\u00edgena del Cauca","url":"https:\/\/www.cric-colombia.org\/portal\/","logo":{"@type":"ImageObject","inLanguage":"es","@id":"https:\/\/www.cric-colombia.org\/portal\/#\/schema\/logo\/image\/","url":"https:\/\/www.cric-colombia.org\/portal\/wp-content\/uploads\/2015\/08\/logo_cric.jpg","contentUrl":"https:\/\/www.cric-colombia.org\/portal\/wp-content\/uploads\/2015\/08\/logo_cric.jpg","width":512,"height":512,"caption":"Consejo Regional Ind\u00edgena del Cauca"},"image":{"@id":"https:\/\/www.cric-colombia.org\/portal\/#\/schema\/logo\/image\/"},"sameAs":["https:\/\/www.facebook.com\/cric.colombia\/","https:\/\/twitter.com\/CRIC_Cauca"]},{"@type":"Person","@id":"https:\/\/www.cric-colombia.org\/portal\/#\/schema\/person\/ab3a3099267de33d55f74f34ba201931","name":"Comunicaciones CRIC","image":{"@type":"ImageObject","inLanguage":"es","@id":"https:\/\/www.cric-colombia.org\/portal\/#\/schema\/person\/image\/","url":"https:\/\/secure.gravatar.com\/avatar\/a8d1a6cfcb82a80d09dafefdcc3dcc8a?s=96&d=retro&r=g","contentUrl":"https:\/\/secure.gravatar.com\/avatar\/a8d1a6cfcb82a80d09dafefdcc3dcc8a?s=96&d=retro&r=g","caption":"Comunicaciones CRIC"},"url":"https:\/\/www.cric-colombia.org\/portal\/author\/comunicaciones\/"}]}},"jetpack_featured_media_url":"https:\/\/www.cric-colombia.org\/portal\/wp-content\/uploads\/2021\/01\/WhatsApp-Image-2021-01-24-at-8.31.50-AM.jpeg","_links":{"self":[{"href":"https:\/\/www.cric-colombia.org\/portal\/wp-json\/wp\/v2\/posts\/30013"}],"collection":[{"href":"https:\/\/www.cric-colombia.org\/portal\/wp-json\/wp\/v2\/posts"}],"about":[{"href":"https:\/\/www.cric-colombia.org\/portal\/wp-json\/wp\/v2\/types\/post"}],"author":[{"embeddable":true,"href":"https:\/\/www.cric-colombia.org\/portal\/wp-json\/wp\/v2\/users\/6"}],"replies":[{"embeddable":true,"href":"https:\/\/www.cric-colombia.org\/portal\/wp-json\/wp\/v2\/comments?post=30013"}],"version-history":[{"count":2,"href":"https:\/\/www.cric-colombia.org\/portal\/wp-json\/wp\/v2\/posts\/30013\/revisions"}],"predecessor-version":[{"id":30016,"href":"https:\/\/www.cric-colombia.org\/portal\/wp-json\/wp\/v2\/posts\/30013\/revisions\/30016"}],"wp:featuredmedia":[{"embeddable":true,"href":"https:\/\/www.cric-colombia.org\/portal\/wp-json\/wp\/v2\/media\/30014"}],"wp:attachment":[{"href":"https:\/\/www.cric-colombia.org\/portal\/wp-json\/wp\/v2\/media?parent=30013"}],"wp:term":[{"taxonomy":"category","embeddable":true,"href":"https:\/\/www.cric-colombia.org\/portal\/wp-json\/wp\/v2\/categories?post=30013"},{"taxonomy":"post_tag","embeddable":true,"href":"https:\/\/www.cric-colombia.org\/portal\/wp-json\/wp\/v2\/tags?post=30013"}],"curies":[{"name":"wp","href":"https:\/\/api.w.org\/{rel}","templated":true}]}}