{"id":29842,"date":"2020-12-07T15:17:56","date_gmt":"2020-12-07T20:17:56","guid":{"rendered":"https:\/\/www.cric-colombia.org\/portal\/?p=29842"},"modified":"2020-12-07T15:17:56","modified_gmt":"2020-12-07T20:17:56","slug":"fr-colombia-grupos-armados-asesinan-a-cuatro-indigenas-y-declaran-objetivo-militar-a-los-lideres","status":"publish","type":"post","link":"https:\/\/www.cric-colombia.org\/portal\/fr-colombia-grupos-armados-asesinan-a-cuatro-indigenas-y-declaran-objetivo-militar-a-los-lideres\/","title":{"rendered":"[FR] Colombia: grupos armados asesinan a cuatro ind\u00edgenas y declaran \u00abobjetivo militar\u00bb a los l\u00edderes"},"content":{"rendered":"<p class=\"t-content__chapo\">Horas despu\u00e9s de una masacre perpetrada por hombres armados en el departamento del Cauca, <strong>las disidencias de las Farc amenazaron de muerte al senador del pueblo nasa Feliciano Valencia y a los l\u00edderes ancestrales de seis municipios por defender la sustituci\u00f3n de la coca por cultivos l\u00edcitos.<\/strong> Esto ocurre la misma semana en la que un grupo armado decapit\u00f3 a un exgobernador de la etnia embera en Choc\u00f3, lo que gener\u00f3 el desplazamiento de casi un millar de ind\u00edgenas.<\/p>\n<p class=\"t-content__chapo\">Los balazos contra su veh\u00edculo blindado el 29 de octubre fueron apenas la primera de las m\u00e1s recientes amenazas que ha tenido que enfrentar el senador ind\u00edgena Feliciano Valencia.<\/p>\n<div class=\"t-content__body u-clearfix\">\n<p>Dos semanas despu\u00e9s, fue una explosi\u00f3n a escasos metros de su vivienda, en el municipio de Santander de Quilichao, en el departamento del Cauca.\u00a0<a href=\"http:\/\/twitter.com\/FelicianoValen\/status\/1327427667671592961\" target=\"_blank\" rel=\"noopener\">Valencia relacion\u00f3 este hecho con la audiencia en la que particip\u00f3 el d\u00eda anterior<\/a>\u00a0y en la que denunci\u00f3 que decenas de menores de edad hab\u00edan sido reclutados por grupos armados ilegales.<\/p>\n<p>Ahora, sobre el l\u00edder ind\u00edgena nasa pesa una condena de muerte. Un panfleto firmado por las disidencias de las Farc lo declara\u00a0<em><strong>\u00abobjetivo militar\u00bb<\/strong><\/em>\u00a0a \u00e9l y a las autoridades ancestrales de seis municipios. La raz\u00f3n: defender el territorio.<\/p>\n<p><strong>Valencia ha promovido p\u00fablicamente que en el Cauca se sustituyan los cultivos de coca que no se usan para las tradiciones ind\u00edgenas,<\/strong> sino para nutrir las cadenas del narcotr\u00e1fico. Esto es\u00a0un claro apoyo del acuerdo de paz que firmaron hace cuatro a\u00f1os el Gobierno colombiano y la entonces guerrilla de las Farc, y que tiene como uno de sus puntos la sustituci\u00f3n de cultivos de uso il\u00edcito.<\/p>\n<p>Lo que para Valencia representa la v\u00eda para que las comunidades se integren a la econom\u00eda formal, para las disidencias que se apartaron del pacto de paz es una amenaza a sus negocios ilegales. <em><strong>\u00abLes damos 24 horas para que renuncien (a sus cargos) y salgan de sus territorios con sus familias, para que dejen de perseguir y capturar a nuestras unidades<\/strong><\/em>\u00ab, reza el panfleto.<\/p>\n<p>El documento agrega que las <em><strong>\u00abpol\u00edticas de control territorial\u00bb<\/strong><\/em>\u00a0de los l\u00edderes ind\u00edgenas como Feliciano Valencia <em><strong>\u00abafectan al pueblo que cultivan y viven de la coca y la mariguana (sic)\u00bb<\/strong><\/em>. El grupo que firma la amenaza tilda a los defensores como <em><strong>\u00abc\u00f3mplices de la pol\u00edtica de Estado\u00bb\u00a0<\/strong><\/em>al defender lo planteado en el acuerdo de paz.<\/p>\n<p>Las amenazas no son solo contra este l\u00edder y van mucho m\u00e1s all\u00e1 de un panfleto. En la \u00faltima semana, ha acontecido\u00a0una escalada de la violencia contra los ind\u00edgenas del Cauca. El d\u00eda 1 de diciembre mataron al comunero Romelio Ramos, y cuatro personas m\u00e1s fueron masacradas por un grupo ilegal en el municipio de Santander de Quilichao en la noche del s\u00e1bado 5 de diciembre. <strong>Tres de los muertos eran ind\u00edgenas, incluido Eduardo Julicu\u00e9, hijo de la lideresa Luz Eyda Julicu\u00e9.<\/strong><\/p>\n<p>Tan solo horas despu\u00e9s de esta \u00faltima masacre, Valencia y los l\u00edderes regionales recibieron el panfleto que les daba un ultim\u00e1tum.<\/p>\n<p><strong>Defender el proceso\u00a0de paz les ha tra\u00eddo la muerte<\/strong><\/p>\n<p>Aunque este es el m\u00e1s reciente hecho del peligro inminente que corren los defensores en Colombia, es tan solo una muestra de lo que ha ocurrido desde la firma del acuerdo de paz. El pacto que las Farc y el Gobierno colombiano firmaron en 2016 no le trajo tranquilidad a los l\u00edderes sociales. Por el contrario, desde entonces, a\u00f1o tras a\u00f1o, se han incrementado los asesinatos de defensores, seg\u00fan entidades nacionales y organismos como la ONU.<\/p>\n<p>La cantidad de l\u00edderes asesinados entre 2016 y mediados de 2019 var\u00eda seg\u00fan qu\u00e9 organizaci\u00f3n los reporte, con cifras que van desde los 326 hasta los 486 homicidios. Organismos\u00a0como el instituto Indepaz cuentan m\u00e1s de 280 asesinatos solo en lo que va de 2020. Si bien\u00a0ninguno de los registros coinciden, todas las entidades se\u00f1alan las mismas causas.<\/p>\n<p><em><strong>\u00abLas personas defensoras son asesinadas y violentadas por implementar la paz, oponerse a los intereses del crimen organizado, las econom\u00edas ilegales, la corrupci\u00f3n, la tenencia il\u00edcita de la tierra y por proteger sus comunidades\u00bb<\/strong><\/em>, explic\u00f3 en\u00a0<a href=\"http:\/\/undocs.org\/es\/A\/HRC\/43\/51\/Add.1\" target=\"_blank\" rel=\"noopener\">su informe de diciembre de 2019<\/a>\u00a0el relator especial de la ONU sobre la situaci\u00f3n de los defensores de los derechos humanos tras su visita a Colombia.<\/p>\n<p>En otras palabras, proteger el acuerdo de paz y las tierras les ha significado la muerte a cientos de l\u00edderes sociales colombianos y les ha tra\u00eddo amenazas como la que hoy enfrentan Feliciano Valencia y las autoridades ancestrales del Cauca.<\/p>\n<p>Adem\u00e1s, los pueblos ind\u00edgenas son precisamente unos de los m\u00e1s golpeados por esta violencia. <strong>En 2019, Colombia fue el pa\u00eds del mundo donde m\u00e1s defensores de la tierra murieron,<\/strong> seg\u00fan el reporte de la ONG Global Witness. De todos los l\u00edderes asesinados que hubo en el pa\u00eds\u00a0<a href=\"http:\/\/www.globalwitness.org\/es\/defending-tomorrow-es\/\" target=\"_blank\" rel=\"noopener\">la mitad eran ind\u00edgenas<\/a>, a pesar de que estas comunidades representan solo el 4,4% de la poblaci\u00f3n colombiana.<\/p>\n<p><strong>M\u00e1s de 900 ind\u00edgenas se desplazaron tras la decapitaci\u00f3n de un l\u00edder ancestral<\/strong><\/p>\n<p>Otro cap\u00edtulo reciente de la violencia en Colombia en contra de los l\u00edderes \u00e9tnicos se vivi\u00f3\u00a0en el departamento del Choc\u00f3, que comparte frontera\u00a0con Panam\u00e1. El 3 de diciembre, el grupo ilegal de narcotr\u00e1fico Autodefensas Gaitanistas de Colombia decapit\u00f3 al exgobernador ind\u00edgena Miguel Tap\u00ed.<\/p>\n<p>Bah\u00eda Solano, el lugar donde lo mataron, corr\u00eda un <em><strong>\u00abriesgo inminente\u00bb\u00a0<\/strong><\/em>desde hace m\u00e1s de ocho meses, como lo declar\u00f3 la Defensor\u00eda del Pueblo. Este organismo estatal de derechos humanos advirti\u00f3 desde abril que\u00a0<a href=\"http:\/\/www.indepaz.org.co\/wp-content\/uploads\/2020\/05\/AT-N%C2%B0-016-2020-CHO-Bahi%CC%81a-Solano.pdf\" target=\"_blank\" rel=\"noopener\">las disputas entre diferentes grupos armados amenazaban directamente la vida de los l\u00edderes ind\u00edgenas<\/a>. Y a Tap\u00ed, esa violencia le cost\u00f3 la vida.<\/p>\n<p>Pero el riesgo para las comunidades no acab\u00f3 all\u00ed. Luego de su asesinato, casi un millar de ind\u00edgenas de la etnia embera se desplaz\u00f3 a la cabecera municipal temiendo por su seguridad y hoy no tienen d\u00f3nde dormir ni qu\u00e9 comer.<\/p>\n<p>Ellos exigen acciones por parte del Gobierno del presidente Iv\u00e1n Duque, mientras que\u00a0para los grupos armados tienen un solo clamor que revive los peores momentos del conflicto colombiano: \u00abNo m\u00e1s violencia contra nuestros ind\u00edgenas, queremos que nos respeten la vida\u00bb.<\/p>\n<p><a href=\"https:\/\/www.france24.com\/es\/am%C3%A9rica-latina\/20201206-colombia-disidencias-farc-amenazan-lideres-indigenas-cauca\">Por: France24.com<\/a><\/p>\n<\/div>\n","protected":false},"excerpt":{"rendered":"<p>Horas despu\u00e9s de una masacre perpetrada por hombres armados en el departamento del Cauca, las disidencias de las Farc amenazaron de muerte al senador del pueblo nasa Feliciano Valencia y a los l\u00edderes ancestrales de seis municipios por defender la sustituci\u00f3n de la coca por cultivos l\u00edcitos. Esto ocurre la misma semana en la que <\/p>\n","protected":false},"author":6,"featured_media":29408,"comment_status":"open","ping_status":"open","sticky":false,"template":"","format":"standard","meta":{"footnotes":""},"categories":[24],"tags":[867],"yoast_head":"<!-- This site is optimized with the Yoast SEO plugin v20.12 - https:\/\/yoast.com\/wordpress\/plugins\/seo\/ -->\n<title>[FR] Colombia: grupos armados asesinan a cuatro ind\u00edgenas y declaran &quot;objetivo militar&quot; a los l\u00edderes - Consejo Regional Ind\u00edgena del Cauca - CRIC<\/title>\n<meta name=\"robots\" content=\"index, follow, max-snippet:-1, max-image-preview:large, max-video-preview:-1\" \/>\n<link rel=\"canonical\" href=\"https:\/\/www.cric-colombia.org\/portal\/fr-colombia-grupos-armados-asesinan-a-cuatro-indigenas-y-declaran-objetivo-militar-a-los-lideres\/\" \/>\n<meta property=\"og:locale\" content=\"es_ES\" \/>\n<meta property=\"og:type\" content=\"article\" \/>\n<meta property=\"og:title\" content=\"[FR] Colombia: grupos armados asesinan a cuatro ind\u00edgenas y declaran &quot;objetivo militar&quot; a los l\u00edderes - Consejo Regional Ind\u00edgena del Cauca - CRIC\" \/>\n<meta property=\"og:description\" content=\"Horas despu\u00e9s de una masacre perpetrada por hombres armados en el departamento del Cauca, las disidencias de las Farc amenazaron de muerte al senador del pueblo nasa Feliciano Valencia y a los l\u00edderes ancestrales de seis municipios por defender la sustituci\u00f3n de la coca por cultivos l\u00edcitos. Esto ocurre la misma semana en la que\" \/>\n<meta property=\"og:url\" content=\"https:\/\/www.cric-colombia.org\/portal\/fr-colombia-grupos-armados-asesinan-a-cuatro-indigenas-y-declaran-objetivo-militar-a-los-lideres\/\" \/>\n<meta property=\"og:site_name\" content=\"Consejo Regional Ind\u00edgena del Cauca - CRIC\" \/>\n<meta property=\"article:publisher\" content=\"https:\/\/www.facebook.com\/cric.colombia\/\" \/>\n<meta property=\"article:published_time\" content=\"2020-12-07T20:17:56+00:00\" \/>\n<meta property=\"og:image\" content=\"https:\/\/www.cric-colombia.org\/portal\/wp-content\/uploads\/2020\/10\/Feliciano_Valencia.jpg\" \/>\n\t<meta property=\"og:image:width\" content=\"1000\" \/>\n\t<meta property=\"og:image:height\" content=\"666\" \/>\n\t<meta property=\"og:image:type\" content=\"image\/jpeg\" \/>\n<meta name=\"author\" content=\"Comunicaciones CRIC\" \/>\n<meta name=\"twitter:card\" content=\"summary_large_image\" \/>\n<meta name=\"twitter:creator\" content=\"@CRIC_Cauca\" \/>\n<meta name=\"twitter:site\" content=\"@CRIC_Cauca\" \/>\n<meta name=\"twitter:label1\" content=\"Escrito por\" \/>\n\t<meta name=\"twitter:data1\" content=\"Comunicaciones CRIC\" \/>\n\t<meta name=\"twitter:label2\" content=\"Tiempo de lectura\" \/>\n\t<meta name=\"twitter:data2\" content=\"5 minutos\" \/>\n<script type=\"application\/ld+json\" class=\"yoast-schema-graph\">{\"@context\":\"https:\/\/schema.org\",\"@graph\":[{\"@type\":\"Article\",\"@id\":\"https:\/\/www.cric-colombia.org\/portal\/fr-colombia-grupos-armados-asesinan-a-cuatro-indigenas-y-declaran-objetivo-militar-a-los-lideres\/#article\",\"isPartOf\":{\"@id\":\"https:\/\/www.cric-colombia.org\/portal\/fr-colombia-grupos-armados-asesinan-a-cuatro-indigenas-y-declaran-objetivo-militar-a-los-lideres\/\"},\"author\":{\"name\":\"Comunicaciones CRIC\",\"@id\":\"https:\/\/www.cric-colombia.org\/portal\/#\/schema\/person\/ab3a3099267de33d55f74f34ba201931\"},\"headline\":\"[FR] Colombia: grupos armados asesinan a cuatro ind\u00edgenas y declaran \u00abobjetivo militar\u00bb a los l\u00edderes\",\"datePublished\":\"2020-12-07T20:17:56+00:00\",\"dateModified\":\"2020-12-07T20:17:56+00:00\",\"mainEntityOfPage\":{\"@id\":\"https:\/\/www.cric-colombia.org\/portal\/fr-colombia-grupos-armados-asesinan-a-cuatro-indigenas-y-declaran-objetivo-militar-a-los-lideres\/\"},\"wordCount\":1095,\"commentCount\":0,\"publisher\":{\"@id\":\"https:\/\/www.cric-colombia.org\/portal\/#organization\"},\"keywords\":[\"Francia\"],\"articleSection\":[\"Actualidad Ind\u00edgena Global\"],\"inLanguage\":\"es\",\"potentialAction\":[{\"@type\":\"CommentAction\",\"name\":\"Comment\",\"target\":[\"https:\/\/www.cric-colombia.org\/portal\/fr-colombia-grupos-armados-asesinan-a-cuatro-indigenas-y-declaran-objetivo-militar-a-los-lideres\/#respond\"]}]},{\"@type\":\"WebPage\",\"@id\":\"https:\/\/www.cric-colombia.org\/portal\/fr-colombia-grupos-armados-asesinan-a-cuatro-indigenas-y-declaran-objetivo-militar-a-los-lideres\/\",\"url\":\"https:\/\/www.cric-colombia.org\/portal\/fr-colombia-grupos-armados-asesinan-a-cuatro-indigenas-y-declaran-objetivo-militar-a-los-lideres\/\",\"name\":\"[FR] Colombia: grupos armados asesinan a cuatro ind\u00edgenas y declaran \\\"objetivo militar\\\" a los l\u00edderes - Consejo Regional Ind\u00edgena del Cauca - CRIC\",\"isPartOf\":{\"@id\":\"https:\/\/www.cric-colombia.org\/portal\/#website\"},\"datePublished\":\"2020-12-07T20:17:56+00:00\",\"dateModified\":\"2020-12-07T20:17:56+00:00\",\"breadcrumb\":{\"@id\":\"https:\/\/www.cric-colombia.org\/portal\/fr-colombia-grupos-armados-asesinan-a-cuatro-indigenas-y-declaran-objetivo-militar-a-los-lideres\/#breadcrumb\"},\"inLanguage\":\"es\",\"potentialAction\":[{\"@type\":\"ReadAction\",\"target\":[\"https:\/\/www.cric-colombia.org\/portal\/fr-colombia-grupos-armados-asesinan-a-cuatro-indigenas-y-declaran-objetivo-militar-a-los-lideres\/\"]}]},{\"@type\":\"BreadcrumbList\",\"@id\":\"https:\/\/www.cric-colombia.org\/portal\/fr-colombia-grupos-armados-asesinan-a-cuatro-indigenas-y-declaran-objetivo-militar-a-los-lideres\/#breadcrumb\",\"itemListElement\":[{\"@type\":\"ListItem\",\"position\":1,\"name\":\"Portada\",\"item\":\"https:\/\/www.cric-colombia.org\/portal\/\"},{\"@type\":\"ListItem\",\"position\":2,\"name\":\"[FR] Colombia: grupos armados asesinan a cuatro ind\u00edgenas y declaran \u00abobjetivo militar\u00bb a los l\u00edderes\"}]},{\"@type\":\"WebSite\",\"@id\":\"https:\/\/www.cric-colombia.org\/portal\/#website\",\"url\":\"https:\/\/www.cric-colombia.org\/portal\/\",\"name\":\"Consejo Regional Ind\u00edgena del Cauca - CRIC\",\"description\":\"P\u00e1gina oficial del Consejo Regional Ind\u00edgena del Cauca, Colombia\",\"publisher\":{\"@id\":\"https:\/\/www.cric-colombia.org\/portal\/#organization\"},\"potentialAction\":[{\"@type\":\"SearchAction\",\"target\":{\"@type\":\"EntryPoint\",\"urlTemplate\":\"https:\/\/www.cric-colombia.org\/portal\/?s={search_term_string}\"},\"query-input\":\"required name=search_term_string\"}],\"inLanguage\":\"es\"},{\"@type\":\"Organization\",\"@id\":\"https:\/\/www.cric-colombia.org\/portal\/#organization\",\"name\":\"Consejo Regional Ind\u00edgena del Cauca\",\"url\":\"https:\/\/www.cric-colombia.org\/portal\/\",\"logo\":{\"@type\":\"ImageObject\",\"inLanguage\":\"es\",\"@id\":\"https:\/\/www.cric-colombia.org\/portal\/#\/schema\/logo\/image\/\",\"url\":\"https:\/\/www.cric-colombia.org\/portal\/wp-content\/uploads\/2015\/08\/logo_cric.jpg\",\"contentUrl\":\"https:\/\/www.cric-colombia.org\/portal\/wp-content\/uploads\/2015\/08\/logo_cric.jpg\",\"width\":512,\"height\":512,\"caption\":\"Consejo Regional Ind\u00edgena del Cauca\"},\"image\":{\"@id\":\"https:\/\/www.cric-colombia.org\/portal\/#\/schema\/logo\/image\/\"},\"sameAs\":[\"https:\/\/www.facebook.com\/cric.colombia\/\",\"https:\/\/twitter.com\/CRIC_Cauca\"]},{\"@type\":\"Person\",\"@id\":\"https:\/\/www.cric-colombia.org\/portal\/#\/schema\/person\/ab3a3099267de33d55f74f34ba201931\",\"name\":\"Comunicaciones CRIC\",\"image\":{\"@type\":\"ImageObject\",\"inLanguage\":\"es\",\"@id\":\"https:\/\/www.cric-colombia.org\/portal\/#\/schema\/person\/image\/\",\"url\":\"https:\/\/secure.gravatar.com\/avatar\/a8d1a6cfcb82a80d09dafefdcc3dcc8a?s=96&d=retro&r=g\",\"contentUrl\":\"https:\/\/secure.gravatar.com\/avatar\/a8d1a6cfcb82a80d09dafefdcc3dcc8a?s=96&d=retro&r=g\",\"caption\":\"Comunicaciones CRIC\"},\"url\":\"https:\/\/www.cric-colombia.org\/portal\/author\/comunicaciones\/\"}]}<\/script>\n<!-- \/ Yoast SEO plugin. -->","yoast_head_json":{"title":"[FR] Colombia: grupos armados asesinan a cuatro ind\u00edgenas y declaran \"objetivo militar\" a los l\u00edderes - Consejo Regional Ind\u00edgena del Cauca - CRIC","robots":{"index":"index","follow":"follow","max-snippet":"max-snippet:-1","max-image-preview":"max-image-preview:large","max-video-preview":"max-video-preview:-1"},"canonical":"https:\/\/www.cric-colombia.org\/portal\/fr-colombia-grupos-armados-asesinan-a-cuatro-indigenas-y-declaran-objetivo-militar-a-los-lideres\/","og_locale":"es_ES","og_type":"article","og_title":"[FR] Colombia: grupos armados asesinan a cuatro ind\u00edgenas y declaran \"objetivo militar\" a los l\u00edderes - Consejo Regional Ind\u00edgena del Cauca - CRIC","og_description":"Horas despu\u00e9s de una masacre perpetrada por hombres armados en el departamento del Cauca, las disidencias de las Farc amenazaron de muerte al senador del pueblo nasa Feliciano Valencia y a los l\u00edderes ancestrales de seis municipios por defender la sustituci\u00f3n de la coca por cultivos l\u00edcitos. Esto ocurre la misma semana en la que","og_url":"https:\/\/www.cric-colombia.org\/portal\/fr-colombia-grupos-armados-asesinan-a-cuatro-indigenas-y-declaran-objetivo-militar-a-los-lideres\/","og_site_name":"Consejo Regional Ind\u00edgena del Cauca - CRIC","article_publisher":"https:\/\/www.facebook.com\/cric.colombia\/","article_published_time":"2020-12-07T20:17:56+00:00","og_image":[{"width":1000,"height":666,"url":"https:\/\/www.cric-colombia.org\/portal\/wp-content\/uploads\/2020\/10\/Feliciano_Valencia.jpg","type":"image\/jpeg"}],"author":"Comunicaciones CRIC","twitter_card":"summary_large_image","twitter_creator":"@CRIC_Cauca","twitter_site":"@CRIC_Cauca","twitter_misc":{"Escrito por":"Comunicaciones CRIC","Tiempo de lectura":"5 minutos"},"schema":{"@context":"https:\/\/schema.org","@graph":[{"@type":"Article","@id":"https:\/\/www.cric-colombia.org\/portal\/fr-colombia-grupos-armados-asesinan-a-cuatro-indigenas-y-declaran-objetivo-militar-a-los-lideres\/#article","isPartOf":{"@id":"https:\/\/www.cric-colombia.org\/portal\/fr-colombia-grupos-armados-asesinan-a-cuatro-indigenas-y-declaran-objetivo-militar-a-los-lideres\/"},"author":{"name":"Comunicaciones CRIC","@id":"https:\/\/www.cric-colombia.org\/portal\/#\/schema\/person\/ab3a3099267de33d55f74f34ba201931"},"headline":"[FR] Colombia: grupos armados asesinan a cuatro ind\u00edgenas y declaran \u00abobjetivo militar\u00bb a los l\u00edderes","datePublished":"2020-12-07T20:17:56+00:00","dateModified":"2020-12-07T20:17:56+00:00","mainEntityOfPage":{"@id":"https:\/\/www.cric-colombia.org\/portal\/fr-colombia-grupos-armados-asesinan-a-cuatro-indigenas-y-declaran-objetivo-militar-a-los-lideres\/"},"wordCount":1095,"commentCount":0,"publisher":{"@id":"https:\/\/www.cric-colombia.org\/portal\/#organization"},"keywords":["Francia"],"articleSection":["Actualidad Ind\u00edgena Global"],"inLanguage":"es","potentialAction":[{"@type":"CommentAction","name":"Comment","target":["https:\/\/www.cric-colombia.org\/portal\/fr-colombia-grupos-armados-asesinan-a-cuatro-indigenas-y-declaran-objetivo-militar-a-los-lideres\/#respond"]}]},{"@type":"WebPage","@id":"https:\/\/www.cric-colombia.org\/portal\/fr-colombia-grupos-armados-asesinan-a-cuatro-indigenas-y-declaran-objetivo-militar-a-los-lideres\/","url":"https:\/\/www.cric-colombia.org\/portal\/fr-colombia-grupos-armados-asesinan-a-cuatro-indigenas-y-declaran-objetivo-militar-a-los-lideres\/","name":"[FR] Colombia: grupos armados asesinan a cuatro ind\u00edgenas y declaran \"objetivo militar\" a los l\u00edderes - Consejo Regional Ind\u00edgena del Cauca - CRIC","isPartOf":{"@id":"https:\/\/www.cric-colombia.org\/portal\/#website"},"datePublished":"2020-12-07T20:17:56+00:00","dateModified":"2020-12-07T20:17:56+00:00","breadcrumb":{"@id":"https:\/\/www.cric-colombia.org\/portal\/fr-colombia-grupos-armados-asesinan-a-cuatro-indigenas-y-declaran-objetivo-militar-a-los-lideres\/#breadcrumb"},"inLanguage":"es","potentialAction":[{"@type":"ReadAction","target":["https:\/\/www.cric-colombia.org\/portal\/fr-colombia-grupos-armados-asesinan-a-cuatro-indigenas-y-declaran-objetivo-militar-a-los-lideres\/"]}]},{"@type":"BreadcrumbList","@id":"https:\/\/www.cric-colombia.org\/portal\/fr-colombia-grupos-armados-asesinan-a-cuatro-indigenas-y-declaran-objetivo-militar-a-los-lideres\/#breadcrumb","itemListElement":[{"@type":"ListItem","position":1,"name":"Portada","item":"https:\/\/www.cric-colombia.org\/portal\/"},{"@type":"ListItem","position":2,"name":"[FR] Colombia: grupos armados asesinan a cuatro ind\u00edgenas y declaran \u00abobjetivo militar\u00bb a los l\u00edderes"}]},{"@type":"WebSite","@id":"https:\/\/www.cric-colombia.org\/portal\/#website","url":"https:\/\/www.cric-colombia.org\/portal\/","name":"Consejo Regional Ind\u00edgena del Cauca - CRIC","description":"P\u00e1gina oficial del Consejo Regional Ind\u00edgena del Cauca, Colombia","publisher":{"@id":"https:\/\/www.cric-colombia.org\/portal\/#organization"},"potentialAction":[{"@type":"SearchAction","target":{"@type":"EntryPoint","urlTemplate":"https:\/\/www.cric-colombia.org\/portal\/?s={search_term_string}"},"query-input":"required name=search_term_string"}],"inLanguage":"es"},{"@type":"Organization","@id":"https:\/\/www.cric-colombia.org\/portal\/#organization","name":"Consejo Regional Ind\u00edgena del Cauca","url":"https:\/\/www.cric-colombia.org\/portal\/","logo":{"@type":"ImageObject","inLanguage":"es","@id":"https:\/\/www.cric-colombia.org\/portal\/#\/schema\/logo\/image\/","url":"https:\/\/www.cric-colombia.org\/portal\/wp-content\/uploads\/2015\/08\/logo_cric.jpg","contentUrl":"https:\/\/www.cric-colombia.org\/portal\/wp-content\/uploads\/2015\/08\/logo_cric.jpg","width":512,"height":512,"caption":"Consejo Regional Ind\u00edgena del Cauca"},"image":{"@id":"https:\/\/www.cric-colombia.org\/portal\/#\/schema\/logo\/image\/"},"sameAs":["https:\/\/www.facebook.com\/cric.colombia\/","https:\/\/twitter.com\/CRIC_Cauca"]},{"@type":"Person","@id":"https:\/\/www.cric-colombia.org\/portal\/#\/schema\/person\/ab3a3099267de33d55f74f34ba201931","name":"Comunicaciones CRIC","image":{"@type":"ImageObject","inLanguage":"es","@id":"https:\/\/www.cric-colombia.org\/portal\/#\/schema\/person\/image\/","url":"https:\/\/secure.gravatar.com\/avatar\/a8d1a6cfcb82a80d09dafefdcc3dcc8a?s=96&d=retro&r=g","contentUrl":"https:\/\/secure.gravatar.com\/avatar\/a8d1a6cfcb82a80d09dafefdcc3dcc8a?s=96&d=retro&r=g","caption":"Comunicaciones CRIC"},"url":"https:\/\/www.cric-colombia.org\/portal\/author\/comunicaciones\/"}]}},"jetpack_featured_media_url":"https:\/\/www.cric-colombia.org\/portal\/wp-content\/uploads\/2020\/10\/Feliciano_Valencia.jpg","_links":{"self":[{"href":"https:\/\/www.cric-colombia.org\/portal\/wp-json\/wp\/v2\/posts\/29842"}],"collection":[{"href":"https:\/\/www.cric-colombia.org\/portal\/wp-json\/wp\/v2\/posts"}],"about":[{"href":"https:\/\/www.cric-colombia.org\/portal\/wp-json\/wp\/v2\/types\/post"}],"author":[{"embeddable":true,"href":"https:\/\/www.cric-colombia.org\/portal\/wp-json\/wp\/v2\/users\/6"}],"replies":[{"embeddable":true,"href":"https:\/\/www.cric-colombia.org\/portal\/wp-json\/wp\/v2\/comments?post=29842"}],"version-history":[{"count":1,"href":"https:\/\/www.cric-colombia.org\/portal\/wp-json\/wp\/v2\/posts\/29842\/revisions"}],"predecessor-version":[{"id":29843,"href":"https:\/\/www.cric-colombia.org\/portal\/wp-json\/wp\/v2\/posts\/29842\/revisions\/29843"}],"wp:featuredmedia":[{"embeddable":true,"href":"https:\/\/www.cric-colombia.org\/portal\/wp-json\/wp\/v2\/media\/29408"}],"wp:attachment":[{"href":"https:\/\/www.cric-colombia.org\/portal\/wp-json\/wp\/v2\/media?parent=29842"}],"wp:term":[{"taxonomy":"category","embeddable":true,"href":"https:\/\/www.cric-colombia.org\/portal\/wp-json\/wp\/v2\/categories?post=29842"},{"taxonomy":"post_tag","embeddable":true,"href":"https:\/\/www.cric-colombia.org\/portal\/wp-json\/wp\/v2\/tags?post=29842"}],"curies":[{"name":"wp","href":"https:\/\/api.w.org\/{rel}","templated":true}]}}