{"id":28798,"date":"2020-09-14T15:34:00","date_gmt":"2020-09-14T20:34:00","guid":{"rendered":"https:\/\/www.cric-colombia.org\/portal\/?p=28798"},"modified":"2020-09-14T15:34:00","modified_gmt":"2020-09-14T20:34:00","slug":"indigenas-del-pueblo-totoroez-nos-quieren-extinguir","status":"publish","type":"post","link":"https:\/\/www.cric-colombia.org\/portal\/indigenas-del-pueblo-totoroez-nos-quieren-extinguir\/","title":{"rendered":"Ind\u00edgenas del Pueblo Totoroez: \u201cNos quieren extinguir\u201d"},"content":{"rendered":"<p>A pesar que desde la entrada a la poblaci\u00f3n del municipio de Totor\u00f3 hay mecanismos de prevenci\u00f3n, <strong>ahora no solamente se deben prevenir del Covid19, ahora se tienen que prevenir del virus del exterminio por manos criminales<\/strong>, pues adem\u00e1s de hacer la desinfecci\u00f3n, el lavado de manos y el sahumerio, tambi\u00e9n se debe estar atento pues cualquier extra\u00f1o se convierte en sospechoso.<\/p>\n<p><strong>Es dif\u00edcil distinguir quien saluda porque todos sin excepci\u00f3n llevan puesto el tapabocas que combina con los ojos tristes, los mismos ojos que desde el viernes 11 de septiembre lloran el asesinato por manos criminales del coordinador del programa de salud del pueblo Totoroez Oliverio Conejo S\u00e1nchez y su hija Emily Jackeline Conejo Angucho,<\/strong> quienes fueron esperados en inmediaciones de la vereda Chuscales sobre la v\u00eda que conduce al departamento del Huila para acabar con sus vidas.<\/p>\n<p><img decoding=\"async\" loading=\"lazy\" class=\"size-medium wp-image-28800 aligncenter\" src=\"https:\/\/www.cric-colombia.org\/portal\/wp-content\/uploads\/2020\/09\/rueda-de-prensa_12-300x184.jpg\" alt=\"\" width=\"300\" height=\"184\" srcset=\"https:\/\/www.cric-colombia.org\/portal\/wp-content\/uploads\/2020\/09\/rueda-de-prensa_12-300x184.jpg 300w, https:\/\/www.cric-colombia.org\/portal\/wp-content\/uploads\/2020\/09\/rueda-de-prensa_12-768x472.jpg 768w, https:\/\/www.cric-colombia.org\/portal\/wp-content\/uploads\/2020\/09\/rueda-de-prensa_12-1024x629.jpg 1024w, https:\/\/www.cric-colombia.org\/portal\/wp-content\/uploads\/2020\/09\/rueda-de-prensa_12-356x220.jpg 356w, https:\/\/www.cric-colombia.org\/portal\/wp-content\/uploads\/2020\/09\/rueda-de-prensa_12-696x428.jpg 696w, https:\/\/www.cric-colombia.org\/portal\/wp-content\/uploads\/2020\/09\/rueda-de-prensa_12-1068x656.jpg 1068w, https:\/\/www.cric-colombia.org\/portal\/wp-content\/uploads\/2020\/09\/rueda-de-prensa_12-683x420.jpg 683w\" sizes=\"(max-width: 300px) 100vw, 300px\" \/><\/p>\n<p>Todo indica que \u00e9ste como muchos otros cr\u00edmenes ya hab\u00edan sido anunciados en la regi\u00f3n, pues desde el a\u00f1o anterior las Autoridades Tradicionales le hicieron conocer al Gobierno nacional que hab\u00eda una amenaza contra su pueblo, siendo la respuesta de este, seg\u00fan lo indica el gobernador del Cabildo Ind\u00edgena <em><strong>\u201caqu\u00ed no pasa nada\u201d<\/strong> <\/em>pero a la gente la est\u00e1n matando como ocurre en el resto del pa\u00eds donde los planes de salvaguarda no se han puesto en marcha y el exterminio de los pueblos contin\u00faa.<\/p>\n<p>As\u00ed inici\u00f3 la rueda de prensa organizada en la calle principal de Totor\u00f3 en la casa del cabildo ind\u00edgena con presencia de la Consejer\u00eda Mayor del CRIC, la consejera de derechos humanos de la ONIC Aida Marina Quilcu\u00e9 Vivas, el senador ind\u00edgena Feliciano Valencia, el alcalde municipal Jos\u00e9 Fernando Conejo, las delegaciones de las 127 autoridades ind\u00edgenas del Cauca, La Guardia ind\u00edgena y funcionarios del Gobierno Nacional, adem\u00e1s de la participaci\u00f3n de diferentes delegaciones que no solo condenaron el crimen, sino que se\u00f1alaron responsables dejando claro que uno de ellos es el Gobierno Nacional que sigue sin prestarle atenci\u00f3n a los llamados continuos que se han hecho para que se act\u00fae en defensa de los pueblos originarios, de igual forma, el alcalde municipal de Totor\u00f3 Jos\u00e9 Fernando Conejo anunci\u00f3 la convocatoria a un Consejo Extraordinario de Seguridad con altos mandos de las fuerzas armadas. <strong><em>\u201cNo queremos que sea un consejo de seguridad m\u00e1s sino un espacio que tome acciones para proteger a la poblaci\u00f3n amenazada<\/em>\u201d<\/strong> asegur\u00f3 el mandatario local.<\/p>\n<p><img decoding=\"async\" loading=\"lazy\" class=\"size-medium wp-image-28801 aligncenter\" src=\"https:\/\/www.cric-colombia.org\/portal\/wp-content\/uploads\/2020\/09\/rueda-de-prensa_30-300x206.jpg\" alt=\"\" width=\"300\" height=\"206\" srcset=\"https:\/\/www.cric-colombia.org\/portal\/wp-content\/uploads\/2020\/09\/rueda-de-prensa_30-300x206.jpg 300w, https:\/\/www.cric-colombia.org\/portal\/wp-content\/uploads\/2020\/09\/rueda-de-prensa_30-768x527.jpg 768w, https:\/\/www.cric-colombia.org\/portal\/wp-content\/uploads\/2020\/09\/rueda-de-prensa_30-1024x703.jpg 1024w, https:\/\/www.cric-colombia.org\/portal\/wp-content\/uploads\/2020\/09\/rueda-de-prensa_30-100x70.jpg 100w, https:\/\/www.cric-colombia.org\/portal\/wp-content\/uploads\/2020\/09\/rueda-de-prensa_30-218x150.jpg 218w, https:\/\/www.cric-colombia.org\/portal\/wp-content\/uploads\/2020\/09\/rueda-de-prensa_30-696x478.jpg 696w, https:\/\/www.cric-colombia.org\/portal\/wp-content\/uploads\/2020\/09\/rueda-de-prensa_30-1068x733.jpg 1068w, https:\/\/www.cric-colombia.org\/portal\/wp-content\/uploads\/2020\/09\/rueda-de-prensa_30-612x420.jpg 612w\" sizes=\"(max-width: 300px) 100vw, 300px\" \/><\/p>\n<p>Todo indicaba que el evento era convocado por el asesinato de dos comuneros, pero en la medida en que avanzaba la rueda de prensa se arroj\u00f3 m\u00e1s informaci\u00f3n que seguramente ni la comunidad ni los medios de comunicaci\u00f3n conoc\u00edan. <strong>Las cifras no son nada alentadoras, en el a\u00f1o que transcurre han sido asesinados 61 comuneros en el departamento del Cauca<\/strong>, el hacer trizas el acuerdo de paz sigue en marcha y la presencia de grupos armados en busca de quitarle la autonom\u00eda a las autoridades ind\u00edgenas no se detiene y como si fuera poco se nota que le gana la batalla al propio gobierno nacional.<\/p>\n<p><img decoding=\"async\" loading=\"lazy\" class=\"size-medium wp-image-28802 aligncenter\" src=\"https:\/\/www.cric-colombia.org\/portal\/wp-content\/uploads\/2020\/09\/rueda-de-prensa_25-300x199.jpg\" alt=\"\" width=\"300\" height=\"199\" srcset=\"https:\/\/www.cric-colombia.org\/portal\/wp-content\/uploads\/2020\/09\/rueda-de-prensa_25-300x199.jpg 300w, https:\/\/www.cric-colombia.org\/portal\/wp-content\/uploads\/2020\/09\/rueda-de-prensa_25-768x509.jpg 768w, https:\/\/www.cric-colombia.org\/portal\/wp-content\/uploads\/2020\/09\/rueda-de-prensa_25-1024x679.jpg 1024w, https:\/\/www.cric-colombia.org\/portal\/wp-content\/uploads\/2020\/09\/rueda-de-prensa_25-696x461.jpg 696w, https:\/\/www.cric-colombia.org\/portal\/wp-content\/uploads\/2020\/09\/rueda-de-prensa_25-1068x708.jpg 1068w, https:\/\/www.cric-colombia.org\/portal\/wp-content\/uploads\/2020\/09\/rueda-de-prensa_25-634x420.jpg 634w\" sizes=\"(max-width: 300px) 100vw, 300px\" \/><\/p>\n<p>Pero faltaba el puntillazo final en esta entrega de cifras y es que <strong>en las \u00faltimas horas 16 comuneros de Totor\u00f3 entre ex cabildantes, exfuncionarios de la alcald\u00eda municipal, concejales fueron declarados objetivos militares a trav\u00e9s de un pasqu\u00edn que circul\u00f3 en el centro poblado.<\/strong> La respuesta no se hizo esperar y dejaron claro que no se van a esconder del miedo, que unir\u00e1n sus fuerzas y que se har\u00e1n sentir como pueblo para pervivir en medio de las amenazas. Otros fueron m\u00e1s expl\u00edcitos y les pidieron a sus detractores que \u201c<em>tengan pantalones\u201d<\/em> y denuncien si hay irregularidades y que est\u00e1n dispuestos a colocar la cara para hacer las aclaraciones que sean necesarias.<\/p>\n<p>Contrario a lo que muchos piensan, no hab\u00eda caras de tristeza, hab\u00eda caras de rabia y las manifestaciones son las de seguir sus postulados de <strong><em>\u201cla esencia nos es la apariencia y esa es la diferencia\u201d.<\/em><\/strong><\/p>\n<p><strong>POR: PROGRAMA DE COMUNICACIONES CRIC\u00a0<\/strong><\/p>\n","protected":false},"excerpt":{"rendered":"<p>A pesar que desde la entrada a la poblaci\u00f3n del municipio de Totor\u00f3 hay mecanismos de prevenci\u00f3n, ahora no solamente se deben prevenir del Covid19, ahora se tienen que prevenir del virus del exterminio por manos criminales, pues adem\u00e1s de hacer la desinfecci\u00f3n, el lavado de manos y el sahumerio, tambi\u00e9n se debe estar atento <\/p>\n","protected":false},"author":6,"featured_media":0,"comment_status":"open","ping_status":"open","sticky":false,"template":"","format":"standard","meta":{"footnotes":""},"categories":[132],"tags":[241,203],"yoast_head":"<!-- This site is optimized with the Yoast SEO plugin v20.12 - https:\/\/yoast.com\/wordpress\/plugins\/seo\/ -->\n<title>Ind\u00edgenas del Pueblo Totoroez: \u201cNos quieren extinguir\u201d - Consejo Regional Ind\u00edgena del Cauca - CRIC<\/title>\n<meta name=\"robots\" content=\"index, follow, max-snippet:-1, max-image-preview:large, max-video-preview:-1\" \/>\n<link rel=\"canonical\" href=\"https:\/\/www.cric-colombia.org\/portal\/indigenas-del-pueblo-totoroez-nos-quieren-extinguir\/\" \/>\n<meta property=\"og:locale\" content=\"es_ES\" \/>\n<meta property=\"og:type\" content=\"article\" \/>\n<meta property=\"og:title\" content=\"Ind\u00edgenas del Pueblo Totoroez: \u201cNos quieren extinguir\u201d - Consejo Regional Ind\u00edgena del Cauca - CRIC\" \/>\n<meta property=\"og:description\" content=\"A pesar que desde la entrada a la poblaci\u00f3n del municipio de Totor\u00f3 hay mecanismos de prevenci\u00f3n, ahora no solamente se deben prevenir del Covid19, ahora se tienen que prevenir del virus del exterminio por manos criminales, pues adem\u00e1s de hacer la desinfecci\u00f3n, el lavado de manos y el sahumerio, tambi\u00e9n se debe estar atento\" \/>\n<meta property=\"og:url\" content=\"https:\/\/www.cric-colombia.org\/portal\/indigenas-del-pueblo-totoroez-nos-quieren-extinguir\/\" \/>\n<meta property=\"og:site_name\" content=\"Consejo Regional Ind\u00edgena del Cauca - CRIC\" \/>\n<meta property=\"article:publisher\" content=\"https:\/\/www.facebook.com\/cric.colombia\/\" \/>\n<meta property=\"article:published_time\" content=\"2020-09-14T20:34:00+00:00\" \/>\n<meta property=\"og:image\" content=\"https:\/\/www.cric-colombia.org\/portal\/wp-content\/uploads\/2020\/09\/rueda-de-prensa_12-300x184.jpg\" \/>\n<meta name=\"author\" content=\"Comunicaciones CRIC\" \/>\n<meta name=\"twitter:card\" content=\"summary_large_image\" \/>\n<meta name=\"twitter:creator\" content=\"@CRIC_Cauca\" \/>\n<meta name=\"twitter:site\" content=\"@CRIC_Cauca\" \/>\n<meta name=\"twitter:label1\" content=\"Escrito por\" \/>\n\t<meta name=\"twitter:data1\" content=\"Comunicaciones CRIC\" \/>\n\t<meta name=\"twitter:label2\" content=\"Tiempo de lectura\" \/>\n\t<meta name=\"twitter:data2\" content=\"3 minutos\" \/>\n<script type=\"application\/ld+json\" class=\"yoast-schema-graph\">{\"@context\":\"https:\/\/schema.org\",\"@graph\":[{\"@type\":\"Article\",\"@id\":\"https:\/\/www.cric-colombia.org\/portal\/indigenas-del-pueblo-totoroez-nos-quieren-extinguir\/#article\",\"isPartOf\":{\"@id\":\"https:\/\/www.cric-colombia.org\/portal\/indigenas-del-pueblo-totoroez-nos-quieren-extinguir\/\"},\"author\":{\"name\":\"Comunicaciones CRIC\",\"@id\":\"https:\/\/www.cric-colombia.org\/portal\/#\/schema\/person\/ab3a3099267de33d55f74f34ba201931\"},\"headline\":\"Ind\u00edgenas del Pueblo Totoroez: \u201cNos quieren extinguir\u201d\",\"datePublished\":\"2020-09-14T20:34:00+00:00\",\"dateModified\":\"2020-09-14T20:34:00+00:00\",\"mainEntityOfPage\":{\"@id\":\"https:\/\/www.cric-colombia.org\/portal\/indigenas-del-pueblo-totoroez-nos-quieren-extinguir\/\"},\"wordCount\":705,\"commentCount\":0,\"publisher\":{\"@id\":\"https:\/\/www.cric-colombia.org\/portal\/#organization\"},\"keywords\":[\"asesinato\",\"totoro\"],\"articleSection\":[\"Nota minga hacia dentro\"],\"inLanguage\":\"es\",\"potentialAction\":[{\"@type\":\"CommentAction\",\"name\":\"Comment\",\"target\":[\"https:\/\/www.cric-colombia.org\/portal\/indigenas-del-pueblo-totoroez-nos-quieren-extinguir\/#respond\"]}]},{\"@type\":\"WebPage\",\"@id\":\"https:\/\/www.cric-colombia.org\/portal\/indigenas-del-pueblo-totoroez-nos-quieren-extinguir\/\",\"url\":\"https:\/\/www.cric-colombia.org\/portal\/indigenas-del-pueblo-totoroez-nos-quieren-extinguir\/\",\"name\":\"Ind\u00edgenas del Pueblo Totoroez: \u201cNos quieren extinguir\u201d - Consejo Regional Ind\u00edgena del Cauca - CRIC\",\"isPartOf\":{\"@id\":\"https:\/\/www.cric-colombia.org\/portal\/#website\"},\"datePublished\":\"2020-09-14T20:34:00+00:00\",\"dateModified\":\"2020-09-14T20:34:00+00:00\",\"breadcrumb\":{\"@id\":\"https:\/\/www.cric-colombia.org\/portal\/indigenas-del-pueblo-totoroez-nos-quieren-extinguir\/#breadcrumb\"},\"inLanguage\":\"es\",\"potentialAction\":[{\"@type\":\"ReadAction\",\"target\":[\"https:\/\/www.cric-colombia.org\/portal\/indigenas-del-pueblo-totoroez-nos-quieren-extinguir\/\"]}]},{\"@type\":\"BreadcrumbList\",\"@id\":\"https:\/\/www.cric-colombia.org\/portal\/indigenas-del-pueblo-totoroez-nos-quieren-extinguir\/#breadcrumb\",\"itemListElement\":[{\"@type\":\"ListItem\",\"position\":1,\"name\":\"Portada\",\"item\":\"https:\/\/www.cric-colombia.org\/portal\/\"},{\"@type\":\"ListItem\",\"position\":2,\"name\":\"Ind\u00edgenas del Pueblo Totoroez: \u201cNos quieren extinguir\u201d\"}]},{\"@type\":\"WebSite\",\"@id\":\"https:\/\/www.cric-colombia.org\/portal\/#website\",\"url\":\"https:\/\/www.cric-colombia.org\/portal\/\",\"name\":\"Consejo Regional Ind\u00edgena del Cauca - CRIC\",\"description\":\"P\u00e1gina oficial del Consejo Regional Ind\u00edgena del Cauca, Colombia\",\"publisher\":{\"@id\":\"https:\/\/www.cric-colombia.org\/portal\/#organization\"},\"potentialAction\":[{\"@type\":\"SearchAction\",\"target\":{\"@type\":\"EntryPoint\",\"urlTemplate\":\"https:\/\/www.cric-colombia.org\/portal\/?s={search_term_string}\"},\"query-input\":\"required name=search_term_string\"}],\"inLanguage\":\"es\"},{\"@type\":\"Organization\",\"@id\":\"https:\/\/www.cric-colombia.org\/portal\/#organization\",\"name\":\"Consejo Regional Ind\u00edgena del Cauca\",\"url\":\"https:\/\/www.cric-colombia.org\/portal\/\",\"logo\":{\"@type\":\"ImageObject\",\"inLanguage\":\"es\",\"@id\":\"https:\/\/www.cric-colombia.org\/portal\/#\/schema\/logo\/image\/\",\"url\":\"https:\/\/www.cric-colombia.org\/portal\/wp-content\/uploads\/2015\/08\/logo_cric.jpg\",\"contentUrl\":\"https:\/\/www.cric-colombia.org\/portal\/wp-content\/uploads\/2015\/08\/logo_cric.jpg\",\"width\":512,\"height\":512,\"caption\":\"Consejo Regional Ind\u00edgena del Cauca\"},\"image\":{\"@id\":\"https:\/\/www.cric-colombia.org\/portal\/#\/schema\/logo\/image\/\"},\"sameAs\":[\"https:\/\/www.facebook.com\/cric.colombia\/\",\"https:\/\/twitter.com\/CRIC_Cauca\"]},{\"@type\":\"Person\",\"@id\":\"https:\/\/www.cric-colombia.org\/portal\/#\/schema\/person\/ab3a3099267de33d55f74f34ba201931\",\"name\":\"Comunicaciones CRIC\",\"image\":{\"@type\":\"ImageObject\",\"inLanguage\":\"es\",\"@id\":\"https:\/\/www.cric-colombia.org\/portal\/#\/schema\/person\/image\/\",\"url\":\"https:\/\/secure.gravatar.com\/avatar\/a8d1a6cfcb82a80d09dafefdcc3dcc8a?s=96&d=retro&r=g\",\"contentUrl\":\"https:\/\/secure.gravatar.com\/avatar\/a8d1a6cfcb82a80d09dafefdcc3dcc8a?s=96&d=retro&r=g\",\"caption\":\"Comunicaciones CRIC\"},\"url\":\"https:\/\/www.cric-colombia.org\/portal\/author\/comunicaciones\/\"}]}<\/script>\n<!-- \/ Yoast SEO plugin. -->","yoast_head_json":{"title":"Ind\u00edgenas del Pueblo Totoroez: \u201cNos quieren extinguir\u201d - Consejo Regional Ind\u00edgena del Cauca - CRIC","robots":{"index":"index","follow":"follow","max-snippet":"max-snippet:-1","max-image-preview":"max-image-preview:large","max-video-preview":"max-video-preview:-1"},"canonical":"https:\/\/www.cric-colombia.org\/portal\/indigenas-del-pueblo-totoroez-nos-quieren-extinguir\/","og_locale":"es_ES","og_type":"article","og_title":"Ind\u00edgenas del Pueblo Totoroez: \u201cNos quieren extinguir\u201d - Consejo Regional Ind\u00edgena del Cauca - CRIC","og_description":"A pesar que desde la entrada a la poblaci\u00f3n del municipio de Totor\u00f3 hay mecanismos de prevenci\u00f3n, ahora no solamente se deben prevenir del Covid19, ahora se tienen que prevenir del virus del exterminio por manos criminales, pues adem\u00e1s de hacer la desinfecci\u00f3n, el lavado de manos y el sahumerio, tambi\u00e9n se debe estar atento","og_url":"https:\/\/www.cric-colombia.org\/portal\/indigenas-del-pueblo-totoroez-nos-quieren-extinguir\/","og_site_name":"Consejo Regional Ind\u00edgena del Cauca - CRIC","article_publisher":"https:\/\/www.facebook.com\/cric.colombia\/","article_published_time":"2020-09-14T20:34:00+00:00","og_image":[{"url":"https:\/\/www.cric-colombia.org\/portal\/wp-content\/uploads\/2020\/09\/rueda-de-prensa_12-300x184.jpg"}],"author":"Comunicaciones CRIC","twitter_card":"summary_large_image","twitter_creator":"@CRIC_Cauca","twitter_site":"@CRIC_Cauca","twitter_misc":{"Escrito por":"Comunicaciones CRIC","Tiempo de lectura":"3 minutos"},"schema":{"@context":"https:\/\/schema.org","@graph":[{"@type":"Article","@id":"https:\/\/www.cric-colombia.org\/portal\/indigenas-del-pueblo-totoroez-nos-quieren-extinguir\/#article","isPartOf":{"@id":"https:\/\/www.cric-colombia.org\/portal\/indigenas-del-pueblo-totoroez-nos-quieren-extinguir\/"},"author":{"name":"Comunicaciones CRIC","@id":"https:\/\/www.cric-colombia.org\/portal\/#\/schema\/person\/ab3a3099267de33d55f74f34ba201931"},"headline":"Ind\u00edgenas del Pueblo Totoroez: \u201cNos quieren extinguir\u201d","datePublished":"2020-09-14T20:34:00+00:00","dateModified":"2020-09-14T20:34:00+00:00","mainEntityOfPage":{"@id":"https:\/\/www.cric-colombia.org\/portal\/indigenas-del-pueblo-totoroez-nos-quieren-extinguir\/"},"wordCount":705,"commentCount":0,"publisher":{"@id":"https:\/\/www.cric-colombia.org\/portal\/#organization"},"keywords":["asesinato","totoro"],"articleSection":["Nota minga hacia dentro"],"inLanguage":"es","potentialAction":[{"@type":"CommentAction","name":"Comment","target":["https:\/\/www.cric-colombia.org\/portal\/indigenas-del-pueblo-totoroez-nos-quieren-extinguir\/#respond"]}]},{"@type":"WebPage","@id":"https:\/\/www.cric-colombia.org\/portal\/indigenas-del-pueblo-totoroez-nos-quieren-extinguir\/","url":"https:\/\/www.cric-colombia.org\/portal\/indigenas-del-pueblo-totoroez-nos-quieren-extinguir\/","name":"Ind\u00edgenas del Pueblo Totoroez: \u201cNos quieren extinguir\u201d - Consejo Regional Ind\u00edgena del Cauca - CRIC","isPartOf":{"@id":"https:\/\/www.cric-colombia.org\/portal\/#website"},"datePublished":"2020-09-14T20:34:00+00:00","dateModified":"2020-09-14T20:34:00+00:00","breadcrumb":{"@id":"https:\/\/www.cric-colombia.org\/portal\/indigenas-del-pueblo-totoroez-nos-quieren-extinguir\/#breadcrumb"},"inLanguage":"es","potentialAction":[{"@type":"ReadAction","target":["https:\/\/www.cric-colombia.org\/portal\/indigenas-del-pueblo-totoroez-nos-quieren-extinguir\/"]}]},{"@type":"BreadcrumbList","@id":"https:\/\/www.cric-colombia.org\/portal\/indigenas-del-pueblo-totoroez-nos-quieren-extinguir\/#breadcrumb","itemListElement":[{"@type":"ListItem","position":1,"name":"Portada","item":"https:\/\/www.cric-colombia.org\/portal\/"},{"@type":"ListItem","position":2,"name":"Ind\u00edgenas del Pueblo Totoroez: \u201cNos quieren extinguir\u201d"}]},{"@type":"WebSite","@id":"https:\/\/www.cric-colombia.org\/portal\/#website","url":"https:\/\/www.cric-colombia.org\/portal\/","name":"Consejo Regional Ind\u00edgena del Cauca - CRIC","description":"P\u00e1gina oficial del Consejo Regional Ind\u00edgena del Cauca, Colombia","publisher":{"@id":"https:\/\/www.cric-colombia.org\/portal\/#organization"},"potentialAction":[{"@type":"SearchAction","target":{"@type":"EntryPoint","urlTemplate":"https:\/\/www.cric-colombia.org\/portal\/?s={search_term_string}"},"query-input":"required name=search_term_string"}],"inLanguage":"es"},{"@type":"Organization","@id":"https:\/\/www.cric-colombia.org\/portal\/#organization","name":"Consejo Regional Ind\u00edgena del Cauca","url":"https:\/\/www.cric-colombia.org\/portal\/","logo":{"@type":"ImageObject","inLanguage":"es","@id":"https:\/\/www.cric-colombia.org\/portal\/#\/schema\/logo\/image\/","url":"https:\/\/www.cric-colombia.org\/portal\/wp-content\/uploads\/2015\/08\/logo_cric.jpg","contentUrl":"https:\/\/www.cric-colombia.org\/portal\/wp-content\/uploads\/2015\/08\/logo_cric.jpg","width":512,"height":512,"caption":"Consejo Regional Ind\u00edgena del Cauca"},"image":{"@id":"https:\/\/www.cric-colombia.org\/portal\/#\/schema\/logo\/image\/"},"sameAs":["https:\/\/www.facebook.com\/cric.colombia\/","https:\/\/twitter.com\/CRIC_Cauca"]},{"@type":"Person","@id":"https:\/\/www.cric-colombia.org\/portal\/#\/schema\/person\/ab3a3099267de33d55f74f34ba201931","name":"Comunicaciones CRIC","image":{"@type":"ImageObject","inLanguage":"es","@id":"https:\/\/www.cric-colombia.org\/portal\/#\/schema\/person\/image\/","url":"https:\/\/secure.gravatar.com\/avatar\/a8d1a6cfcb82a80d09dafefdcc3dcc8a?s=96&d=retro&r=g","contentUrl":"https:\/\/secure.gravatar.com\/avatar\/a8d1a6cfcb82a80d09dafefdcc3dcc8a?s=96&d=retro&r=g","caption":"Comunicaciones CRIC"},"url":"https:\/\/www.cric-colombia.org\/portal\/author\/comunicaciones\/"}]}},"jetpack_featured_media_url":"","_links":{"self":[{"href":"https:\/\/www.cric-colombia.org\/portal\/wp-json\/wp\/v2\/posts\/28798"}],"collection":[{"href":"https:\/\/www.cric-colombia.org\/portal\/wp-json\/wp\/v2\/posts"}],"about":[{"href":"https:\/\/www.cric-colombia.org\/portal\/wp-json\/wp\/v2\/types\/post"}],"author":[{"embeddable":true,"href":"https:\/\/www.cric-colombia.org\/portal\/wp-json\/wp\/v2\/users\/6"}],"replies":[{"embeddable":true,"href":"https:\/\/www.cric-colombia.org\/portal\/wp-json\/wp\/v2\/comments?post=28798"}],"version-history":[{"count":1,"href":"https:\/\/www.cric-colombia.org\/portal\/wp-json\/wp\/v2\/posts\/28798\/revisions"}],"predecessor-version":[{"id":28803,"href":"https:\/\/www.cric-colombia.org\/portal\/wp-json\/wp\/v2\/posts\/28798\/revisions\/28803"}],"wp:attachment":[{"href":"https:\/\/www.cric-colombia.org\/portal\/wp-json\/wp\/v2\/media?parent=28798"}],"wp:term":[{"taxonomy":"category","embeddable":true,"href":"https:\/\/www.cric-colombia.org\/portal\/wp-json\/wp\/v2\/categories?post=28798"},{"taxonomy":"post_tag","embeddable":true,"href":"https:\/\/www.cric-colombia.org\/portal\/wp-json\/wp\/v2\/tags?post=28798"}],"curies":[{"name":"wp","href":"https:\/\/api.w.org\/{rel}","templated":true}]}}