{"id":28766,"date":"2020-09-14T07:51:34","date_gmt":"2020-09-14T12:51:34","guid":{"rendered":"https:\/\/www.cric-colombia.org\/portal\/?p=28766"},"modified":"2020-09-14T07:51:34","modified_gmt":"2020-09-14T12:51:34","slug":"minga-de-pensamiento-territorio-ancestral-de-sath-tama-kiwe","status":"publish","type":"post","link":"https:\/\/www.cric-colombia.org\/portal\/minga-de-pensamiento-territorio-ancestral-de-sath-tama-kiwe\/","title":{"rendered":"Minga de pensamiento Territorio Ancestral de Sa\u00b4th Tama Kiwe"},"content":{"rendered":"<p>El Programa de Educaci\u00f3n Biling\u00fce Intercultural -PEBI- realiz\u00f3, <strong><em>\u00abLa minga de pensamiento: memoria del -PEBI- y los 50 a\u00f1os del -CRIC-\u00bb<\/em><\/strong> los d\u00edas 7 y 8 de septiembre de 2020, en el Resguardo Ind\u00edgena de San Lorenzo de Caldono, Territorio Ancestral de Sa\u00b4th Tama Kiwe. <strong>Con el prop\u00f3sito de continuar hilando los procesos de educaci\u00f3n propia en los territorios;<\/strong> donde participaron aproximadamente 200 dinamizadores a nivel local, zonal y regional, de igual forma, participaron los mayores espirituales y las autoridades ind\u00edgenas.<\/p>\n<p><em>\u00abDebemos buscar nuestras propias pedagog\u00edas y saber elegir a las autoridades para que apoyen la educaci\u00f3n propia, debido a que hay algunos que no tienen claro nuestra educaci\u00f3n y desorientan los procesos organizativos. <strong>El reto que tenemos, es avanzar en la dinamizaci\u00f3n de la educaci\u00f3n propia desde nuestro idioma, as\u00ed podremos fortalecer nuestra cultura, en el sentido de que la educaci\u00f3n occidental no nos representa\u00bb<\/strong><\/em><\/p>\n","protected":false},"excerpt":{"rendered":"<p>El Programa de Educaci\u00f3n Biling\u00fce Intercultural -PEBI- realiz\u00f3, \u00abLa minga de pensamiento: memoria del -PEBI- y los 50 a\u00f1os del -CRIC-\u00bb los d\u00edas 7 y 8 de septiembre de 2020, en el Resguardo Ind\u00edgena de San Lorenzo de Caldono, Territorio Ancestral de Sa\u00b4th Tama Kiwe. Con el prop\u00f3sito de continuar hilando los procesos de educaci\u00f3n <\/p>\n","protected":false},"author":6,"featured_media":28767,"comment_status":"open","ping_status":"open","sticky":false,"template":"","format":"video","meta":{"footnotes":""},"categories":[74,76],"tags":[251],"yoast_head":"<!-- This site is optimized with the Yoast SEO plugin v20.12 - https:\/\/yoast.com\/wordpress\/plugins\/seo\/ -->\n<title>Minga de pensamiento Territorio Ancestral de Sa\u00b4th Tama Kiwe - Consejo Regional Ind\u00edgena del Cauca - CRIC<\/title>\n<meta name=\"robots\" content=\"index, follow, max-snippet:-1, max-image-preview:large, max-video-preview:-1\" \/>\n<link rel=\"canonical\" href=\"https:\/\/www.cric-colombia.org\/portal\/minga-de-pensamiento-territorio-ancestral-de-sath-tama-kiwe\/\" \/>\n<meta property=\"og:locale\" content=\"es_ES\" \/>\n<meta property=\"og:type\" content=\"article\" \/>\n<meta property=\"og:title\" content=\"Minga de pensamiento Territorio Ancestral de Sa\u00b4th Tama Kiwe - Consejo Regional Ind\u00edgena del Cauca - CRIC\" \/>\n<meta property=\"og:description\" content=\"El Programa de Educaci\u00f3n Biling\u00fce Intercultural -PEBI- realiz\u00f3, \u00abLa minga de pensamiento: memoria del -PEBI- y los 50 a\u00f1os del -CRIC-\u00bb los d\u00edas 7 y 8 de septiembre de 2020, en el Resguardo Ind\u00edgena de San Lorenzo de Caldono, Territorio Ancestral de Sa\u00b4th Tama Kiwe. Con el prop\u00f3sito de continuar hilando los procesos de educaci\u00f3n\" \/>\n<meta property=\"og:url\" content=\"https:\/\/www.cric-colombia.org\/portal\/minga-de-pensamiento-territorio-ancestral-de-sath-tama-kiwe\/\" \/>\n<meta property=\"og:site_name\" content=\"Consejo Regional Ind\u00edgena del Cauca - CRIC\" \/>\n<meta property=\"article:publisher\" content=\"https:\/\/www.facebook.com\/cric.colombia\/\" \/>\n<meta property=\"article:published_time\" content=\"2020-09-14T12:51:34+00:00\" \/>\n<meta property=\"og:image\" content=\"https:\/\/www.cric-colombia.org\/portal\/wp-content\/uploads\/2020\/09\/Minga-de-pensamiento.png\" \/>\n\t<meta property=\"og:image:width\" content=\"1366\" \/>\n\t<meta property=\"og:image:height\" content=\"768\" \/>\n\t<meta property=\"og:image:type\" content=\"image\/png\" \/>\n<meta name=\"author\" content=\"Comunicaciones CRIC\" \/>\n<meta name=\"twitter:card\" content=\"summary_large_image\" \/>\n<meta name=\"twitter:creator\" content=\"@CRIC_Cauca\" \/>\n<meta name=\"twitter:site\" content=\"@CRIC_Cauca\" \/>\n<meta name=\"twitter:label1\" content=\"Escrito por\" \/>\n\t<meta name=\"twitter:data1\" content=\"Comunicaciones CRIC\" \/>\n\t<meta name=\"twitter:label2\" content=\"Tiempo de lectura\" \/>\n\t<meta name=\"twitter:data2\" content=\"1 minuto\" \/>\n<script type=\"application\/ld+json\" class=\"yoast-schema-graph\">{\"@context\":\"https:\/\/schema.org\",\"@graph\":[{\"@type\":\"Article\",\"@id\":\"https:\/\/www.cric-colombia.org\/portal\/minga-de-pensamiento-territorio-ancestral-de-sath-tama-kiwe\/#article\",\"isPartOf\":{\"@id\":\"https:\/\/www.cric-colombia.org\/portal\/minga-de-pensamiento-territorio-ancestral-de-sath-tama-kiwe\/\"},\"author\":{\"name\":\"Comunicaciones CRIC\",\"@id\":\"https:\/\/www.cric-colombia.org\/portal\/#\/schema\/person\/ab3a3099267de33d55f74f34ba201931\"},\"headline\":\"Minga de pensamiento Territorio Ancestral de Sa\u00b4th Tama Kiwe\",\"datePublished\":\"2020-09-14T12:51:34+00:00\",\"dateModified\":\"2020-09-14T12:51:34+00:00\",\"mainEntityOfPage\":{\"@id\":\"https:\/\/www.cric-colombia.org\/portal\/minga-de-pensamiento-territorio-ancestral-de-sath-tama-kiwe\/\"},\"wordCount\":166,\"commentCount\":0,\"publisher\":{\"@id\":\"https:\/\/www.cric-colombia.org\/portal\/#organization\"},\"keywords\":[\"PEBI\"],\"articleSection\":[\"Multimedia\",\"Videos\"],\"inLanguage\":\"es\",\"potentialAction\":[{\"@type\":\"CommentAction\",\"name\":\"Comment\",\"target\":[\"https:\/\/www.cric-colombia.org\/portal\/minga-de-pensamiento-territorio-ancestral-de-sath-tama-kiwe\/#respond\"]}]},{\"@type\":\"WebPage\",\"@id\":\"https:\/\/www.cric-colombia.org\/portal\/minga-de-pensamiento-territorio-ancestral-de-sath-tama-kiwe\/\",\"url\":\"https:\/\/www.cric-colombia.org\/portal\/minga-de-pensamiento-territorio-ancestral-de-sath-tama-kiwe\/\",\"name\":\"Minga de pensamiento Territorio Ancestral de Sa\u00b4th Tama Kiwe - Consejo Regional Ind\u00edgena del Cauca - CRIC\",\"isPartOf\":{\"@id\":\"https:\/\/www.cric-colombia.org\/portal\/#website\"},\"datePublished\":\"2020-09-14T12:51:34+00:00\",\"dateModified\":\"2020-09-14T12:51:34+00:00\",\"breadcrumb\":{\"@id\":\"https:\/\/www.cric-colombia.org\/portal\/minga-de-pensamiento-territorio-ancestral-de-sath-tama-kiwe\/#breadcrumb\"},\"inLanguage\":\"es\",\"potentialAction\":[{\"@type\":\"ReadAction\",\"target\":[\"https:\/\/www.cric-colombia.org\/portal\/minga-de-pensamiento-territorio-ancestral-de-sath-tama-kiwe\/\"]}]},{\"@type\":\"BreadcrumbList\",\"@id\":\"https:\/\/www.cric-colombia.org\/portal\/minga-de-pensamiento-territorio-ancestral-de-sath-tama-kiwe\/#breadcrumb\",\"itemListElement\":[{\"@type\":\"ListItem\",\"position\":1,\"name\":\"Portada\",\"item\":\"https:\/\/www.cric-colombia.org\/portal\/\"},{\"@type\":\"ListItem\",\"position\":2,\"name\":\"Minga de pensamiento Territorio Ancestral de Sa\u00b4th Tama Kiwe\"}]},{\"@type\":\"WebSite\",\"@id\":\"https:\/\/www.cric-colombia.org\/portal\/#website\",\"url\":\"https:\/\/www.cric-colombia.org\/portal\/\",\"name\":\"Consejo Regional Ind\u00edgena del Cauca - CRIC\",\"description\":\"P\u00e1gina oficial del Consejo Regional Ind\u00edgena del Cauca, Colombia\",\"publisher\":{\"@id\":\"https:\/\/www.cric-colombia.org\/portal\/#organization\"},\"potentialAction\":[{\"@type\":\"SearchAction\",\"target\":{\"@type\":\"EntryPoint\",\"urlTemplate\":\"https:\/\/www.cric-colombia.org\/portal\/?s={search_term_string}\"},\"query-input\":\"required name=search_term_string\"}],\"inLanguage\":\"es\"},{\"@type\":\"Organization\",\"@id\":\"https:\/\/www.cric-colombia.org\/portal\/#organization\",\"name\":\"Consejo Regional Ind\u00edgena del Cauca\",\"url\":\"https:\/\/www.cric-colombia.org\/portal\/\",\"logo\":{\"@type\":\"ImageObject\",\"inLanguage\":\"es\",\"@id\":\"https:\/\/www.cric-colombia.org\/portal\/#\/schema\/logo\/image\/\",\"url\":\"https:\/\/www.cric-colombia.org\/portal\/wp-content\/uploads\/2015\/08\/logo_cric.jpg\",\"contentUrl\":\"https:\/\/www.cric-colombia.org\/portal\/wp-content\/uploads\/2015\/08\/logo_cric.jpg\",\"width\":512,\"height\":512,\"caption\":\"Consejo Regional Ind\u00edgena del Cauca\"},\"image\":{\"@id\":\"https:\/\/www.cric-colombia.org\/portal\/#\/schema\/logo\/image\/\"},\"sameAs\":[\"https:\/\/www.facebook.com\/cric.colombia\/\",\"https:\/\/twitter.com\/CRIC_Cauca\"]},{\"@type\":\"Person\",\"@id\":\"https:\/\/www.cric-colombia.org\/portal\/#\/schema\/person\/ab3a3099267de33d55f74f34ba201931\",\"name\":\"Comunicaciones CRIC\",\"image\":{\"@type\":\"ImageObject\",\"inLanguage\":\"es\",\"@id\":\"https:\/\/www.cric-colombia.org\/portal\/#\/schema\/person\/image\/\",\"url\":\"https:\/\/secure.gravatar.com\/avatar\/a8d1a6cfcb82a80d09dafefdcc3dcc8a?s=96&d=retro&r=g\",\"contentUrl\":\"https:\/\/secure.gravatar.com\/avatar\/a8d1a6cfcb82a80d09dafefdcc3dcc8a?s=96&d=retro&r=g\",\"caption\":\"Comunicaciones CRIC\"},\"url\":\"https:\/\/www.cric-colombia.org\/portal\/author\/comunicaciones\/\"}]}<\/script>\n<!-- \/ Yoast SEO plugin. -->","yoast_head_json":{"title":"Minga de pensamiento Territorio Ancestral de Sa\u00b4th Tama Kiwe - Consejo Regional Ind\u00edgena del Cauca - CRIC","robots":{"index":"index","follow":"follow","max-snippet":"max-snippet:-1","max-image-preview":"max-image-preview:large","max-video-preview":"max-video-preview:-1"},"canonical":"https:\/\/www.cric-colombia.org\/portal\/minga-de-pensamiento-territorio-ancestral-de-sath-tama-kiwe\/","og_locale":"es_ES","og_type":"article","og_title":"Minga de pensamiento Territorio Ancestral de Sa\u00b4th Tama Kiwe - Consejo Regional Ind\u00edgena del Cauca - CRIC","og_description":"El Programa de Educaci\u00f3n Biling\u00fce Intercultural -PEBI- realiz\u00f3, \u00abLa minga de pensamiento: memoria del -PEBI- y los 50 a\u00f1os del -CRIC-\u00bb los d\u00edas 7 y 8 de septiembre de 2020, en el Resguardo Ind\u00edgena de San Lorenzo de Caldono, Territorio Ancestral de Sa\u00b4th Tama Kiwe. Con el prop\u00f3sito de continuar hilando los procesos de educaci\u00f3n","og_url":"https:\/\/www.cric-colombia.org\/portal\/minga-de-pensamiento-territorio-ancestral-de-sath-tama-kiwe\/","og_site_name":"Consejo Regional Ind\u00edgena del Cauca - CRIC","article_publisher":"https:\/\/www.facebook.com\/cric.colombia\/","article_published_time":"2020-09-14T12:51:34+00:00","og_image":[{"width":1366,"height":768,"url":"https:\/\/www.cric-colombia.org\/portal\/wp-content\/uploads\/2020\/09\/Minga-de-pensamiento.png","type":"image\/png"}],"author":"Comunicaciones CRIC","twitter_card":"summary_large_image","twitter_creator":"@CRIC_Cauca","twitter_site":"@CRIC_Cauca","twitter_misc":{"Escrito por":"Comunicaciones CRIC","Tiempo de lectura":"1 minuto"},"schema":{"@context":"https:\/\/schema.org","@graph":[{"@type":"Article","@id":"https:\/\/www.cric-colombia.org\/portal\/minga-de-pensamiento-territorio-ancestral-de-sath-tama-kiwe\/#article","isPartOf":{"@id":"https:\/\/www.cric-colombia.org\/portal\/minga-de-pensamiento-territorio-ancestral-de-sath-tama-kiwe\/"},"author":{"name":"Comunicaciones CRIC","@id":"https:\/\/www.cric-colombia.org\/portal\/#\/schema\/person\/ab3a3099267de33d55f74f34ba201931"},"headline":"Minga de pensamiento Territorio Ancestral de Sa\u00b4th Tama Kiwe","datePublished":"2020-09-14T12:51:34+00:00","dateModified":"2020-09-14T12:51:34+00:00","mainEntityOfPage":{"@id":"https:\/\/www.cric-colombia.org\/portal\/minga-de-pensamiento-territorio-ancestral-de-sath-tama-kiwe\/"},"wordCount":166,"commentCount":0,"publisher":{"@id":"https:\/\/www.cric-colombia.org\/portal\/#organization"},"keywords":["PEBI"],"articleSection":["Multimedia","Videos"],"inLanguage":"es","potentialAction":[{"@type":"CommentAction","name":"Comment","target":["https:\/\/www.cric-colombia.org\/portal\/minga-de-pensamiento-territorio-ancestral-de-sath-tama-kiwe\/#respond"]}]},{"@type":"WebPage","@id":"https:\/\/www.cric-colombia.org\/portal\/minga-de-pensamiento-territorio-ancestral-de-sath-tama-kiwe\/","url":"https:\/\/www.cric-colombia.org\/portal\/minga-de-pensamiento-territorio-ancestral-de-sath-tama-kiwe\/","name":"Minga de pensamiento Territorio Ancestral de Sa\u00b4th Tama Kiwe - Consejo Regional Ind\u00edgena del Cauca - CRIC","isPartOf":{"@id":"https:\/\/www.cric-colombia.org\/portal\/#website"},"datePublished":"2020-09-14T12:51:34+00:00","dateModified":"2020-09-14T12:51:34+00:00","breadcrumb":{"@id":"https:\/\/www.cric-colombia.org\/portal\/minga-de-pensamiento-territorio-ancestral-de-sath-tama-kiwe\/#breadcrumb"},"inLanguage":"es","potentialAction":[{"@type":"ReadAction","target":["https:\/\/www.cric-colombia.org\/portal\/minga-de-pensamiento-territorio-ancestral-de-sath-tama-kiwe\/"]}]},{"@type":"BreadcrumbList","@id":"https:\/\/www.cric-colombia.org\/portal\/minga-de-pensamiento-territorio-ancestral-de-sath-tama-kiwe\/#breadcrumb","itemListElement":[{"@type":"ListItem","position":1,"name":"Portada","item":"https:\/\/www.cric-colombia.org\/portal\/"},{"@type":"ListItem","position":2,"name":"Minga de pensamiento Territorio Ancestral de Sa\u00b4th Tama Kiwe"}]},{"@type":"WebSite","@id":"https:\/\/www.cric-colombia.org\/portal\/#website","url":"https:\/\/www.cric-colombia.org\/portal\/","name":"Consejo Regional Ind\u00edgena del Cauca - CRIC","description":"P\u00e1gina oficial del Consejo Regional Ind\u00edgena del Cauca, Colombia","publisher":{"@id":"https:\/\/www.cric-colombia.org\/portal\/#organization"},"potentialAction":[{"@type":"SearchAction","target":{"@type":"EntryPoint","urlTemplate":"https:\/\/www.cric-colombia.org\/portal\/?s={search_term_string}"},"query-input":"required name=search_term_string"}],"inLanguage":"es"},{"@type":"Organization","@id":"https:\/\/www.cric-colombia.org\/portal\/#organization","name":"Consejo Regional Ind\u00edgena del Cauca","url":"https:\/\/www.cric-colombia.org\/portal\/","logo":{"@type":"ImageObject","inLanguage":"es","@id":"https:\/\/www.cric-colombia.org\/portal\/#\/schema\/logo\/image\/","url":"https:\/\/www.cric-colombia.org\/portal\/wp-content\/uploads\/2015\/08\/logo_cric.jpg","contentUrl":"https:\/\/www.cric-colombia.org\/portal\/wp-content\/uploads\/2015\/08\/logo_cric.jpg","width":512,"height":512,"caption":"Consejo Regional Ind\u00edgena del Cauca"},"image":{"@id":"https:\/\/www.cric-colombia.org\/portal\/#\/schema\/logo\/image\/"},"sameAs":["https:\/\/www.facebook.com\/cric.colombia\/","https:\/\/twitter.com\/CRIC_Cauca"]},{"@type":"Person","@id":"https:\/\/www.cric-colombia.org\/portal\/#\/schema\/person\/ab3a3099267de33d55f74f34ba201931","name":"Comunicaciones CRIC","image":{"@type":"ImageObject","inLanguage":"es","@id":"https:\/\/www.cric-colombia.org\/portal\/#\/schema\/person\/image\/","url":"https:\/\/secure.gravatar.com\/avatar\/a8d1a6cfcb82a80d09dafefdcc3dcc8a?s=96&d=retro&r=g","contentUrl":"https:\/\/secure.gravatar.com\/avatar\/a8d1a6cfcb82a80d09dafefdcc3dcc8a?s=96&d=retro&r=g","caption":"Comunicaciones CRIC"},"url":"https:\/\/www.cric-colombia.org\/portal\/author\/comunicaciones\/"}]}},"jetpack_featured_media_url":"https:\/\/www.cric-colombia.org\/portal\/wp-content\/uploads\/2020\/09\/Minga-de-pensamiento.png","_links":{"self":[{"href":"https:\/\/www.cric-colombia.org\/portal\/wp-json\/wp\/v2\/posts\/28766"}],"collection":[{"href":"https:\/\/www.cric-colombia.org\/portal\/wp-json\/wp\/v2\/posts"}],"about":[{"href":"https:\/\/www.cric-colombia.org\/portal\/wp-json\/wp\/v2\/types\/post"}],"author":[{"embeddable":true,"href":"https:\/\/www.cric-colombia.org\/portal\/wp-json\/wp\/v2\/users\/6"}],"replies":[{"embeddable":true,"href":"https:\/\/www.cric-colombia.org\/portal\/wp-json\/wp\/v2\/comments?post=28766"}],"version-history":[{"count":1,"href":"https:\/\/www.cric-colombia.org\/portal\/wp-json\/wp\/v2\/posts\/28766\/revisions"}],"predecessor-version":[{"id":28768,"href":"https:\/\/www.cric-colombia.org\/portal\/wp-json\/wp\/v2\/posts\/28766\/revisions\/28768"}],"wp:featuredmedia":[{"embeddable":true,"href":"https:\/\/www.cric-colombia.org\/portal\/wp-json\/wp\/v2\/media\/28767"}],"wp:attachment":[{"href":"https:\/\/www.cric-colombia.org\/portal\/wp-json\/wp\/v2\/media?parent=28766"}],"wp:term":[{"taxonomy":"category","embeddable":true,"href":"https:\/\/www.cric-colombia.org\/portal\/wp-json\/wp\/v2\/categories?post=28766"},{"taxonomy":"post_tag","embeddable":true,"href":"https:\/\/www.cric-colombia.org\/portal\/wp-json\/wp\/v2\/tags?post=28766"}],"curies":[{"name":"wp","href":"https:\/\/api.w.org\/{rel}","templated":true}]}}