{"id":27962,"date":"2020-05-29T22:03:16","date_gmt":"2020-05-30T03:03:16","guid":{"rendered":"https:\/\/www.cric-colombia.org\/portal\/?p=27962"},"modified":"2020-05-29T22:03:16","modified_gmt":"2020-05-30T03:03:16","slug":"kiwe-thegnas-la-lucha-que-nunca-descansa","status":"publish","type":"post","link":"https:\/\/www.cric-colombia.org\/portal\/kiwe-thegnas-la-lucha-que-nunca-descansa\/","title":{"rendered":"Kiwe Thegnas La Lucha Que Nunca Descansa"},"content":{"rendered":"<p style=\"font-weight: 400;\">Queremos hacer memoria de la palabra hecha acci\u00f3n de nuestras comunidades que desde la dignidad siempre han luchado por el buen vivir de nuestros pueblos.<\/p>\n<p style=\"font-weight: 400;\">Un ejemplo de ello es la guardia ind\u00edgena, un proceso que nos recuerda la importancia de volver a pensar desde el coraz\u00f3n y que sin necesidad de las armas siempre han defendido la vida y el territorio ante las muchas desarmon\u00edas que han costado la sangre de nuestra gente.<\/p>\n<p style=\"font-weight: 400;\">La lucha que milenariamente ha caminado la Guardia ind\u00edgena esta ombligada con la tierra y en cada paso nos ense\u00f1a a tener dignidad ante las estrategias implementadas por el plan de muerte en contra de las comunidades.<\/p>\n<p style=\"font-weight: 400;\">Hoy recordamos con amor que un 28 de mayo de 2001, en la vereda El Tierrero del resguardo de Huellas Caloto se consolida el proceso de los y las Kiwe Thegnas de la Cxhab Wala Kiwe, un proceso que desde siempre ha caminado y que d\u00eda a d\u00eda se va fortaleciendo como uno de los s\u00edmbolos de resistencia m\u00e1s fuertes en el movimiento ind\u00edgena.<\/p>\n<p style=\"font-weight: 400;\">Conmemoramos 19 a\u00f1os de la lucha de nuestra guardia ind\u00edgena, recordando a cada compa\u00f1ero y compa\u00f1era que en este andar ha entregado su vida, abonando as\u00ed, el territorio y sembrando el legado de nuestros mayores y mayoras.<\/p>\n<p style=\"font-weight: 400;\">En este caminar y haciendo cumplir los mandatos comunitarios, los y las kiwe Thegnas se han venido formando pol\u00edticamente para hacerle frente desde la palabra y la acci\u00f3n, al conflicto armado, el extractivismo, el despojo y otras desarmon\u00edas que han estado muy presentes en los territorios.<\/p>\n<p style=\"font-weight: 400;\">El amor que muchos aportan a este espacio es lo que lo hace fuerte, hay comuneros que tienen m\u00e1s claro el tiempo que tienen en la guardia, que su misma edad y hay quienes dedican por completo su tiempo a los ejercicios de control territorial, todos y todas bajo la convicci\u00f3n de ver a su pueblo libre.<img decoding=\"async\" loading=\"lazy\" class=\"aligncenter wp-image-27964 size-full\" src=\"https:\/\/www.cric-colombia.org\/portal\/wp-content\/uploads\/2020\/05\/Kiwethegna-guardia-indigena-Foto-Galarza.jpg\" alt=\"\" width=\"640\" height=\"360\" srcset=\"https:\/\/www.cric-colombia.org\/portal\/wp-content\/uploads\/2020\/05\/Kiwethegna-guardia-indigena-Foto-Galarza.jpg 640w, https:\/\/www.cric-colombia.org\/portal\/wp-content\/uploads\/2020\/05\/Kiwethegna-guardia-indigena-Foto-Galarza-300x169.jpg 300w\" sizes=\"(max-width: 640px) 100vw, 640px\" \/><\/p>\n<p style=\"font-weight: 400;\">Agradecemos a cada uno de los\u00a0\u00a0comuneros y comuneras que hacen parte de los kiwe thegnas, ustedes son\u00a0\u00a0un ejemplo digno de resistencia, unidad y amor por el territorio.<\/p>\n<p style=\"font-weight: 400;\">\u00a0\u201cLa palabra sin acci\u00f3n es vac\u00eda. La acci\u00f3n sin palabra es ciega. La palabra y la acci\u00f3n fuera del esp\u00edritu de la comunidad, son la muerte\u00bb Nasa pal \u00c1lvaro Ulcu\u00e9 Chocu\u00e9<\/p>\n<p style=\"font-weight: 400;\">Escuchemos a un compa\u00f1ero kiwe thegna que nos habla del contexto de como se consolido la guardia ind\u00edgena en el norte del cauca<\/p>\n<p><iframe loading=\"lazy\" style=\"border: 0px;\" src=\"https:\/\/radioteca.net\/media\/cyclope\/mediaelement\/media_player_embed.html?media_url=\/media\/uploads\/audios\/2020\/05\/kiwe-thegnas.mp3&amp;file_type=mp3&amp;radioteca_url=https:\/\/radioteca.net\/audio\/kiwe-thegnas-2\/\" width=\"325px\" height=\"50px\"><\/iframe><br style=\"font-weight: 400;\" \/><span style=\"font-weight: 400;\">Por: Tejido de Comunicaci\u00f3n para la verdad y la vida<\/span><\/p>\n","protected":false},"excerpt":{"rendered":"<p>Queremos hacer memoria de la palabra hecha acci\u00f3n de nuestras comunidades que desde la dignidad siempre han luchado por el buen vivir de nuestros pueblos. Un ejemplo de ello es la guardia ind\u00edgena, un proceso que nos recuerda la importancia de volver a pensar desde el coraz\u00f3n y que sin necesidad de las armas siempre <\/p>\n","protected":false},"author":6,"featured_media":27963,"comment_status":"open","ping_status":"open","sticky":false,"template":"","format":"standard","meta":{"footnotes":""},"categories":[3,132],"tags":[453],"yoast_head":"<!-- This site is optimized with the Yoast SEO plugin v20.12 - https:\/\/yoast.com\/wordpress\/plugins\/seo\/ -->\n<title>Kiwe Thegnas La Lucha Que Nunca Descansa - Consejo Regional Ind\u00edgena del Cauca - CRIC<\/title>\n<meta name=\"robots\" content=\"index, follow, max-snippet:-1, max-image-preview:large, max-video-preview:-1\" \/>\n<link rel=\"canonical\" href=\"https:\/\/www.cric-colombia.org\/portal\/kiwe-thegnas-la-lucha-que-nunca-descansa\/\" \/>\n<meta property=\"og:locale\" content=\"es_ES\" \/>\n<meta property=\"og:type\" content=\"article\" \/>\n<meta property=\"og:title\" content=\"Kiwe Thegnas La Lucha Que Nunca Descansa - Consejo Regional Ind\u00edgena del Cauca - CRIC\" \/>\n<meta property=\"og:description\" content=\"Queremos hacer memoria de la palabra hecha acci\u00f3n de nuestras comunidades que desde la dignidad siempre han luchado por el buen vivir de nuestros pueblos. Un ejemplo de ello es la guardia ind\u00edgena, un proceso que nos recuerda la importancia de volver a pensar desde el coraz\u00f3n y que sin necesidad de las armas siempre\" \/>\n<meta property=\"og:url\" content=\"https:\/\/www.cric-colombia.org\/portal\/kiwe-thegnas-la-lucha-que-nunca-descansa\/\" \/>\n<meta property=\"og:site_name\" content=\"Consejo Regional Ind\u00edgena del Cauca - CRIC\" \/>\n<meta property=\"article:publisher\" content=\"https:\/\/www.facebook.com\/cric.colombia\/\" \/>\n<meta property=\"article:published_time\" content=\"2020-05-30T03:03:16+00:00\" \/>\n<meta property=\"og:image\" content=\"https:\/\/www.cric-colombia.org\/portal\/wp-content\/uploads\/2020\/05\/kiwethegna-guardia-ni\u00f1a-foto-galarza.jpg\" \/>\n\t<meta property=\"og:image:width\" content=\"1366\" \/>\n\t<meta property=\"og:image:height\" content=\"768\" \/>\n\t<meta property=\"og:image:type\" content=\"image\/jpeg\" \/>\n<meta name=\"author\" content=\"Comunicaciones CRIC\" \/>\n<meta name=\"twitter:card\" content=\"summary_large_image\" \/>\n<meta name=\"twitter:creator\" content=\"@CRIC_Cauca\" \/>\n<meta name=\"twitter:site\" content=\"@CRIC_Cauca\" \/>\n<meta name=\"twitter:label1\" content=\"Escrito por\" \/>\n\t<meta name=\"twitter:data1\" content=\"Comunicaciones CRIC\" \/>\n\t<meta name=\"twitter:label2\" content=\"Tiempo de lectura\" \/>\n\t<meta name=\"twitter:data2\" content=\"2 minutos\" \/>\n<script type=\"application\/ld+json\" class=\"yoast-schema-graph\">{\"@context\":\"https:\/\/schema.org\",\"@graph\":[{\"@type\":\"Article\",\"@id\":\"https:\/\/www.cric-colombia.org\/portal\/kiwe-thegnas-la-lucha-que-nunca-descansa\/#article\",\"isPartOf\":{\"@id\":\"https:\/\/www.cric-colombia.org\/portal\/kiwe-thegnas-la-lucha-que-nunca-descansa\/\"},\"author\":{\"name\":\"Comunicaciones CRIC\",\"@id\":\"https:\/\/www.cric-colombia.org\/portal\/#\/schema\/person\/ab3a3099267de33d55f74f34ba201931\"},\"headline\":\"Kiwe Thegnas La Lucha Que Nunca Descansa\",\"datePublished\":\"2020-05-30T03:03:16+00:00\",\"dateModified\":\"2020-05-30T03:03:16+00:00\",\"mainEntityOfPage\":{\"@id\":\"https:\/\/www.cric-colombia.org\/portal\/kiwe-thegnas-la-lucha-que-nunca-descansa\/\"},\"wordCount\":440,\"commentCount\":0,\"publisher\":{\"@id\":\"https:\/\/www.cric-colombia.org\/portal\/#organization\"},\"keywords\":[\"Guardia\"],\"articleSection\":[\"Actualidad Ind\u00edgena del Cauca\",\"Nota minga hacia dentro\"],\"inLanguage\":\"es\",\"potentialAction\":[{\"@type\":\"CommentAction\",\"name\":\"Comment\",\"target\":[\"https:\/\/www.cric-colombia.org\/portal\/kiwe-thegnas-la-lucha-que-nunca-descansa\/#respond\"]}]},{\"@type\":\"WebPage\",\"@id\":\"https:\/\/www.cric-colombia.org\/portal\/kiwe-thegnas-la-lucha-que-nunca-descansa\/\",\"url\":\"https:\/\/www.cric-colombia.org\/portal\/kiwe-thegnas-la-lucha-que-nunca-descansa\/\",\"name\":\"Kiwe Thegnas La Lucha Que Nunca Descansa - Consejo Regional Ind\u00edgena del Cauca - CRIC\",\"isPartOf\":{\"@id\":\"https:\/\/www.cric-colombia.org\/portal\/#website\"},\"datePublished\":\"2020-05-30T03:03:16+00:00\",\"dateModified\":\"2020-05-30T03:03:16+00:00\",\"breadcrumb\":{\"@id\":\"https:\/\/www.cric-colombia.org\/portal\/kiwe-thegnas-la-lucha-que-nunca-descansa\/#breadcrumb\"},\"inLanguage\":\"es\",\"potentialAction\":[{\"@type\":\"ReadAction\",\"target\":[\"https:\/\/www.cric-colombia.org\/portal\/kiwe-thegnas-la-lucha-que-nunca-descansa\/\"]}]},{\"@type\":\"BreadcrumbList\",\"@id\":\"https:\/\/www.cric-colombia.org\/portal\/kiwe-thegnas-la-lucha-que-nunca-descansa\/#breadcrumb\",\"itemListElement\":[{\"@type\":\"ListItem\",\"position\":1,\"name\":\"Portada\",\"item\":\"https:\/\/www.cric-colombia.org\/portal\/\"},{\"@type\":\"ListItem\",\"position\":2,\"name\":\"Kiwe Thegnas La Lucha Que Nunca Descansa\"}]},{\"@type\":\"WebSite\",\"@id\":\"https:\/\/www.cric-colombia.org\/portal\/#website\",\"url\":\"https:\/\/www.cric-colombia.org\/portal\/\",\"name\":\"Consejo Regional Ind\u00edgena del Cauca - CRIC\",\"description\":\"P\u00e1gina oficial del Consejo Regional Ind\u00edgena del Cauca, Colombia\",\"publisher\":{\"@id\":\"https:\/\/www.cric-colombia.org\/portal\/#organization\"},\"potentialAction\":[{\"@type\":\"SearchAction\",\"target\":{\"@type\":\"EntryPoint\",\"urlTemplate\":\"https:\/\/www.cric-colombia.org\/portal\/?s={search_term_string}\"},\"query-input\":\"required name=search_term_string\"}],\"inLanguage\":\"es\"},{\"@type\":\"Organization\",\"@id\":\"https:\/\/www.cric-colombia.org\/portal\/#organization\",\"name\":\"Consejo Regional Ind\u00edgena del Cauca\",\"url\":\"https:\/\/www.cric-colombia.org\/portal\/\",\"logo\":{\"@type\":\"ImageObject\",\"inLanguage\":\"es\",\"@id\":\"https:\/\/www.cric-colombia.org\/portal\/#\/schema\/logo\/image\/\",\"url\":\"https:\/\/www.cric-colombia.org\/portal\/wp-content\/uploads\/2015\/08\/logo_cric.jpg\",\"contentUrl\":\"https:\/\/www.cric-colombia.org\/portal\/wp-content\/uploads\/2015\/08\/logo_cric.jpg\",\"width\":512,\"height\":512,\"caption\":\"Consejo Regional Ind\u00edgena del Cauca\"},\"image\":{\"@id\":\"https:\/\/www.cric-colombia.org\/portal\/#\/schema\/logo\/image\/\"},\"sameAs\":[\"https:\/\/www.facebook.com\/cric.colombia\/\",\"https:\/\/twitter.com\/CRIC_Cauca\"]},{\"@type\":\"Person\",\"@id\":\"https:\/\/www.cric-colombia.org\/portal\/#\/schema\/person\/ab3a3099267de33d55f74f34ba201931\",\"name\":\"Comunicaciones CRIC\",\"image\":{\"@type\":\"ImageObject\",\"inLanguage\":\"es\",\"@id\":\"https:\/\/www.cric-colombia.org\/portal\/#\/schema\/person\/image\/\",\"url\":\"https:\/\/secure.gravatar.com\/avatar\/a8d1a6cfcb82a80d09dafefdcc3dcc8a?s=96&d=retro&r=g\",\"contentUrl\":\"https:\/\/secure.gravatar.com\/avatar\/a8d1a6cfcb82a80d09dafefdcc3dcc8a?s=96&d=retro&r=g\",\"caption\":\"Comunicaciones CRIC\"},\"url\":\"https:\/\/www.cric-colombia.org\/portal\/author\/comunicaciones\/\"}]}<\/script>\n<!-- \/ Yoast SEO plugin. -->","yoast_head_json":{"title":"Kiwe Thegnas La Lucha Que Nunca Descansa - Consejo Regional Ind\u00edgena del Cauca - CRIC","robots":{"index":"index","follow":"follow","max-snippet":"max-snippet:-1","max-image-preview":"max-image-preview:large","max-video-preview":"max-video-preview:-1"},"canonical":"https:\/\/www.cric-colombia.org\/portal\/kiwe-thegnas-la-lucha-que-nunca-descansa\/","og_locale":"es_ES","og_type":"article","og_title":"Kiwe Thegnas La Lucha Que Nunca Descansa - Consejo Regional Ind\u00edgena del Cauca - CRIC","og_description":"Queremos hacer memoria de la palabra hecha acci\u00f3n de nuestras comunidades que desde la dignidad siempre han luchado por el buen vivir de nuestros pueblos. Un ejemplo de ello es la guardia ind\u00edgena, un proceso que nos recuerda la importancia de volver a pensar desde el coraz\u00f3n y que sin necesidad de las armas siempre","og_url":"https:\/\/www.cric-colombia.org\/portal\/kiwe-thegnas-la-lucha-que-nunca-descansa\/","og_site_name":"Consejo Regional Ind\u00edgena del Cauca - CRIC","article_publisher":"https:\/\/www.facebook.com\/cric.colombia\/","article_published_time":"2020-05-30T03:03:16+00:00","og_image":[{"width":1366,"height":768,"url":"https:\/\/www.cric-colombia.org\/portal\/wp-content\/uploads\/2020\/05\/kiwethegna-guardia-ni\u00f1a-foto-galarza.jpg","type":"image\/jpeg"}],"author":"Comunicaciones CRIC","twitter_card":"summary_large_image","twitter_creator":"@CRIC_Cauca","twitter_site":"@CRIC_Cauca","twitter_misc":{"Escrito por":"Comunicaciones CRIC","Tiempo de lectura":"2 minutos"},"schema":{"@context":"https:\/\/schema.org","@graph":[{"@type":"Article","@id":"https:\/\/www.cric-colombia.org\/portal\/kiwe-thegnas-la-lucha-que-nunca-descansa\/#article","isPartOf":{"@id":"https:\/\/www.cric-colombia.org\/portal\/kiwe-thegnas-la-lucha-que-nunca-descansa\/"},"author":{"name":"Comunicaciones CRIC","@id":"https:\/\/www.cric-colombia.org\/portal\/#\/schema\/person\/ab3a3099267de33d55f74f34ba201931"},"headline":"Kiwe Thegnas La Lucha Que Nunca Descansa","datePublished":"2020-05-30T03:03:16+00:00","dateModified":"2020-05-30T03:03:16+00:00","mainEntityOfPage":{"@id":"https:\/\/www.cric-colombia.org\/portal\/kiwe-thegnas-la-lucha-que-nunca-descansa\/"},"wordCount":440,"commentCount":0,"publisher":{"@id":"https:\/\/www.cric-colombia.org\/portal\/#organization"},"keywords":["Guardia"],"articleSection":["Actualidad Ind\u00edgena del Cauca","Nota minga hacia dentro"],"inLanguage":"es","potentialAction":[{"@type":"CommentAction","name":"Comment","target":["https:\/\/www.cric-colombia.org\/portal\/kiwe-thegnas-la-lucha-que-nunca-descansa\/#respond"]}]},{"@type":"WebPage","@id":"https:\/\/www.cric-colombia.org\/portal\/kiwe-thegnas-la-lucha-que-nunca-descansa\/","url":"https:\/\/www.cric-colombia.org\/portal\/kiwe-thegnas-la-lucha-que-nunca-descansa\/","name":"Kiwe Thegnas La Lucha Que Nunca Descansa - Consejo Regional Ind\u00edgena del Cauca - CRIC","isPartOf":{"@id":"https:\/\/www.cric-colombia.org\/portal\/#website"},"datePublished":"2020-05-30T03:03:16+00:00","dateModified":"2020-05-30T03:03:16+00:00","breadcrumb":{"@id":"https:\/\/www.cric-colombia.org\/portal\/kiwe-thegnas-la-lucha-que-nunca-descansa\/#breadcrumb"},"inLanguage":"es","potentialAction":[{"@type":"ReadAction","target":["https:\/\/www.cric-colombia.org\/portal\/kiwe-thegnas-la-lucha-que-nunca-descansa\/"]}]},{"@type":"BreadcrumbList","@id":"https:\/\/www.cric-colombia.org\/portal\/kiwe-thegnas-la-lucha-que-nunca-descansa\/#breadcrumb","itemListElement":[{"@type":"ListItem","position":1,"name":"Portada","item":"https:\/\/www.cric-colombia.org\/portal\/"},{"@type":"ListItem","position":2,"name":"Kiwe Thegnas La Lucha Que Nunca Descansa"}]},{"@type":"WebSite","@id":"https:\/\/www.cric-colombia.org\/portal\/#website","url":"https:\/\/www.cric-colombia.org\/portal\/","name":"Consejo Regional Ind\u00edgena del Cauca - CRIC","description":"P\u00e1gina oficial del Consejo Regional Ind\u00edgena del Cauca, Colombia","publisher":{"@id":"https:\/\/www.cric-colombia.org\/portal\/#organization"},"potentialAction":[{"@type":"SearchAction","target":{"@type":"EntryPoint","urlTemplate":"https:\/\/www.cric-colombia.org\/portal\/?s={search_term_string}"},"query-input":"required name=search_term_string"}],"inLanguage":"es"},{"@type":"Organization","@id":"https:\/\/www.cric-colombia.org\/portal\/#organization","name":"Consejo Regional Ind\u00edgena del Cauca","url":"https:\/\/www.cric-colombia.org\/portal\/","logo":{"@type":"ImageObject","inLanguage":"es","@id":"https:\/\/www.cric-colombia.org\/portal\/#\/schema\/logo\/image\/","url":"https:\/\/www.cric-colombia.org\/portal\/wp-content\/uploads\/2015\/08\/logo_cric.jpg","contentUrl":"https:\/\/www.cric-colombia.org\/portal\/wp-content\/uploads\/2015\/08\/logo_cric.jpg","width":512,"height":512,"caption":"Consejo Regional Ind\u00edgena del Cauca"},"image":{"@id":"https:\/\/www.cric-colombia.org\/portal\/#\/schema\/logo\/image\/"},"sameAs":["https:\/\/www.facebook.com\/cric.colombia\/","https:\/\/twitter.com\/CRIC_Cauca"]},{"@type":"Person","@id":"https:\/\/www.cric-colombia.org\/portal\/#\/schema\/person\/ab3a3099267de33d55f74f34ba201931","name":"Comunicaciones CRIC","image":{"@type":"ImageObject","inLanguage":"es","@id":"https:\/\/www.cric-colombia.org\/portal\/#\/schema\/person\/image\/","url":"https:\/\/secure.gravatar.com\/avatar\/a8d1a6cfcb82a80d09dafefdcc3dcc8a?s=96&d=retro&r=g","contentUrl":"https:\/\/secure.gravatar.com\/avatar\/a8d1a6cfcb82a80d09dafefdcc3dcc8a?s=96&d=retro&r=g","caption":"Comunicaciones CRIC"},"url":"https:\/\/www.cric-colombia.org\/portal\/author\/comunicaciones\/"}]}},"jetpack_featured_media_url":"https:\/\/www.cric-colombia.org\/portal\/wp-content\/uploads\/2020\/05\/kiwethegna-guardia-ni\u00f1a-foto-galarza.jpg","_links":{"self":[{"href":"https:\/\/www.cric-colombia.org\/portal\/wp-json\/wp\/v2\/posts\/27962"}],"collection":[{"href":"https:\/\/www.cric-colombia.org\/portal\/wp-json\/wp\/v2\/posts"}],"about":[{"href":"https:\/\/www.cric-colombia.org\/portal\/wp-json\/wp\/v2\/types\/post"}],"author":[{"embeddable":true,"href":"https:\/\/www.cric-colombia.org\/portal\/wp-json\/wp\/v2\/users\/6"}],"replies":[{"embeddable":true,"href":"https:\/\/www.cric-colombia.org\/portal\/wp-json\/wp\/v2\/comments?post=27962"}],"version-history":[{"count":1,"href":"https:\/\/www.cric-colombia.org\/portal\/wp-json\/wp\/v2\/posts\/27962\/revisions"}],"predecessor-version":[{"id":27965,"href":"https:\/\/www.cric-colombia.org\/portal\/wp-json\/wp\/v2\/posts\/27962\/revisions\/27965"}],"wp:featuredmedia":[{"embeddable":true,"href":"https:\/\/www.cric-colombia.org\/portal\/wp-json\/wp\/v2\/media\/27963"}],"wp:attachment":[{"href":"https:\/\/www.cric-colombia.org\/portal\/wp-json\/wp\/v2\/media?parent=27962"}],"wp:term":[{"taxonomy":"category","embeddable":true,"href":"https:\/\/www.cric-colombia.org\/portal\/wp-json\/wp\/v2\/categories?post=27962"},{"taxonomy":"post_tag","embeddable":true,"href":"https:\/\/www.cric-colombia.org\/portal\/wp-json\/wp\/v2\/tags?post=27962"}],"curies":[{"name":"wp","href":"https:\/\/api.w.org\/{rel}","templated":true}]}}