{"id":26984,"date":"2019-12-17T07:37:46","date_gmt":"2019-12-17T12:37:46","guid":{"rendered":"https:\/\/www.cric-colombia.org\/portal\/?p=26984"},"modified":"2019-12-17T07:37:46","modified_gmt":"2019-12-17T12:37:46","slug":"la-inequidad-nacional-aumenta-no-a-la-reforma-tributaria","status":"publish","type":"post","link":"https:\/\/www.cric-colombia.org\/portal\/la-inequidad-nacional-aumenta-no-a-la-reforma-tributaria\/","title":{"rendered":"La inequidad nacional aumenta, no a la reforma tributaria"},"content":{"rendered":"<p>Quienes hoy protestamos en las calles no aceptamos m\u00e1s un modelo econ\u00f3mico y\u00a0social que genera riqueza en unos pocos y pobreza en la mayor\u00eda de colombianos\u00a0y colombianas, un sistema econ\u00f3mico que se lucra de nuestros territorios y\u00a0ecosistemas, adem\u00e1s coloca en riesgo nuestro futuro y las posibilidades de vida,\u00a0en un mundo insensible y apegado al capitalismo, as\u00ed mismo nuestra dignidad y\u00a0reconocimiento como personas, la est\u00e1n reduciendo a la importancia del capital\u00a0como generador de riqueza y en la asignaci\u00f3n de los recursos a trav\u00e9s del\u00a0mecanismo del mercado, en una reforma tributaria donde se pierde el valor de\u00a0los individuos para dar paso al valor de las empresas.<\/p>\n<p>El Presidente actual de Colombia fue colocado en esta posici\u00f3n por los grandes\u00a0capitales, combinando para ello el manejo de los medios de comunicaci\u00f3n, la\u00a0mentira, el clientelismo, el se\u00f1alamiento y una historia de d\u00e9cadas de guerra e\u00a0imposici\u00f3n.<\/p>\n<p>Nunca como ahora se hab\u00eda visto una expresi\u00f3n de j\u00f3venes, de sectores barriales,\u00a0de hombres y mujeres, de trabajadores formales e informales, de desempleados,\u00a0de campesinos, de ind\u00edgenas, de afrocolombianos, de profesionales sin\u00a0oportunidades, de ecologistas, de carreteros y recicladores, de estudiantes, de\u00a0transportadores, de gente que siente que este pa\u00eds en que se nos hace malvivir no\u00a0es sostenible para nadie, y que otro mundo es posible con solo cambiar esas\u00a0pol\u00edticas econ\u00f3micas y sociales que nos humillan y desconocen, con solo cambiar\u00a0a quienes hasta ahora han gobernado con base en los intereses personales; por\u00a0ello es menester conservar la unidad que hemos construido y que hoy se irradia\u00a0en el pueblo colombiano.<\/p>\n<p>El Presidente Duque, forjado en la vieja pol\u00edtica de gobernar para unos pocos,\u00a0siente que es muy dem\u00f3crata porque concede al pa\u00eds un espacio para conversar\u00a0sobre sus pol\u00edticas oprobiosas, tal vez pensando que all\u00ed nos van a convencer de\u00a0las bondades de las mismas; sin embargo quienes nos estamos movilizando cada\u00a0vez tomamos fuerza para decir que esas pol\u00edticas no van m\u00e1s. En tanto el\u00a0Presidente habla de conversar, mientras otros objetan que no se puede negociar,\u00a0la reforma tributaria se tramita en el Congreso de la Rep\u00fablica, y el Presidente se\u00a0re\u00fane con Germ\u00e1n Vargas Lleras para, por medio de la repartija burocr\u00e1tica, lograr\u00a0que el Partido Cambio Radical apoye la reforma que hasta hace poco criticaba.<\/p>\n<p>Esta reforma tributaria descarga los impuestos en los m\u00e1s pobres y trabajadores y\u00a0genera exenciones en las multinacionales, grandes inversionistas, a la vez que\u00a0favorece a la banca privada y al sistema financiero.<\/p>\n<p>Son 13 puntos los que el comit\u00e9 de paro ha priorizado para empezar a hacer los\u00a0cambios que requiere el pa\u00eds. Dentro de ellos est\u00e1 el de parar la reforma tributaria\u00a0que ha presentado el Gobierno nacional al Congreso; de manera que podamos ir\u00a0avanzando hacia una reforma tributaria estructural y progresiva, base para una\u00a0econom\u00eda y una sociedad con vigencia de derechos econ\u00f3micos y sociales, con\u00a0altos grados de equidad nacional y de buen vivir generalizado.<\/p>\n<h2>Por eso hoy 17 de diciembre de 2019, el paro nacional contin\u00faa en el pa\u00eds.<\/h2>\n<p>Llamamos a los congresistas que sientan alg\u00fan compromiso con la democracia y\u00a0el Estado social de derecho a no dejarse enrolar en lides clientelistas y\u00a0politiqueras, valorando la movilizaci\u00f3n social que se da en el pa\u00eds y\u00a0comprometi\u00e9ndose con la misma. Particularmente en el departamento del Cauca\u00a0llamamos a los 3 congresistas del partido liberal a que se mantengan en la\u00a0decisi\u00f3n de no apoyar la reforma tributaria que han tomado como partido, en el\u00a0mismo sentido hacemos un llamado a los congresistas de la U para que no desconozcan la movilizaci\u00f3n social y las exigencias de cambio que hace el pa\u00eds; al\u00a0congresista de cambio radical le decimos que no le queda bien, acorde con el\u00a0discurso que ha venido manejando de defensor de los procesos sociales en el\u00a0departamento, apoyar esta reforma; es ir en contrav\u00eda de la din\u00e1mica social del\u00a0Departamento del cauca y del Pa\u00eds, en nuestro caso el voto de nuestro senador\u00a0ind\u00edgena, es la firme posici\u00f3n en contra de una reforma que empobrece a mas\u00a0colombianos y vuelve m\u00e1s ricos a los mismos que han gobernado durante\u00a0d\u00e9cadas nuestra naci\u00f3n.<\/p>\n<p>De igualmente, rechazamos el tratamiento militar a la protesta social y\u00a0propugnamos por cambios profundos en las concepciones de seguridad del actual\u00a0gobierno que, ancladas en la seguridad nacional y\/o en la seguridad democr\u00e1tica,\u00a0ven a la poblaci\u00f3n como un enemigo interno. Por ello compartimos las exigencias\u00a0de desmonte del ESMAD y de la transformaci\u00f3n de la polic\u00eda nacional acorde con\u00a0la funci\u00f3n de seguridad dentro de un sistema democr\u00e1tico respetuoso de la\u00a0expresi\u00f3n y organizaci\u00f3n ciudadana; garante de la vida y no una amenaza para la\u00a0misma.<\/p>\n<p>Como Consejo Regional Ind\u00edgena del Cauca CRIC, desde el inicio del paro\u00a0nacional y de la actual movilizaci\u00f3n, hemos afianzado este proceso, desde\u00a0nuestra din\u00e1mica organizativa como Minga del Suroccidente colombiano,\u00a0fortaleceremos la movilizaci\u00f3n con la participaci\u00f3n de las comunidades, las\u00a0autoridades ind\u00edgenas y la guardia ind\u00edgena, por la vida, el territorio y los\u00a0derechos.<\/p>\n<p>Las 126 autoridades ind\u00edgenas, Nos hemos declarado en asamblea permanente,\u00a0vigilantes a que el Gobierno colombiano, atienda la demanda social, de seguros\u00a0que este, seguir\u00e1 con reforma que beneficia al sector financiero que no genera\u00a0empleos, que lucra a los banqueros y empobrece al pueblo colombiano,\u00a0avanzaremos en la gran movilizaci\u00f3n nacional.<\/p>\n<p><strong>UNIDAD PARA AVANZAR. FUERZA. FUERZA.<\/strong><\/p>\n<p><strong>Consejo Regional Ind\u00edgena del Cauca \u2013CRIC<\/strong><\/p>\n<p><strong>En el calendario propio, D\u00eda 88, Tiempo de Aguacero Fuerte, Diciembre 17 de 2019<\/strong><\/p>\n","protected":false},"excerpt":{"rendered":"<p>Quienes hoy protestamos en las calles no aceptamos m\u00e1s un modelo econ\u00f3mico y\u00a0social que genera riqueza en unos pocos y pobreza en la mayor\u00eda de colombianos\u00a0y colombianas, un sistema econ\u00f3mico que se lucra de nuestros territorios y\u00a0ecosistemas, adem\u00e1s coloca en riesgo nuestro futuro y las posibilidades de vida,\u00a0en un mundo insensible y apegado al capitalismo, <\/p>\n","protected":false},"author":6,"featured_media":23601,"comment_status":"open","ping_status":"open","sticky":false,"template":"","format":"standard","meta":{"footnotes":""},"categories":[3],"tags":[146,145],"yoast_head":"<!-- This site is optimized with the Yoast SEO plugin v20.12 - https:\/\/yoast.com\/wordpress\/plugins\/seo\/ -->\n<title>La inequidad nacional aumenta, no a la reforma tributaria - Consejo Regional Ind\u00edgena del Cauca - CRIC<\/title>\n<meta name=\"description\" content=\"Quienes hoy protestamos en las calles no aceptamos m\u00e1s un modelo econ\u00f3mico y\u00a0social que genera riqueza en unos pocos y pobreza en la mayor\u00eda de colombianos\u00a0y colombianas, un sistema econ\u00f3mico que se lucra de nuestros territorios y\u00a0ecosistemas, adem\u00e1s coloca en riesgo nuestro futuro y las posibilidades de vida,\u00a0en un mundo insensible y apegado al capitalismo, as\u00ed mismo nuestra dignidad y\u00a0reconocimiento como personas, la est\u00e1n reduciendo a la importancia del capital\u00a0como generador de riqueza y en la asignaci\u00f3n de los recursos a trav\u00e9s del\u00a0mecanismo del mercado, en una reforma tributaria donde se pierde el valor de\u00a0los individuos para dar paso al valor de las empresas.\" \/>\n<meta name=\"robots\" content=\"index, follow, max-snippet:-1, max-image-preview:large, max-video-preview:-1\" \/>\n<link rel=\"canonical\" href=\"https:\/\/www.cric-colombia.org\/portal\/la-inequidad-nacional-aumenta-no-a-la-reforma-tributaria\/\" \/>\n<meta property=\"og:locale\" content=\"es_ES\" \/>\n<meta property=\"og:type\" content=\"article\" \/>\n<meta property=\"og:title\" content=\"La inequidad nacional aumenta, no a la reforma tributaria - Consejo Regional Ind\u00edgena del Cauca - CRIC\" \/>\n<meta property=\"og:description\" content=\"Quienes hoy protestamos en las calles no aceptamos m\u00e1s un modelo econ\u00f3mico y\u00a0social que genera riqueza en unos pocos y pobreza en la mayor\u00eda de colombianos\u00a0y colombianas, un sistema econ\u00f3mico que se lucra de nuestros territorios y\u00a0ecosistemas, adem\u00e1s coloca en riesgo nuestro futuro y las posibilidades de vida,\u00a0en un mundo insensible y apegado al capitalismo, as\u00ed mismo nuestra dignidad y\u00a0reconocimiento como personas, la est\u00e1n reduciendo a la importancia del capital\u00a0como generador de riqueza y en la asignaci\u00f3n de los recursos a trav\u00e9s del\u00a0mecanismo del mercado, en una reforma tributaria donde se pierde el valor de\u00a0los individuos para dar paso al valor de las empresas.\" \/>\n<meta property=\"og:url\" content=\"https:\/\/www.cric-colombia.org\/portal\/la-inequidad-nacional-aumenta-no-a-la-reforma-tributaria\/\" \/>\n<meta property=\"og:site_name\" content=\"Consejo Regional Ind\u00edgena del Cauca - CRIC\" \/>\n<meta property=\"article:publisher\" content=\"https:\/\/www.facebook.com\/cric.colombia\/\" \/>\n<meta property=\"article:published_time\" content=\"2019-12-17T12:37:46+00:00\" \/>\n<meta property=\"og:image\" content=\"https:\/\/www.cric-colombia.org\/portal\/wp-content\/uploads\/2018\/11\/logo-full-cric-pgn-color-visible--e1548890320448.png\" \/>\n\t<meta property=\"og:image:width\" content=\"1549\" \/>\n\t<meta property=\"og:image:height\" content=\"1232\" \/>\n\t<meta property=\"og:image:type\" content=\"image\/png\" \/>\n<meta name=\"author\" content=\"Comunicaciones CRIC\" \/>\n<meta name=\"twitter:card\" content=\"summary_large_image\" \/>\n<meta name=\"twitter:creator\" content=\"@CRIC_Cauca\" \/>\n<meta name=\"twitter:site\" content=\"@CRIC_Cauca\" \/>\n<meta name=\"twitter:label1\" content=\"Escrito por\" \/>\n\t<meta name=\"twitter:data1\" content=\"Comunicaciones CRIC\" \/>\n\t<meta name=\"twitter:label2\" content=\"Tiempo de lectura\" \/>\n\t<meta name=\"twitter:data2\" content=\"5 minutos\" \/>\n<script type=\"application\/ld+json\" class=\"yoast-schema-graph\">{\"@context\":\"https:\/\/schema.org\",\"@graph\":[{\"@type\":\"Article\",\"@id\":\"https:\/\/www.cric-colombia.org\/portal\/la-inequidad-nacional-aumenta-no-a-la-reforma-tributaria\/#article\",\"isPartOf\":{\"@id\":\"https:\/\/www.cric-colombia.org\/portal\/la-inequidad-nacional-aumenta-no-a-la-reforma-tributaria\/\"},\"author\":{\"name\":\"Comunicaciones CRIC\",\"@id\":\"https:\/\/www.cric-colombia.org\/portal\/#\/schema\/person\/ab3a3099267de33d55f74f34ba201931\"},\"headline\":\"La inequidad nacional aumenta, no a la reforma tributaria\",\"datePublished\":\"2019-12-17T12:37:46+00:00\",\"dateModified\":\"2019-12-17T12:37:46+00:00\",\"mainEntityOfPage\":{\"@id\":\"https:\/\/www.cric-colombia.org\/portal\/la-inequidad-nacional-aumenta-no-a-la-reforma-tributaria\/\"},\"wordCount\":988,\"commentCount\":0,\"publisher\":{\"@id\":\"https:\/\/www.cric-colombia.org\/portal\/#organization\"},\"keywords\":[\"movilizacion\",\"paro\"],\"articleSection\":[\"Actualidad Ind\u00edgena del Cauca\"],\"inLanguage\":\"es\",\"potentialAction\":[{\"@type\":\"CommentAction\",\"name\":\"Comment\",\"target\":[\"https:\/\/www.cric-colombia.org\/portal\/la-inequidad-nacional-aumenta-no-a-la-reforma-tributaria\/#respond\"]}]},{\"@type\":\"WebPage\",\"@id\":\"https:\/\/www.cric-colombia.org\/portal\/la-inequidad-nacional-aumenta-no-a-la-reforma-tributaria\/\",\"url\":\"https:\/\/www.cric-colombia.org\/portal\/la-inequidad-nacional-aumenta-no-a-la-reforma-tributaria\/\",\"name\":\"La inequidad nacional aumenta, no a la reforma tributaria - Consejo Regional Ind\u00edgena del Cauca - CRIC\",\"isPartOf\":{\"@id\":\"https:\/\/www.cric-colombia.org\/portal\/#website\"},\"datePublished\":\"2019-12-17T12:37:46+00:00\",\"dateModified\":\"2019-12-17T12:37:46+00:00\",\"description\":\"Quienes hoy protestamos en las calles no aceptamos m\u00e1s un modelo econ\u00f3mico y\u00a0social que genera riqueza en unos pocos y pobreza en la mayor\u00eda de colombianos\u00a0y colombianas, un sistema econ\u00f3mico que se lucra de nuestros territorios y\u00a0ecosistemas, adem\u00e1s coloca en riesgo nuestro futuro y las posibilidades de vida,\u00a0en un mundo insensible y apegado al capitalismo, as\u00ed mismo nuestra dignidad y\u00a0reconocimiento como personas, la est\u00e1n reduciendo a la importancia del capital\u00a0como generador de riqueza y en la asignaci\u00f3n de los recursos a trav\u00e9s del\u00a0mecanismo del mercado, en una reforma tributaria donde se pierde el valor de\u00a0los individuos para dar paso al valor de las empresas.\",\"breadcrumb\":{\"@id\":\"https:\/\/www.cric-colombia.org\/portal\/la-inequidad-nacional-aumenta-no-a-la-reforma-tributaria\/#breadcrumb\"},\"inLanguage\":\"es\",\"potentialAction\":[{\"@type\":\"ReadAction\",\"target\":[\"https:\/\/www.cric-colombia.org\/portal\/la-inequidad-nacional-aumenta-no-a-la-reforma-tributaria\/\"]}]},{\"@type\":\"BreadcrumbList\",\"@id\":\"https:\/\/www.cric-colombia.org\/portal\/la-inequidad-nacional-aumenta-no-a-la-reforma-tributaria\/#breadcrumb\",\"itemListElement\":[{\"@type\":\"ListItem\",\"position\":1,\"name\":\"Portada\",\"item\":\"https:\/\/www.cric-colombia.org\/portal\/\"},{\"@type\":\"ListItem\",\"position\":2,\"name\":\"La inequidad nacional aumenta, no a la reforma tributaria\"}]},{\"@type\":\"WebSite\",\"@id\":\"https:\/\/www.cric-colombia.org\/portal\/#website\",\"url\":\"https:\/\/www.cric-colombia.org\/portal\/\",\"name\":\"Consejo Regional Ind\u00edgena del Cauca - CRIC\",\"description\":\"P\u00e1gina oficial del Consejo Regional Ind\u00edgena del Cauca, Colombia\",\"publisher\":{\"@id\":\"https:\/\/www.cric-colombia.org\/portal\/#organization\"},\"potentialAction\":[{\"@type\":\"SearchAction\",\"target\":{\"@type\":\"EntryPoint\",\"urlTemplate\":\"https:\/\/www.cric-colombia.org\/portal\/?s={search_term_string}\"},\"query-input\":\"required name=search_term_string\"}],\"inLanguage\":\"es\"},{\"@type\":\"Organization\",\"@id\":\"https:\/\/www.cric-colombia.org\/portal\/#organization\",\"name\":\"Consejo Regional Ind\u00edgena del Cauca\",\"url\":\"https:\/\/www.cric-colombia.org\/portal\/\",\"logo\":{\"@type\":\"ImageObject\",\"inLanguage\":\"es\",\"@id\":\"https:\/\/www.cric-colombia.org\/portal\/#\/schema\/logo\/image\/\",\"url\":\"https:\/\/www.cric-colombia.org\/portal\/wp-content\/uploads\/2015\/08\/logo_cric.jpg\",\"contentUrl\":\"https:\/\/www.cric-colombia.org\/portal\/wp-content\/uploads\/2015\/08\/logo_cric.jpg\",\"width\":512,\"height\":512,\"caption\":\"Consejo Regional Ind\u00edgena del Cauca\"},\"image\":{\"@id\":\"https:\/\/www.cric-colombia.org\/portal\/#\/schema\/logo\/image\/\"},\"sameAs\":[\"https:\/\/www.facebook.com\/cric.colombia\/\",\"https:\/\/twitter.com\/CRIC_Cauca\"]},{\"@type\":\"Person\",\"@id\":\"https:\/\/www.cric-colombia.org\/portal\/#\/schema\/person\/ab3a3099267de33d55f74f34ba201931\",\"name\":\"Comunicaciones CRIC\",\"image\":{\"@type\":\"ImageObject\",\"inLanguage\":\"es\",\"@id\":\"https:\/\/www.cric-colombia.org\/portal\/#\/schema\/person\/image\/\",\"url\":\"https:\/\/secure.gravatar.com\/avatar\/a8d1a6cfcb82a80d09dafefdcc3dcc8a?s=96&d=retro&r=g\",\"contentUrl\":\"https:\/\/secure.gravatar.com\/avatar\/a8d1a6cfcb82a80d09dafefdcc3dcc8a?s=96&d=retro&r=g\",\"caption\":\"Comunicaciones CRIC\"},\"url\":\"https:\/\/www.cric-colombia.org\/portal\/author\/comunicaciones\/\"}]}<\/script>\n<!-- \/ Yoast SEO plugin. -->","yoast_head_json":{"title":"La inequidad nacional aumenta, no a la reforma tributaria - Consejo Regional Ind\u00edgena del Cauca - CRIC","description":"Quienes hoy protestamos en las calles no aceptamos m\u00e1s un modelo econ\u00f3mico y\u00a0social que genera riqueza en unos pocos y pobreza en la mayor\u00eda de colombianos\u00a0y colombianas, un sistema econ\u00f3mico que se lucra de nuestros territorios y\u00a0ecosistemas, adem\u00e1s coloca en riesgo nuestro futuro y las posibilidades de vida,\u00a0en un mundo insensible y apegado al capitalismo, as\u00ed mismo nuestra dignidad y\u00a0reconocimiento como personas, la est\u00e1n reduciendo a la importancia del capital\u00a0como generador de riqueza y en la asignaci\u00f3n de los recursos a trav\u00e9s del\u00a0mecanismo del mercado, en una reforma tributaria donde se pierde el valor de\u00a0los individuos para dar paso al valor de las empresas.","robots":{"index":"index","follow":"follow","max-snippet":"max-snippet:-1","max-image-preview":"max-image-preview:large","max-video-preview":"max-video-preview:-1"},"canonical":"https:\/\/www.cric-colombia.org\/portal\/la-inequidad-nacional-aumenta-no-a-la-reforma-tributaria\/","og_locale":"es_ES","og_type":"article","og_title":"La inequidad nacional aumenta, no a la reforma tributaria - Consejo Regional Ind\u00edgena del Cauca - CRIC","og_description":"Quienes hoy protestamos en las calles no aceptamos m\u00e1s un modelo econ\u00f3mico y\u00a0social que genera riqueza en unos pocos y pobreza en la mayor\u00eda de colombianos\u00a0y colombianas, un sistema econ\u00f3mico que se lucra de nuestros territorios y\u00a0ecosistemas, adem\u00e1s coloca en riesgo nuestro futuro y las posibilidades de vida,\u00a0en un mundo insensible y apegado al capitalismo, as\u00ed mismo nuestra dignidad y\u00a0reconocimiento como personas, la est\u00e1n reduciendo a la importancia del capital\u00a0como generador de riqueza y en la asignaci\u00f3n de los recursos a trav\u00e9s del\u00a0mecanismo del mercado, en una reforma tributaria donde se pierde el valor de\u00a0los individuos para dar paso al valor de las empresas.","og_url":"https:\/\/www.cric-colombia.org\/portal\/la-inequidad-nacional-aumenta-no-a-la-reforma-tributaria\/","og_site_name":"Consejo Regional Ind\u00edgena del Cauca - CRIC","article_publisher":"https:\/\/www.facebook.com\/cric.colombia\/","article_published_time":"2019-12-17T12:37:46+00:00","og_image":[{"width":1549,"height":1232,"url":"https:\/\/www.cric-colombia.org\/portal\/wp-content\/uploads\/2018\/11\/logo-full-cric-pgn-color-visible--e1548890320448.png","type":"image\/png"}],"author":"Comunicaciones CRIC","twitter_card":"summary_large_image","twitter_creator":"@CRIC_Cauca","twitter_site":"@CRIC_Cauca","twitter_misc":{"Escrito por":"Comunicaciones CRIC","Tiempo de lectura":"5 minutos"},"schema":{"@context":"https:\/\/schema.org","@graph":[{"@type":"Article","@id":"https:\/\/www.cric-colombia.org\/portal\/la-inequidad-nacional-aumenta-no-a-la-reforma-tributaria\/#article","isPartOf":{"@id":"https:\/\/www.cric-colombia.org\/portal\/la-inequidad-nacional-aumenta-no-a-la-reforma-tributaria\/"},"author":{"name":"Comunicaciones CRIC","@id":"https:\/\/www.cric-colombia.org\/portal\/#\/schema\/person\/ab3a3099267de33d55f74f34ba201931"},"headline":"La inequidad nacional aumenta, no a la reforma tributaria","datePublished":"2019-12-17T12:37:46+00:00","dateModified":"2019-12-17T12:37:46+00:00","mainEntityOfPage":{"@id":"https:\/\/www.cric-colombia.org\/portal\/la-inequidad-nacional-aumenta-no-a-la-reforma-tributaria\/"},"wordCount":988,"commentCount":0,"publisher":{"@id":"https:\/\/www.cric-colombia.org\/portal\/#organization"},"keywords":["movilizacion","paro"],"articleSection":["Actualidad Ind\u00edgena del Cauca"],"inLanguage":"es","potentialAction":[{"@type":"CommentAction","name":"Comment","target":["https:\/\/www.cric-colombia.org\/portal\/la-inequidad-nacional-aumenta-no-a-la-reforma-tributaria\/#respond"]}]},{"@type":"WebPage","@id":"https:\/\/www.cric-colombia.org\/portal\/la-inequidad-nacional-aumenta-no-a-la-reforma-tributaria\/","url":"https:\/\/www.cric-colombia.org\/portal\/la-inequidad-nacional-aumenta-no-a-la-reforma-tributaria\/","name":"La inequidad nacional aumenta, no a la reforma tributaria - Consejo Regional Ind\u00edgena del Cauca - CRIC","isPartOf":{"@id":"https:\/\/www.cric-colombia.org\/portal\/#website"},"datePublished":"2019-12-17T12:37:46+00:00","dateModified":"2019-12-17T12:37:46+00:00","description":"Quienes hoy protestamos en las calles no aceptamos m\u00e1s un modelo econ\u00f3mico y\u00a0social que genera riqueza en unos pocos y pobreza en la mayor\u00eda de colombianos\u00a0y colombianas, un sistema econ\u00f3mico que se lucra de nuestros territorios y\u00a0ecosistemas, adem\u00e1s coloca en riesgo nuestro futuro y las posibilidades de vida,\u00a0en un mundo insensible y apegado al capitalismo, as\u00ed mismo nuestra dignidad y\u00a0reconocimiento como personas, la est\u00e1n reduciendo a la importancia del capital\u00a0como generador de riqueza y en la asignaci\u00f3n de los recursos a trav\u00e9s del\u00a0mecanismo del mercado, en una reforma tributaria donde se pierde el valor de\u00a0los individuos para dar paso al valor de las empresas.","breadcrumb":{"@id":"https:\/\/www.cric-colombia.org\/portal\/la-inequidad-nacional-aumenta-no-a-la-reforma-tributaria\/#breadcrumb"},"inLanguage":"es","potentialAction":[{"@type":"ReadAction","target":["https:\/\/www.cric-colombia.org\/portal\/la-inequidad-nacional-aumenta-no-a-la-reforma-tributaria\/"]}]},{"@type":"BreadcrumbList","@id":"https:\/\/www.cric-colombia.org\/portal\/la-inequidad-nacional-aumenta-no-a-la-reforma-tributaria\/#breadcrumb","itemListElement":[{"@type":"ListItem","position":1,"name":"Portada","item":"https:\/\/www.cric-colombia.org\/portal\/"},{"@type":"ListItem","position":2,"name":"La inequidad nacional aumenta, no a la reforma tributaria"}]},{"@type":"WebSite","@id":"https:\/\/www.cric-colombia.org\/portal\/#website","url":"https:\/\/www.cric-colombia.org\/portal\/","name":"Consejo Regional Ind\u00edgena del Cauca - CRIC","description":"P\u00e1gina oficial del Consejo Regional Ind\u00edgena del Cauca, Colombia","publisher":{"@id":"https:\/\/www.cric-colombia.org\/portal\/#organization"},"potentialAction":[{"@type":"SearchAction","target":{"@type":"EntryPoint","urlTemplate":"https:\/\/www.cric-colombia.org\/portal\/?s={search_term_string}"},"query-input":"required name=search_term_string"}],"inLanguage":"es"},{"@type":"Organization","@id":"https:\/\/www.cric-colombia.org\/portal\/#organization","name":"Consejo Regional Ind\u00edgena del Cauca","url":"https:\/\/www.cric-colombia.org\/portal\/","logo":{"@type":"ImageObject","inLanguage":"es","@id":"https:\/\/www.cric-colombia.org\/portal\/#\/schema\/logo\/image\/","url":"https:\/\/www.cric-colombia.org\/portal\/wp-content\/uploads\/2015\/08\/logo_cric.jpg","contentUrl":"https:\/\/www.cric-colombia.org\/portal\/wp-content\/uploads\/2015\/08\/logo_cric.jpg","width":512,"height":512,"caption":"Consejo Regional Ind\u00edgena del Cauca"},"image":{"@id":"https:\/\/www.cric-colombia.org\/portal\/#\/schema\/logo\/image\/"},"sameAs":["https:\/\/www.facebook.com\/cric.colombia\/","https:\/\/twitter.com\/CRIC_Cauca"]},{"@type":"Person","@id":"https:\/\/www.cric-colombia.org\/portal\/#\/schema\/person\/ab3a3099267de33d55f74f34ba201931","name":"Comunicaciones CRIC","image":{"@type":"ImageObject","inLanguage":"es","@id":"https:\/\/www.cric-colombia.org\/portal\/#\/schema\/person\/image\/","url":"https:\/\/secure.gravatar.com\/avatar\/a8d1a6cfcb82a80d09dafefdcc3dcc8a?s=96&d=retro&r=g","contentUrl":"https:\/\/secure.gravatar.com\/avatar\/a8d1a6cfcb82a80d09dafefdcc3dcc8a?s=96&d=retro&r=g","caption":"Comunicaciones CRIC"},"url":"https:\/\/www.cric-colombia.org\/portal\/author\/comunicaciones\/"}]}},"jetpack_featured_media_url":"https:\/\/www.cric-colombia.org\/portal\/wp-content\/uploads\/2018\/11\/logo-full-cric-pgn-color-visible--e1548890320448.png","_links":{"self":[{"href":"https:\/\/www.cric-colombia.org\/portal\/wp-json\/wp\/v2\/posts\/26984"}],"collection":[{"href":"https:\/\/www.cric-colombia.org\/portal\/wp-json\/wp\/v2\/posts"}],"about":[{"href":"https:\/\/www.cric-colombia.org\/portal\/wp-json\/wp\/v2\/types\/post"}],"author":[{"embeddable":true,"href":"https:\/\/www.cric-colombia.org\/portal\/wp-json\/wp\/v2\/users\/6"}],"replies":[{"embeddable":true,"href":"https:\/\/www.cric-colombia.org\/portal\/wp-json\/wp\/v2\/comments?post=26984"}],"version-history":[{"count":1,"href":"https:\/\/www.cric-colombia.org\/portal\/wp-json\/wp\/v2\/posts\/26984\/revisions"}],"predecessor-version":[{"id":26985,"href":"https:\/\/www.cric-colombia.org\/portal\/wp-json\/wp\/v2\/posts\/26984\/revisions\/26985"}],"wp:featuredmedia":[{"embeddable":true,"href":"https:\/\/www.cric-colombia.org\/portal\/wp-json\/wp\/v2\/media\/23601"}],"wp:attachment":[{"href":"https:\/\/www.cric-colombia.org\/portal\/wp-json\/wp\/v2\/media?parent=26984"}],"wp:term":[{"taxonomy":"category","embeddable":true,"href":"https:\/\/www.cric-colombia.org\/portal\/wp-json\/wp\/v2\/categories?post=26984"},{"taxonomy":"post_tag","embeddable":true,"href":"https:\/\/www.cric-colombia.org\/portal\/wp-json\/wp\/v2\/tags?post=26984"}],"curies":[{"name":"wp","href":"https:\/\/api.w.org\/{rel}","templated":true}]}}