{"id":26790,"date":"2019-11-20T13:31:59","date_gmt":"2019-11-20T18:31:59","guid":{"rendered":"https:\/\/www.cric-colombia.org\/portal\/?p=26790"},"modified":"2019-11-20T13:31:59","modified_gmt":"2019-11-20T18:31:59","slug":"educacion-para-la-vida-con-equilibrio-y-armonia-con-la-madre-tierra","status":"publish","type":"post","link":"https:\/\/www.cric-colombia.org\/portal\/educacion-para-la-vida-con-equilibrio-y-armonia-con-la-madre-tierra\/","title":{"rendered":"Educaci\u00f3n para la vida con equilibrio y armon\u00eda con la Madre Tierra"},"content":{"rendered":"<h3><strong><em>PRIMERA MINGA INTERNACIONAL DE LA EDUCACI\u00d3N PROPIA<\/em><\/strong><\/h3>\n<h4><strong><em>\u201cRetos y Desaf\u00edos hacia los 50 a\u00f1os del CRIC<\/em><\/strong>\u201d<\/h4>\n<p>#MingaInternacionalPEBI<\/p>\n<p>El segundo d\u00eda del encuentro de la primera minga regional, nacional e internacional, compartimos la palabra de una de las comisiones y ponencias realizadas, el d\u00eda 19 de noviembre de 2019.<\/p>\n<p>La educaci\u00f3n propia nace de lo que no ense\u00f1a la naturaleza, de lo que nos va proporcionando las experiencias de vida. La educaci\u00f3n no debe ser del discurso que acostumbramos a repartirle a la gente sino que se debe reflejar en las acciones dentro de las comunidades.<\/p>\n<p>Como lo dice pueblo Siapidara de la costa pac\u00edfica del Cauca, \u00ab<em><strong>la naturaleza es el diccionario para entender la educaci\u00f3n propia de las comunidades originarias, partiendo de las ense\u00f1anzas de la madre tierra, de los p\u00e1jaros, de los r\u00edos y montes<\/strong><\/em>\u00ab. As\u00ed mismo se aprender de las vivencias y de la sabidur\u00eda de cada una de las comunidades que practican sus usos y costumbres.<\/p>\n<p>Del mismo modo el pueblo nasa ha ratificado que para la educaci\u00f3n propia las familias deben retornar a la tulpa para vitalizar los valores culturales que nos lleve a respetar la madre tierra, la coherencia con el proceso organizativo, a fortalecer la lengua y la espiritualidad.<\/p>\n<p>El respeto por nuestros valores culturales no solo debe ser tarea del pueblo Nasa sino que todos los pueblos para fortalecer la identidad cultural, que no lleve al respeto por la madre tierra que es esencia de la vida, teniendo en cuenta que toda cultura originario est\u00e1 arraigado a su entorno natural y espiritual.<\/p>\n<p>Para fortalecer nutra identidad desde la educaci\u00f3n propia las la gente que ha tenido la oportunidad de estudiar en universidades convencionales deben regresar a desaprender ideolog\u00edas que no aportan a la comunidad la sabidur\u00eda comunitaria, puesto este modelo educativo est\u00e1 dise\u00f1ado para que nos alejemos de nuestra cultura, de la lucha, del amor por la madre tierra y de nuestros usos y costumbre.<\/p>\n<p>Por esa raz\u00f3n se debate que los j\u00f3venes y ni\u00f1os deben ser educados para la vida, para aclarar y fortalecer el proceso organizativo a trav\u00e9s de los planes de vida, para potenciar la soberan\u00eda alimentaria, para entender que la naturaleza es lo poco y \u00faltimo que nos queda. Debemos partir de la autocr\u00edtica que si la educaci\u00f3n propia no cumple con nuestras necesidades de pervivencia, no vamos a lograr resistir como pueblos hasta que se apague el sol, de lo contrario el calentamiento global nos apagara a nosotros y a toda la humanidad.<\/p>\n<p>En esta primera minga de educaci\u00f3n vario expositores dan ejemplos de autonom\u00eda que ayuda a potenciar la sabidur\u00eda desde la pr\u00e1ctica; una de las experiencia es del pueblo afro-descendiste del Pat\u00eda, quienes despu\u00e9s de ser estigmatizado por ser negras, nace la experiencia pedag\u00f3gica que ayuda a potenciar su cultura, bas\u00e1ndose en su propia manera de hacer agricultura, donde ellos descubren que el fuerte\u00a0 de su identidad es la m\u00fasica, la danza y las recitaciones\u00a0 po\u00e9ticas que cuentan las vivencias del pueblo negro.<\/p>\n<p>Desde movimiento de resistencia del pueblo originario Purhepecha de Cheran \u2013Michoacan Mexico, nos ense\u00f1an que la autonom\u00eda si es posible cuando las comunidades est\u00e1n bien fundamentadas, su lucha educativa esta basadas en el principio de autonom\u00eda generando conciencia propias dentro de su comunidad. En primer lugar han sido capaces de salirse de un modelo tradicional basados en la pol\u00edtica y politiquer\u00eda que fueron los causantes de muchas divisiones dentro de la comunidad, de amenazas y muerte.<\/p>\n<p>Esta comunidad tiene la profunda convicci\u00f3n que mandar obedeciendo, son las bases comunitarias quienes deciden quien va liderar a la comunidad, que tenga un fundamento cr\u00edtico basado en defender su autonom\u00eda, esencia y principios como pueblos originarios.<\/p>\n<p>Otras de las experiencias fue la Escuela Territorial y Agroecol\u00f3gica, Manuel Quintin Lame, en el resguardo pijao de Pacora, Ortega Tolima donde su educaci\u00f3n se basa en la naturaleza como espacio de aprendizaje comunitario inter\u00e9tnico intercultural, en un territorio que est\u00e1 amenazado por los monocultivos de arroz, algod\u00f3n y ganader\u00eda extensiva que ha acelerado el cambio clim\u00e1tico y descontrol ecol\u00f3gico en todo el planta.<\/p>\n<p>Esta experiencia educativa naci\u00f3 en el a\u00f1o 2012 promoviendo el ejercicio reflexivo, basado en los di\u00e1logos de saberes encaminados hacia el querer por la Madre Tierra. Hasta el momento han pasado ni\u00f1os j\u00f3venes y adultos quienes han logrado cultivar concia, adem\u00e1s de sembrar su propia comida org\u00e1nica para la soberan\u00eda alimentaria y la conservacion de las semillas propias y criollas.<\/p>\n<p>Por \u00faltimo se men\u00f3 que la educaci\u00f3n propia debe responder a las necesidades de fortalecer y rescatar nutras formas de pensar y potencias las sabidur\u00eda para defender la madre tierra, la cultura y la pervivencia.<\/p>\n<p><strong>Por: programa de comunicaciones CRIC y estudiantes UAIIN<\/strong><\/p>\n","protected":false},"excerpt":{"rendered":"<p>PRIMERA MINGA INTERNACIONAL DE LA EDUCACI\u00d3N PROPIA \u201cRetos y Desaf\u00edos hacia los 50 a\u00f1os del CRIC\u201d #MingaInternacionalPEBI El segundo d\u00eda del encuentro de la primera minga regional, nacional e internacional, compartimos la palabra de una de las comisiones y ponencias realizadas, el d\u00eda 19 de noviembre de 2019. La educaci\u00f3n propia nace de lo que <\/p>\n","protected":false},"author":6,"featured_media":26791,"comment_status":"open","ping_status":"open","sticky":false,"template":"","format":"standard","meta":{"footnotes":""},"categories":[3],"tags":[251],"yoast_head":"<!-- This site is optimized with the Yoast SEO plugin v20.12 - https:\/\/yoast.com\/wordpress\/plugins\/seo\/ -->\n<title>Educaci\u00f3n para la vida con equilibrio y armon\u00eda con la Madre Tierra - Consejo Regional Ind\u00edgena del Cauca - CRIC<\/title>\n<meta name=\"description\" content=\"PRIMERA MINGA INTERNACIONAL DE LA EDUCACI\u00d3N PROPIA\u201cRetos y Desaf\u00edos hacia los 50 a\u00f1os del CRIC\u201d#MingaInternacionalPEBIEl segundo d\u00eda del encuentro de la primera minga regional, nacional e internacional, compartimos la palabra de una de las comisiones y ponencias realizadas, el d\u00eda 19 de noviembre de 2019.La educaci\u00f3n propia nace de lo que no ense\u00f1a la naturaleza, de lo que nos va\" \/>\n<meta name=\"robots\" content=\"index, follow, max-snippet:-1, max-image-preview:large, max-video-preview:-1\" \/>\n<link rel=\"canonical\" href=\"https:\/\/www.cric-colombia.org\/portal\/educacion-para-la-vida-con-equilibrio-y-armonia-con-la-madre-tierra\/\" \/>\n<meta property=\"og:locale\" content=\"es_ES\" \/>\n<meta property=\"og:type\" content=\"article\" \/>\n<meta property=\"og:title\" content=\"Educaci\u00f3n para la vida con equilibrio y armon\u00eda con la Madre Tierra - Consejo Regional Ind\u00edgena del Cauca - CRIC\" \/>\n<meta property=\"og:description\" content=\"PRIMERA MINGA INTERNACIONAL DE LA EDUCACI\u00d3N PROPIA\u201cRetos y Desaf\u00edos hacia los 50 a\u00f1os del CRIC\u201d#MingaInternacionalPEBIEl segundo d\u00eda del encuentro de la primera minga regional, nacional e internacional, compartimos la palabra de una de las comisiones y ponencias realizadas, el d\u00eda 19 de noviembre de 2019.La educaci\u00f3n propia nace de lo que no ense\u00f1a la naturaleza, de lo que nos va\" \/>\n<meta property=\"og:url\" content=\"https:\/\/www.cric-colombia.org\/portal\/educacion-para-la-vida-con-equilibrio-y-armonia-con-la-madre-tierra\/\" \/>\n<meta property=\"og:site_name\" content=\"Consejo Regional Ind\u00edgena del Cauca - CRIC\" \/>\n<meta property=\"article:publisher\" content=\"https:\/\/www.facebook.com\/cric.colombia\/\" \/>\n<meta property=\"article:published_time\" content=\"2019-11-20T18:31:59+00:00\" \/>\n<meta property=\"og:image\" content=\"https:\/\/www.cric-colombia.org\/portal\/wp-content\/uploads\/2019\/11\/Educaci\u00f3n-para-la-vida-con-equilibrio-y-armon\u00eda-con-la-Madre-Tierra.jpg\" \/>\n\t<meta property=\"og:image:width\" content=\"976\" \/>\n\t<meta property=\"og:image:height\" content=\"650\" \/>\n\t<meta property=\"og:image:type\" content=\"image\/jpeg\" \/>\n<meta name=\"author\" content=\"Comunicaciones CRIC\" \/>\n<meta name=\"twitter:card\" content=\"summary_large_image\" \/>\n<meta name=\"twitter:creator\" content=\"@CRIC_Cauca\" \/>\n<meta name=\"twitter:site\" content=\"@CRIC_Cauca\" \/>\n<meta name=\"twitter:label1\" content=\"Escrito por\" \/>\n\t<meta name=\"twitter:data1\" content=\"Comunicaciones CRIC\" \/>\n\t<meta name=\"twitter:label2\" content=\"Tiempo de lectura\" \/>\n\t<meta name=\"twitter:data2\" content=\"4 minutos\" \/>\n<script type=\"application\/ld+json\" class=\"yoast-schema-graph\">{\"@context\":\"https:\/\/schema.org\",\"@graph\":[{\"@type\":\"Article\",\"@id\":\"https:\/\/www.cric-colombia.org\/portal\/educacion-para-la-vida-con-equilibrio-y-armonia-con-la-madre-tierra\/#article\",\"isPartOf\":{\"@id\":\"https:\/\/www.cric-colombia.org\/portal\/educacion-para-la-vida-con-equilibrio-y-armonia-con-la-madre-tierra\/\"},\"author\":{\"name\":\"Comunicaciones CRIC\",\"@id\":\"https:\/\/www.cric-colombia.org\/portal\/#\/schema\/person\/ab3a3099267de33d55f74f34ba201931\"},\"headline\":\"Educaci\u00f3n para la vida con equilibrio y armon\u00eda con la Madre Tierra\",\"datePublished\":\"2019-11-20T18:31:59+00:00\",\"dateModified\":\"2019-11-20T18:31:59+00:00\",\"mainEntityOfPage\":{\"@id\":\"https:\/\/www.cric-colombia.org\/portal\/educacion-para-la-vida-con-equilibrio-y-armonia-con-la-madre-tierra\/\"},\"wordCount\":848,\"commentCount\":0,\"publisher\":{\"@id\":\"https:\/\/www.cric-colombia.org\/portal\/#organization\"},\"keywords\":[\"PEBI\"],\"articleSection\":[\"Actualidad Ind\u00edgena del Cauca\"],\"inLanguage\":\"es\",\"potentialAction\":[{\"@type\":\"CommentAction\",\"name\":\"Comment\",\"target\":[\"https:\/\/www.cric-colombia.org\/portal\/educacion-para-la-vida-con-equilibrio-y-armonia-con-la-madre-tierra\/#respond\"]}]},{\"@type\":\"WebPage\",\"@id\":\"https:\/\/www.cric-colombia.org\/portal\/educacion-para-la-vida-con-equilibrio-y-armonia-con-la-madre-tierra\/\",\"url\":\"https:\/\/www.cric-colombia.org\/portal\/educacion-para-la-vida-con-equilibrio-y-armonia-con-la-madre-tierra\/\",\"name\":\"Educaci\u00f3n para la vida con equilibrio y armon\u00eda con la Madre Tierra - Consejo Regional Ind\u00edgena del Cauca - CRIC\",\"isPartOf\":{\"@id\":\"https:\/\/www.cric-colombia.org\/portal\/#website\"},\"datePublished\":\"2019-11-20T18:31:59+00:00\",\"dateModified\":\"2019-11-20T18:31:59+00:00\",\"description\":\"PRIMERA MINGA INTERNACIONAL DE LA EDUCACI\u00d3N PROPIA\u201cRetos y Desaf\u00edos hacia los 50 a\u00f1os del CRIC\u201d#MingaInternacionalPEBIEl segundo d\u00eda del encuentro de la primera minga regional, nacional e internacional, compartimos la palabra de una de las comisiones y ponencias realizadas, el d\u00eda 19 de noviembre de 2019.La educaci\u00f3n propia nace de lo que no ense\u00f1a la naturaleza, de lo que nos va\",\"breadcrumb\":{\"@id\":\"https:\/\/www.cric-colombia.org\/portal\/educacion-para-la-vida-con-equilibrio-y-armonia-con-la-madre-tierra\/#breadcrumb\"},\"inLanguage\":\"es\",\"potentialAction\":[{\"@type\":\"ReadAction\",\"target\":[\"https:\/\/www.cric-colombia.org\/portal\/educacion-para-la-vida-con-equilibrio-y-armonia-con-la-madre-tierra\/\"]}]},{\"@type\":\"BreadcrumbList\",\"@id\":\"https:\/\/www.cric-colombia.org\/portal\/educacion-para-la-vida-con-equilibrio-y-armonia-con-la-madre-tierra\/#breadcrumb\",\"itemListElement\":[{\"@type\":\"ListItem\",\"position\":1,\"name\":\"Portada\",\"item\":\"https:\/\/www.cric-colombia.org\/portal\/\"},{\"@type\":\"ListItem\",\"position\":2,\"name\":\"Educaci\u00f3n para la vida con equilibrio y armon\u00eda con la Madre Tierra\"}]},{\"@type\":\"WebSite\",\"@id\":\"https:\/\/www.cric-colombia.org\/portal\/#website\",\"url\":\"https:\/\/www.cric-colombia.org\/portal\/\",\"name\":\"Consejo Regional Ind\u00edgena del Cauca - CRIC\",\"description\":\"P\u00e1gina oficial del Consejo Regional Ind\u00edgena del Cauca, Colombia\",\"publisher\":{\"@id\":\"https:\/\/www.cric-colombia.org\/portal\/#organization\"},\"potentialAction\":[{\"@type\":\"SearchAction\",\"target\":{\"@type\":\"EntryPoint\",\"urlTemplate\":\"https:\/\/www.cric-colombia.org\/portal\/?s={search_term_string}\"},\"query-input\":\"required name=search_term_string\"}],\"inLanguage\":\"es\"},{\"@type\":\"Organization\",\"@id\":\"https:\/\/www.cric-colombia.org\/portal\/#organization\",\"name\":\"Consejo Regional Ind\u00edgena del Cauca\",\"url\":\"https:\/\/www.cric-colombia.org\/portal\/\",\"logo\":{\"@type\":\"ImageObject\",\"inLanguage\":\"es\",\"@id\":\"https:\/\/www.cric-colombia.org\/portal\/#\/schema\/logo\/image\/\",\"url\":\"https:\/\/www.cric-colombia.org\/portal\/wp-content\/uploads\/2015\/08\/logo_cric.jpg\",\"contentUrl\":\"https:\/\/www.cric-colombia.org\/portal\/wp-content\/uploads\/2015\/08\/logo_cric.jpg\",\"width\":512,\"height\":512,\"caption\":\"Consejo Regional Ind\u00edgena del Cauca\"},\"image\":{\"@id\":\"https:\/\/www.cric-colombia.org\/portal\/#\/schema\/logo\/image\/\"},\"sameAs\":[\"https:\/\/www.facebook.com\/cric.colombia\/\",\"https:\/\/twitter.com\/CRIC_Cauca\"]},{\"@type\":\"Person\",\"@id\":\"https:\/\/www.cric-colombia.org\/portal\/#\/schema\/person\/ab3a3099267de33d55f74f34ba201931\",\"name\":\"Comunicaciones CRIC\",\"image\":{\"@type\":\"ImageObject\",\"inLanguage\":\"es\",\"@id\":\"https:\/\/www.cric-colombia.org\/portal\/#\/schema\/person\/image\/\",\"url\":\"https:\/\/secure.gravatar.com\/avatar\/a8d1a6cfcb82a80d09dafefdcc3dcc8a?s=96&d=retro&r=g\",\"contentUrl\":\"https:\/\/secure.gravatar.com\/avatar\/a8d1a6cfcb82a80d09dafefdcc3dcc8a?s=96&d=retro&r=g\",\"caption\":\"Comunicaciones CRIC\"},\"url\":\"https:\/\/www.cric-colombia.org\/portal\/author\/comunicaciones\/\"}]}<\/script>\n<!-- \/ Yoast SEO plugin. -->","yoast_head_json":{"title":"Educaci\u00f3n para la vida con equilibrio y armon\u00eda con la Madre Tierra - Consejo Regional Ind\u00edgena del Cauca - CRIC","description":"PRIMERA MINGA INTERNACIONAL DE LA EDUCACI\u00d3N PROPIA\u201cRetos y Desaf\u00edos hacia los 50 a\u00f1os del CRIC\u201d#MingaInternacionalPEBIEl segundo d\u00eda del encuentro de la primera minga regional, nacional e internacional, compartimos la palabra de una de las comisiones y ponencias realizadas, el d\u00eda 19 de noviembre de 2019.La educaci\u00f3n propia nace de lo que no ense\u00f1a la naturaleza, de lo que nos va","robots":{"index":"index","follow":"follow","max-snippet":"max-snippet:-1","max-image-preview":"max-image-preview:large","max-video-preview":"max-video-preview:-1"},"canonical":"https:\/\/www.cric-colombia.org\/portal\/educacion-para-la-vida-con-equilibrio-y-armonia-con-la-madre-tierra\/","og_locale":"es_ES","og_type":"article","og_title":"Educaci\u00f3n para la vida con equilibrio y armon\u00eda con la Madre Tierra - Consejo Regional Ind\u00edgena del Cauca - CRIC","og_description":"PRIMERA MINGA INTERNACIONAL DE LA EDUCACI\u00d3N PROPIA\u201cRetos y Desaf\u00edos hacia los 50 a\u00f1os del CRIC\u201d#MingaInternacionalPEBIEl segundo d\u00eda del encuentro de la primera minga regional, nacional e internacional, compartimos la palabra de una de las comisiones y ponencias realizadas, el d\u00eda 19 de noviembre de 2019.La educaci\u00f3n propia nace de lo que no ense\u00f1a la naturaleza, de lo que nos va","og_url":"https:\/\/www.cric-colombia.org\/portal\/educacion-para-la-vida-con-equilibrio-y-armonia-con-la-madre-tierra\/","og_site_name":"Consejo Regional Ind\u00edgena del Cauca - CRIC","article_publisher":"https:\/\/www.facebook.com\/cric.colombia\/","article_published_time":"2019-11-20T18:31:59+00:00","og_image":[{"width":976,"height":650,"url":"https:\/\/www.cric-colombia.org\/portal\/wp-content\/uploads\/2019\/11\/Educaci\u00f3n-para-la-vida-con-equilibrio-y-armon\u00eda-con-la-Madre-Tierra.jpg","type":"image\/jpeg"}],"author":"Comunicaciones CRIC","twitter_card":"summary_large_image","twitter_creator":"@CRIC_Cauca","twitter_site":"@CRIC_Cauca","twitter_misc":{"Escrito por":"Comunicaciones CRIC","Tiempo de lectura":"4 minutos"},"schema":{"@context":"https:\/\/schema.org","@graph":[{"@type":"Article","@id":"https:\/\/www.cric-colombia.org\/portal\/educacion-para-la-vida-con-equilibrio-y-armonia-con-la-madre-tierra\/#article","isPartOf":{"@id":"https:\/\/www.cric-colombia.org\/portal\/educacion-para-la-vida-con-equilibrio-y-armonia-con-la-madre-tierra\/"},"author":{"name":"Comunicaciones CRIC","@id":"https:\/\/www.cric-colombia.org\/portal\/#\/schema\/person\/ab3a3099267de33d55f74f34ba201931"},"headline":"Educaci\u00f3n para la vida con equilibrio y armon\u00eda con la Madre Tierra","datePublished":"2019-11-20T18:31:59+00:00","dateModified":"2019-11-20T18:31:59+00:00","mainEntityOfPage":{"@id":"https:\/\/www.cric-colombia.org\/portal\/educacion-para-la-vida-con-equilibrio-y-armonia-con-la-madre-tierra\/"},"wordCount":848,"commentCount":0,"publisher":{"@id":"https:\/\/www.cric-colombia.org\/portal\/#organization"},"keywords":["PEBI"],"articleSection":["Actualidad Ind\u00edgena del Cauca"],"inLanguage":"es","potentialAction":[{"@type":"CommentAction","name":"Comment","target":["https:\/\/www.cric-colombia.org\/portal\/educacion-para-la-vida-con-equilibrio-y-armonia-con-la-madre-tierra\/#respond"]}]},{"@type":"WebPage","@id":"https:\/\/www.cric-colombia.org\/portal\/educacion-para-la-vida-con-equilibrio-y-armonia-con-la-madre-tierra\/","url":"https:\/\/www.cric-colombia.org\/portal\/educacion-para-la-vida-con-equilibrio-y-armonia-con-la-madre-tierra\/","name":"Educaci\u00f3n para la vida con equilibrio y armon\u00eda con la Madre Tierra - Consejo Regional Ind\u00edgena del Cauca - CRIC","isPartOf":{"@id":"https:\/\/www.cric-colombia.org\/portal\/#website"},"datePublished":"2019-11-20T18:31:59+00:00","dateModified":"2019-11-20T18:31:59+00:00","description":"PRIMERA MINGA INTERNACIONAL DE LA EDUCACI\u00d3N PROPIA\u201cRetos y Desaf\u00edos hacia los 50 a\u00f1os del CRIC\u201d#MingaInternacionalPEBIEl segundo d\u00eda del encuentro de la primera minga regional, nacional e internacional, compartimos la palabra de una de las comisiones y ponencias realizadas, el d\u00eda 19 de noviembre de 2019.La educaci\u00f3n propia nace de lo que no ense\u00f1a la naturaleza, de lo que nos va","breadcrumb":{"@id":"https:\/\/www.cric-colombia.org\/portal\/educacion-para-la-vida-con-equilibrio-y-armonia-con-la-madre-tierra\/#breadcrumb"},"inLanguage":"es","potentialAction":[{"@type":"ReadAction","target":["https:\/\/www.cric-colombia.org\/portal\/educacion-para-la-vida-con-equilibrio-y-armonia-con-la-madre-tierra\/"]}]},{"@type":"BreadcrumbList","@id":"https:\/\/www.cric-colombia.org\/portal\/educacion-para-la-vida-con-equilibrio-y-armonia-con-la-madre-tierra\/#breadcrumb","itemListElement":[{"@type":"ListItem","position":1,"name":"Portada","item":"https:\/\/www.cric-colombia.org\/portal\/"},{"@type":"ListItem","position":2,"name":"Educaci\u00f3n para la vida con equilibrio y armon\u00eda con la Madre Tierra"}]},{"@type":"WebSite","@id":"https:\/\/www.cric-colombia.org\/portal\/#website","url":"https:\/\/www.cric-colombia.org\/portal\/","name":"Consejo Regional Ind\u00edgena del Cauca - CRIC","description":"P\u00e1gina oficial del Consejo Regional Ind\u00edgena del Cauca, Colombia","publisher":{"@id":"https:\/\/www.cric-colombia.org\/portal\/#organization"},"potentialAction":[{"@type":"SearchAction","target":{"@type":"EntryPoint","urlTemplate":"https:\/\/www.cric-colombia.org\/portal\/?s={search_term_string}"},"query-input":"required name=search_term_string"}],"inLanguage":"es"},{"@type":"Organization","@id":"https:\/\/www.cric-colombia.org\/portal\/#organization","name":"Consejo Regional Ind\u00edgena del Cauca","url":"https:\/\/www.cric-colombia.org\/portal\/","logo":{"@type":"ImageObject","inLanguage":"es","@id":"https:\/\/www.cric-colombia.org\/portal\/#\/schema\/logo\/image\/","url":"https:\/\/www.cric-colombia.org\/portal\/wp-content\/uploads\/2015\/08\/logo_cric.jpg","contentUrl":"https:\/\/www.cric-colombia.org\/portal\/wp-content\/uploads\/2015\/08\/logo_cric.jpg","width":512,"height":512,"caption":"Consejo Regional Ind\u00edgena del Cauca"},"image":{"@id":"https:\/\/www.cric-colombia.org\/portal\/#\/schema\/logo\/image\/"},"sameAs":["https:\/\/www.facebook.com\/cric.colombia\/","https:\/\/twitter.com\/CRIC_Cauca"]},{"@type":"Person","@id":"https:\/\/www.cric-colombia.org\/portal\/#\/schema\/person\/ab3a3099267de33d55f74f34ba201931","name":"Comunicaciones CRIC","image":{"@type":"ImageObject","inLanguage":"es","@id":"https:\/\/www.cric-colombia.org\/portal\/#\/schema\/person\/image\/","url":"https:\/\/secure.gravatar.com\/avatar\/a8d1a6cfcb82a80d09dafefdcc3dcc8a?s=96&d=retro&r=g","contentUrl":"https:\/\/secure.gravatar.com\/avatar\/a8d1a6cfcb82a80d09dafefdcc3dcc8a?s=96&d=retro&r=g","caption":"Comunicaciones CRIC"},"url":"https:\/\/www.cric-colombia.org\/portal\/author\/comunicaciones\/"}]}},"jetpack_featured_media_url":"https:\/\/www.cric-colombia.org\/portal\/wp-content\/uploads\/2019\/11\/Educaci\u00f3n-para-la-vida-con-equilibrio-y-armon\u00eda-con-la-Madre-Tierra.jpg","_links":{"self":[{"href":"https:\/\/www.cric-colombia.org\/portal\/wp-json\/wp\/v2\/posts\/26790"}],"collection":[{"href":"https:\/\/www.cric-colombia.org\/portal\/wp-json\/wp\/v2\/posts"}],"about":[{"href":"https:\/\/www.cric-colombia.org\/portal\/wp-json\/wp\/v2\/types\/post"}],"author":[{"embeddable":true,"href":"https:\/\/www.cric-colombia.org\/portal\/wp-json\/wp\/v2\/users\/6"}],"replies":[{"embeddable":true,"href":"https:\/\/www.cric-colombia.org\/portal\/wp-json\/wp\/v2\/comments?post=26790"}],"version-history":[{"count":1,"href":"https:\/\/www.cric-colombia.org\/portal\/wp-json\/wp\/v2\/posts\/26790\/revisions"}],"predecessor-version":[{"id":26792,"href":"https:\/\/www.cric-colombia.org\/portal\/wp-json\/wp\/v2\/posts\/26790\/revisions\/26792"}],"wp:featuredmedia":[{"embeddable":true,"href":"https:\/\/www.cric-colombia.org\/portal\/wp-json\/wp\/v2\/media\/26791"}],"wp:attachment":[{"href":"https:\/\/www.cric-colombia.org\/portal\/wp-json\/wp\/v2\/media?parent=26790"}],"wp:term":[{"taxonomy":"category","embeddable":true,"href":"https:\/\/www.cric-colombia.org\/portal\/wp-json\/wp\/v2\/categories?post=26790"},{"taxonomy":"post_tag","embeddable":true,"href":"https:\/\/www.cric-colombia.org\/portal\/wp-json\/wp\/v2\/tags?post=26790"}],"curies":[{"name":"wp","href":"https:\/\/api.w.org\/{rel}","templated":true}]}}