{"id":26666,"date":"2019-11-07T22:11:38","date_gmt":"2019-11-08T03:11:38","guid":{"rendered":"https:\/\/www.cric-colombia.org\/portal\/?p=26666"},"modified":"2019-11-07T22:11:38","modified_gmt":"2019-11-08T03:11:38","slug":"convocatoria-coordinacion-colegiada-pebi-cric","status":"publish","type":"post","link":"https:\/\/www.cric-colombia.org\/portal\/convocatoria-coordinacion-colegiada-pebi-cric\/","title":{"rendered":"Convocatoria Coordinaci\u00f3n Colegiada PEBI \u2013 CRIC"},"content":{"rendered":"<p>Popay\u00e1n, 5 de noviembre de 2019 &#8211; CRIC-PEBI-326-2019<\/p>\n<p>Compa\u00f1eros<\/p>\n<h2>AUTORIDADES IND\u00cdGENAS<\/h2>\n<p>Consejo Regional Ind\u00edgena del Cauca &#8211; CRIC<\/p>\n<p><strong><em>Asunto:<\/em><\/strong><em> Convocatoria Coordinaci\u00f3n Colegiada PEBI \u2013 CRIC<\/em><\/p>\n<p>Cordial Saludo.<\/p>\n<figure id=\"attachment_15333\" aria-describedby=\"caption-attachment-15333\" style=\"width: 232px\" class=\"wp-caption alignleft\"><img decoding=\"async\" loading=\"lazy\" class=\"wp-image-15333 size-medium\" src=\"https:\/\/www.cric-colombia.org\/portal\/wp-content\/uploads\/2016\/09\/logo-PEBI-copyright-CRIC-232x300.png\" alt=\"copyright pebi\" width=\"232\" height=\"300\" srcset=\"https:\/\/www.cric-colombia.org\/portal\/wp-content\/uploads\/2016\/09\/logo-PEBI-copyright-CRIC-232x300.png 232w, https:\/\/www.cric-colombia.org\/portal\/wp-content\/uploads\/2016\/09\/logo-PEBI-copyright-CRIC-768x994.png 768w, https:\/\/www.cric-colombia.org\/portal\/wp-content\/uploads\/2016\/09\/logo-PEBI-copyright-CRIC-791x1024.png 791w, https:\/\/www.cric-colombia.org\/portal\/wp-content\/uploads\/2016\/09\/logo-PEBI-copyright-CRIC-696x901.png 696w, https:\/\/www.cric-colombia.org\/portal\/wp-content\/uploads\/2016\/09\/logo-PEBI-copyright-CRIC-1068x1382.png 1068w, https:\/\/www.cric-colombia.org\/portal\/wp-content\/uploads\/2016\/09\/logo-PEBI-copyright-CRIC-325x420.png 325w\" sizes=\"(max-width: 232px) 100vw, 232px\" \/><figcaption id=\"caption-attachment-15333\" class=\"wp-caption-text\">copyright pebi<\/figcaption><\/figure>\n<p>Con el \u00e1nimo de fortalecer y consolidar los tejidos de los componentes del Sistema Educativo Ind\u00edgena Propio a trav\u00e9s del Programa de Educaci\u00f3n Biling\u00fce Intercultural &#8211; PEBI; la Consejer\u00eda Mayor del CRIC, respetuosamente convoca y solicita a las Autoridades Ind\u00edgenas hacer llegar hojas de vida del personal de los pueblos para la Coordinaci\u00f3n Colegiada PEBI, previo cumplimiento de los criterios generales y perfiles establecidos para cada cargo.<\/p>\n<p>Todo el personal que aspire a cualquiera de los cargos expuestos en la presente convocatoria deber\u00e1 cumplir <strong>OBLIGATORIAMENTE <\/strong>los siguientes Criterios.<\/p>\n<ul>\n<li>Ser ind\u00edgena o conocedor(a) y defensor(a) de los procesos Pol\u00edtico Organizativos local, zonal, regional CRIC.<\/li>\n<li>Tener claridad pol\u00edtica, liderazgo, capacidad de convocatoria y coordinaci\u00f3n local, zonal y regional, en coherencia con los principios de Unidad, Territorio, Cultura y Autonom\u00eda.<\/li>\n<li>No tener antecedentes pol\u00edticos, ni administrativos a nivel local, zonal y regional ni judiciales en la Ley Ordinaria y Derecho Propio.<\/li>\n<li>Vivenciar la espiritualidad del Pueblo de Origen, ser respetuoso y orientador de las culturas de los Pueblos Ind\u00edgenas.<\/li>\n<li>Buenas relaciones interpersonales, iniciativa, ser propositivo y tener carisma para trabajo en equipo<\/li>\n<li>Actitud y compromiso con el proceso pol\u00edtico organizativo del Consejo Regional Ind\u00edgena del Cauca y en especial hacia el fortalecimiento del Sistema Educativo Ind\u00edgena Propio.<\/li>\n<li>Tener aval de las Autoridades (cabildo) y de la Asociaci\u00f3n de Cabildos de cada Zona firmado por toda la directiva, respectivamente (m\u00ednimo 5 firmas).<\/li>\n<li>Cada hoja de vida deber\u00e1 llegar con sus respectivos soportes de formaci\u00f3n, antecedentes disciplinarios y certificaciones de experiencias.<\/li>\n<\/ul>\n<h2>Cargo: Coordinador(a) Pol\u00edtico PEBI \u2013 CRIC<\/h2>\n<h3>PERFIL<\/h3>\n<ol>\n<li>Haber sido Autoridad y tener amplia trayectoria en el proceso pol\u00edtico y organizativo de los pueblos ind\u00edgenas.<\/li>\n<li>Poseer compromiso con los procesos organizativos, locales, zonales y regionales.<\/li>\n<li>Ser conocedor y defensor de los procesos educativos de la organizaci\u00f3n CRIC.<\/li>\n<li>Tener conocimiento de las pol\u00edticas educativas y la capacidad de coordinar, articular con las autoridades locales, zonales y regionales.<\/li>\n<li>Tener trayectoria en formaci\u00f3n profesional y acad\u00e9mica que le permita entender los conocimientos culturales y universales.<\/li>\n<li>Tener capacidad de trabajo en equipo, capacidad de convocar, coordinar y delegar las diferentes acciones del PEBI.<\/li>\n<li>Haber demostrado experiencia, transparencia, honestidad y honradez en los diferentes espacios.<\/li>\n<li>Tener voluntad, capacidad y compromiso para los procesos de gesti\u00f3n y de relacionamiento institucional.<\/li>\n<\/ol>\n<h3>FUNCIONES<\/h3>\n<ol>\n<li>Direccionar y Orientar las pol\u00edticas educativas conforme a los mandatos de los Congresos y Juntas Directivas Regional y las establecidas en el SEIP.<\/li>\n<li>Planear las acciones y estrategias a corto, mediano y largo plazo para la implementaci\u00f3n del SEIP.<\/li>\n<li>Coordinar la gesti\u00f3n a nivel zonal, regional, nacional e internacional de los Dinamizadores, t\u00e9cnicos y financieros para el cumplimiento de las pol\u00edticas educativas propias.<\/li>\n<li>Relacionamiento Institucional con las instancias estatales y organizaciones sociales.<\/li>\n<li>Dirigir el proceso de evaluaci\u00f3n y seguimiento de todas las acciones de la implementaci\u00f3n del SEIP.<\/li>\n<li>Posicionar ante las diferentes instituciones del Estado y del Gobierno las pol\u00edticas de la organizaci\u00f3n CRIC y del Sistema Educativo Ind\u00edgena Propio.<\/li>\n<li>Convocar y coordinar las reuniones internas de la coordinaci\u00f3n colegiada del PEBI.<\/li>\n<li>Participar en los espacios que convoque las autoridades locales, zonales y regionales.<\/li>\n<li>Coordinar y participar en los espacios de armonizaci\u00f3n espiritual con el componente o con la familia PEBI.<\/li>\n<li>Orientar y operativizar la ejecuci\u00f3n del plan anual de inversi\u00f3n del PEBI \u2013CRIC.<\/li>\n<li>Tener voluntad, capacidad y compromiso para los procesos de gesti\u00f3n y de relacionamiento institucional.<\/li>\n<\/ol>\n<h2>Cargo: Coordinador(a) Pedag\u00f3gico PEBI \u2013 CRIC<\/h2>\n<h3>PERFIL<\/h3>\n<ol>\n<li>Haber sido Autoridad y\/o tener amplia trayectoria en el proceso pol\u00edtico y organizativo de los pueblos ind\u00edgenas.<\/li>\n<li>Tener experiencia en formaci\u00f3n, capacitaci\u00f3n y construcci\u00f3n de procesos pedag\u00f3gicos y metodol\u00f3gicos en la construcci\u00f3n de una educaci\u00f3n propia del PEBI &#8211; CRIC.<\/li>\n<li>Poseer compromiso con los procesos organizativos y pedag\u00f3gicos, locales, zonales y regionales.<\/li>\n<li>Ser conocedor y defensor de los procesos educativos de la organizaci\u00f3n CRIC.<\/li>\n<li>Tener conocimiento de las pol\u00edticas educativas y la capacidad de coordinar, articular con las autoridades locales, zonales y regionales.<\/li>\n<li>Tener trayectoria en formaci\u00f3n profesional y acad\u00e9mica que le permita entender los conocimientos culturales y universales.<\/li>\n<li>Tener experiencia en investigaci\u00f3n y sistematizaci\u00f3n de experiencias significativas.<\/li>\n<li>Tener capacidad de trabajo en equipo, capacidad de convocar, coordinar y delegar las diferentes acciones del PEBI.<\/li>\n<li>En lo posible ser hablante de su idioma propio.<\/li>\n<\/ol>\n<h3>FUNCIONES<\/h3>\n<ol>\n<li>Direccionar y orientar los mandatos de los Congresos y Juntas Directivas Regional y las establecidas en el SEIP.<\/li>\n<li>Planear con el PEBI las acciones y estrategias a corto, mediano y largo plazo para la implementaci\u00f3n del componente pedag\u00f3gico del SEIP.<\/li>\n<li>Operativizar las estrategias pedag\u00f3gicas del SEIP.<\/li>\n<li>Direccionar y orientar los procesos de formulaci\u00f3n, ejecuci\u00f3n, evaluaci\u00f3n y seguimiento del Proyecto Educativo Comunitario &#8211; PEC.<\/li>\n<li>Direccionar y orientar los procesos de capacitaci\u00f3n, formaci\u00f3n, formulaci\u00f3n,<\/li>\n<li>ejecuci\u00f3n, evaluaci\u00f3n y seguimiento a los programas de formaci\u00f3n de la Universidad Aut\u00f3noma Ind\u00edgena a Intercultural- UAIIN. Coordinar procesos de evaluaci\u00f3n y ajustes de la implementaci\u00f3n del SEIP.<\/li>\n<li>Coordinar con el equipo de materiales y el coordinador administrativo la investigaci\u00f3n, sistematizaci\u00f3n, edici\u00f3n, publicaci\u00f3n y difusi\u00f3n de los materiales PEBI.<\/li>\n<li>Defender y posicionar ante las diferentes instituciones del Estado y del Gobierno las diferentes estrategias pedag\u00f3gicas del Sistema Educativo Ind\u00edgena Propio &#8211; SEIP.<\/li>\n<li>Construir estrategias pedag\u00f3gicas y metodol\u00f3gicas para la implementaci\u00f3n y de aprendizaje de lenguas ind\u00edgenas en el Cauca.<\/li>\n<li>Construir, coordinar estrategias pedag\u00f3gicas con los equipos pedag\u00f3gicos zonales.<\/li>\n<li>A partir de los documentos SEIP, continuar construyendo las estrategias metodol\u00f3gicas para la implementaci\u00f3n de las semillas de vidas.<\/li>\n<li>Orientar y construir el tejido de conocimiento y sabidur\u00eda de cada uno de los pueblos desde su ley de origen.<\/li>\n<li>Participar en los espacios que convoque las autoridades locales, zonales y regionales.<\/li>\n<li>Coordinar y participar en los espacios de armonizaci\u00f3n espiritual desde el Componente Pedag\u00f3gico y Programa PEBI.<\/li>\n<li>Orientar y operativizar la ejecuci\u00f3n del plan anual de inversi\u00f3n del PEBI \u2013CRIC.<\/li>\n<\/ol>\n<h2>Cargo: Coordinador(a) Administrativo PEBI \u2013 CRIC<\/h2>\n<h3>PERFIL<\/h3>\n<ol>\n<li>Haber sido autoridad y\/o tener amplia trayectoria en el proceso pol\u00edtico y organizativo de los pueblos ind\u00edgenas.<\/li>\n<li>Tener compromiso con los procesos organizativos, locales, zonales y regionales.<\/li>\n<li>Ser conocedor y defensor de los procesos educativos de la organizaci\u00f3n CRIC.<\/li>\n<li>Tener conocimiento de las pol\u00edticas educativas y la capacidad de coordinar, articular con las autoridades locales, zonales y regionales.<\/li>\n<li>Tener experiencia m\u00ednima de 5 a\u00f1os en procesos administrativos en educaci\u00f3n propia que permita proyectar la administraci\u00f3n del SEIP.<\/li>\n<li>Tener capacidad de trabajo en equipo, capacidad de convocar, coordinar y delegar las diferentes acciones del PEBI.<\/li>\n<li>Haber demostrado experiencia, transparencia, honestidad y honradez en los diferentes espacios comunitarios.<\/li>\n<li>Tener voluntad, capacidad y compromiso para los procesos de gesti\u00f3n y de relacionamiento institucional.<\/li>\n<li>Acreditar formaci\u00f3n profesional en \u00e1reas de administraci\u00f3n, contadur\u00eda, econom\u00eda y\/o finanzas.<\/li>\n<\/ol>\n<h3>FUNCIONES.<\/h3>\n<ol>\n<li>Direccionar, Orientar y operativizar las pol\u00edticas administrativas conforme a los mandatos de los Congresos y Juntas Directivas Regional y las establecidas en el SEIP.<\/li>\n<li>Planear las acciones y estrategias a corto, mediano y largo plazo para la implementaci\u00f3n del SEIP.<\/li>\n<li>Apoyar la gesti\u00f3n a nivel zonal, regional, nacional e internacional de los recursos humanos, t\u00e9cnicos y financieros para el cumplimiento de las pol\u00edticas educativas propias.<\/li>\n<li>Convocar y coordinar las reuniones internas de la coordinaci\u00f3n colegiada del PEBI para tratar temas administrativos.<\/li>\n<li>Direccionar y orientar los procesos de formulaci\u00f3n, ejecuci\u00f3n, evaluaci\u00f3n y seguimiento y presentaci\u00f3n de informes a los diferentes Proyectos Nacionales e Internacionales.<\/li>\n<li>Coordinar procesos de evaluaci\u00f3n y ajustes de la implementaci\u00f3n del SEIP en el componente administrativo.<\/li>\n<li>Participar en los espacios que convoque las autoridades locales, zonales y regionales en el marco del SEIP.<\/li>\n<li>Avanzar en la operativizaci\u00f3n e implementaci\u00f3n del sistema de informaci\u00f3n regional y zonal.<\/li>\n<li>Coordinar y operativizar con los espacios o estructuras educativas, los coordinadores administrativos zonales, equipo de interventor\u00eda, las pol\u00edticas administrativas a implementar en el marco del SEIP.<\/li>\n<li>Orientar y operativizar la ejecuci\u00f3n del plan anual de inversi\u00f3n del PEBI \u2013CRIC.<\/li>\n<li>Dar visto bueno a las autorizaciones de pago de acuerdo al presupuesto del PEBI\u2013 CRIC.<\/li>\n<li>Viabilizar ante la Secretar\u00eda de Educaci\u00f3n Departamental todas las pol\u00edticas y estrategias novedades presentadas en las zonas desde el SEIP.<\/li>\n<li>Proponer lineamientos administrativos para los planes de mejoramiento de los procesos educativos acorde a los mandatos del SEIP.<\/li>\n<\/ol>\n<p>Es de aclarar que las Coordinaciones de los Programas del CRIC tienen un per\u00edodo de dos a\u00f1os, pero su vinculaci\u00f3n es anual por Contrato Laboral a T\u00e9rmino Fijo y con un per\u00edodo inicial de prueba de tres meses.<\/p>\n<p>Las hojas de vida deber\u00e1n hacerse llegar a la Secretaria General del CRIC, Calle 1\u00a0No. 4 &#8211; 50 Barrio Pasaje V\u00e1zquez Cobo \u2013 Popay\u00e1n, hasta el d\u00eda 19 de noviembre de 2019 \u2013 5 p.m.<\/p>\n<p>Cordialmente,<\/p>\n<p>CONSEJER\u00cdA MAYOR CRIC<\/p>\n","protected":false},"excerpt":{"rendered":"<p>Popay\u00e1n, 5 de noviembre de 2019 &#8211; CRIC-PEBI-326-2019 Compa\u00f1eros AUTORIDADES IND\u00cdGENAS Consejo Regional Ind\u00edgena del Cauca &#8211; CRIC Asunto: Convocatoria Coordinaci\u00f3n Colegiada PEBI \u2013 CRIC Cordial Saludo. Con el \u00e1nimo de fortalecer y consolidar los tejidos de los componentes del Sistema Educativo Ind\u00edgena Propio a trav\u00e9s del Programa de Educaci\u00f3n Biling\u00fce Intercultural &#8211; PEBI; la <\/p>\n","protected":false},"author":6,"featured_media":23601,"comment_status":"open","ping_status":"open","sticky":false,"template":"","format":"standard","meta":{"footnotes":""},"categories":[3,13],"tags":[44],"yoast_head":"<!-- This site is optimized with the Yoast SEO plugin v20.12 - https:\/\/yoast.com\/wordpress\/plugins\/seo\/ -->\n<title>Convocatoria Coordinaci\u00f3n Colegiada PEBI \u2013 CRIC - Consejo Regional Ind\u00edgena del Cauca - CRIC<\/title>\n<meta name=\"description\" content=\"Con el \u00e1nimo de fortalecer y consolidar los tejidos de los componentes del Sistema Educativo Ind\u00edgena Propio a trav\u00e9s del Programa de Educaci\u00f3n Biling\u00fce Intercultural - PEBI; la Consejer\u00eda Mayor del CRIC, respetuosamente convoca y solicita a las Autoridades Ind\u00edgenas hacer llegar hojas de vida del personal de los pueblos para la Coordinaci\u00f3n Colegiada PEBI, previo cumplimiento de los criterios generales y perfiles establecidos para cada cargo.\" \/>\n<meta name=\"robots\" content=\"index, follow, max-snippet:-1, max-image-preview:large, max-video-preview:-1\" \/>\n<link rel=\"canonical\" href=\"https:\/\/www.cric-colombia.org\/portal\/convocatoria-coordinacion-colegiada-pebi-cric\/\" \/>\n<meta property=\"og:locale\" content=\"es_ES\" \/>\n<meta property=\"og:type\" content=\"article\" \/>\n<meta property=\"og:title\" content=\"Convocatoria Coordinaci\u00f3n Colegiada PEBI \u2013 CRIC - Consejo Regional Ind\u00edgena del Cauca - CRIC\" \/>\n<meta property=\"og:description\" content=\"Con el \u00e1nimo de fortalecer y consolidar los tejidos de los componentes del Sistema Educativo Ind\u00edgena Propio a trav\u00e9s del Programa de Educaci\u00f3n Biling\u00fce Intercultural - PEBI; la Consejer\u00eda Mayor del CRIC, respetuosamente convoca y solicita a las Autoridades Ind\u00edgenas hacer llegar hojas de vida del personal de los pueblos para la Coordinaci\u00f3n Colegiada PEBI, previo cumplimiento de los criterios generales y perfiles establecidos para cada cargo.\" \/>\n<meta property=\"og:url\" content=\"https:\/\/www.cric-colombia.org\/portal\/convocatoria-coordinacion-colegiada-pebi-cric\/\" \/>\n<meta property=\"og:site_name\" content=\"Consejo Regional Ind\u00edgena del Cauca - CRIC\" \/>\n<meta property=\"article:publisher\" content=\"https:\/\/www.facebook.com\/cric.colombia\/\" \/>\n<meta property=\"article:published_time\" content=\"2019-11-08T03:11:38+00:00\" \/>\n<meta property=\"og:image\" content=\"https:\/\/www.cric-colombia.org\/portal\/wp-content\/uploads\/2018\/11\/logo-full-cric-pgn-color-visible--e1548890320448.png\" \/>\n\t<meta property=\"og:image:width\" content=\"1549\" \/>\n\t<meta property=\"og:image:height\" content=\"1232\" \/>\n\t<meta property=\"og:image:type\" content=\"image\/png\" \/>\n<meta name=\"author\" content=\"Comunicaciones CRIC\" \/>\n<meta name=\"twitter:card\" content=\"summary_large_image\" \/>\n<meta name=\"twitter:creator\" content=\"@CRIC_Cauca\" \/>\n<meta name=\"twitter:site\" content=\"@CRIC_Cauca\" \/>\n<meta name=\"twitter:label1\" content=\"Escrito por\" \/>\n\t<meta name=\"twitter:data1\" content=\"Comunicaciones CRIC\" \/>\n\t<meta name=\"twitter:label2\" content=\"Tiempo de lectura\" \/>\n\t<meta name=\"twitter:data2\" content=\"8 minutos\" \/>\n<script type=\"application\/ld+json\" class=\"yoast-schema-graph\">{\"@context\":\"https:\/\/schema.org\",\"@graph\":[{\"@type\":\"Article\",\"@id\":\"https:\/\/www.cric-colombia.org\/portal\/convocatoria-coordinacion-colegiada-pebi-cric\/#article\",\"isPartOf\":{\"@id\":\"https:\/\/www.cric-colombia.org\/portal\/convocatoria-coordinacion-colegiada-pebi-cric\/\"},\"author\":{\"name\":\"Comunicaciones CRIC\",\"@id\":\"https:\/\/www.cric-colombia.org\/portal\/#\/schema\/person\/ab3a3099267de33d55f74f34ba201931\"},\"headline\":\"Convocatoria Coordinaci\u00f3n Colegiada PEBI \u2013 CRIC\",\"datePublished\":\"2019-11-08T03:11:38+00:00\",\"dateModified\":\"2019-11-08T03:11:38+00:00\",\"mainEntityOfPage\":{\"@id\":\"https:\/\/www.cric-colombia.org\/portal\/convocatoria-coordinacion-colegiada-pebi-cric\/\"},\"wordCount\":1579,\"commentCount\":0,\"publisher\":{\"@id\":\"https:\/\/www.cric-colombia.org\/portal\/#organization\"},\"keywords\":[\"Convocatoria\"],\"articleSection\":[\"Actualidad Ind\u00edgena del Cauca\",\"Convocatorias\"],\"inLanguage\":\"es\",\"potentialAction\":[{\"@type\":\"CommentAction\",\"name\":\"Comment\",\"target\":[\"https:\/\/www.cric-colombia.org\/portal\/convocatoria-coordinacion-colegiada-pebi-cric\/#respond\"]}]},{\"@type\":\"WebPage\",\"@id\":\"https:\/\/www.cric-colombia.org\/portal\/convocatoria-coordinacion-colegiada-pebi-cric\/\",\"url\":\"https:\/\/www.cric-colombia.org\/portal\/convocatoria-coordinacion-colegiada-pebi-cric\/\",\"name\":\"Convocatoria Coordinaci\u00f3n Colegiada PEBI \u2013 CRIC - Consejo Regional Ind\u00edgena del Cauca - CRIC\",\"isPartOf\":{\"@id\":\"https:\/\/www.cric-colombia.org\/portal\/#website\"},\"datePublished\":\"2019-11-08T03:11:38+00:00\",\"dateModified\":\"2019-11-08T03:11:38+00:00\",\"description\":\"Con el \u00e1nimo de fortalecer y consolidar los tejidos de los componentes del Sistema Educativo Ind\u00edgena Propio a trav\u00e9s del Programa de Educaci\u00f3n Biling\u00fce Intercultural - PEBI; la Consejer\u00eda Mayor del CRIC, respetuosamente convoca y solicita a las Autoridades Ind\u00edgenas hacer llegar hojas de vida del personal de los pueblos para la Coordinaci\u00f3n Colegiada PEBI, previo cumplimiento de los criterios generales y perfiles establecidos para cada cargo.\",\"breadcrumb\":{\"@id\":\"https:\/\/www.cric-colombia.org\/portal\/convocatoria-coordinacion-colegiada-pebi-cric\/#breadcrumb\"},\"inLanguage\":\"es\",\"potentialAction\":[{\"@type\":\"ReadAction\",\"target\":[\"https:\/\/www.cric-colombia.org\/portal\/convocatoria-coordinacion-colegiada-pebi-cric\/\"]}]},{\"@type\":\"BreadcrumbList\",\"@id\":\"https:\/\/www.cric-colombia.org\/portal\/convocatoria-coordinacion-colegiada-pebi-cric\/#breadcrumb\",\"itemListElement\":[{\"@type\":\"ListItem\",\"position\":1,\"name\":\"Portada\",\"item\":\"https:\/\/www.cric-colombia.org\/portal\/\"},{\"@type\":\"ListItem\",\"position\":2,\"name\":\"Convocatoria Coordinaci\u00f3n Colegiada PEBI \u2013 CRIC\"}]},{\"@type\":\"WebSite\",\"@id\":\"https:\/\/www.cric-colombia.org\/portal\/#website\",\"url\":\"https:\/\/www.cric-colombia.org\/portal\/\",\"name\":\"Consejo Regional Ind\u00edgena del Cauca - CRIC\",\"description\":\"P\u00e1gina oficial del Consejo Regional Ind\u00edgena del Cauca, Colombia\",\"publisher\":{\"@id\":\"https:\/\/www.cric-colombia.org\/portal\/#organization\"},\"potentialAction\":[{\"@type\":\"SearchAction\",\"target\":{\"@type\":\"EntryPoint\",\"urlTemplate\":\"https:\/\/www.cric-colombia.org\/portal\/?s={search_term_string}\"},\"query-input\":\"required name=search_term_string\"}],\"inLanguage\":\"es\"},{\"@type\":\"Organization\",\"@id\":\"https:\/\/www.cric-colombia.org\/portal\/#organization\",\"name\":\"Consejo Regional Ind\u00edgena del Cauca\",\"url\":\"https:\/\/www.cric-colombia.org\/portal\/\",\"logo\":{\"@type\":\"ImageObject\",\"inLanguage\":\"es\",\"@id\":\"https:\/\/www.cric-colombia.org\/portal\/#\/schema\/logo\/image\/\",\"url\":\"https:\/\/www.cric-colombia.org\/portal\/wp-content\/uploads\/2015\/08\/logo_cric.jpg\",\"contentUrl\":\"https:\/\/www.cric-colombia.org\/portal\/wp-content\/uploads\/2015\/08\/logo_cric.jpg\",\"width\":512,\"height\":512,\"caption\":\"Consejo Regional Ind\u00edgena del Cauca\"},\"image\":{\"@id\":\"https:\/\/www.cric-colombia.org\/portal\/#\/schema\/logo\/image\/\"},\"sameAs\":[\"https:\/\/www.facebook.com\/cric.colombia\/\",\"https:\/\/twitter.com\/CRIC_Cauca\"]},{\"@type\":\"Person\",\"@id\":\"https:\/\/www.cric-colombia.org\/portal\/#\/schema\/person\/ab3a3099267de33d55f74f34ba201931\",\"name\":\"Comunicaciones CRIC\",\"image\":{\"@type\":\"ImageObject\",\"inLanguage\":\"es\",\"@id\":\"https:\/\/www.cric-colombia.org\/portal\/#\/schema\/person\/image\/\",\"url\":\"https:\/\/secure.gravatar.com\/avatar\/a8d1a6cfcb82a80d09dafefdcc3dcc8a?s=96&d=retro&r=g\",\"contentUrl\":\"https:\/\/secure.gravatar.com\/avatar\/a8d1a6cfcb82a80d09dafefdcc3dcc8a?s=96&d=retro&r=g\",\"caption\":\"Comunicaciones CRIC\"},\"url\":\"https:\/\/www.cric-colombia.org\/portal\/author\/comunicaciones\/\"}]}<\/script>\n<!-- \/ Yoast SEO plugin. -->","yoast_head_json":{"title":"Convocatoria Coordinaci\u00f3n Colegiada PEBI \u2013 CRIC - Consejo Regional Ind\u00edgena del Cauca - CRIC","description":"Con el \u00e1nimo de fortalecer y consolidar los tejidos de los componentes del Sistema Educativo Ind\u00edgena Propio a trav\u00e9s del Programa de Educaci\u00f3n Biling\u00fce Intercultural - PEBI; la Consejer\u00eda Mayor del CRIC, respetuosamente convoca y solicita a las Autoridades Ind\u00edgenas hacer llegar hojas de vida del personal de los pueblos para la Coordinaci\u00f3n Colegiada PEBI, previo cumplimiento de los criterios generales y perfiles establecidos para cada cargo.","robots":{"index":"index","follow":"follow","max-snippet":"max-snippet:-1","max-image-preview":"max-image-preview:large","max-video-preview":"max-video-preview:-1"},"canonical":"https:\/\/www.cric-colombia.org\/portal\/convocatoria-coordinacion-colegiada-pebi-cric\/","og_locale":"es_ES","og_type":"article","og_title":"Convocatoria Coordinaci\u00f3n Colegiada PEBI \u2013 CRIC - Consejo Regional Ind\u00edgena del Cauca - CRIC","og_description":"Con el \u00e1nimo de fortalecer y consolidar los tejidos de los componentes del Sistema Educativo Ind\u00edgena Propio a trav\u00e9s del Programa de Educaci\u00f3n Biling\u00fce Intercultural - PEBI; la Consejer\u00eda Mayor del CRIC, respetuosamente convoca y solicita a las Autoridades Ind\u00edgenas hacer llegar hojas de vida del personal de los pueblos para la Coordinaci\u00f3n Colegiada PEBI, previo cumplimiento de los criterios generales y perfiles establecidos para cada cargo.","og_url":"https:\/\/www.cric-colombia.org\/portal\/convocatoria-coordinacion-colegiada-pebi-cric\/","og_site_name":"Consejo Regional Ind\u00edgena del Cauca - CRIC","article_publisher":"https:\/\/www.facebook.com\/cric.colombia\/","article_published_time":"2019-11-08T03:11:38+00:00","og_image":[{"width":1549,"height":1232,"url":"https:\/\/www.cric-colombia.org\/portal\/wp-content\/uploads\/2018\/11\/logo-full-cric-pgn-color-visible--e1548890320448.png","type":"image\/png"}],"author":"Comunicaciones CRIC","twitter_card":"summary_large_image","twitter_creator":"@CRIC_Cauca","twitter_site":"@CRIC_Cauca","twitter_misc":{"Escrito por":"Comunicaciones CRIC","Tiempo de lectura":"8 minutos"},"schema":{"@context":"https:\/\/schema.org","@graph":[{"@type":"Article","@id":"https:\/\/www.cric-colombia.org\/portal\/convocatoria-coordinacion-colegiada-pebi-cric\/#article","isPartOf":{"@id":"https:\/\/www.cric-colombia.org\/portal\/convocatoria-coordinacion-colegiada-pebi-cric\/"},"author":{"name":"Comunicaciones CRIC","@id":"https:\/\/www.cric-colombia.org\/portal\/#\/schema\/person\/ab3a3099267de33d55f74f34ba201931"},"headline":"Convocatoria Coordinaci\u00f3n Colegiada PEBI \u2013 CRIC","datePublished":"2019-11-08T03:11:38+00:00","dateModified":"2019-11-08T03:11:38+00:00","mainEntityOfPage":{"@id":"https:\/\/www.cric-colombia.org\/portal\/convocatoria-coordinacion-colegiada-pebi-cric\/"},"wordCount":1579,"commentCount":0,"publisher":{"@id":"https:\/\/www.cric-colombia.org\/portal\/#organization"},"keywords":["Convocatoria"],"articleSection":["Actualidad Ind\u00edgena del Cauca","Convocatorias"],"inLanguage":"es","potentialAction":[{"@type":"CommentAction","name":"Comment","target":["https:\/\/www.cric-colombia.org\/portal\/convocatoria-coordinacion-colegiada-pebi-cric\/#respond"]}]},{"@type":"WebPage","@id":"https:\/\/www.cric-colombia.org\/portal\/convocatoria-coordinacion-colegiada-pebi-cric\/","url":"https:\/\/www.cric-colombia.org\/portal\/convocatoria-coordinacion-colegiada-pebi-cric\/","name":"Convocatoria Coordinaci\u00f3n Colegiada PEBI \u2013 CRIC - Consejo Regional Ind\u00edgena del Cauca - CRIC","isPartOf":{"@id":"https:\/\/www.cric-colombia.org\/portal\/#website"},"datePublished":"2019-11-08T03:11:38+00:00","dateModified":"2019-11-08T03:11:38+00:00","description":"Con el \u00e1nimo de fortalecer y consolidar los tejidos de los componentes del Sistema Educativo Ind\u00edgena Propio a trav\u00e9s del Programa de Educaci\u00f3n Biling\u00fce Intercultural - PEBI; la Consejer\u00eda Mayor del CRIC, respetuosamente convoca y solicita a las Autoridades Ind\u00edgenas hacer llegar hojas de vida del personal de los pueblos para la Coordinaci\u00f3n Colegiada PEBI, previo cumplimiento de los criterios generales y perfiles establecidos para cada cargo.","breadcrumb":{"@id":"https:\/\/www.cric-colombia.org\/portal\/convocatoria-coordinacion-colegiada-pebi-cric\/#breadcrumb"},"inLanguage":"es","potentialAction":[{"@type":"ReadAction","target":["https:\/\/www.cric-colombia.org\/portal\/convocatoria-coordinacion-colegiada-pebi-cric\/"]}]},{"@type":"BreadcrumbList","@id":"https:\/\/www.cric-colombia.org\/portal\/convocatoria-coordinacion-colegiada-pebi-cric\/#breadcrumb","itemListElement":[{"@type":"ListItem","position":1,"name":"Portada","item":"https:\/\/www.cric-colombia.org\/portal\/"},{"@type":"ListItem","position":2,"name":"Convocatoria Coordinaci\u00f3n Colegiada PEBI \u2013 CRIC"}]},{"@type":"WebSite","@id":"https:\/\/www.cric-colombia.org\/portal\/#website","url":"https:\/\/www.cric-colombia.org\/portal\/","name":"Consejo Regional Ind\u00edgena del Cauca - CRIC","description":"P\u00e1gina oficial del Consejo Regional Ind\u00edgena del Cauca, Colombia","publisher":{"@id":"https:\/\/www.cric-colombia.org\/portal\/#organization"},"potentialAction":[{"@type":"SearchAction","target":{"@type":"EntryPoint","urlTemplate":"https:\/\/www.cric-colombia.org\/portal\/?s={search_term_string}"},"query-input":"required name=search_term_string"}],"inLanguage":"es"},{"@type":"Organization","@id":"https:\/\/www.cric-colombia.org\/portal\/#organization","name":"Consejo Regional Ind\u00edgena del Cauca","url":"https:\/\/www.cric-colombia.org\/portal\/","logo":{"@type":"ImageObject","inLanguage":"es","@id":"https:\/\/www.cric-colombia.org\/portal\/#\/schema\/logo\/image\/","url":"https:\/\/www.cric-colombia.org\/portal\/wp-content\/uploads\/2015\/08\/logo_cric.jpg","contentUrl":"https:\/\/www.cric-colombia.org\/portal\/wp-content\/uploads\/2015\/08\/logo_cric.jpg","width":512,"height":512,"caption":"Consejo Regional Ind\u00edgena del Cauca"},"image":{"@id":"https:\/\/www.cric-colombia.org\/portal\/#\/schema\/logo\/image\/"},"sameAs":["https:\/\/www.facebook.com\/cric.colombia\/","https:\/\/twitter.com\/CRIC_Cauca"]},{"@type":"Person","@id":"https:\/\/www.cric-colombia.org\/portal\/#\/schema\/person\/ab3a3099267de33d55f74f34ba201931","name":"Comunicaciones CRIC","image":{"@type":"ImageObject","inLanguage":"es","@id":"https:\/\/www.cric-colombia.org\/portal\/#\/schema\/person\/image\/","url":"https:\/\/secure.gravatar.com\/avatar\/a8d1a6cfcb82a80d09dafefdcc3dcc8a?s=96&d=retro&r=g","contentUrl":"https:\/\/secure.gravatar.com\/avatar\/a8d1a6cfcb82a80d09dafefdcc3dcc8a?s=96&d=retro&r=g","caption":"Comunicaciones CRIC"},"url":"https:\/\/www.cric-colombia.org\/portal\/author\/comunicaciones\/"}]}},"jetpack_featured_media_url":"https:\/\/www.cric-colombia.org\/portal\/wp-content\/uploads\/2018\/11\/logo-full-cric-pgn-color-visible--e1548890320448.png","_links":{"self":[{"href":"https:\/\/www.cric-colombia.org\/portal\/wp-json\/wp\/v2\/posts\/26666"}],"collection":[{"href":"https:\/\/www.cric-colombia.org\/portal\/wp-json\/wp\/v2\/posts"}],"about":[{"href":"https:\/\/www.cric-colombia.org\/portal\/wp-json\/wp\/v2\/types\/post"}],"author":[{"embeddable":true,"href":"https:\/\/www.cric-colombia.org\/portal\/wp-json\/wp\/v2\/users\/6"}],"replies":[{"embeddable":true,"href":"https:\/\/www.cric-colombia.org\/portal\/wp-json\/wp\/v2\/comments?post=26666"}],"version-history":[{"count":1,"href":"https:\/\/www.cric-colombia.org\/portal\/wp-json\/wp\/v2\/posts\/26666\/revisions"}],"predecessor-version":[{"id":26667,"href":"https:\/\/www.cric-colombia.org\/portal\/wp-json\/wp\/v2\/posts\/26666\/revisions\/26667"}],"wp:featuredmedia":[{"embeddable":true,"href":"https:\/\/www.cric-colombia.org\/portal\/wp-json\/wp\/v2\/media\/23601"}],"wp:attachment":[{"href":"https:\/\/www.cric-colombia.org\/portal\/wp-json\/wp\/v2\/media?parent=26666"}],"wp:term":[{"taxonomy":"category","embeddable":true,"href":"https:\/\/www.cric-colombia.org\/portal\/wp-json\/wp\/v2\/categories?post=26666"},{"taxonomy":"post_tag","embeddable":true,"href":"https:\/\/www.cric-colombia.org\/portal\/wp-json\/wp\/v2\/tags?post=26666"}],"curies":[{"name":"wp","href":"https:\/\/api.w.org\/{rel}","templated":true}]}}