{"id":26038,"date":"2019-08-10T11:59:51","date_gmt":"2019-08-10T16:59:51","guid":{"rendered":"https:\/\/www.cric-colombia.org\/portal\/?p=26038"},"modified":"2019-08-10T12:01:55","modified_gmt":"2019-08-10T17:01:55","slug":"asesinados-dos-guardias-indigenas-en-el-norte-del-cauca","status":"publish","type":"post","link":"https:\/\/www.cric-colombia.org\/portal\/asesinados-dos-guardias-indigenas-en-el-norte-del-cauca\/","title":{"rendered":"Asesinados dos guardias ind\u00edgenas en el norte del Cauca"},"content":{"rendered":"<p>En la ma\u00f1ana de hoy 10 de agosto de 2019, la guardia ind\u00edgena recibi\u00f3 un nuevo atentado, mientras los integrantes de la guardia se movilizaban en una chiva o bus escalera a acompa\u00f1ar la Feria del Caf\u00e9 en el municipio de Toribio. Los hechos se se presentaron en el sector conocido como Los Chorros, en el municipio de Caloto, cuando fueron atacados con disparos por grupos armados que operan en esta zona de la v\u00eda que conduce del Palo hacia Torib\u00edo.<\/p>\n<p>Este atentado deja como saldo dos guardias fallecidos, Kevin Mestizo Coicu\u00e9 y Eugenio Tenorio pertenecientes al resguardo de San Francisco y 5 personas heridas Leonel Coicu\u00e9, Sandra Milena Pilcue, Aurelino \u00d1uscue Julicue, Julio Taquinas y Edinson Edgardo Rivera de 7 a\u00f1os de edad.<\/p>\n<p>Es de recordar que la este es el segundo atentado contra la Guardia Ind\u00edgena en menos de 24 horas, pues recientemente sujetos armados atacaron con r\u00e1fagas de fusil una camioneta de la Unidad Nacional de Protecci\u00f3n, UNP, en el sector de Pajarito.<\/p>\n<p>Por su parte, los integrantes de la guardia ind\u00edgena hacen un llamado a estar m\u00e1s unidos y a continuar con el control territorial \u201c<strong><em>debemos unir fuerzas para hacernos respetar como pueblos ind\u00edgenas y sobre todo para hacer respetar nuestro territorio, por aqu\u00ed el conflicto es por el territorio y hoy quieren venir personas externas a colocar el control utilizando a nuestros mismos comuneros ind\u00edgenas\u201d<\/em><\/strong> mencion\u00f3 uno de los integrantes tras el atentado de hoy en la ma\u00f1ana a la guardia ind\u00edgena.<\/p>\n<p><strong>Por: programa de comunicaciones-CRIC<\/strong><\/p>\n","protected":false},"excerpt":{"rendered":"<p>En la ma\u00f1ana de hoy 10 de agosto de 2019, la guardia ind\u00edgena recibi\u00f3 un nuevo atentado, mientras los integrantes de la guardia se movilizaban en una chiva o bus escalera a acompa\u00f1ar la Feria del Caf\u00e9 en el municipio de Toribio. Los hechos se se presentaron en el sector conocido como Los Chorros, en <\/p>\n","protected":false},"author":6,"featured_media":26040,"comment_status":"open","ping_status":"open","sticky":false,"template":"","format":"standard","meta":{"footnotes":""},"categories":[3],"tags":[241,453],"yoast_head":"<!-- This site is optimized with the Yoast SEO plugin v20.12 - https:\/\/yoast.com\/wordpress\/plugins\/seo\/ -->\n<title>Asesinados dos guardias ind\u00edgenas en el norte del Cauca - Consejo Regional Ind\u00edgena del Cauca - CRIC<\/title>\n<meta name=\"description\" content=\"En la ma\u00f1ana de hoy 10 de agosto de 2019, la guardia ind\u00edgena recibi\u00f3 un nuevo atentado, mientras los integrantes de la guardia se movilizaban en una chiva o bus escalera a acompa\u00f1ar la Feria del Caf\u00e9 en el municipio de Toribio. Los hechos se se presentaron en el sector conocido como Los Chorros, en el municipio de Caloto, cuando fueron atacados con disparos por grupos armados que operan en esta zona de la v\u00eda que conduce del Palo hacia Torib\u00edo.\" \/>\n<meta name=\"robots\" content=\"index, follow, max-snippet:-1, max-image-preview:large, max-video-preview:-1\" \/>\n<link rel=\"canonical\" href=\"https:\/\/www.cric-colombia.org\/portal\/asesinados-dos-guardias-indigenas-en-el-norte-del-cauca\/\" \/>\n<meta property=\"og:locale\" content=\"es_ES\" \/>\n<meta property=\"og:type\" content=\"article\" \/>\n<meta property=\"og:title\" content=\"Asesinados dos guardias ind\u00edgenas en el norte del Cauca - Consejo Regional Ind\u00edgena del Cauca - CRIC\" \/>\n<meta property=\"og:description\" content=\"En la ma\u00f1ana de hoy 10 de agosto de 2019, la guardia ind\u00edgena recibi\u00f3 un nuevo atentado, mientras los integrantes de la guardia se movilizaban en una chiva o bus escalera a acompa\u00f1ar la Feria del Caf\u00e9 en el municipio de Toribio. Los hechos se se presentaron en el sector conocido como Los Chorros, en el municipio de Caloto, cuando fueron atacados con disparos por grupos armados que operan en esta zona de la v\u00eda que conduce del Palo hacia Torib\u00edo.\" \/>\n<meta property=\"og:url\" content=\"https:\/\/www.cric-colombia.org\/portal\/asesinados-dos-guardias-indigenas-en-el-norte-del-cauca\/\" \/>\n<meta property=\"og:site_name\" content=\"Consejo Regional Ind\u00edgena del Cauca - CRIC\" \/>\n<meta property=\"article:publisher\" content=\"https:\/\/www.facebook.com\/cric.colombia\/\" \/>\n<meta property=\"article:published_time\" content=\"2019-08-10T16:59:51+00:00\" \/>\n<meta property=\"article:modified_time\" content=\"2019-08-10T17:01:55+00:00\" \/>\n<meta property=\"og:image\" content=\"https:\/\/www.cric-colombia.org\/portal\/wp-content\/uploads\/2019\/08\/guardianes-Milenarios.jpg\" \/>\n\t<meta property=\"og:image:width\" content=\"522\" \/>\n\t<meta property=\"og:image:height\" content=\"764\" \/>\n\t<meta property=\"og:image:type\" content=\"image\/jpeg\" \/>\n<meta name=\"author\" content=\"Comunicaciones CRIC\" \/>\n<meta name=\"twitter:card\" content=\"summary_large_image\" \/>\n<meta name=\"twitter:creator\" content=\"@CRIC_Cauca\" \/>\n<meta name=\"twitter:site\" content=\"@CRIC_Cauca\" \/>\n<meta name=\"twitter:label1\" content=\"Escrito por\" \/>\n\t<meta name=\"twitter:data1\" content=\"Comunicaciones CRIC\" \/>\n\t<meta name=\"twitter:label2\" content=\"Tiempo de lectura\" \/>\n\t<meta name=\"twitter:data2\" content=\"1 minuto\" \/>\n<script type=\"application\/ld+json\" class=\"yoast-schema-graph\">{\"@context\":\"https:\/\/schema.org\",\"@graph\":[{\"@type\":\"Article\",\"@id\":\"https:\/\/www.cric-colombia.org\/portal\/asesinados-dos-guardias-indigenas-en-el-norte-del-cauca\/#article\",\"isPartOf\":{\"@id\":\"https:\/\/www.cric-colombia.org\/portal\/asesinados-dos-guardias-indigenas-en-el-norte-del-cauca\/\"},\"author\":{\"name\":\"Comunicaciones CRIC\",\"@id\":\"https:\/\/www.cric-colombia.org\/portal\/#\/schema\/person\/ab3a3099267de33d55f74f34ba201931\"},\"headline\":\"Asesinados dos guardias ind\u00edgenas en el norte del Cauca\",\"datePublished\":\"2019-08-10T16:59:51+00:00\",\"dateModified\":\"2019-08-10T17:01:55+00:00\",\"mainEntityOfPage\":{\"@id\":\"https:\/\/www.cric-colombia.org\/portal\/asesinados-dos-guardias-indigenas-en-el-norte-del-cauca\/\"},\"wordCount\":271,\"commentCount\":0,\"publisher\":{\"@id\":\"https:\/\/www.cric-colombia.org\/portal\/#organization\"},\"keywords\":[\"asesinato\",\"Guardia\"],\"articleSection\":[\"Actualidad Ind\u00edgena del Cauca\"],\"inLanguage\":\"es\",\"potentialAction\":[{\"@type\":\"CommentAction\",\"name\":\"Comment\",\"target\":[\"https:\/\/www.cric-colombia.org\/portal\/asesinados-dos-guardias-indigenas-en-el-norte-del-cauca\/#respond\"]}]},{\"@type\":\"WebPage\",\"@id\":\"https:\/\/www.cric-colombia.org\/portal\/asesinados-dos-guardias-indigenas-en-el-norte-del-cauca\/\",\"url\":\"https:\/\/www.cric-colombia.org\/portal\/asesinados-dos-guardias-indigenas-en-el-norte-del-cauca\/\",\"name\":\"Asesinados dos guardias ind\u00edgenas en el norte del Cauca - Consejo Regional Ind\u00edgena del Cauca - CRIC\",\"isPartOf\":{\"@id\":\"https:\/\/www.cric-colombia.org\/portal\/#website\"},\"datePublished\":\"2019-08-10T16:59:51+00:00\",\"dateModified\":\"2019-08-10T17:01:55+00:00\",\"description\":\"En la ma\u00f1ana de hoy 10 de agosto de 2019, la guardia ind\u00edgena recibi\u00f3 un nuevo atentado, mientras los integrantes de la guardia se movilizaban en una chiva o bus escalera a acompa\u00f1ar la Feria del Caf\u00e9 en el municipio de Toribio. Los hechos se se presentaron en el sector conocido como Los Chorros, en el municipio de Caloto, cuando fueron atacados con disparos por grupos armados que operan en esta zona de la v\u00eda que conduce del Palo hacia Torib\u00edo.\",\"breadcrumb\":{\"@id\":\"https:\/\/www.cric-colombia.org\/portal\/asesinados-dos-guardias-indigenas-en-el-norte-del-cauca\/#breadcrumb\"},\"inLanguage\":\"es\",\"potentialAction\":[{\"@type\":\"ReadAction\",\"target\":[\"https:\/\/www.cric-colombia.org\/portal\/asesinados-dos-guardias-indigenas-en-el-norte-del-cauca\/\"]}]},{\"@type\":\"BreadcrumbList\",\"@id\":\"https:\/\/www.cric-colombia.org\/portal\/asesinados-dos-guardias-indigenas-en-el-norte-del-cauca\/#breadcrumb\",\"itemListElement\":[{\"@type\":\"ListItem\",\"position\":1,\"name\":\"Portada\",\"item\":\"https:\/\/www.cric-colombia.org\/portal\/\"},{\"@type\":\"ListItem\",\"position\":2,\"name\":\"Asesinados dos guardias ind\u00edgenas en el norte del Cauca\"}]},{\"@type\":\"WebSite\",\"@id\":\"https:\/\/www.cric-colombia.org\/portal\/#website\",\"url\":\"https:\/\/www.cric-colombia.org\/portal\/\",\"name\":\"Consejo Regional Ind\u00edgena del Cauca - CRIC\",\"description\":\"P\u00e1gina oficial del Consejo Regional Ind\u00edgena del Cauca, Colombia\",\"publisher\":{\"@id\":\"https:\/\/www.cric-colombia.org\/portal\/#organization\"},\"potentialAction\":[{\"@type\":\"SearchAction\",\"target\":{\"@type\":\"EntryPoint\",\"urlTemplate\":\"https:\/\/www.cric-colombia.org\/portal\/?s={search_term_string}\"},\"query-input\":\"required name=search_term_string\"}],\"inLanguage\":\"es\"},{\"@type\":\"Organization\",\"@id\":\"https:\/\/www.cric-colombia.org\/portal\/#organization\",\"name\":\"Consejo Regional Ind\u00edgena del Cauca\",\"url\":\"https:\/\/www.cric-colombia.org\/portal\/\",\"logo\":{\"@type\":\"ImageObject\",\"inLanguage\":\"es\",\"@id\":\"https:\/\/www.cric-colombia.org\/portal\/#\/schema\/logo\/image\/\",\"url\":\"https:\/\/www.cric-colombia.org\/portal\/wp-content\/uploads\/2015\/08\/logo_cric.jpg\",\"contentUrl\":\"https:\/\/www.cric-colombia.org\/portal\/wp-content\/uploads\/2015\/08\/logo_cric.jpg\",\"width\":512,\"height\":512,\"caption\":\"Consejo Regional Ind\u00edgena del Cauca\"},\"image\":{\"@id\":\"https:\/\/www.cric-colombia.org\/portal\/#\/schema\/logo\/image\/\"},\"sameAs\":[\"https:\/\/www.facebook.com\/cric.colombia\/\",\"https:\/\/twitter.com\/CRIC_Cauca\"]},{\"@type\":\"Person\",\"@id\":\"https:\/\/www.cric-colombia.org\/portal\/#\/schema\/person\/ab3a3099267de33d55f74f34ba201931\",\"name\":\"Comunicaciones CRIC\",\"image\":{\"@type\":\"ImageObject\",\"inLanguage\":\"es\",\"@id\":\"https:\/\/www.cric-colombia.org\/portal\/#\/schema\/person\/image\/\",\"url\":\"https:\/\/secure.gravatar.com\/avatar\/a8d1a6cfcb82a80d09dafefdcc3dcc8a?s=96&d=retro&r=g\",\"contentUrl\":\"https:\/\/secure.gravatar.com\/avatar\/a8d1a6cfcb82a80d09dafefdcc3dcc8a?s=96&d=retro&r=g\",\"caption\":\"Comunicaciones CRIC\"},\"url\":\"https:\/\/www.cric-colombia.org\/portal\/author\/comunicaciones\/\"}]}<\/script>\n<!-- \/ Yoast SEO plugin. -->","yoast_head_json":{"title":"Asesinados dos guardias ind\u00edgenas en el norte del Cauca - Consejo Regional Ind\u00edgena del Cauca - CRIC","description":"En la ma\u00f1ana de hoy 10 de agosto de 2019, la guardia ind\u00edgena recibi\u00f3 un nuevo atentado, mientras los integrantes de la guardia se movilizaban en una chiva o bus escalera a acompa\u00f1ar la Feria del Caf\u00e9 en el municipio de Toribio. Los hechos se se presentaron en el sector conocido como Los Chorros, en el municipio de Caloto, cuando fueron atacados con disparos por grupos armados que operan en esta zona de la v\u00eda que conduce del Palo hacia Torib\u00edo.","robots":{"index":"index","follow":"follow","max-snippet":"max-snippet:-1","max-image-preview":"max-image-preview:large","max-video-preview":"max-video-preview:-1"},"canonical":"https:\/\/www.cric-colombia.org\/portal\/asesinados-dos-guardias-indigenas-en-el-norte-del-cauca\/","og_locale":"es_ES","og_type":"article","og_title":"Asesinados dos guardias ind\u00edgenas en el norte del Cauca - Consejo Regional Ind\u00edgena del Cauca - CRIC","og_description":"En la ma\u00f1ana de hoy 10 de agosto de 2019, la guardia ind\u00edgena recibi\u00f3 un nuevo atentado, mientras los integrantes de la guardia se movilizaban en una chiva o bus escalera a acompa\u00f1ar la Feria del Caf\u00e9 en el municipio de Toribio. Los hechos se se presentaron en el sector conocido como Los Chorros, en el municipio de Caloto, cuando fueron atacados con disparos por grupos armados que operan en esta zona de la v\u00eda que conduce del Palo hacia Torib\u00edo.","og_url":"https:\/\/www.cric-colombia.org\/portal\/asesinados-dos-guardias-indigenas-en-el-norte-del-cauca\/","og_site_name":"Consejo Regional Ind\u00edgena del Cauca - CRIC","article_publisher":"https:\/\/www.facebook.com\/cric.colombia\/","article_published_time":"2019-08-10T16:59:51+00:00","article_modified_time":"2019-08-10T17:01:55+00:00","og_image":[{"width":522,"height":764,"url":"https:\/\/www.cric-colombia.org\/portal\/wp-content\/uploads\/2019\/08\/guardianes-Milenarios.jpg","type":"image\/jpeg"}],"author":"Comunicaciones CRIC","twitter_card":"summary_large_image","twitter_creator":"@CRIC_Cauca","twitter_site":"@CRIC_Cauca","twitter_misc":{"Escrito por":"Comunicaciones CRIC","Tiempo de lectura":"1 minuto"},"schema":{"@context":"https:\/\/schema.org","@graph":[{"@type":"Article","@id":"https:\/\/www.cric-colombia.org\/portal\/asesinados-dos-guardias-indigenas-en-el-norte-del-cauca\/#article","isPartOf":{"@id":"https:\/\/www.cric-colombia.org\/portal\/asesinados-dos-guardias-indigenas-en-el-norte-del-cauca\/"},"author":{"name":"Comunicaciones CRIC","@id":"https:\/\/www.cric-colombia.org\/portal\/#\/schema\/person\/ab3a3099267de33d55f74f34ba201931"},"headline":"Asesinados dos guardias ind\u00edgenas en el norte del Cauca","datePublished":"2019-08-10T16:59:51+00:00","dateModified":"2019-08-10T17:01:55+00:00","mainEntityOfPage":{"@id":"https:\/\/www.cric-colombia.org\/portal\/asesinados-dos-guardias-indigenas-en-el-norte-del-cauca\/"},"wordCount":271,"commentCount":0,"publisher":{"@id":"https:\/\/www.cric-colombia.org\/portal\/#organization"},"keywords":["asesinato","Guardia"],"articleSection":["Actualidad Ind\u00edgena del Cauca"],"inLanguage":"es","potentialAction":[{"@type":"CommentAction","name":"Comment","target":["https:\/\/www.cric-colombia.org\/portal\/asesinados-dos-guardias-indigenas-en-el-norte-del-cauca\/#respond"]}]},{"@type":"WebPage","@id":"https:\/\/www.cric-colombia.org\/portal\/asesinados-dos-guardias-indigenas-en-el-norte-del-cauca\/","url":"https:\/\/www.cric-colombia.org\/portal\/asesinados-dos-guardias-indigenas-en-el-norte-del-cauca\/","name":"Asesinados dos guardias ind\u00edgenas en el norte del Cauca - Consejo Regional Ind\u00edgena del Cauca - CRIC","isPartOf":{"@id":"https:\/\/www.cric-colombia.org\/portal\/#website"},"datePublished":"2019-08-10T16:59:51+00:00","dateModified":"2019-08-10T17:01:55+00:00","description":"En la ma\u00f1ana de hoy 10 de agosto de 2019, la guardia ind\u00edgena recibi\u00f3 un nuevo atentado, mientras los integrantes de la guardia se movilizaban en una chiva o bus escalera a acompa\u00f1ar la Feria del Caf\u00e9 en el municipio de Toribio. Los hechos se se presentaron en el sector conocido como Los Chorros, en el municipio de Caloto, cuando fueron atacados con disparos por grupos armados que operan en esta zona de la v\u00eda que conduce del Palo hacia Torib\u00edo.","breadcrumb":{"@id":"https:\/\/www.cric-colombia.org\/portal\/asesinados-dos-guardias-indigenas-en-el-norte-del-cauca\/#breadcrumb"},"inLanguage":"es","potentialAction":[{"@type":"ReadAction","target":["https:\/\/www.cric-colombia.org\/portal\/asesinados-dos-guardias-indigenas-en-el-norte-del-cauca\/"]}]},{"@type":"BreadcrumbList","@id":"https:\/\/www.cric-colombia.org\/portal\/asesinados-dos-guardias-indigenas-en-el-norte-del-cauca\/#breadcrumb","itemListElement":[{"@type":"ListItem","position":1,"name":"Portada","item":"https:\/\/www.cric-colombia.org\/portal\/"},{"@type":"ListItem","position":2,"name":"Asesinados dos guardias ind\u00edgenas en el norte del Cauca"}]},{"@type":"WebSite","@id":"https:\/\/www.cric-colombia.org\/portal\/#website","url":"https:\/\/www.cric-colombia.org\/portal\/","name":"Consejo Regional Ind\u00edgena del Cauca - CRIC","description":"P\u00e1gina oficial del Consejo Regional Ind\u00edgena del Cauca, Colombia","publisher":{"@id":"https:\/\/www.cric-colombia.org\/portal\/#organization"},"potentialAction":[{"@type":"SearchAction","target":{"@type":"EntryPoint","urlTemplate":"https:\/\/www.cric-colombia.org\/portal\/?s={search_term_string}"},"query-input":"required name=search_term_string"}],"inLanguage":"es"},{"@type":"Organization","@id":"https:\/\/www.cric-colombia.org\/portal\/#organization","name":"Consejo Regional Ind\u00edgena del Cauca","url":"https:\/\/www.cric-colombia.org\/portal\/","logo":{"@type":"ImageObject","inLanguage":"es","@id":"https:\/\/www.cric-colombia.org\/portal\/#\/schema\/logo\/image\/","url":"https:\/\/www.cric-colombia.org\/portal\/wp-content\/uploads\/2015\/08\/logo_cric.jpg","contentUrl":"https:\/\/www.cric-colombia.org\/portal\/wp-content\/uploads\/2015\/08\/logo_cric.jpg","width":512,"height":512,"caption":"Consejo Regional Ind\u00edgena del Cauca"},"image":{"@id":"https:\/\/www.cric-colombia.org\/portal\/#\/schema\/logo\/image\/"},"sameAs":["https:\/\/www.facebook.com\/cric.colombia\/","https:\/\/twitter.com\/CRIC_Cauca"]},{"@type":"Person","@id":"https:\/\/www.cric-colombia.org\/portal\/#\/schema\/person\/ab3a3099267de33d55f74f34ba201931","name":"Comunicaciones CRIC","image":{"@type":"ImageObject","inLanguage":"es","@id":"https:\/\/www.cric-colombia.org\/portal\/#\/schema\/person\/image\/","url":"https:\/\/secure.gravatar.com\/avatar\/a8d1a6cfcb82a80d09dafefdcc3dcc8a?s=96&d=retro&r=g","contentUrl":"https:\/\/secure.gravatar.com\/avatar\/a8d1a6cfcb82a80d09dafefdcc3dcc8a?s=96&d=retro&r=g","caption":"Comunicaciones CRIC"},"url":"https:\/\/www.cric-colombia.org\/portal\/author\/comunicaciones\/"}]}},"jetpack_featured_media_url":"https:\/\/www.cric-colombia.org\/portal\/wp-content\/uploads\/2019\/08\/guardianes-Milenarios.jpg","_links":{"self":[{"href":"https:\/\/www.cric-colombia.org\/portal\/wp-json\/wp\/v2\/posts\/26038"}],"collection":[{"href":"https:\/\/www.cric-colombia.org\/portal\/wp-json\/wp\/v2\/posts"}],"about":[{"href":"https:\/\/www.cric-colombia.org\/portal\/wp-json\/wp\/v2\/types\/post"}],"author":[{"embeddable":true,"href":"https:\/\/www.cric-colombia.org\/portal\/wp-json\/wp\/v2\/users\/6"}],"replies":[{"embeddable":true,"href":"https:\/\/www.cric-colombia.org\/portal\/wp-json\/wp\/v2\/comments?post=26038"}],"version-history":[{"count":3,"href":"https:\/\/www.cric-colombia.org\/portal\/wp-json\/wp\/v2\/posts\/26038\/revisions"}],"predecessor-version":[{"id":26042,"href":"https:\/\/www.cric-colombia.org\/portal\/wp-json\/wp\/v2\/posts\/26038\/revisions\/26042"}],"wp:featuredmedia":[{"embeddable":true,"href":"https:\/\/www.cric-colombia.org\/portal\/wp-json\/wp\/v2\/media\/26040"}],"wp:attachment":[{"href":"https:\/\/www.cric-colombia.org\/portal\/wp-json\/wp\/v2\/media?parent=26038"}],"wp:term":[{"taxonomy":"category","embeddable":true,"href":"https:\/\/www.cric-colombia.org\/portal\/wp-json\/wp\/v2\/categories?post=26038"},{"taxonomy":"post_tag","embeddable":true,"href":"https:\/\/www.cric-colombia.org\/portal\/wp-json\/wp\/v2\/tags?post=26038"}],"curies":[{"name":"wp","href":"https:\/\/api.w.org\/{rel}","templated":true}]}}