{"id":24993,"date":"2019-03-26T18:03:31","date_gmt":"2019-03-26T23:03:31","guid":{"rendered":"https:\/\/www.cric-colombia.org\/portal\/?p=24993"},"modified":"2019-03-26T18:03:31","modified_gmt":"2019-03-26T23:03:31","slug":"el-camino-es-el-dialogo-expreso-gobernador-de-narino-en-su-visita-a-la-minga-social-del-suroccidente","status":"publish","type":"post","link":"https:\/\/www.cric-colombia.org\/portal\/el-camino-es-el-dialogo-expreso-gobernador-de-narino-en-su-visita-a-la-minga-social-del-suroccidente\/","title":{"rendered":"El camino es el di\u00e1logo, expres\u00f3 gobernador de Nari\u00f1o en su visita a la minga social del suroccidente"},"content":{"rendered":"<p>El gobernador del departamento de Nari\u00f1o Camilo Romero Galeano lleg\u00f3 al resguardo de la Mercedes, sector el Pital, territorio Sat Tama Kiwe donde se encuentra concentrada la minga social del sur occidente colombiano exigiendo sus derechos leg\u00edtimos por la vida y el territorio.<\/p>\n<p>En su intervenci\u00f3n el mandatario expres\u00f3 a la minga, que ha estado en los escenarios correspondientes para buscar caminos que lleven a solucionar de manera definitiva los problemas que afectan el departamento, pronunciando las afectaciones que ha sufrido la gente del com\u00fan en su territorio, sin desconocer las problem\u00e1ticas por las que est\u00e1n pasando las comunidades movilizadas en la minga.<\/p>\n<p>Tambi\u00e9n deja claro que la obligaci\u00f3n como mandatario es acudir al llamado a dialogar sinceramente entre las dos partes, buscando todas las conversaciones y posibilidades para una soluci\u00f3n efectiva. De igual manera reitero el llamado al di\u00e1logo al presidente de la rep\u00fablica, como lo hizo el lunes de la semana anterior, y en el trascurso de esta semana a la ministra del interior, el ministro de defensa y el comisionado para la paz en la ciudad de Popay\u00e1n.<\/p>\n<p>En su interlocuci\u00f3n con la asamblea resalt\u00f3 que es una tarea y una labor para mediar y buscar una pronta soluci\u00f3n, para no continuar recorriendo caminos divididos. En ese marco las mingueras y mingueros manifestaron que, si el presidente anuncia p\u00fablicamente hora y fecha de su llegada al territorio, la minga considerar\u00eda evaluar el tema del bloqueo.<\/p>\n<p>De manera reiterada el gobernador de Nari\u00f1o mencion\u00f3 tener toda la disposici\u00f3n de mediador, dejando claro que en varios escenarios lo ha manifestado de manera p\u00fablica, cuando se reuni\u00f3 en la casa de Nari\u00f1o con el presidente Iv\u00e1n Duque, en la reuni\u00f3n con la ministra del interior y los gremios en la casa de la moneda de la ciudad de Popay\u00e1n.<\/p>\n<p>De manera p\u00fablica delante de la minga y del resto de la ciudadan\u00eda expres\u00f3 seguir intentando la v\u00eda de di\u00e1logo para que haya una pronta soluci\u00f3n.<\/p>\n<p><strong>Por. Comunicaci\u00f3n CRIC<\/strong><\/p>\n<p><strong>\u00a0\u00a0\u00a0\u00a0\u00a0\u00a0\u00a0 Estudiante de Comunicaci\u00f3n Propia Intercultural UAIIN<\/strong><\/p>\n","protected":false},"excerpt":{"rendered":"<p>El gobernador del departamento de Nari\u00f1o Camilo Romero Galeano lleg\u00f3 al resguardo de la Mercedes, sector el Pital, territorio Sat Tama Kiwe donde se encuentra concentrada la minga social del sur occidente colombiano exigiendo sus derechos leg\u00edtimos por la vida y el territorio. En su intervenci\u00f3n el mandatario expres\u00f3 a la minga, que ha estado <\/p>\n","protected":false},"author":6,"featured_media":24994,"comment_status":"open","ping_status":"open","sticky":false,"template":"","format":"standard","meta":{"footnotes":""},"categories":[3],"tags":[674,89,88,745,87,168,534,665,240],"yoast_head":"<!-- This site is optimized with the Yoast SEO plugin v20.12 - https:\/\/yoast.com\/wordpress\/plugins\/seo\/ -->\n<title>El camino es el di\u00e1logo, expres\u00f3 gobernador de Nari\u00f1o en su visita a la minga social del suroccidente - Consejo Regional Ind\u00edgena del Cauca - CRIC<\/title>\n<meta name=\"description\" content=\"El gobernador del departamento de Nari\u00f1o Camilo Romero Galeano lleg\u00f3 al resguardo de la Mercedes, sector el Pital, territorio Sat Tama Kiwe donde se encuentra concentrada la minga social del sur occidente colombiano exigiendo sus derechos leg\u00edtimos por la vida y el territorio.\" \/>\n<meta name=\"robots\" content=\"index, follow, max-snippet:-1, max-image-preview:large, max-video-preview:-1\" \/>\n<link rel=\"canonical\" href=\"https:\/\/www.cric-colombia.org\/portal\/el-camino-es-el-dialogo-expreso-gobernador-de-narino-en-su-visita-a-la-minga-social-del-suroccidente\/\" \/>\n<meta property=\"og:locale\" content=\"es_ES\" \/>\n<meta property=\"og:type\" content=\"article\" \/>\n<meta property=\"og:title\" content=\"El camino es el di\u00e1logo, expres\u00f3 gobernador de Nari\u00f1o en su visita a la minga social del suroccidente - Consejo Regional Ind\u00edgena del Cauca - CRIC\" \/>\n<meta property=\"og:description\" content=\"El gobernador del departamento de Nari\u00f1o Camilo Romero Galeano lleg\u00f3 al resguardo de la Mercedes, sector el Pital, territorio Sat Tama Kiwe donde se encuentra concentrada la minga social del sur occidente colombiano exigiendo sus derechos leg\u00edtimos por la vida y el territorio.\" \/>\n<meta property=\"og:url\" content=\"https:\/\/www.cric-colombia.org\/portal\/el-camino-es-el-dialogo-expreso-gobernador-de-narino-en-su-visita-a-la-minga-social-del-suroccidente\/\" \/>\n<meta property=\"og:site_name\" content=\"Consejo Regional Ind\u00edgena del Cauca - CRIC\" \/>\n<meta property=\"article:publisher\" content=\"https:\/\/www.facebook.com\/cric.colombia\/\" \/>\n<meta property=\"article:published_time\" content=\"2019-03-26T23:03:31+00:00\" \/>\n<meta property=\"og:image\" content=\"https:\/\/www.cric-colombia.org\/portal\/wp-content\/uploads\/2019\/03\/WhatsApp-Image-2019-03-26-at-17.32.43.jpeg\" \/>\n\t<meta property=\"og:image:width\" content=\"900\" \/>\n\t<meta property=\"og:image:height\" content=\"600\" \/>\n\t<meta property=\"og:image:type\" content=\"image\/jpeg\" \/>\n<meta name=\"author\" content=\"Comunicaciones CRIC\" \/>\n<meta name=\"twitter:card\" content=\"summary_large_image\" \/>\n<meta name=\"twitter:creator\" content=\"@CRIC_Cauca\" \/>\n<meta name=\"twitter:site\" content=\"@CRIC_Cauca\" \/>\n<meta name=\"twitter:label1\" content=\"Escrito por\" \/>\n\t<meta name=\"twitter:data1\" content=\"Comunicaciones CRIC\" \/>\n\t<meta name=\"twitter:label2\" content=\"Tiempo de lectura\" \/>\n\t<meta name=\"twitter:data2\" content=\"2 minutos\" \/>\n<script type=\"application\/ld+json\" class=\"yoast-schema-graph\">{\"@context\":\"https:\/\/schema.org\",\"@graph\":[{\"@type\":\"Article\",\"@id\":\"https:\/\/www.cric-colombia.org\/portal\/el-camino-es-el-dialogo-expreso-gobernador-de-narino-en-su-visita-a-la-minga-social-del-suroccidente\/#article\",\"isPartOf\":{\"@id\":\"https:\/\/www.cric-colombia.org\/portal\/el-camino-es-el-dialogo-expreso-gobernador-de-narino-en-su-visita-a-la-minga-social-del-suroccidente\/\"},\"author\":{\"name\":\"Comunicaciones CRIC\",\"@id\":\"https:\/\/www.cric-colombia.org\/portal\/#\/schema\/person\/ab3a3099267de33d55f74f34ba201931\"},\"headline\":\"El camino es el di\u00e1logo, expres\u00f3 gobernador de Nari\u00f1o en su visita a la minga social del suroccidente\",\"datePublished\":\"2019-03-26T23:03:31+00:00\",\"dateModified\":\"2019-03-26T23:03:31+00:00\",\"mainEntityOfPage\":{\"@id\":\"https:\/\/www.cric-colombia.org\/portal\/el-camino-es-el-dialogo-expreso-gobernador-de-narino-en-su-visita-a-la-minga-social-del-suroccidente\/\"},\"wordCount\":384,\"commentCount\":0,\"publisher\":{\"@id\":\"https:\/\/www.cric-colombia.org\/portal\/#organization\"},\"keywords\":[\"#MingaCRIC\",\"cauca\",\"cric\",\"Gobernador\",\"indigenas\",\"Minga\",\"nari\u00f1o\",\"Pital\",\"social\"],\"articleSection\":[\"Actualidad Ind\u00edgena del Cauca\"],\"inLanguage\":\"es\",\"potentialAction\":[{\"@type\":\"CommentAction\",\"name\":\"Comment\",\"target\":[\"https:\/\/www.cric-colombia.org\/portal\/el-camino-es-el-dialogo-expreso-gobernador-de-narino-en-su-visita-a-la-minga-social-del-suroccidente\/#respond\"]}]},{\"@type\":\"WebPage\",\"@id\":\"https:\/\/www.cric-colombia.org\/portal\/el-camino-es-el-dialogo-expreso-gobernador-de-narino-en-su-visita-a-la-minga-social-del-suroccidente\/\",\"url\":\"https:\/\/www.cric-colombia.org\/portal\/el-camino-es-el-dialogo-expreso-gobernador-de-narino-en-su-visita-a-la-minga-social-del-suroccidente\/\",\"name\":\"El camino es el di\u00e1logo, expres\u00f3 gobernador de Nari\u00f1o en su visita a la minga social del suroccidente - Consejo Regional Ind\u00edgena del Cauca - CRIC\",\"isPartOf\":{\"@id\":\"https:\/\/www.cric-colombia.org\/portal\/#website\"},\"datePublished\":\"2019-03-26T23:03:31+00:00\",\"dateModified\":\"2019-03-26T23:03:31+00:00\",\"description\":\"El gobernador del departamento de Nari\u00f1o Camilo Romero Galeano lleg\u00f3 al resguardo de la Mercedes, sector el Pital, territorio Sat Tama Kiwe donde se encuentra concentrada la minga social del sur occidente colombiano exigiendo sus derechos leg\u00edtimos por la vida y el territorio.\",\"breadcrumb\":{\"@id\":\"https:\/\/www.cric-colombia.org\/portal\/el-camino-es-el-dialogo-expreso-gobernador-de-narino-en-su-visita-a-la-minga-social-del-suroccidente\/#breadcrumb\"},\"inLanguage\":\"es\",\"potentialAction\":[{\"@type\":\"ReadAction\",\"target\":[\"https:\/\/www.cric-colombia.org\/portal\/el-camino-es-el-dialogo-expreso-gobernador-de-narino-en-su-visita-a-la-minga-social-del-suroccidente\/\"]}]},{\"@type\":\"BreadcrumbList\",\"@id\":\"https:\/\/www.cric-colombia.org\/portal\/el-camino-es-el-dialogo-expreso-gobernador-de-narino-en-su-visita-a-la-minga-social-del-suroccidente\/#breadcrumb\",\"itemListElement\":[{\"@type\":\"ListItem\",\"position\":1,\"name\":\"Portada\",\"item\":\"https:\/\/www.cric-colombia.org\/portal\/\"},{\"@type\":\"ListItem\",\"position\":2,\"name\":\"El camino es el di\u00e1logo, expres\u00f3 gobernador de Nari\u00f1o en su visita a la minga social del suroccidente\"}]},{\"@type\":\"WebSite\",\"@id\":\"https:\/\/www.cric-colombia.org\/portal\/#website\",\"url\":\"https:\/\/www.cric-colombia.org\/portal\/\",\"name\":\"Consejo Regional Ind\u00edgena del Cauca - CRIC\",\"description\":\"P\u00e1gina oficial del Consejo Regional Ind\u00edgena del Cauca, Colombia\",\"publisher\":{\"@id\":\"https:\/\/www.cric-colombia.org\/portal\/#organization\"},\"potentialAction\":[{\"@type\":\"SearchAction\",\"target\":{\"@type\":\"EntryPoint\",\"urlTemplate\":\"https:\/\/www.cric-colombia.org\/portal\/?s={search_term_string}\"},\"query-input\":\"required name=search_term_string\"}],\"inLanguage\":\"es\"},{\"@type\":\"Organization\",\"@id\":\"https:\/\/www.cric-colombia.org\/portal\/#organization\",\"name\":\"Consejo Regional Ind\u00edgena del Cauca\",\"url\":\"https:\/\/www.cric-colombia.org\/portal\/\",\"logo\":{\"@type\":\"ImageObject\",\"inLanguage\":\"es\",\"@id\":\"https:\/\/www.cric-colombia.org\/portal\/#\/schema\/logo\/image\/\",\"url\":\"https:\/\/www.cric-colombia.org\/portal\/wp-content\/uploads\/2015\/08\/logo_cric.jpg\",\"contentUrl\":\"https:\/\/www.cric-colombia.org\/portal\/wp-content\/uploads\/2015\/08\/logo_cric.jpg\",\"width\":512,\"height\":512,\"caption\":\"Consejo Regional Ind\u00edgena del Cauca\"},\"image\":{\"@id\":\"https:\/\/www.cric-colombia.org\/portal\/#\/schema\/logo\/image\/\"},\"sameAs\":[\"https:\/\/www.facebook.com\/cric.colombia\/\",\"https:\/\/twitter.com\/CRIC_Cauca\"]},{\"@type\":\"Person\",\"@id\":\"https:\/\/www.cric-colombia.org\/portal\/#\/schema\/person\/ab3a3099267de33d55f74f34ba201931\",\"name\":\"Comunicaciones CRIC\",\"image\":{\"@type\":\"ImageObject\",\"inLanguage\":\"es\",\"@id\":\"https:\/\/www.cric-colombia.org\/portal\/#\/schema\/person\/image\/\",\"url\":\"https:\/\/secure.gravatar.com\/avatar\/a8d1a6cfcb82a80d09dafefdcc3dcc8a?s=96&d=retro&r=g\",\"contentUrl\":\"https:\/\/secure.gravatar.com\/avatar\/a8d1a6cfcb82a80d09dafefdcc3dcc8a?s=96&d=retro&r=g\",\"caption\":\"Comunicaciones CRIC\"},\"url\":\"https:\/\/www.cric-colombia.org\/portal\/author\/comunicaciones\/\"}]}<\/script>\n<!-- \/ Yoast SEO plugin. -->","yoast_head_json":{"title":"El camino es el di\u00e1logo, expres\u00f3 gobernador de Nari\u00f1o en su visita a la minga social del suroccidente - Consejo Regional Ind\u00edgena del Cauca - CRIC","description":"El gobernador del departamento de Nari\u00f1o Camilo Romero Galeano lleg\u00f3 al resguardo de la Mercedes, sector el Pital, territorio Sat Tama Kiwe donde se encuentra concentrada la minga social del sur occidente colombiano exigiendo sus derechos leg\u00edtimos por la vida y el territorio.","robots":{"index":"index","follow":"follow","max-snippet":"max-snippet:-1","max-image-preview":"max-image-preview:large","max-video-preview":"max-video-preview:-1"},"canonical":"https:\/\/www.cric-colombia.org\/portal\/el-camino-es-el-dialogo-expreso-gobernador-de-narino-en-su-visita-a-la-minga-social-del-suroccidente\/","og_locale":"es_ES","og_type":"article","og_title":"El camino es el di\u00e1logo, expres\u00f3 gobernador de Nari\u00f1o en su visita a la minga social del suroccidente - Consejo Regional Ind\u00edgena del Cauca - CRIC","og_description":"El gobernador del departamento de Nari\u00f1o Camilo Romero Galeano lleg\u00f3 al resguardo de la Mercedes, sector el Pital, territorio Sat Tama Kiwe donde se encuentra concentrada la minga social del sur occidente colombiano exigiendo sus derechos leg\u00edtimos por la vida y el territorio.","og_url":"https:\/\/www.cric-colombia.org\/portal\/el-camino-es-el-dialogo-expreso-gobernador-de-narino-en-su-visita-a-la-minga-social-del-suroccidente\/","og_site_name":"Consejo Regional Ind\u00edgena del Cauca - CRIC","article_publisher":"https:\/\/www.facebook.com\/cric.colombia\/","article_published_time":"2019-03-26T23:03:31+00:00","og_image":[{"width":900,"height":600,"url":"https:\/\/www.cric-colombia.org\/portal\/wp-content\/uploads\/2019\/03\/WhatsApp-Image-2019-03-26-at-17.32.43.jpeg","type":"image\/jpeg"}],"author":"Comunicaciones CRIC","twitter_card":"summary_large_image","twitter_creator":"@CRIC_Cauca","twitter_site":"@CRIC_Cauca","twitter_misc":{"Escrito por":"Comunicaciones CRIC","Tiempo de lectura":"2 minutos"},"schema":{"@context":"https:\/\/schema.org","@graph":[{"@type":"Article","@id":"https:\/\/www.cric-colombia.org\/portal\/el-camino-es-el-dialogo-expreso-gobernador-de-narino-en-su-visita-a-la-minga-social-del-suroccidente\/#article","isPartOf":{"@id":"https:\/\/www.cric-colombia.org\/portal\/el-camino-es-el-dialogo-expreso-gobernador-de-narino-en-su-visita-a-la-minga-social-del-suroccidente\/"},"author":{"name":"Comunicaciones CRIC","@id":"https:\/\/www.cric-colombia.org\/portal\/#\/schema\/person\/ab3a3099267de33d55f74f34ba201931"},"headline":"El camino es el di\u00e1logo, expres\u00f3 gobernador de Nari\u00f1o en su visita a la minga social del suroccidente","datePublished":"2019-03-26T23:03:31+00:00","dateModified":"2019-03-26T23:03:31+00:00","mainEntityOfPage":{"@id":"https:\/\/www.cric-colombia.org\/portal\/el-camino-es-el-dialogo-expreso-gobernador-de-narino-en-su-visita-a-la-minga-social-del-suroccidente\/"},"wordCount":384,"commentCount":0,"publisher":{"@id":"https:\/\/www.cric-colombia.org\/portal\/#organization"},"keywords":["#MingaCRIC","cauca","cric","Gobernador","indigenas","Minga","nari\u00f1o","Pital","social"],"articleSection":["Actualidad Ind\u00edgena del Cauca"],"inLanguage":"es","potentialAction":[{"@type":"CommentAction","name":"Comment","target":["https:\/\/www.cric-colombia.org\/portal\/el-camino-es-el-dialogo-expreso-gobernador-de-narino-en-su-visita-a-la-minga-social-del-suroccidente\/#respond"]}]},{"@type":"WebPage","@id":"https:\/\/www.cric-colombia.org\/portal\/el-camino-es-el-dialogo-expreso-gobernador-de-narino-en-su-visita-a-la-minga-social-del-suroccidente\/","url":"https:\/\/www.cric-colombia.org\/portal\/el-camino-es-el-dialogo-expreso-gobernador-de-narino-en-su-visita-a-la-minga-social-del-suroccidente\/","name":"El camino es el di\u00e1logo, expres\u00f3 gobernador de Nari\u00f1o en su visita a la minga social del suroccidente - Consejo Regional Ind\u00edgena del Cauca - CRIC","isPartOf":{"@id":"https:\/\/www.cric-colombia.org\/portal\/#website"},"datePublished":"2019-03-26T23:03:31+00:00","dateModified":"2019-03-26T23:03:31+00:00","description":"El gobernador del departamento de Nari\u00f1o Camilo Romero Galeano lleg\u00f3 al resguardo de la Mercedes, sector el Pital, territorio Sat Tama Kiwe donde se encuentra concentrada la minga social del sur occidente colombiano exigiendo sus derechos leg\u00edtimos por la vida y el territorio.","breadcrumb":{"@id":"https:\/\/www.cric-colombia.org\/portal\/el-camino-es-el-dialogo-expreso-gobernador-de-narino-en-su-visita-a-la-minga-social-del-suroccidente\/#breadcrumb"},"inLanguage":"es","potentialAction":[{"@type":"ReadAction","target":["https:\/\/www.cric-colombia.org\/portal\/el-camino-es-el-dialogo-expreso-gobernador-de-narino-en-su-visita-a-la-minga-social-del-suroccidente\/"]}]},{"@type":"BreadcrumbList","@id":"https:\/\/www.cric-colombia.org\/portal\/el-camino-es-el-dialogo-expreso-gobernador-de-narino-en-su-visita-a-la-minga-social-del-suroccidente\/#breadcrumb","itemListElement":[{"@type":"ListItem","position":1,"name":"Portada","item":"https:\/\/www.cric-colombia.org\/portal\/"},{"@type":"ListItem","position":2,"name":"El camino es el di\u00e1logo, expres\u00f3 gobernador de Nari\u00f1o en su visita a la minga social del suroccidente"}]},{"@type":"WebSite","@id":"https:\/\/www.cric-colombia.org\/portal\/#website","url":"https:\/\/www.cric-colombia.org\/portal\/","name":"Consejo Regional Ind\u00edgena del Cauca - CRIC","description":"P\u00e1gina oficial del Consejo Regional Ind\u00edgena del Cauca, Colombia","publisher":{"@id":"https:\/\/www.cric-colombia.org\/portal\/#organization"},"potentialAction":[{"@type":"SearchAction","target":{"@type":"EntryPoint","urlTemplate":"https:\/\/www.cric-colombia.org\/portal\/?s={search_term_string}"},"query-input":"required name=search_term_string"}],"inLanguage":"es"},{"@type":"Organization","@id":"https:\/\/www.cric-colombia.org\/portal\/#organization","name":"Consejo Regional Ind\u00edgena del Cauca","url":"https:\/\/www.cric-colombia.org\/portal\/","logo":{"@type":"ImageObject","inLanguage":"es","@id":"https:\/\/www.cric-colombia.org\/portal\/#\/schema\/logo\/image\/","url":"https:\/\/www.cric-colombia.org\/portal\/wp-content\/uploads\/2015\/08\/logo_cric.jpg","contentUrl":"https:\/\/www.cric-colombia.org\/portal\/wp-content\/uploads\/2015\/08\/logo_cric.jpg","width":512,"height":512,"caption":"Consejo Regional Ind\u00edgena del Cauca"},"image":{"@id":"https:\/\/www.cric-colombia.org\/portal\/#\/schema\/logo\/image\/"},"sameAs":["https:\/\/www.facebook.com\/cric.colombia\/","https:\/\/twitter.com\/CRIC_Cauca"]},{"@type":"Person","@id":"https:\/\/www.cric-colombia.org\/portal\/#\/schema\/person\/ab3a3099267de33d55f74f34ba201931","name":"Comunicaciones CRIC","image":{"@type":"ImageObject","inLanguage":"es","@id":"https:\/\/www.cric-colombia.org\/portal\/#\/schema\/person\/image\/","url":"https:\/\/secure.gravatar.com\/avatar\/a8d1a6cfcb82a80d09dafefdcc3dcc8a?s=96&d=retro&r=g","contentUrl":"https:\/\/secure.gravatar.com\/avatar\/a8d1a6cfcb82a80d09dafefdcc3dcc8a?s=96&d=retro&r=g","caption":"Comunicaciones CRIC"},"url":"https:\/\/www.cric-colombia.org\/portal\/author\/comunicaciones\/"}]}},"jetpack_featured_media_url":"https:\/\/www.cric-colombia.org\/portal\/wp-content\/uploads\/2019\/03\/WhatsApp-Image-2019-03-26-at-17.32.43.jpeg","_links":{"self":[{"href":"https:\/\/www.cric-colombia.org\/portal\/wp-json\/wp\/v2\/posts\/24993"}],"collection":[{"href":"https:\/\/www.cric-colombia.org\/portal\/wp-json\/wp\/v2\/posts"}],"about":[{"href":"https:\/\/www.cric-colombia.org\/portal\/wp-json\/wp\/v2\/types\/post"}],"author":[{"embeddable":true,"href":"https:\/\/www.cric-colombia.org\/portal\/wp-json\/wp\/v2\/users\/6"}],"replies":[{"embeddable":true,"href":"https:\/\/www.cric-colombia.org\/portal\/wp-json\/wp\/v2\/comments?post=24993"}],"version-history":[{"count":2,"href":"https:\/\/www.cric-colombia.org\/portal\/wp-json\/wp\/v2\/posts\/24993\/revisions"}],"predecessor-version":[{"id":24996,"href":"https:\/\/www.cric-colombia.org\/portal\/wp-json\/wp\/v2\/posts\/24993\/revisions\/24996"}],"wp:featuredmedia":[{"embeddable":true,"href":"https:\/\/www.cric-colombia.org\/portal\/wp-json\/wp\/v2\/media\/24994"}],"wp:attachment":[{"href":"https:\/\/www.cric-colombia.org\/portal\/wp-json\/wp\/v2\/media?parent=24993"}],"wp:term":[{"taxonomy":"category","embeddable":true,"href":"https:\/\/www.cric-colombia.org\/portal\/wp-json\/wp\/v2\/categories?post=24993"},{"taxonomy":"post_tag","embeddable":true,"href":"https:\/\/www.cric-colombia.org\/portal\/wp-json\/wp\/v2\/tags?post=24993"}],"curies":[{"name":"wp","href":"https:\/\/api.w.org\/{rel}","templated":true}]}}