{"id":24618,"date":"2019-03-15T15:49:27","date_gmt":"2019-03-15T20:49:27","guid":{"rendered":"https:\/\/www.cric-colombia.org\/portal\/?p=24618"},"modified":"2019-03-15T15:49:27","modified_gmt":"2019-03-15T20:49:27","slug":"denuncia-publica-sobre-las-falsas-acusaciones-hacia-la-minga-por-parte-de-los-medios-de-comunicacion-locales-regionales-y-nacionales","status":"publish","type":"post","link":"https:\/\/www.cric-colombia.org\/portal\/denuncia-publica-sobre-las-falsas-acusaciones-hacia-la-minga-por-parte-de-los-medios-de-comunicacion-locales-regionales-y-nacionales\/","title":{"rendered":"Denuncia p\u00fablica sobre las falsas acusaciones hacia La Minga por parte de los medios de comunicaci\u00f3n locales, regionales y nacionales"},"content":{"rendered":"<p>Las 30 autoridades tradicionales del Consejo Regional Ind\u00edgena del Huila CRIHU, como Minga y movimiento Ind\u00edgena, de la mano de la Consejer\u00eda de Derechos Humanos de la ONIC, denunciamos que los medios de comunicaci\u00f3n locales, Regionales y Nacionales en su af\u00e1n de continuar estigmatizando La Minga, han distorsionado constantemente la informaci\u00f3n real de lo acontecido en este leg\u00edtimo espacio de movilizaci\u00f3n de los Pueblos Ind\u00edgenas, que dio inicio el d\u00eda 10 de Marzo de 2019 en la v\u00eda Neiva \u2013 La Plata, donde nos encontramos m\u00e1s de 2000 mingueros a la espera de que el Gobierno Nacional, en cabeza de Iv\u00e1n Duque M\u00e1rquez hiciera presencia en la Mesa Central en el Departamento del Cauca, Monterilla lo cual, al no suceder conlleva a que la Minga contin\u00fae hasta que no se d\u00e9 una posibilidad real de di\u00e1logo directo con el gobierno.<\/p>\n<p>En el marco del ejercicio de nuestro derecho fundamental a la manifestaci\u00f3n pac\u00edfica, exigimos respeto a la Minga Nacional y a los mingueros y mingueras frente a los falsos se\u00f1alamientos e invitamos a los medios de comunicaci\u00f3n a que se acerquen a esta minga de manera coordinada en los cuatro puntos de concentraci\u00f3n la misma.<\/p>\n<p>Aclaramos ante la opini\u00f3n p\u00fablica que la Minga que se desarrolla en el departamento del Huila no ha sido, es, ni ser\u00e1 financiada por ning\u00fan grupo armado legal ni ilegal, como el ELN, seg\u00fan se\u00f1alamientos de algunos medios de comunicaci\u00f3n locales, regionales y nacionales que lo \u00fanico que buscan es deslegitimar la lucha ind\u00edgena milenaria en el Departamento del Huila y del pa\u00eds.<br \/>\nLa Minga nace y se desarrolla bajo la voluntad de los Pueblos, y resiste a trav\u00e9s de nuestra labor de trabajo con la madre tierra quien nos da provisiones para mantenernos en Minga.<\/p>\n<p>Frente a la informaci\u00f3n e im\u00e1genes que circulan en medios de comunicaci\u00f3n y redes sociales, de las \u201czanjas\u201d que se encuentran en algunos puntos de la v\u00eda bloqueada, aclaramos que estas obedecen al mal estado de las v\u00edas, las cuales no cuentan con un mantenimiento adecuado, por lo cual, en el marco de la Minga hacemos un llamado urgente a las entidades competentes Departamentales y Nacionales para que cumplan con sus funciones de arreglo y mantenimiento sobre estas v\u00edas nacionales.<\/p>\n<p>De igual forma, aclaramos que los Derechos Humanos de los transe\u00fantes se han respetado en la Minga Huila en todo momento, y que durante los espacios de cierre de la v\u00eda, desde el primer d\u00eda se ha permitido el paso fluido y normal de las ambulancias, carros f\u00fanebres, pasajeros en delicado estado de salud en los veh\u00edculos de transporte p\u00fablico, y mujeres en estado de embarazo, entre otros.<br \/>\nPor lo anterior, solicitamos a todos los medios de comunicaci\u00f3n rectifiquen y aclaren los falsos pronunciamientos realizados hasta este momento frente a los hechos relacionados en este comunicado.<\/p>\n<p>As\u00ed mismo hacemos un llamado a todas las instituciones encargadas de garantizar nuestros derechos a la manifestaci\u00f3n pac\u00edfica, a cumplir su labor de vigilancia y seguimiento de estas acciones. Lo anterior teniendo en cuenta lo estipulado en el C\u00f3digo de Polic\u00eda, a saber: \u201cCon el fin de amparar el ejercicio del derecho a la reuni\u00f3n o movilizaci\u00f3n pac\u00edfica, queda prohibido divulgar mensajes enga\u00f1osos en torno a quienes convocan o participan en las manifestaciones, as\u00ed como de hacer p\u00fablicamente se\u00f1alamientos falsos de la relaci\u00f3n de los manifestantes con grupos armados al margen de la ley o deslegitimar por cualquier medio el ejercicio del derecho constitucional de reuni\u00f3n y manifestaci\u00f3n p\u00fablica y pac\u00edfica\u201d.<\/p>\n<p><a href=\"https:\/\/www.crihu.org\/2019\/03\/denuncia-publica-sobre-las-falsas.html\" target=\"_blank\" rel=\"noopener\">Equipo Comunicaciones CRIHU. 310 6604894<\/a><\/p>\n<p>#MingaCRIC &#8211; Mesa central Monterilla.<br \/>\n#MingaCRIDEC<br \/>\n#MingaORIVAC<br \/>\n#MingaCRIHU.<\/p>\n","protected":false},"excerpt":{"rendered":"<p>Las 30 autoridades tradicionales del Consejo Regional Ind\u00edgena del Huila CRIHU, como Minga y movimiento Ind\u00edgena, de la mano de la Consejer\u00eda de Derechos Humanos de la ONIC, denunciamos que los medios de comunicaci\u00f3n locales, Regionales y Nacionales en su af\u00e1n de continuar estigmatizando La Minga, han distorsionado constantemente la informaci\u00f3n real de lo acontecido <\/p>\n","protected":false},"author":6,"featured_media":24619,"comment_status":"open","ping_status":"open","sticky":false,"template":"","format":"standard","meta":{"footnotes":""},"categories":[3],"tags":[168],"yoast_head":"<!-- This site is optimized with the Yoast SEO plugin v20.12 - https:\/\/yoast.com\/wordpress\/plugins\/seo\/ -->\n<title>Denuncia p\u00fablica sobre las falsas acusaciones hacia La Minga por parte de los medios de comunicaci\u00f3n locales, regionales y nacionales - Consejo Regional Ind\u00edgena del Cauca - CRIC<\/title>\n<meta name=\"description\" content=\"Las 30 autoridades tradicionales del Consejo Regional Ind\u00edgena del Huila CRIHU, como Minga y movimiento Ind\u00edgena, de la mano de la Consejer\u00eda de Derechos Humanos de la ONIC, denunciamos que los medios de comunicaci\u00f3n locales, Regionales y Nacionales en su af\u00e1n de continuar estigmatizando La Minga, han distorsionado constantemente la\" \/>\n<meta name=\"robots\" content=\"index, follow, max-snippet:-1, max-image-preview:large, max-video-preview:-1\" \/>\n<link rel=\"canonical\" href=\"https:\/\/www.cric-colombia.org\/portal\/denuncia-publica-sobre-las-falsas-acusaciones-hacia-la-minga-por-parte-de-los-medios-de-comunicacion-locales-regionales-y-nacionales\/\" \/>\n<meta property=\"og:locale\" content=\"es_ES\" \/>\n<meta property=\"og:type\" content=\"article\" \/>\n<meta property=\"og:title\" content=\"Denuncia p\u00fablica sobre las falsas acusaciones hacia La Minga por parte de los medios de comunicaci\u00f3n locales, regionales y nacionales - Consejo Regional Ind\u00edgena del Cauca - CRIC\" \/>\n<meta property=\"og:description\" content=\"Las 30 autoridades tradicionales del Consejo Regional Ind\u00edgena del Huila CRIHU, como Minga y movimiento Ind\u00edgena, de la mano de la Consejer\u00eda de Derechos Humanos de la ONIC, denunciamos que los medios de comunicaci\u00f3n locales, Regionales y Nacionales en su af\u00e1n de continuar estigmatizando La Minga, han distorsionado constantemente la\" \/>\n<meta property=\"og:url\" content=\"https:\/\/www.cric-colombia.org\/portal\/denuncia-publica-sobre-las-falsas-acusaciones-hacia-la-minga-por-parte-de-los-medios-de-comunicacion-locales-regionales-y-nacionales\/\" \/>\n<meta property=\"og:site_name\" content=\"Consejo Regional Ind\u00edgena del Cauca - CRIC\" \/>\n<meta property=\"article:publisher\" content=\"https:\/\/www.facebook.com\/cric.colombia\/\" \/>\n<meta property=\"article:published_time\" content=\"2019-03-15T20:49:27+00:00\" \/>\n<meta property=\"og:image\" content=\"https:\/\/www.cric-colombia.org\/portal\/wp-content\/uploads\/2019\/03\/Denuncia-p\u00fablica-sobre-las-falsas-acusaciones-hacia-La-Minga-por-parte-de-los-medios-de-comunicaci\u00f3n-locales-regionales-y-nacionales..jpg\" \/>\n\t<meta property=\"og:image:width\" content=\"1040\" \/>\n\t<meta property=\"og:image:height\" content=\"520\" \/>\n\t<meta property=\"og:image:type\" content=\"image\/jpeg\" \/>\n<meta name=\"author\" content=\"Comunicaciones CRIC\" \/>\n<meta name=\"twitter:card\" content=\"summary_large_image\" \/>\n<meta name=\"twitter:creator\" content=\"@CRIC_Cauca\" \/>\n<meta name=\"twitter:site\" content=\"@CRIC_Cauca\" \/>\n<meta name=\"twitter:label1\" content=\"Escrito por\" \/>\n\t<meta name=\"twitter:data1\" content=\"Comunicaciones CRIC\" \/>\n\t<meta name=\"twitter:label2\" content=\"Tiempo de lectura\" \/>\n\t<meta name=\"twitter:data2\" content=\"3 minutos\" \/>\n<script type=\"application\/ld+json\" class=\"yoast-schema-graph\">{\"@context\":\"https:\/\/schema.org\",\"@graph\":[{\"@type\":\"Article\",\"@id\":\"https:\/\/www.cric-colombia.org\/portal\/denuncia-publica-sobre-las-falsas-acusaciones-hacia-la-minga-por-parte-de-los-medios-de-comunicacion-locales-regionales-y-nacionales\/#article\",\"isPartOf\":{\"@id\":\"https:\/\/www.cric-colombia.org\/portal\/denuncia-publica-sobre-las-falsas-acusaciones-hacia-la-minga-por-parte-de-los-medios-de-comunicacion-locales-regionales-y-nacionales\/\"},\"author\":{\"name\":\"Comunicaciones CRIC\",\"@id\":\"https:\/\/www.cric-colombia.org\/portal\/#\/schema\/person\/ab3a3099267de33d55f74f34ba201931\"},\"headline\":\"Denuncia p\u00fablica sobre las falsas acusaciones hacia La Minga por parte de los medios de comunicaci\u00f3n locales, regionales y nacionales\",\"datePublished\":\"2019-03-15T20:49:27+00:00\",\"dateModified\":\"2019-03-15T20:49:27+00:00\",\"mainEntityOfPage\":{\"@id\":\"https:\/\/www.cric-colombia.org\/portal\/denuncia-publica-sobre-las-falsas-acusaciones-hacia-la-minga-por-parte-de-los-medios-de-comunicacion-locales-regionales-y-nacionales\/\"},\"wordCount\":664,\"commentCount\":0,\"publisher\":{\"@id\":\"https:\/\/www.cric-colombia.org\/portal\/#organization\"},\"keywords\":[\"Minga\"],\"articleSection\":[\"Actualidad Ind\u00edgena del Cauca\"],\"inLanguage\":\"es\",\"potentialAction\":[{\"@type\":\"CommentAction\",\"name\":\"Comment\",\"target\":[\"https:\/\/www.cric-colombia.org\/portal\/denuncia-publica-sobre-las-falsas-acusaciones-hacia-la-minga-por-parte-de-los-medios-de-comunicacion-locales-regionales-y-nacionales\/#respond\"]}]},{\"@type\":\"WebPage\",\"@id\":\"https:\/\/www.cric-colombia.org\/portal\/denuncia-publica-sobre-las-falsas-acusaciones-hacia-la-minga-por-parte-de-los-medios-de-comunicacion-locales-regionales-y-nacionales\/\",\"url\":\"https:\/\/www.cric-colombia.org\/portal\/denuncia-publica-sobre-las-falsas-acusaciones-hacia-la-minga-por-parte-de-los-medios-de-comunicacion-locales-regionales-y-nacionales\/\",\"name\":\"Denuncia p\u00fablica sobre las falsas acusaciones hacia La Minga por parte de los medios de comunicaci\u00f3n locales, regionales y nacionales - Consejo Regional Ind\u00edgena del Cauca - CRIC\",\"isPartOf\":{\"@id\":\"https:\/\/www.cric-colombia.org\/portal\/#website\"},\"datePublished\":\"2019-03-15T20:49:27+00:00\",\"dateModified\":\"2019-03-15T20:49:27+00:00\",\"description\":\"Las 30 autoridades tradicionales del Consejo Regional Ind\u00edgena del Huila CRIHU, como Minga y movimiento Ind\u00edgena, de la mano de la Consejer\u00eda de Derechos Humanos de la ONIC, denunciamos que los medios de comunicaci\u00f3n locales, Regionales y Nacionales en su af\u00e1n de continuar estigmatizando La Minga, han distorsionado constantemente la\",\"breadcrumb\":{\"@id\":\"https:\/\/www.cric-colombia.org\/portal\/denuncia-publica-sobre-las-falsas-acusaciones-hacia-la-minga-por-parte-de-los-medios-de-comunicacion-locales-regionales-y-nacionales\/#breadcrumb\"},\"inLanguage\":\"es\",\"potentialAction\":[{\"@type\":\"ReadAction\",\"target\":[\"https:\/\/www.cric-colombia.org\/portal\/denuncia-publica-sobre-las-falsas-acusaciones-hacia-la-minga-por-parte-de-los-medios-de-comunicacion-locales-regionales-y-nacionales\/\"]}]},{\"@type\":\"BreadcrumbList\",\"@id\":\"https:\/\/www.cric-colombia.org\/portal\/denuncia-publica-sobre-las-falsas-acusaciones-hacia-la-minga-por-parte-de-los-medios-de-comunicacion-locales-regionales-y-nacionales\/#breadcrumb\",\"itemListElement\":[{\"@type\":\"ListItem\",\"position\":1,\"name\":\"Portada\",\"item\":\"https:\/\/www.cric-colombia.org\/portal\/\"},{\"@type\":\"ListItem\",\"position\":2,\"name\":\"Denuncia p\u00fablica sobre las falsas acusaciones hacia La Minga por parte de los medios de comunicaci\u00f3n locales, regionales y nacionales\"}]},{\"@type\":\"WebSite\",\"@id\":\"https:\/\/www.cric-colombia.org\/portal\/#website\",\"url\":\"https:\/\/www.cric-colombia.org\/portal\/\",\"name\":\"Consejo Regional Ind\u00edgena del Cauca - CRIC\",\"description\":\"P\u00e1gina oficial del Consejo Regional Ind\u00edgena del Cauca, Colombia\",\"publisher\":{\"@id\":\"https:\/\/www.cric-colombia.org\/portal\/#organization\"},\"potentialAction\":[{\"@type\":\"SearchAction\",\"target\":{\"@type\":\"EntryPoint\",\"urlTemplate\":\"https:\/\/www.cric-colombia.org\/portal\/?s={search_term_string}\"},\"query-input\":\"required name=search_term_string\"}],\"inLanguage\":\"es\"},{\"@type\":\"Organization\",\"@id\":\"https:\/\/www.cric-colombia.org\/portal\/#organization\",\"name\":\"Consejo Regional Ind\u00edgena del Cauca\",\"url\":\"https:\/\/www.cric-colombia.org\/portal\/\",\"logo\":{\"@type\":\"ImageObject\",\"inLanguage\":\"es\",\"@id\":\"https:\/\/www.cric-colombia.org\/portal\/#\/schema\/logo\/image\/\",\"url\":\"https:\/\/www.cric-colombia.org\/portal\/wp-content\/uploads\/2015\/08\/logo_cric.jpg\",\"contentUrl\":\"https:\/\/www.cric-colombia.org\/portal\/wp-content\/uploads\/2015\/08\/logo_cric.jpg\",\"width\":512,\"height\":512,\"caption\":\"Consejo Regional Ind\u00edgena del Cauca\"},\"image\":{\"@id\":\"https:\/\/www.cric-colombia.org\/portal\/#\/schema\/logo\/image\/\"},\"sameAs\":[\"https:\/\/www.facebook.com\/cric.colombia\/\",\"https:\/\/twitter.com\/CRIC_Cauca\"]},{\"@type\":\"Person\",\"@id\":\"https:\/\/www.cric-colombia.org\/portal\/#\/schema\/person\/ab3a3099267de33d55f74f34ba201931\",\"name\":\"Comunicaciones CRIC\",\"image\":{\"@type\":\"ImageObject\",\"inLanguage\":\"es\",\"@id\":\"https:\/\/www.cric-colombia.org\/portal\/#\/schema\/person\/image\/\",\"url\":\"https:\/\/secure.gravatar.com\/avatar\/a8d1a6cfcb82a80d09dafefdcc3dcc8a?s=96&d=retro&r=g\",\"contentUrl\":\"https:\/\/secure.gravatar.com\/avatar\/a8d1a6cfcb82a80d09dafefdcc3dcc8a?s=96&d=retro&r=g\",\"caption\":\"Comunicaciones CRIC\"},\"url\":\"https:\/\/www.cric-colombia.org\/portal\/author\/comunicaciones\/\"}]}<\/script>\n<!-- \/ Yoast SEO plugin. -->","yoast_head_json":{"title":"Denuncia p\u00fablica sobre las falsas acusaciones hacia La Minga por parte de los medios de comunicaci\u00f3n locales, regionales y nacionales - Consejo Regional Ind\u00edgena del Cauca - CRIC","description":"Las 30 autoridades tradicionales del Consejo Regional Ind\u00edgena del Huila CRIHU, como Minga y movimiento Ind\u00edgena, de la mano de la Consejer\u00eda de Derechos Humanos de la ONIC, denunciamos que los medios de comunicaci\u00f3n locales, Regionales y Nacionales en su af\u00e1n de continuar estigmatizando La Minga, han distorsionado constantemente la","robots":{"index":"index","follow":"follow","max-snippet":"max-snippet:-1","max-image-preview":"max-image-preview:large","max-video-preview":"max-video-preview:-1"},"canonical":"https:\/\/www.cric-colombia.org\/portal\/denuncia-publica-sobre-las-falsas-acusaciones-hacia-la-minga-por-parte-de-los-medios-de-comunicacion-locales-regionales-y-nacionales\/","og_locale":"es_ES","og_type":"article","og_title":"Denuncia p\u00fablica sobre las falsas acusaciones hacia La Minga por parte de los medios de comunicaci\u00f3n locales, regionales y nacionales - Consejo Regional Ind\u00edgena del Cauca - CRIC","og_description":"Las 30 autoridades tradicionales del Consejo Regional Ind\u00edgena del Huila CRIHU, como Minga y movimiento Ind\u00edgena, de la mano de la Consejer\u00eda de Derechos Humanos de la ONIC, denunciamos que los medios de comunicaci\u00f3n locales, Regionales y Nacionales en su af\u00e1n de continuar estigmatizando La Minga, han distorsionado constantemente la","og_url":"https:\/\/www.cric-colombia.org\/portal\/denuncia-publica-sobre-las-falsas-acusaciones-hacia-la-minga-por-parte-de-los-medios-de-comunicacion-locales-regionales-y-nacionales\/","og_site_name":"Consejo Regional Ind\u00edgena del Cauca - CRIC","article_publisher":"https:\/\/www.facebook.com\/cric.colombia\/","article_published_time":"2019-03-15T20:49:27+00:00","og_image":[{"width":1040,"height":520,"url":"https:\/\/www.cric-colombia.org\/portal\/wp-content\/uploads\/2019\/03\/Denuncia-p\u00fablica-sobre-las-falsas-acusaciones-hacia-La-Minga-por-parte-de-los-medios-de-comunicaci\u00f3n-locales-regionales-y-nacionales..jpg","type":"image\/jpeg"}],"author":"Comunicaciones CRIC","twitter_card":"summary_large_image","twitter_creator":"@CRIC_Cauca","twitter_site":"@CRIC_Cauca","twitter_misc":{"Escrito por":"Comunicaciones CRIC","Tiempo de lectura":"3 minutos"},"schema":{"@context":"https:\/\/schema.org","@graph":[{"@type":"Article","@id":"https:\/\/www.cric-colombia.org\/portal\/denuncia-publica-sobre-las-falsas-acusaciones-hacia-la-minga-por-parte-de-los-medios-de-comunicacion-locales-regionales-y-nacionales\/#article","isPartOf":{"@id":"https:\/\/www.cric-colombia.org\/portal\/denuncia-publica-sobre-las-falsas-acusaciones-hacia-la-minga-por-parte-de-los-medios-de-comunicacion-locales-regionales-y-nacionales\/"},"author":{"name":"Comunicaciones CRIC","@id":"https:\/\/www.cric-colombia.org\/portal\/#\/schema\/person\/ab3a3099267de33d55f74f34ba201931"},"headline":"Denuncia p\u00fablica sobre las falsas acusaciones hacia La Minga por parte de los medios de comunicaci\u00f3n locales, regionales y nacionales","datePublished":"2019-03-15T20:49:27+00:00","dateModified":"2019-03-15T20:49:27+00:00","mainEntityOfPage":{"@id":"https:\/\/www.cric-colombia.org\/portal\/denuncia-publica-sobre-las-falsas-acusaciones-hacia-la-minga-por-parte-de-los-medios-de-comunicacion-locales-regionales-y-nacionales\/"},"wordCount":664,"commentCount":0,"publisher":{"@id":"https:\/\/www.cric-colombia.org\/portal\/#organization"},"keywords":["Minga"],"articleSection":["Actualidad Ind\u00edgena del Cauca"],"inLanguage":"es","potentialAction":[{"@type":"CommentAction","name":"Comment","target":["https:\/\/www.cric-colombia.org\/portal\/denuncia-publica-sobre-las-falsas-acusaciones-hacia-la-minga-por-parte-de-los-medios-de-comunicacion-locales-regionales-y-nacionales\/#respond"]}]},{"@type":"WebPage","@id":"https:\/\/www.cric-colombia.org\/portal\/denuncia-publica-sobre-las-falsas-acusaciones-hacia-la-minga-por-parte-de-los-medios-de-comunicacion-locales-regionales-y-nacionales\/","url":"https:\/\/www.cric-colombia.org\/portal\/denuncia-publica-sobre-las-falsas-acusaciones-hacia-la-minga-por-parte-de-los-medios-de-comunicacion-locales-regionales-y-nacionales\/","name":"Denuncia p\u00fablica sobre las falsas acusaciones hacia La Minga por parte de los medios de comunicaci\u00f3n locales, regionales y nacionales - Consejo Regional Ind\u00edgena del Cauca - CRIC","isPartOf":{"@id":"https:\/\/www.cric-colombia.org\/portal\/#website"},"datePublished":"2019-03-15T20:49:27+00:00","dateModified":"2019-03-15T20:49:27+00:00","description":"Las 30 autoridades tradicionales del Consejo Regional Ind\u00edgena del Huila CRIHU, como Minga y movimiento Ind\u00edgena, de la mano de la Consejer\u00eda de Derechos Humanos de la ONIC, denunciamos que los medios de comunicaci\u00f3n locales, Regionales y Nacionales en su af\u00e1n de continuar estigmatizando La Minga, han distorsionado constantemente la","breadcrumb":{"@id":"https:\/\/www.cric-colombia.org\/portal\/denuncia-publica-sobre-las-falsas-acusaciones-hacia-la-minga-por-parte-de-los-medios-de-comunicacion-locales-regionales-y-nacionales\/#breadcrumb"},"inLanguage":"es","potentialAction":[{"@type":"ReadAction","target":["https:\/\/www.cric-colombia.org\/portal\/denuncia-publica-sobre-las-falsas-acusaciones-hacia-la-minga-por-parte-de-los-medios-de-comunicacion-locales-regionales-y-nacionales\/"]}]},{"@type":"BreadcrumbList","@id":"https:\/\/www.cric-colombia.org\/portal\/denuncia-publica-sobre-las-falsas-acusaciones-hacia-la-minga-por-parte-de-los-medios-de-comunicacion-locales-regionales-y-nacionales\/#breadcrumb","itemListElement":[{"@type":"ListItem","position":1,"name":"Portada","item":"https:\/\/www.cric-colombia.org\/portal\/"},{"@type":"ListItem","position":2,"name":"Denuncia p\u00fablica sobre las falsas acusaciones hacia La Minga por parte de los medios de comunicaci\u00f3n locales, regionales y nacionales"}]},{"@type":"WebSite","@id":"https:\/\/www.cric-colombia.org\/portal\/#website","url":"https:\/\/www.cric-colombia.org\/portal\/","name":"Consejo Regional Ind\u00edgena del Cauca - CRIC","description":"P\u00e1gina oficial del Consejo Regional Ind\u00edgena del Cauca, Colombia","publisher":{"@id":"https:\/\/www.cric-colombia.org\/portal\/#organization"},"potentialAction":[{"@type":"SearchAction","target":{"@type":"EntryPoint","urlTemplate":"https:\/\/www.cric-colombia.org\/portal\/?s={search_term_string}"},"query-input":"required name=search_term_string"}],"inLanguage":"es"},{"@type":"Organization","@id":"https:\/\/www.cric-colombia.org\/portal\/#organization","name":"Consejo Regional Ind\u00edgena del Cauca","url":"https:\/\/www.cric-colombia.org\/portal\/","logo":{"@type":"ImageObject","inLanguage":"es","@id":"https:\/\/www.cric-colombia.org\/portal\/#\/schema\/logo\/image\/","url":"https:\/\/www.cric-colombia.org\/portal\/wp-content\/uploads\/2015\/08\/logo_cric.jpg","contentUrl":"https:\/\/www.cric-colombia.org\/portal\/wp-content\/uploads\/2015\/08\/logo_cric.jpg","width":512,"height":512,"caption":"Consejo Regional Ind\u00edgena del Cauca"},"image":{"@id":"https:\/\/www.cric-colombia.org\/portal\/#\/schema\/logo\/image\/"},"sameAs":["https:\/\/www.facebook.com\/cric.colombia\/","https:\/\/twitter.com\/CRIC_Cauca"]},{"@type":"Person","@id":"https:\/\/www.cric-colombia.org\/portal\/#\/schema\/person\/ab3a3099267de33d55f74f34ba201931","name":"Comunicaciones CRIC","image":{"@type":"ImageObject","inLanguage":"es","@id":"https:\/\/www.cric-colombia.org\/portal\/#\/schema\/person\/image\/","url":"https:\/\/secure.gravatar.com\/avatar\/a8d1a6cfcb82a80d09dafefdcc3dcc8a?s=96&d=retro&r=g","contentUrl":"https:\/\/secure.gravatar.com\/avatar\/a8d1a6cfcb82a80d09dafefdcc3dcc8a?s=96&d=retro&r=g","caption":"Comunicaciones CRIC"},"url":"https:\/\/www.cric-colombia.org\/portal\/author\/comunicaciones\/"}]}},"jetpack_featured_media_url":"https:\/\/www.cric-colombia.org\/portal\/wp-content\/uploads\/2019\/03\/Denuncia-p\u00fablica-sobre-las-falsas-acusaciones-hacia-La-Minga-por-parte-de-los-medios-de-comunicaci\u00f3n-locales-regionales-y-nacionales..jpg","_links":{"self":[{"href":"https:\/\/www.cric-colombia.org\/portal\/wp-json\/wp\/v2\/posts\/24618"}],"collection":[{"href":"https:\/\/www.cric-colombia.org\/portal\/wp-json\/wp\/v2\/posts"}],"about":[{"href":"https:\/\/www.cric-colombia.org\/portal\/wp-json\/wp\/v2\/types\/post"}],"author":[{"embeddable":true,"href":"https:\/\/www.cric-colombia.org\/portal\/wp-json\/wp\/v2\/users\/6"}],"replies":[{"embeddable":true,"href":"https:\/\/www.cric-colombia.org\/portal\/wp-json\/wp\/v2\/comments?post=24618"}],"version-history":[{"count":3,"href":"https:\/\/www.cric-colombia.org\/portal\/wp-json\/wp\/v2\/posts\/24618\/revisions"}],"predecessor-version":[{"id":24622,"href":"https:\/\/www.cric-colombia.org\/portal\/wp-json\/wp\/v2\/posts\/24618\/revisions\/24622"}],"wp:featuredmedia":[{"embeddable":true,"href":"https:\/\/www.cric-colombia.org\/portal\/wp-json\/wp\/v2\/media\/24619"}],"wp:attachment":[{"href":"https:\/\/www.cric-colombia.org\/portal\/wp-json\/wp\/v2\/media?parent=24618"}],"wp:term":[{"taxonomy":"category","embeddable":true,"href":"https:\/\/www.cric-colombia.org\/portal\/wp-json\/wp\/v2\/categories?post=24618"},{"taxonomy":"post_tag","embeddable":true,"href":"https:\/\/www.cric-colombia.org\/portal\/wp-json\/wp\/v2\/tags?post=24618"}],"curies":[{"name":"wp","href":"https:\/\/api.w.org\/{rel}","templated":true}]}}