{"id":24411,"date":"2019-03-11T19:10:28","date_gmt":"2019-03-12T00:10:28","guid":{"rendered":"https:\/\/www.cric-colombia.org\/portal\/?p=24411"},"modified":"2019-03-11T19:10:28","modified_gmt":"2019-03-12T00:10:28","slug":"resistir-para-no-desparecer-y-permanecer-en-el-tiempo-y-el-espacio","status":"publish","type":"post","link":"https:\/\/www.cric-colombia.org\/portal\/resistir-para-no-desparecer-y-permanecer-en-el-tiempo-y-el-espacio\/","title":{"rendered":"\u201cResistir para no desparecer y permanecer en el tiempo y el espacio\u201d"},"content":{"rendered":"<h2><strong>Declaratoria del tribunal ind\u00edgena<\/strong><\/h2>\n<p>En la tarde del 11 de febrero se present\u00f3 el tribunal ind\u00edgena y la declaratoria del Consejo Regional Ind\u00edgena del Cauca a nivel Nacional a la comunidad presente. Estas dos conquistas ind\u00edgenas las reciben las 126 autoridades, con la orientaci\u00f3n de los esp\u00edritus de la naturaleza; apuestas que estaban mandatadas desde el D\u00e9cimo Quinto Congreso en R\u00edo Blanco Sotar\u00e1.<\/p>\n<figure id=\"attachment_24415\" aria-describedby=\"caption-attachment-24415\" style=\"width: 1280px\" class=\"wp-caption aligncenter\"><img decoding=\"async\" loading=\"lazy\" class=\"wp-image-24415 size-full\" src=\"https:\/\/www.cric-colombia.org\/portal\/wp-content\/uploads\/2019\/03\/WhatsApp-Image-2019-03-11-at-18.48.10.jpeg\" alt=\"\" width=\"1280\" height=\"853\" srcset=\"https:\/\/www.cric-colombia.org\/portal\/wp-content\/uploads\/2019\/03\/WhatsApp-Image-2019-03-11-at-18.48.10.jpeg 1280w, https:\/\/www.cric-colombia.org\/portal\/wp-content\/uploads\/2019\/03\/WhatsApp-Image-2019-03-11-at-18.48.10-300x200.jpeg 300w, https:\/\/www.cric-colombia.org\/portal\/wp-content\/uploads\/2019\/03\/WhatsApp-Image-2019-03-11-at-18.48.10-768x512.jpeg 768w, https:\/\/www.cric-colombia.org\/portal\/wp-content\/uploads\/2019\/03\/WhatsApp-Image-2019-03-11-at-18.48.10-1024x682.jpeg 1024w, https:\/\/www.cric-colombia.org\/portal\/wp-content\/uploads\/2019\/03\/WhatsApp-Image-2019-03-11-at-18.48.10-696x464.jpeg 696w, https:\/\/www.cric-colombia.org\/portal\/wp-content\/uploads\/2019\/03\/WhatsApp-Image-2019-03-11-at-18.48.10-1068x712.jpeg 1068w, https:\/\/www.cric-colombia.org\/portal\/wp-content\/uploads\/2019\/03\/WhatsApp-Image-2019-03-11-at-18.48.10-630x420.jpeg 630w\" sizes=\"(max-width: 1280px) 100vw, 1280px\" \/><figcaption id=\"caption-attachment-24415\" class=\"wp-caption-text\">Fotograf\u00eda Enrique Ram\u00edrez<\/figcaption><\/figure>\n<p>La consolidaci\u00f3n del gobierno propio es un sue\u00f1o que se viene caminando desde hace 48 a\u00f1os e intenta responder a c\u00f3mo deber\u00eda ser la naci\u00f3n ind\u00edgena en el marco de la defensa de la vida y el territorio.<\/p>\n<p>El tribunal ind\u00edgena no va a suplantar a las autoridades, es acompa\u00f1amiento a los grupos \u00e9tnicos que viene realizando el CRIC desde sus inicios, como lo es ley de origen y el derecho propio. Las autoridades ind\u00edgenas son jueces naturales y as\u00ed lo ratific\u00f3 la constituci\u00f3n pol\u00edtica de Colombia y el bloque de constitucionalidad que se tiene en el marco de la ley 21 de 1991 entre otros instrumentos.<\/p>\n<p>Por otro lado, las autoridades tradicionales en su ejercicio de juez natural han venido legislando desde el territorio, ya que las altas cortes como el Consejo de Estado, la Corte Constitucional ya no son garantes de los derechos ind\u00edgenas, ni tampoco sociales, lo que se ve es el atraso ya que el despojo de las normas y los derechos viene con mucha m\u00e1s fuerza.<\/p>\n<p>En conversaci\u00f3n con Aida Quilcue menciona que \u201cel haberse instalado el tribunal ind\u00edgena en el marco de la minga nos parece importantis\u00edmo porque vamos hacer practico el ejercicio de jueces naturales en el marco de las competencias que nos ha dado la constituci\u00f3n, pero tambi\u00e9n la ley de origen y cada uno de los or\u00edgenes de los pueblos y las normas internacionales que nos permiten desde lo jur\u00eddico resistir desde el territorio para defender los derechos de los pueblos ind\u00edgenas\u00bb.<\/p>\n<p>Una de las estrategias de resistencia del movimiento ind\u00edgena ha sido crear procesos con otros pueblos a nivel nacional e internacional en el marco del respeto por las diferentes cosmovisiones en aras de seguir defendiendo las causas y las luchas por la defensa del territorio.<\/p>\n<p><strong>Por: Programa de comunicaciones y estudiantes de comunicaci\u00f3n propia-UAIIN<\/strong><\/p>\n","protected":false},"excerpt":{"rendered":"<p>Declaratoria del tribunal ind\u00edgena En la tarde del 11 de febrero se present\u00f3 el tribunal ind\u00edgena y la declaratoria del Consejo Regional Ind\u00edgena del Cauca a nivel Nacional a la comunidad presente. Estas dos conquistas ind\u00edgenas las reciben las 126 autoridades, con la orientaci\u00f3n de los esp\u00edritus de la naturaleza; apuestas que estaban mandatadas desde <\/p>\n","protected":false},"author":6,"featured_media":24413,"comment_status":"open","ping_status":"open","sticky":false,"template":"","format":"standard","meta":{"footnotes":""},"categories":[3],"tags":[493,89,88,669],"yoast_head":"<!-- This site is optimized with the Yoast SEO plugin v20.12 - https:\/\/yoast.com\/wordpress\/plugins\/seo\/ -->\n<title>\u201cResistir para no desparecer y permanecer en el tiempo y el espacio\u201d - Consejo Regional Ind\u00edgena del Cauca - CRIC<\/title>\n<meta name=\"description\" content=\"En la tarde del 11 de febrero se present\u00f3 el tribunal ind\u00edgena y la declaratoria del Consejo Regional Ind\u00edgena del Cauca a nivel Nacional a la comunidad presente. Estas dos conquistas ind\u00edgenas las reciben las 126 autoridades, con la orientaci\u00f3n de los esp\u00edritus de la naturaleza; apuestas que estaban mandatadas desde el D\u00e9cimo Quinto Congreso en R\u00edo Blanco Sotar\u00e1.\" \/>\n<meta name=\"robots\" content=\"index, follow, max-snippet:-1, max-image-preview:large, max-video-preview:-1\" \/>\n<link rel=\"canonical\" href=\"https:\/\/www.cric-colombia.org\/portal\/resistir-para-no-desparecer-y-permanecer-en-el-tiempo-y-el-espacio\/\" \/>\n<meta property=\"og:locale\" content=\"es_ES\" \/>\n<meta property=\"og:type\" content=\"article\" \/>\n<meta property=\"og:title\" content=\"\u201cResistir para no desparecer y permanecer en el tiempo y el espacio\u201d - Consejo Regional Ind\u00edgena del Cauca - CRIC\" \/>\n<meta property=\"og:description\" content=\"En la tarde del 11 de febrero se present\u00f3 el tribunal ind\u00edgena y la declaratoria del Consejo Regional Ind\u00edgena del Cauca a nivel Nacional a la comunidad presente. Estas dos conquistas ind\u00edgenas las reciben las 126 autoridades, con la orientaci\u00f3n de los esp\u00edritus de la naturaleza; apuestas que estaban mandatadas desde el D\u00e9cimo Quinto Congreso en R\u00edo Blanco Sotar\u00e1.\" \/>\n<meta property=\"og:url\" content=\"https:\/\/www.cric-colombia.org\/portal\/resistir-para-no-desparecer-y-permanecer-en-el-tiempo-y-el-espacio\/\" \/>\n<meta property=\"og:site_name\" content=\"Consejo Regional Ind\u00edgena del Cauca - CRIC\" \/>\n<meta property=\"article:publisher\" content=\"https:\/\/www.facebook.com\/cric.colombia\/\" \/>\n<meta property=\"article:published_time\" content=\"2019-03-12T00:10:28+00:00\" \/>\n<meta property=\"og:image\" content=\"https:\/\/www.cric-colombia.org\/portal\/wp-content\/uploads\/2019\/03\/WhatsApp-Image-2019-03-11-at-18.48.08.jpeg\" \/>\n\t<meta property=\"og:image:width\" content=\"1280\" \/>\n\t<meta property=\"og:image:height\" content=\"853\" \/>\n\t<meta property=\"og:image:type\" content=\"image\/jpeg\" \/>\n<meta name=\"author\" content=\"Comunicaciones CRIC\" \/>\n<meta name=\"twitter:card\" content=\"summary_large_image\" \/>\n<meta name=\"twitter:creator\" content=\"@CRIC_Cauca\" \/>\n<meta name=\"twitter:site\" content=\"@CRIC_Cauca\" \/>\n<meta name=\"twitter:label1\" content=\"Escrito por\" \/>\n\t<meta name=\"twitter:data1\" content=\"Comunicaciones CRIC\" \/>\n\t<meta name=\"twitter:label2\" content=\"Tiempo de lectura\" \/>\n\t<meta name=\"twitter:data2\" content=\"2 minutos\" \/>\n<script type=\"application\/ld+json\" class=\"yoast-schema-graph\">{\"@context\":\"https:\/\/schema.org\",\"@graph\":[{\"@type\":\"Article\",\"@id\":\"https:\/\/www.cric-colombia.org\/portal\/resistir-para-no-desparecer-y-permanecer-en-el-tiempo-y-el-espacio\/#article\",\"isPartOf\":{\"@id\":\"https:\/\/www.cric-colombia.org\/portal\/resistir-para-no-desparecer-y-permanecer-en-el-tiempo-y-el-espacio\/\"},\"author\":{\"name\":\"Comunicaciones CRIC\",\"@id\":\"https:\/\/www.cric-colombia.org\/portal\/#\/schema\/person\/ab3a3099267de33d55f74f34ba201931\"},\"headline\":\"\u201cResistir para no desparecer y permanecer en el tiempo y el espacio\u201d\",\"datePublished\":\"2019-03-12T00:10:28+00:00\",\"dateModified\":\"2019-03-12T00:10:28+00:00\",\"mainEntityOfPage\":{\"@id\":\"https:\/\/www.cric-colombia.org\/portal\/resistir-para-no-desparecer-y-permanecer-en-el-tiempo-y-el-espacio\/\"},\"wordCount\":419,\"commentCount\":0,\"publisher\":{\"@id\":\"https:\/\/www.cric-colombia.org\/portal\/#organization\"},\"keywords\":[\"#Caldono\",\"cauca\",\"cric\",\"Tribunal Ind\u00edgena\"],\"articleSection\":[\"Actualidad Ind\u00edgena del Cauca\"],\"inLanguage\":\"es\",\"potentialAction\":[{\"@type\":\"CommentAction\",\"name\":\"Comment\",\"target\":[\"https:\/\/www.cric-colombia.org\/portal\/resistir-para-no-desparecer-y-permanecer-en-el-tiempo-y-el-espacio\/#respond\"]}]},{\"@type\":\"WebPage\",\"@id\":\"https:\/\/www.cric-colombia.org\/portal\/resistir-para-no-desparecer-y-permanecer-en-el-tiempo-y-el-espacio\/\",\"url\":\"https:\/\/www.cric-colombia.org\/portal\/resistir-para-no-desparecer-y-permanecer-en-el-tiempo-y-el-espacio\/\",\"name\":\"\u201cResistir para no desparecer y permanecer en el tiempo y el espacio\u201d - Consejo Regional Ind\u00edgena del Cauca - CRIC\",\"isPartOf\":{\"@id\":\"https:\/\/www.cric-colombia.org\/portal\/#website\"},\"datePublished\":\"2019-03-12T00:10:28+00:00\",\"dateModified\":\"2019-03-12T00:10:28+00:00\",\"description\":\"En la tarde del 11 de febrero se present\u00f3 el tribunal ind\u00edgena y la declaratoria del Consejo Regional Ind\u00edgena del Cauca a nivel Nacional a la comunidad presente. Estas dos conquistas ind\u00edgenas las reciben las 126 autoridades, con la orientaci\u00f3n de los esp\u00edritus de la naturaleza; apuestas que estaban mandatadas desde el D\u00e9cimo Quinto Congreso en R\u00edo Blanco Sotar\u00e1.\",\"breadcrumb\":{\"@id\":\"https:\/\/www.cric-colombia.org\/portal\/resistir-para-no-desparecer-y-permanecer-en-el-tiempo-y-el-espacio\/#breadcrumb\"},\"inLanguage\":\"es\",\"potentialAction\":[{\"@type\":\"ReadAction\",\"target\":[\"https:\/\/www.cric-colombia.org\/portal\/resistir-para-no-desparecer-y-permanecer-en-el-tiempo-y-el-espacio\/\"]}]},{\"@type\":\"BreadcrumbList\",\"@id\":\"https:\/\/www.cric-colombia.org\/portal\/resistir-para-no-desparecer-y-permanecer-en-el-tiempo-y-el-espacio\/#breadcrumb\",\"itemListElement\":[{\"@type\":\"ListItem\",\"position\":1,\"name\":\"Portada\",\"item\":\"https:\/\/www.cric-colombia.org\/portal\/\"},{\"@type\":\"ListItem\",\"position\":2,\"name\":\"\u201cResistir para no desparecer y permanecer en el tiempo y el espacio\u201d\"}]},{\"@type\":\"WebSite\",\"@id\":\"https:\/\/www.cric-colombia.org\/portal\/#website\",\"url\":\"https:\/\/www.cric-colombia.org\/portal\/\",\"name\":\"Consejo Regional Ind\u00edgena del Cauca - CRIC\",\"description\":\"P\u00e1gina oficial del Consejo Regional Ind\u00edgena del Cauca, Colombia\",\"publisher\":{\"@id\":\"https:\/\/www.cric-colombia.org\/portal\/#organization\"},\"potentialAction\":[{\"@type\":\"SearchAction\",\"target\":{\"@type\":\"EntryPoint\",\"urlTemplate\":\"https:\/\/www.cric-colombia.org\/portal\/?s={search_term_string}\"},\"query-input\":\"required name=search_term_string\"}],\"inLanguage\":\"es\"},{\"@type\":\"Organization\",\"@id\":\"https:\/\/www.cric-colombia.org\/portal\/#organization\",\"name\":\"Consejo Regional Ind\u00edgena del Cauca\",\"url\":\"https:\/\/www.cric-colombia.org\/portal\/\",\"logo\":{\"@type\":\"ImageObject\",\"inLanguage\":\"es\",\"@id\":\"https:\/\/www.cric-colombia.org\/portal\/#\/schema\/logo\/image\/\",\"url\":\"https:\/\/www.cric-colombia.org\/portal\/wp-content\/uploads\/2015\/08\/logo_cric.jpg\",\"contentUrl\":\"https:\/\/www.cric-colombia.org\/portal\/wp-content\/uploads\/2015\/08\/logo_cric.jpg\",\"width\":512,\"height\":512,\"caption\":\"Consejo Regional Ind\u00edgena del Cauca\"},\"image\":{\"@id\":\"https:\/\/www.cric-colombia.org\/portal\/#\/schema\/logo\/image\/\"},\"sameAs\":[\"https:\/\/www.facebook.com\/cric.colombia\/\",\"https:\/\/twitter.com\/CRIC_Cauca\"]},{\"@type\":\"Person\",\"@id\":\"https:\/\/www.cric-colombia.org\/portal\/#\/schema\/person\/ab3a3099267de33d55f74f34ba201931\",\"name\":\"Comunicaciones CRIC\",\"image\":{\"@type\":\"ImageObject\",\"inLanguage\":\"es\",\"@id\":\"https:\/\/www.cric-colombia.org\/portal\/#\/schema\/person\/image\/\",\"url\":\"https:\/\/secure.gravatar.com\/avatar\/a8d1a6cfcb82a80d09dafefdcc3dcc8a?s=96&d=retro&r=g\",\"contentUrl\":\"https:\/\/secure.gravatar.com\/avatar\/a8d1a6cfcb82a80d09dafefdcc3dcc8a?s=96&d=retro&r=g\",\"caption\":\"Comunicaciones CRIC\"},\"url\":\"https:\/\/www.cric-colombia.org\/portal\/author\/comunicaciones\/\"}]}<\/script>\n<!-- \/ Yoast SEO plugin. -->","yoast_head_json":{"title":"\u201cResistir para no desparecer y permanecer en el tiempo y el espacio\u201d - Consejo Regional Ind\u00edgena del Cauca - CRIC","description":"En la tarde del 11 de febrero se present\u00f3 el tribunal ind\u00edgena y la declaratoria del Consejo Regional Ind\u00edgena del Cauca a nivel Nacional a la comunidad presente. Estas dos conquistas ind\u00edgenas las reciben las 126 autoridades, con la orientaci\u00f3n de los esp\u00edritus de la naturaleza; apuestas que estaban mandatadas desde el D\u00e9cimo Quinto Congreso en R\u00edo Blanco Sotar\u00e1.","robots":{"index":"index","follow":"follow","max-snippet":"max-snippet:-1","max-image-preview":"max-image-preview:large","max-video-preview":"max-video-preview:-1"},"canonical":"https:\/\/www.cric-colombia.org\/portal\/resistir-para-no-desparecer-y-permanecer-en-el-tiempo-y-el-espacio\/","og_locale":"es_ES","og_type":"article","og_title":"\u201cResistir para no desparecer y permanecer en el tiempo y el espacio\u201d - Consejo Regional Ind\u00edgena del Cauca - CRIC","og_description":"En la tarde del 11 de febrero se present\u00f3 el tribunal ind\u00edgena y la declaratoria del Consejo Regional Ind\u00edgena del Cauca a nivel Nacional a la comunidad presente. Estas dos conquistas ind\u00edgenas las reciben las 126 autoridades, con la orientaci\u00f3n de los esp\u00edritus de la naturaleza; apuestas que estaban mandatadas desde el D\u00e9cimo Quinto Congreso en R\u00edo Blanco Sotar\u00e1.","og_url":"https:\/\/www.cric-colombia.org\/portal\/resistir-para-no-desparecer-y-permanecer-en-el-tiempo-y-el-espacio\/","og_site_name":"Consejo Regional Ind\u00edgena del Cauca - CRIC","article_publisher":"https:\/\/www.facebook.com\/cric.colombia\/","article_published_time":"2019-03-12T00:10:28+00:00","og_image":[{"width":1280,"height":853,"url":"https:\/\/www.cric-colombia.org\/portal\/wp-content\/uploads\/2019\/03\/WhatsApp-Image-2019-03-11-at-18.48.08.jpeg","type":"image\/jpeg"}],"author":"Comunicaciones CRIC","twitter_card":"summary_large_image","twitter_creator":"@CRIC_Cauca","twitter_site":"@CRIC_Cauca","twitter_misc":{"Escrito por":"Comunicaciones CRIC","Tiempo de lectura":"2 minutos"},"schema":{"@context":"https:\/\/schema.org","@graph":[{"@type":"Article","@id":"https:\/\/www.cric-colombia.org\/portal\/resistir-para-no-desparecer-y-permanecer-en-el-tiempo-y-el-espacio\/#article","isPartOf":{"@id":"https:\/\/www.cric-colombia.org\/portal\/resistir-para-no-desparecer-y-permanecer-en-el-tiempo-y-el-espacio\/"},"author":{"name":"Comunicaciones CRIC","@id":"https:\/\/www.cric-colombia.org\/portal\/#\/schema\/person\/ab3a3099267de33d55f74f34ba201931"},"headline":"\u201cResistir para no desparecer y permanecer en el tiempo y el espacio\u201d","datePublished":"2019-03-12T00:10:28+00:00","dateModified":"2019-03-12T00:10:28+00:00","mainEntityOfPage":{"@id":"https:\/\/www.cric-colombia.org\/portal\/resistir-para-no-desparecer-y-permanecer-en-el-tiempo-y-el-espacio\/"},"wordCount":419,"commentCount":0,"publisher":{"@id":"https:\/\/www.cric-colombia.org\/portal\/#organization"},"keywords":["#Caldono","cauca","cric","Tribunal Ind\u00edgena"],"articleSection":["Actualidad Ind\u00edgena del Cauca"],"inLanguage":"es","potentialAction":[{"@type":"CommentAction","name":"Comment","target":["https:\/\/www.cric-colombia.org\/portal\/resistir-para-no-desparecer-y-permanecer-en-el-tiempo-y-el-espacio\/#respond"]}]},{"@type":"WebPage","@id":"https:\/\/www.cric-colombia.org\/portal\/resistir-para-no-desparecer-y-permanecer-en-el-tiempo-y-el-espacio\/","url":"https:\/\/www.cric-colombia.org\/portal\/resistir-para-no-desparecer-y-permanecer-en-el-tiempo-y-el-espacio\/","name":"\u201cResistir para no desparecer y permanecer en el tiempo y el espacio\u201d - Consejo Regional Ind\u00edgena del Cauca - CRIC","isPartOf":{"@id":"https:\/\/www.cric-colombia.org\/portal\/#website"},"datePublished":"2019-03-12T00:10:28+00:00","dateModified":"2019-03-12T00:10:28+00:00","description":"En la tarde del 11 de febrero se present\u00f3 el tribunal ind\u00edgena y la declaratoria del Consejo Regional Ind\u00edgena del Cauca a nivel Nacional a la comunidad presente. Estas dos conquistas ind\u00edgenas las reciben las 126 autoridades, con la orientaci\u00f3n de los esp\u00edritus de la naturaleza; apuestas que estaban mandatadas desde el D\u00e9cimo Quinto Congreso en R\u00edo Blanco Sotar\u00e1.","breadcrumb":{"@id":"https:\/\/www.cric-colombia.org\/portal\/resistir-para-no-desparecer-y-permanecer-en-el-tiempo-y-el-espacio\/#breadcrumb"},"inLanguage":"es","potentialAction":[{"@type":"ReadAction","target":["https:\/\/www.cric-colombia.org\/portal\/resistir-para-no-desparecer-y-permanecer-en-el-tiempo-y-el-espacio\/"]}]},{"@type":"BreadcrumbList","@id":"https:\/\/www.cric-colombia.org\/portal\/resistir-para-no-desparecer-y-permanecer-en-el-tiempo-y-el-espacio\/#breadcrumb","itemListElement":[{"@type":"ListItem","position":1,"name":"Portada","item":"https:\/\/www.cric-colombia.org\/portal\/"},{"@type":"ListItem","position":2,"name":"\u201cResistir para no desparecer y permanecer en el tiempo y el espacio\u201d"}]},{"@type":"WebSite","@id":"https:\/\/www.cric-colombia.org\/portal\/#website","url":"https:\/\/www.cric-colombia.org\/portal\/","name":"Consejo Regional Ind\u00edgena del Cauca - CRIC","description":"P\u00e1gina oficial del Consejo Regional Ind\u00edgena del Cauca, Colombia","publisher":{"@id":"https:\/\/www.cric-colombia.org\/portal\/#organization"},"potentialAction":[{"@type":"SearchAction","target":{"@type":"EntryPoint","urlTemplate":"https:\/\/www.cric-colombia.org\/portal\/?s={search_term_string}"},"query-input":"required name=search_term_string"}],"inLanguage":"es"},{"@type":"Organization","@id":"https:\/\/www.cric-colombia.org\/portal\/#organization","name":"Consejo Regional Ind\u00edgena del Cauca","url":"https:\/\/www.cric-colombia.org\/portal\/","logo":{"@type":"ImageObject","inLanguage":"es","@id":"https:\/\/www.cric-colombia.org\/portal\/#\/schema\/logo\/image\/","url":"https:\/\/www.cric-colombia.org\/portal\/wp-content\/uploads\/2015\/08\/logo_cric.jpg","contentUrl":"https:\/\/www.cric-colombia.org\/portal\/wp-content\/uploads\/2015\/08\/logo_cric.jpg","width":512,"height":512,"caption":"Consejo Regional Ind\u00edgena del Cauca"},"image":{"@id":"https:\/\/www.cric-colombia.org\/portal\/#\/schema\/logo\/image\/"},"sameAs":["https:\/\/www.facebook.com\/cric.colombia\/","https:\/\/twitter.com\/CRIC_Cauca"]},{"@type":"Person","@id":"https:\/\/www.cric-colombia.org\/portal\/#\/schema\/person\/ab3a3099267de33d55f74f34ba201931","name":"Comunicaciones CRIC","image":{"@type":"ImageObject","inLanguage":"es","@id":"https:\/\/www.cric-colombia.org\/portal\/#\/schema\/person\/image\/","url":"https:\/\/secure.gravatar.com\/avatar\/a8d1a6cfcb82a80d09dafefdcc3dcc8a?s=96&d=retro&r=g","contentUrl":"https:\/\/secure.gravatar.com\/avatar\/a8d1a6cfcb82a80d09dafefdcc3dcc8a?s=96&d=retro&r=g","caption":"Comunicaciones CRIC"},"url":"https:\/\/www.cric-colombia.org\/portal\/author\/comunicaciones\/"}]}},"jetpack_featured_media_url":"https:\/\/www.cric-colombia.org\/portal\/wp-content\/uploads\/2019\/03\/WhatsApp-Image-2019-03-11-at-18.48.08.jpeg","_links":{"self":[{"href":"https:\/\/www.cric-colombia.org\/portal\/wp-json\/wp\/v2\/posts\/24411"}],"collection":[{"href":"https:\/\/www.cric-colombia.org\/portal\/wp-json\/wp\/v2\/posts"}],"about":[{"href":"https:\/\/www.cric-colombia.org\/portal\/wp-json\/wp\/v2\/types\/post"}],"author":[{"embeddable":true,"href":"https:\/\/www.cric-colombia.org\/portal\/wp-json\/wp\/v2\/users\/6"}],"replies":[{"embeddable":true,"href":"https:\/\/www.cric-colombia.org\/portal\/wp-json\/wp\/v2\/comments?post=24411"}],"version-history":[{"count":3,"href":"https:\/\/www.cric-colombia.org\/portal\/wp-json\/wp\/v2\/posts\/24411\/revisions"}],"predecessor-version":[{"id":24417,"href":"https:\/\/www.cric-colombia.org\/portal\/wp-json\/wp\/v2\/posts\/24411\/revisions\/24417"}],"wp:featuredmedia":[{"embeddable":true,"href":"https:\/\/www.cric-colombia.org\/portal\/wp-json\/wp\/v2\/media\/24413"}],"wp:attachment":[{"href":"https:\/\/www.cric-colombia.org\/portal\/wp-json\/wp\/v2\/media?parent=24411"}],"wp:term":[{"taxonomy":"category","embeddable":true,"href":"https:\/\/www.cric-colombia.org\/portal\/wp-json\/wp\/v2\/categories?post=24411"},{"taxonomy":"post_tag","embeddable":true,"href":"https:\/\/www.cric-colombia.org\/portal\/wp-json\/wp\/v2\/tags?post=24411"}],"curies":[{"name":"wp","href":"https:\/\/api.w.org\/{rel}","templated":true}]}}