{"id":22716,"date":"2018-08-23T22:24:21","date_gmt":"2018-08-24T03:24:21","guid":{"rendered":"http:\/\/www.cric-colombia.org\/portal\/?p=22716"},"modified":"2018-08-23T22:24:21","modified_gmt":"2018-08-24T03:24:21","slug":"cric-aclara-versiones-que-circulan-en-los-medios-de-comunicacion-frente-a-los-hechos-presentados-en-siberia-caldono","status":"publish","type":"post","link":"https:\/\/www.cric-colombia.org\/portal\/cric-aclara-versiones-que-circulan-en-los-medios-de-comunicacion-frente-a-los-hechos-presentados-en-siberia-caldono\/","title":{"rendered":"CRIC: aclara versiones que circulan en los medios de comunicaci\u00f3n frente a los hechos presentados en Siberia, Caldono"},"content":{"rendered":"<p style=\"text-align: justify;\">Mediante rueda de prensa realizada el d\u00eda 22 de agostos del presente a\u00f1o, en las instalaciones principales del Consejo Regional Ind\u00edgena del Cauca \u2013CRIC. La Consejer\u00eda Mayor aclar\u00f3 a la <a href=\"https:\/\/www.cric-colombia.org\/portal\/sos-gobierno-nacional-a-traves-del-esmad-arremete-contra-la-casa-del-cabildo-del-resguardo-de-la-laguna-siberia\/\" target=\"_blank\" rel=\"noopener\">opini\u00f3n p\u00fablica en general,<\/a> las diferentes versiones que circulan en los medios de comunicaci\u00f3n frente a los hechos que se han presentado entre las comunidades del Resguardo Nasa de la <a href=\"https:\/\/www.cric-colombia.org\/portal\/junta-directiva-regional-de-autoridades-indigenas-del-cric-llaman-al-dialogo-entre-el-resguardo-la-laguna-siberia-y-la-comunidad-misak-del-cabildo-de-ovejas-siberia\/\" target=\"_blank\" rel=\"noopener\">Laguna Siberia y la comunidad Misak del Cabildo de Ovejas Siberia<\/a>. Municipio de Caldono, Cauca.<!--more--><\/p>\n<p style=\"text-align: justify;\">En esta rueda de prensa el consejero Roberto D\u00edaz, aclar\u00f3 ante los medios de comunicaci\u00f3n que el Consejo Regional Ind\u00edgena de Cauca-CRIC, esta en la b\u00fasqueda de concertaci\u00f3n mediante el dialogo para llegar a una salida concertada entre las dos comunidades que hacen parte del departamento del Cauca.<\/p>\n<p style=\"text-align: justify;\">Acto seguido, Giovany Yule coordinador pol\u00edtico, dio lectura del pronunciamiento oficial del CRIC, en har\u00e1s de dar claridades ante la sistem\u00e1tica agresi\u00f3n en los innumerables comunicados qu\u00e9 han salido a nombre del pueblo Misak, donde la organizaci\u00f3n del CRIC representados en los 20 pueblos dio a conocer su posici\u00f3n pol\u00edtica e hizo un llamado a fortalecer y consolidar la unidad y resistencia. Adem\u00e1s de desmentir las diferentes aseveraciones, calumnias y difamaciones qu\u00e9 han hecho contra la Autoridad Tradicional.<\/p>\n<p style=\"text-align: justify;\">Una vez terminada la lectura del pronunciamiento oficial, Giovany Yule procedi\u00f3 a responder las inquietudes de los diferentes medios convocados a esta rueda de prensa.<\/p>\n<p style=\"text-align: justify;\"><strong>Expl\u00edquenos \u00bfque es lo que pasa o cu\u00e1l es la situaci\u00f3n con los Misak? \u00bfPor un lado los Misak dicen que esas tierras les pertenecen, pero entonces cu\u00e1l es posici\u00f3n que tiene los Nasas? <\/strong><\/p>\n<p style=\"text-align: justify;\"><strong>R\/\u00a0<\/strong>S\u00ed, efectivamente hay una disputa puntualmente entre la comunidad Misak de Siberia del Cabildo de Ovejas y el resguardo ind\u00edgena La Laguna Siberia, municipio de Caldono. Esto, puesto que, en todos estos a\u00f1os de la historia, hubo una convivencia arm\u00f3nica y llegaron a acuerdos donde ellos acordaron leg\u00edtimamente constituir unas actas donde se plasm\u00f3 vivir conjuntamente en ese territorio.<\/p>\n<p style=\"text-align: justify;\">El conflicto se presenta, cuando por la v\u00eda jur\u00eddica, La Corte Suprema de Justicia da un veredicto y menciona seguir con el proceso de los estudios socio-econ\u00f3micos para en t\u00e9rminos del liderazgo del pueblo de Guambia establecer un resguardo l\u00f3gicamente dentro de la posibilidad de lo que es el \u00e1mbito territorial del resguardo de La Laguna Siberia. Esto provoc\u00f3 una reacci\u00f3n de la comunidad Nasa y estableci\u00f3 no estar de acuerdo a que se traslape un resguardo sobre el resguardo del pueblo Nasa de La Laguna Siberia y es all\u00ed donde empiezan las confrontaciones.<\/p>\n<p style=\"text-align: justify;\">Lo que hemos realizado como Consejo Regional Ind\u00edgena del Cauca, desde el primer momento que se present\u00f3 esta situaci\u00f3n es que hemos ido al sitio, hemos conocido el tema hist\u00f3ricamente, hemos conocido las pretensiones de las dos comunidades y hemos establecido una ruta que nos permita tanto a nosotros, con la comunidad Nasa y con la comunidad Misak establecer unas conversaciones.<\/p>\n<p style=\"text-align: justify;\">Efectivamente con esto hemos evitado que la confrontaci\u00f3n pase a mayores. Ha habido unas confrontaciones entre las dos comunidades, porque han sido de ambas partes que se han agredido. Pero con la conversaci\u00f3n que se estableci\u00f3 hemos logrado evitar m\u00e1s enfrentamientos. Y logramos convocar al gobierno Local, Departamental y Nacional para que se sentara a buscarle una salida a este problema, porque el problema lo causa precisamente la necesidad de la tierra de la comunidad Nasa y la comunidad Misak e incluso la necesidad de la tierra de la comunidad campesina que habita en esta regi\u00f3n.<\/p>\n<p style=\"text-align: justify;\">Eso significa que es el Gobierno Nacional quien debe plantear una oferta de tierras que solucione la problem\u00e1tica y la estreches de las comunidades para que de esta manera las familias que no tienen tierras tengan la posibilidad de tener las m\u00ednimas condiciones de vida digna.<\/p>\n<p style=\"text-align: justify;\"><strong>\u00bfEl pensamiento que usted est\u00e1 manifestando, si lo tienen las bases, porque las bases la vemos muy agresivas de lado y lado?<\/strong><\/p>\n<p style=\"text-align: justify;\"><strong>R\/<\/strong> Lo que nosotros hemos notado es que, cuando se conversa con la comunidad de La Laguna y la comunidad del cabildo Misak de Ovejas, siempre se ha tratado de llegar a un acuerdo. Pero por ejemplo el d\u00eda s\u00e1bado 18 de agosto, llegamos al acuerdo en que las familias de los predios particulares ingresaran a sus predios y estuvieran all\u00e1. Esto tras llegar a un acuerdo entre gobernador de La laguna y el gobernador del pueblo Misak. Pero cuando intervino el gobernador de Guambia se rompi\u00f3 el acuerdo, es decir que la comisi\u00f3n humanitaria que nosotros ten\u00edamos para ingresar a las familias, fracaso. Esto significa que mientras all\u00e1 un liderazgo de Guambia que este presionando, que este agitando y que est\u00e9 all\u00ed como tratando de que este conflicto siga, va a ser muy complicado que podamos solucionar este conflicto.<\/p>\n<p style=\"text-align: justify;\"><strong>\u00bfQu\u00e9 tanta injerencia tiene el CRIC sobre el pueblo Nasa? <\/strong><\/p>\n<p style=\"text-align: justify;\"><strong>R\/<\/strong> La injerencia que tiene el Consejo Regional Ind\u00edgena del Cauca-CRIC sobre el pueblo Nasa es como autoridad, como representaci\u00f3n de todos los pueblos que estamos unidos al CRIC. La injerencia qu\u00e9 ha planteado los principios pol\u00edticos de la plataforma de lucha, los 10 puntos de lucha y los 15 congresos qu\u00e9 hemos construido colectivamente como CRIC. Por lo tanto, la orientaci\u00f3n desde ac\u00e1, desde los mandatos, desde los congresos siempre ha sido que avancemos hacia nuestra reivindicaci\u00f3n como pueblos ind\u00edgenas, pero nunca ha sido la orientaci\u00f3n de que nos agredamos como hermanos.<\/p>\n<p style=\"text-align: justify;\"><strong>\u00bfLas zonas est\u00e1n prestando atenci\u00f3n a ustedes, a esta orden o no est\u00e1n acatando estas orientaciones? \u00a0<\/strong><\/p>\n<p style=\"text-align: justify;\"><strong>R\/<\/strong> Por supuesto, nosotros hemos venido en esas conversaciones y las orientaciones si se han acatado, porque si no lo hubieran acatado dichas orientaciones que se han dado desde el Consejo Regional Ind\u00edgena del Cauca-CRIC esto hubiera pasado a otras situaciones m\u00e1s lamentables. Gracias a esa orientaci\u00f3n pol\u00edtica, al acompa\u00f1amiento, a las conversaciones que hemos tenido se ha logrado bajarles a los \u00e1nimos de ambas comunidades y hemos podido evitar que se sigan dando las agresiones. Ahora estamos en una ruta de mirar c\u00f3mo ingresar a las familias al territorio y buscarle una soluci\u00f3n a este problema.<\/p>\n<p style=\"text-align: justify;\"><strong>Las comunidades Misak han dicho que han denunciado algunas acciones que han cometido lo Nasas en este territorio frente a la Fiscal\u00eda General de la Naci\u00f3n y que hay algunas comisiones de delito. \u00bfQu\u00e9 acciones van a tomar ustedes frente a estas acciones de demandas de los Misak?<\/strong><\/p>\n<p style=\"text-align: justify;\"><strong>\u00a0R\/<\/strong> All\u00ed hay unas demandas y unas judicializaciones contra los l\u00edderes y la autoridad, por supuesto nosotros vamos a agotar nuestros procedimientos legales normativos para plantear la defensa. Pero lo que hemos mencionado, es que es muy importante aqu\u00ed entrar a que esos procesos de investigaci\u00f3n, esos procesos que se presentan dentro del marco territorial ind\u00edgena lo asuman el ejercicio del derecho propio. Es decir, la jurisdicci\u00f3n de los pueblos ind\u00edgenas en la operativizaci\u00f3n de lo que es el art\u00edculo 246 de la constituci\u00f3n que nos corresponde a nosotros mismos desarrollar nuestros propios procesos de investigaci\u00f3n. Y mirar que quien cometa una irregularidad o desarmon\u00eda en la comunidad, es a nosotros que nos corresponde entrar a hacer la correcci\u00f3n necesaria al respecto.<\/p>\n<p style=\"text-align: justify;\"><strong>Por lo general el com\u00fan de los caucanos que no hacen parte las comunidades nativas, de pronto ven como una forma de exagerar con la autoridad, de exagerar con el tema que se tienen con las agresiones entre ustedes las comunidades ind\u00edgenas y no ven con buenos ojos esa determinaci\u00f3n de los Nasas de no permitir que los Misak se queden en ese territorio \u00bfQu\u00e9 piensan ustedes sobre ese pensamiento de algunos caucanos?<\/strong><\/p>\n<p style=\"text-align: justify;\"><strong>R\/<\/strong> Es un pensamiento que se ha ido dando, puesto que un sector del liderazgo del pueblo Misak siempre en los comunicados ha arremetido contra el Consejo Regional Ind\u00edgena del Cauca y nos colocan como si nosotros fu\u00e9ramos sus enemigos, lo cual es totalmente reprochable e irresponsable de parte de los que est\u00e1n liderando el pueblo Misak. Porque nunca ha sido nuestro pensar, nuestro pensamiento pol\u00edtico desde la plataforma del CRIC y all\u00ed hacemos un llamado a esos l\u00edderes a que no arremetan contra el Consejo Regional Ind\u00edgena del Cauca. M\u00e1s bien, que con toda la serenidad y la sabidur\u00eda como pueblos ind\u00edgenas nos sentemos a conversar y a buscar una soluci\u00f3n a este conflicto.<\/p>\n<p style=\"text-align: justify;\"><strong>\u00bfPorque no tienen a los Misak dentro de las Juntas Directivas del CRIC, s\u00ed este busca la cordialidad entre todas las comunidades ind\u00edgenas? <\/strong><\/p>\n<p style=\"text-align: justify;\"><strong>R\/<\/strong> Los Misak fueron lo que comenzaron el proceso del Consejo Regional del Cauca-CRIC. Los Misak han estado como consejeros mayores, han estado en las juntas directivas. Ellos han sido protagonistas en la construcci\u00f3n de esta gran estructura del CRIC. Lo que pasa, es que es un sector peque\u00f1o de Guambia que esta provocando este conflicto, l\u00f3gicamente agitado por algunos l\u00edderes que quieren ser protagonistas en esta eventualidad.<\/p>\n<p style=\"text-align: justify;\"><strong>Ustedes dicen que sea el gobierno el que debe empezar a solucionar este problema y si el gobierno determina que sean las comunidades Misak que deben permanecer en ese punto y se pueda constituir ese resguardo \u00bfustedes como CRIC acatar\u00edan esos fallos? <\/strong><\/p>\n<p style=\"text-align: justify;\">R\/ Lo que pasa es que precisamente esa decisi\u00f3n judicial fue la que provoco el conflicto y nosotros con mucha claridad hemos dicho que este no es un conflicto jur\u00eddico, que este es un conflicto social, cultural e incluso pol\u00edtico y sobre esa ruta pol\u00edtica es que nosotros debemos buscar una salida al conflicto.<\/p>\n<p style=\"text-align: justify;\"><strong>Pero ustedes dicen que sea el gobierno el que solucione, entonces \u00bfcual va a ser el acatamiento del CRIC?<\/strong><\/p>\n<p style=\"text-align: justify;\">R\/ El gobierno soluciona de una manera sencilla, si la comunidad Misak, si la comunidad nasa, si incluso el sector campesino ha puesto en la mesa una necesidad de tierras, el gobierno tiene que cumplir con los acuerdos. Tiene que plantear una oferta a esas necesidades de las tierras, porque si no esa confrontaci\u00f3n va a seguir en la medida en que, si el gobierno no cumple constitucionalmente su deber de entregar tierra a los ind\u00edgenas, a los campesinos, en este caso el conflicto va a seguir. Nosotros estamos diciendo, si \u00e9l gobierno cumple con su deber constitucional de entregar tierras a estas comunidades, pod\u00edamos decir que es una gran posibilidad que este conflicto se solucione.<\/p>\n<p style=\"text-align: justify;\"><strong>\u00bfLa guardia ind\u00edgena abusa de su poder?<\/strong><\/p>\n<p style=\"text-align: justify;\"><strong>R\/<\/strong> La guardia ind\u00edgena no ha abusado de su poder. Nosotros como Consejo Regional Ind\u00edgena del Cauca-CRIC, hemos planteado unos criterios y unos principios y la guardia ind\u00edgena esta es haciendo el ejercicio de reconciliaci\u00f3n y de control territorial. Pero nunca a abusado del poder. Hay algunas eventualidades donde algunas personas en el agite de esa confrontaci\u00f3n han cometido algunos errores, pero eso no se puede generalizar, no se puede estigmatizar, no se puede ir en contra de nuestro s\u00edmbolo de resistencia de los pueblos ind\u00edgenas del Cauca.<\/p>\n<p style=\"text-align: justify;\"><strong>Ustedes han dicho que hay estrechez en el territorio y que una de las comunidades debe ceder \u00bfqui\u00e9n cree usted qu\u00e9 debe ceder y abandonar esos terrenos?<\/strong><\/p>\n<p style=\"text-align: justify;\"><strong>R\/<\/strong> En un conflicto deben ceder las partes, para que en ese sentido se solucione el conflicto. Esperamos de alguna manera, que entre las partes pueda haber sabidur\u00eda y la sapiencia para nosotros salir de este conflicto y as\u00ed poder seguir en armon\u00eda con el resto de la comunidad. En este sentido pensamos que es muy importante establecer precisamente la palabra de conversaci\u00f3n, la cual ya hemos establecido y vamos en una ruta. Por eso para el d\u00eda 23 de agosto de 2018, nos vamos a encontrar en una comisi\u00f3n de verificaci\u00f3n conjuntamente. Vamos a ir al terreno, van a ingresar las familias de los predios particulares y estamos avanzando, pero en ese avance las comunidades esperan que el Gobierno Nacional tambi\u00e9n ponga de su parte pasa solucionar este conflicto.<\/p>\n<p style=\"text-align: justify;\"><strong>A la guardia ind\u00edgena se le ha pedido que no utilice gases lacrim\u00f3genos, ni monotop contra la comunidad Misak \u00bfustedes evidencian que est\u00e1n utilizando estos artefactos que son de uso exclusivo de fuera p\u00fablica? \u00a0<\/strong><\/p>\n<p style=\"text-align: justify;\"><strong>R\/<\/strong> Hasta ahora lo que hemos dicho es que se haga un proceso de investigaci\u00f3n, para mirar qu\u00e9 es lo que a ocurrido, porque han salido muchas versiones y l\u00f3gicamente tiene que correr un proceso de investigaci\u00f3n para ver que ocurri\u00f3 exactamente. Sobre ese proceso de investigaci\u00f3n nosotros ya entregaremos un informe, pero en el marco del derecho propio y que sea la misma jurisdicci\u00f3n de los pueblos ind\u00edgenas que logre esclarecer este asunto.<\/p>\n<p style=\"text-align: justify;\"><strong>\u00bfFinalmente cuantos heridos y que da\u00f1os hay por parte de los Misak hacia los Nasas?<\/strong><\/p>\n<p style=\"text-align: justify;\"><strong>R\/<\/strong> Nosotros curiosamente no sabemos c\u00f3mo lleg\u00f3 el Esmad, simplemente llegaron y nos dispararon con arma de fuego. Hubo m\u00e1s de 30 heridos y unos est\u00e1n gravemente en Cali. Eso significa que intervinieron los del Esmad, nos dispararon y eso agit\u00f3 mucho m\u00e1s el conflicto. Afortunadamente en la ruta de conversaci\u00f3n que tuvimos, le exigimos al Gobierno Nacional, Departamental y Local que sino retiraban al Esmad nosotros no pod\u00edamos seguir conversando. Esa fue una eventualidad que l\u00f3gicamente vamos a colocar nuestras denuncias respectivas. Porqu\u00e9 los del Esmad actuaron de una manera que agredieron e incluso casi hay muertes en esa confrontaci\u00f3n que hubo.<\/p>\n<p style=\"text-align: justify;\"><strong>\u00bfPero ustedes expulsaron al Esmad de all\u00e1?<\/strong><\/p>\n<p style=\"text-align: justify;\"><strong>R\/<\/strong> En realidad lo que sucedi\u00f3 es que mientras en la mesa est\u00e1bamos conversando, logramos de que all\u00ed se estableciera el acuerdo que los Esmad se retiraran, mientras nosotros lleg\u00e1bamos a un acuerdo pol\u00edtico entre las partes. Por supuesto, c\u00f3mo estaba en la eventualidad la confrontaci\u00f3n, la comunidad Nasa sali\u00f3 detr\u00e1s de los Esmad y eso hizo que ya baj\u00e1ramos la tensi\u00f3n y sigui\u00e9ramos las conversaciones y pudi\u00e9ramos reestablecer un poco el ejercicio de la no agresi\u00f3n de las dos comunidades.<\/p>\n<p style=\"text-align: justify;\"><strong>A parte de este fen\u00f3meno \u00bfustedes contin\u00faan denunciando agresiones a sus l\u00edderes de las diferentes zonas del Cauca? <\/strong><\/p>\n<p style=\"text-align: justify;\"><strong>R\/<\/strong> Por supuesto, nosotros estamos en un marco de un conflicto y pensamos que hay que buscarles una salida r\u00e1pida y concreta. R\u00e1pida porque aqu\u00ed nuestros contradictores o enemigos se pueden aprovechar y se est\u00e1n aprovechando. Pueden a agredirnos en un determinado momento y eso ser\u00eda darle alas los contradictores para que nos sigan debilitando.<\/p>\n<p style=\"text-align: center;\"><iframe loading=\"lazy\" src=\"https:\/\/www.youtube.com\/embed\/iSYs7RPCHGU\" width=\"560\" height=\"315\" frameborder=\"0\" allowfullscreen=\"allowfullscreen\"><\/iframe><br \/>\n<strong>Por: Programa de comunicaciones<\/strong><\/p>\n","protected":false},"excerpt":{"rendered":"<p>Mediante rueda de prensa realizada el d\u00eda 22 de agostos del presente a\u00f1o, en las instalaciones principales del Consejo Regional Ind\u00edgena del Cauca \u2013CRIC. La Consejer\u00eda Mayor aclar\u00f3 a la opini\u00f3n p\u00fablica en general, las diferentes versiones que circulan en los medios de comunicaci\u00f3n frente a los hechos que se han presentado entre las comunidades <\/p>\n","protected":false},"author":6,"featured_media":22703,"comment_status":"open","ping_status":"open","sticky":false,"template":"","format":"standard","meta":{"footnotes":""},"categories":[3],"tags":[89,88,87,388,195,578],"yoast_head":"<!-- This site is optimized with the Yoast SEO plugin v20.12 - https:\/\/yoast.com\/wordpress\/plugins\/seo\/ -->\n<title>CRIC: aclara versiones que circulan en los medios de comunicaci\u00f3n frente a los hechos presentados en Siberia, Caldono - Consejo Regional Ind\u00edgena del Cauca - CRIC<\/title>\n<meta name=\"description\" content=\"Mediante rueda de prensa realizada el d\u00eda 22 de agostos del presente a\u00f1o, en las instalaciones principales del Consejo Regional Ind\u00edgena del Cauca \u2013CRIC. La Consejer\u00eda Mayor aclar\u00f3 a la opini\u00f3n p\u00fablica en general, las diferentes versiones que circulan en los medios de comunicaci\u00f3n frente a los hechos que se han presentado entre las comunidades del Resguardo Nasa de la Laguna Siberia y la comunidad Misak del Cabildo de Ovejas Siberia. Municipio de Caldono, Cauca.\" \/>\n<meta name=\"robots\" content=\"index, follow, max-snippet:-1, max-image-preview:large, max-video-preview:-1\" \/>\n<link rel=\"canonical\" href=\"https:\/\/www.cric-colombia.org\/portal\/cric-aclara-versiones-que-circulan-en-los-medios-de-comunicacion-frente-a-los-hechos-presentados-en-siberia-caldono\/\" \/>\n<meta property=\"og:locale\" content=\"es_ES\" \/>\n<meta property=\"og:type\" content=\"article\" \/>\n<meta property=\"og:title\" content=\"CRIC: aclara versiones que circulan en los medios de comunicaci\u00f3n frente a los hechos presentados en Siberia, Caldono - Consejo Regional Ind\u00edgena del Cauca - CRIC\" \/>\n<meta property=\"og:description\" content=\"Mediante rueda de prensa realizada el d\u00eda 22 de agostos del presente a\u00f1o, en las instalaciones principales del Consejo Regional Ind\u00edgena del Cauca \u2013CRIC. La Consejer\u00eda Mayor aclar\u00f3 a la opini\u00f3n p\u00fablica en general, las diferentes versiones que circulan en los medios de comunicaci\u00f3n frente a los hechos que se han presentado entre las comunidades del Resguardo Nasa de la Laguna Siberia y la comunidad Misak del Cabildo de Ovejas Siberia. Municipio de Caldono, Cauca.\" \/>\n<meta property=\"og:url\" content=\"https:\/\/www.cric-colombia.org\/portal\/cric-aclara-versiones-que-circulan-en-los-medios-de-comunicacion-frente-a-los-hechos-presentados-en-siberia-caldono\/\" \/>\n<meta property=\"og:site_name\" content=\"Consejo Regional Ind\u00edgena del Cauca - CRIC\" \/>\n<meta property=\"article:publisher\" content=\"https:\/\/www.facebook.com\/cric.colombia\/\" \/>\n<meta property=\"article:published_time\" content=\"2018-08-24T03:24:21+00:00\" \/>\n<meta property=\"og:image\" content=\"https:\/\/www.cric-colombia.org\/portal\/wp-content\/uploads\/2018\/08\/maxresdefault-3.jpg\" \/>\n\t<meta property=\"og:image:width\" content=\"1280\" \/>\n\t<meta property=\"og:image:height\" content=\"720\" \/>\n\t<meta property=\"og:image:type\" content=\"image\/jpeg\" \/>\n<meta name=\"author\" content=\"Comunicaciones CRIC\" \/>\n<meta name=\"twitter:card\" content=\"summary_large_image\" \/>\n<meta name=\"twitter:creator\" content=\"@CRIC_Cauca\" \/>\n<meta name=\"twitter:site\" content=\"@CRIC_Cauca\" \/>\n<meta name=\"twitter:label1\" content=\"Escrito por\" \/>\n\t<meta name=\"twitter:data1\" content=\"Comunicaciones CRIC\" \/>\n\t<meta name=\"twitter:label2\" content=\"Tiempo de lectura\" \/>\n\t<meta name=\"twitter:data2\" content=\"12 minutos\" \/>\n<script type=\"application\/ld+json\" class=\"yoast-schema-graph\">{\"@context\":\"https:\/\/schema.org\",\"@graph\":[{\"@type\":\"Article\",\"@id\":\"https:\/\/www.cric-colombia.org\/portal\/cric-aclara-versiones-que-circulan-en-los-medios-de-comunicacion-frente-a-los-hechos-presentados-en-siberia-caldono\/#article\",\"isPartOf\":{\"@id\":\"https:\/\/www.cric-colombia.org\/portal\/cric-aclara-versiones-que-circulan-en-los-medios-de-comunicacion-frente-a-los-hechos-presentados-en-siberia-caldono\/\"},\"author\":{\"name\":\"Comunicaciones CRIC\",\"@id\":\"https:\/\/www.cric-colombia.org\/portal\/#\/schema\/person\/ab3a3099267de33d55f74f34ba201931\"},\"headline\":\"CRIC: aclara versiones que circulan en los medios de comunicaci\u00f3n frente a los hechos presentados en Siberia, Caldono\",\"datePublished\":\"2018-08-24T03:24:21+00:00\",\"dateModified\":\"2018-08-24T03:24:21+00:00\",\"mainEntityOfPage\":{\"@id\":\"https:\/\/www.cric-colombia.org\/portal\/cric-aclara-versiones-que-circulan-en-los-medios-de-comunicacion-frente-a-los-hechos-presentados-en-siberia-caldono\/\"},\"wordCount\":2485,\"commentCount\":0,\"publisher\":{\"@id\":\"https:\/\/www.cric-colombia.org\/portal\/#organization\"},\"keywords\":[\"cauca\",\"cric\",\"indigenas\",\"Misak\",\"nasa\",\"RuedaDePrensa\"],\"articleSection\":[\"Actualidad Ind\u00edgena del Cauca\"],\"inLanguage\":\"es\",\"potentialAction\":[{\"@type\":\"CommentAction\",\"name\":\"Comment\",\"target\":[\"https:\/\/www.cric-colombia.org\/portal\/cric-aclara-versiones-que-circulan-en-los-medios-de-comunicacion-frente-a-los-hechos-presentados-en-siberia-caldono\/#respond\"]}]},{\"@type\":\"WebPage\",\"@id\":\"https:\/\/www.cric-colombia.org\/portal\/cric-aclara-versiones-que-circulan-en-los-medios-de-comunicacion-frente-a-los-hechos-presentados-en-siberia-caldono\/\",\"url\":\"https:\/\/www.cric-colombia.org\/portal\/cric-aclara-versiones-que-circulan-en-los-medios-de-comunicacion-frente-a-los-hechos-presentados-en-siberia-caldono\/\",\"name\":\"CRIC: aclara versiones que circulan en los medios de comunicaci\u00f3n frente a los hechos presentados en Siberia, Caldono - Consejo Regional Ind\u00edgena del Cauca - CRIC\",\"isPartOf\":{\"@id\":\"https:\/\/www.cric-colombia.org\/portal\/#website\"},\"datePublished\":\"2018-08-24T03:24:21+00:00\",\"dateModified\":\"2018-08-24T03:24:21+00:00\",\"description\":\"Mediante rueda de prensa realizada el d\u00eda 22 de agostos del presente a\u00f1o, en las instalaciones principales del Consejo Regional Ind\u00edgena del Cauca \u2013CRIC. La Consejer\u00eda Mayor aclar\u00f3 a la opini\u00f3n p\u00fablica en general, las diferentes versiones que circulan en los medios de comunicaci\u00f3n frente a los hechos que se han presentado entre las comunidades del Resguardo Nasa de la Laguna Siberia y la comunidad Misak del Cabildo de Ovejas Siberia. Municipio de Caldono, Cauca.\",\"breadcrumb\":{\"@id\":\"https:\/\/www.cric-colombia.org\/portal\/cric-aclara-versiones-que-circulan-en-los-medios-de-comunicacion-frente-a-los-hechos-presentados-en-siberia-caldono\/#breadcrumb\"},\"inLanguage\":\"es\",\"potentialAction\":[{\"@type\":\"ReadAction\",\"target\":[\"https:\/\/www.cric-colombia.org\/portal\/cric-aclara-versiones-que-circulan-en-los-medios-de-comunicacion-frente-a-los-hechos-presentados-en-siberia-caldono\/\"]}]},{\"@type\":\"BreadcrumbList\",\"@id\":\"https:\/\/www.cric-colombia.org\/portal\/cric-aclara-versiones-que-circulan-en-los-medios-de-comunicacion-frente-a-los-hechos-presentados-en-siberia-caldono\/#breadcrumb\",\"itemListElement\":[{\"@type\":\"ListItem\",\"position\":1,\"name\":\"Portada\",\"item\":\"https:\/\/www.cric-colombia.org\/portal\/\"},{\"@type\":\"ListItem\",\"position\":2,\"name\":\"CRIC: aclara versiones que circulan en los medios de comunicaci\u00f3n frente a los hechos presentados en Siberia, Caldono\"}]},{\"@type\":\"WebSite\",\"@id\":\"https:\/\/www.cric-colombia.org\/portal\/#website\",\"url\":\"https:\/\/www.cric-colombia.org\/portal\/\",\"name\":\"Consejo Regional Ind\u00edgena del Cauca - CRIC\",\"description\":\"P\u00e1gina oficial del Consejo Regional Ind\u00edgena del Cauca, Colombia\",\"publisher\":{\"@id\":\"https:\/\/www.cric-colombia.org\/portal\/#organization\"},\"potentialAction\":[{\"@type\":\"SearchAction\",\"target\":{\"@type\":\"EntryPoint\",\"urlTemplate\":\"https:\/\/www.cric-colombia.org\/portal\/?s={search_term_string}\"},\"query-input\":\"required name=search_term_string\"}],\"inLanguage\":\"es\"},{\"@type\":\"Organization\",\"@id\":\"https:\/\/www.cric-colombia.org\/portal\/#organization\",\"name\":\"Consejo Regional Ind\u00edgena del Cauca\",\"url\":\"https:\/\/www.cric-colombia.org\/portal\/\",\"logo\":{\"@type\":\"ImageObject\",\"inLanguage\":\"es\",\"@id\":\"https:\/\/www.cric-colombia.org\/portal\/#\/schema\/logo\/image\/\",\"url\":\"https:\/\/www.cric-colombia.org\/portal\/wp-content\/uploads\/2015\/08\/logo_cric.jpg\",\"contentUrl\":\"https:\/\/www.cric-colombia.org\/portal\/wp-content\/uploads\/2015\/08\/logo_cric.jpg\",\"width\":512,\"height\":512,\"caption\":\"Consejo Regional Ind\u00edgena del Cauca\"},\"image\":{\"@id\":\"https:\/\/www.cric-colombia.org\/portal\/#\/schema\/logo\/image\/\"},\"sameAs\":[\"https:\/\/www.facebook.com\/cric.colombia\/\",\"https:\/\/twitter.com\/CRIC_Cauca\"]},{\"@type\":\"Person\",\"@id\":\"https:\/\/www.cric-colombia.org\/portal\/#\/schema\/person\/ab3a3099267de33d55f74f34ba201931\",\"name\":\"Comunicaciones CRIC\",\"image\":{\"@type\":\"ImageObject\",\"inLanguage\":\"es\",\"@id\":\"https:\/\/www.cric-colombia.org\/portal\/#\/schema\/person\/image\/\",\"url\":\"https:\/\/secure.gravatar.com\/avatar\/a8d1a6cfcb82a80d09dafefdcc3dcc8a?s=96&d=retro&r=g\",\"contentUrl\":\"https:\/\/secure.gravatar.com\/avatar\/a8d1a6cfcb82a80d09dafefdcc3dcc8a?s=96&d=retro&r=g\",\"caption\":\"Comunicaciones CRIC\"},\"url\":\"https:\/\/www.cric-colombia.org\/portal\/author\/comunicaciones\/\"}]}<\/script>\n<!-- \/ Yoast SEO plugin. -->","yoast_head_json":{"title":"CRIC: aclara versiones que circulan en los medios de comunicaci\u00f3n frente a los hechos presentados en Siberia, Caldono - Consejo Regional Ind\u00edgena del Cauca - CRIC","description":"Mediante rueda de prensa realizada el d\u00eda 22 de agostos del presente a\u00f1o, en las instalaciones principales del Consejo Regional Ind\u00edgena del Cauca \u2013CRIC. La Consejer\u00eda Mayor aclar\u00f3 a la opini\u00f3n p\u00fablica en general, las diferentes versiones que circulan en los medios de comunicaci\u00f3n frente a los hechos que se han presentado entre las comunidades del Resguardo Nasa de la Laguna Siberia y la comunidad Misak del Cabildo de Ovejas Siberia. Municipio de Caldono, Cauca.","robots":{"index":"index","follow":"follow","max-snippet":"max-snippet:-1","max-image-preview":"max-image-preview:large","max-video-preview":"max-video-preview:-1"},"canonical":"https:\/\/www.cric-colombia.org\/portal\/cric-aclara-versiones-que-circulan-en-los-medios-de-comunicacion-frente-a-los-hechos-presentados-en-siberia-caldono\/","og_locale":"es_ES","og_type":"article","og_title":"CRIC: aclara versiones que circulan en los medios de comunicaci\u00f3n frente a los hechos presentados en Siberia, Caldono - Consejo Regional Ind\u00edgena del Cauca - CRIC","og_description":"Mediante rueda de prensa realizada el d\u00eda 22 de agostos del presente a\u00f1o, en las instalaciones principales del Consejo Regional Ind\u00edgena del Cauca \u2013CRIC. La Consejer\u00eda Mayor aclar\u00f3 a la opini\u00f3n p\u00fablica en general, las diferentes versiones que circulan en los medios de comunicaci\u00f3n frente a los hechos que se han presentado entre las comunidades del Resguardo Nasa de la Laguna Siberia y la comunidad Misak del Cabildo de Ovejas Siberia. Municipio de Caldono, Cauca.","og_url":"https:\/\/www.cric-colombia.org\/portal\/cric-aclara-versiones-que-circulan-en-los-medios-de-comunicacion-frente-a-los-hechos-presentados-en-siberia-caldono\/","og_site_name":"Consejo Regional Ind\u00edgena del Cauca - CRIC","article_publisher":"https:\/\/www.facebook.com\/cric.colombia\/","article_published_time":"2018-08-24T03:24:21+00:00","og_image":[{"width":1280,"height":720,"url":"https:\/\/www.cric-colombia.org\/portal\/wp-content\/uploads\/2018\/08\/maxresdefault-3.jpg","type":"image\/jpeg"}],"author":"Comunicaciones CRIC","twitter_card":"summary_large_image","twitter_creator":"@CRIC_Cauca","twitter_site":"@CRIC_Cauca","twitter_misc":{"Escrito por":"Comunicaciones CRIC","Tiempo de lectura":"12 minutos"},"schema":{"@context":"https:\/\/schema.org","@graph":[{"@type":"Article","@id":"https:\/\/www.cric-colombia.org\/portal\/cric-aclara-versiones-que-circulan-en-los-medios-de-comunicacion-frente-a-los-hechos-presentados-en-siberia-caldono\/#article","isPartOf":{"@id":"https:\/\/www.cric-colombia.org\/portal\/cric-aclara-versiones-que-circulan-en-los-medios-de-comunicacion-frente-a-los-hechos-presentados-en-siberia-caldono\/"},"author":{"name":"Comunicaciones CRIC","@id":"https:\/\/www.cric-colombia.org\/portal\/#\/schema\/person\/ab3a3099267de33d55f74f34ba201931"},"headline":"CRIC: aclara versiones que circulan en los medios de comunicaci\u00f3n frente a los hechos presentados en Siberia, Caldono","datePublished":"2018-08-24T03:24:21+00:00","dateModified":"2018-08-24T03:24:21+00:00","mainEntityOfPage":{"@id":"https:\/\/www.cric-colombia.org\/portal\/cric-aclara-versiones-que-circulan-en-los-medios-de-comunicacion-frente-a-los-hechos-presentados-en-siberia-caldono\/"},"wordCount":2485,"commentCount":0,"publisher":{"@id":"https:\/\/www.cric-colombia.org\/portal\/#organization"},"keywords":["cauca","cric","indigenas","Misak","nasa","RuedaDePrensa"],"articleSection":["Actualidad Ind\u00edgena del Cauca"],"inLanguage":"es","potentialAction":[{"@type":"CommentAction","name":"Comment","target":["https:\/\/www.cric-colombia.org\/portal\/cric-aclara-versiones-que-circulan-en-los-medios-de-comunicacion-frente-a-los-hechos-presentados-en-siberia-caldono\/#respond"]}]},{"@type":"WebPage","@id":"https:\/\/www.cric-colombia.org\/portal\/cric-aclara-versiones-que-circulan-en-los-medios-de-comunicacion-frente-a-los-hechos-presentados-en-siberia-caldono\/","url":"https:\/\/www.cric-colombia.org\/portal\/cric-aclara-versiones-que-circulan-en-los-medios-de-comunicacion-frente-a-los-hechos-presentados-en-siberia-caldono\/","name":"CRIC: aclara versiones que circulan en los medios de comunicaci\u00f3n frente a los hechos presentados en Siberia, Caldono - Consejo Regional Ind\u00edgena del Cauca - CRIC","isPartOf":{"@id":"https:\/\/www.cric-colombia.org\/portal\/#website"},"datePublished":"2018-08-24T03:24:21+00:00","dateModified":"2018-08-24T03:24:21+00:00","description":"Mediante rueda de prensa realizada el d\u00eda 22 de agostos del presente a\u00f1o, en las instalaciones principales del Consejo Regional Ind\u00edgena del Cauca \u2013CRIC. La Consejer\u00eda Mayor aclar\u00f3 a la opini\u00f3n p\u00fablica en general, las diferentes versiones que circulan en los medios de comunicaci\u00f3n frente a los hechos que se han presentado entre las comunidades del Resguardo Nasa de la Laguna Siberia y la comunidad Misak del Cabildo de Ovejas Siberia. Municipio de Caldono, Cauca.","breadcrumb":{"@id":"https:\/\/www.cric-colombia.org\/portal\/cric-aclara-versiones-que-circulan-en-los-medios-de-comunicacion-frente-a-los-hechos-presentados-en-siberia-caldono\/#breadcrumb"},"inLanguage":"es","potentialAction":[{"@type":"ReadAction","target":["https:\/\/www.cric-colombia.org\/portal\/cric-aclara-versiones-que-circulan-en-los-medios-de-comunicacion-frente-a-los-hechos-presentados-en-siberia-caldono\/"]}]},{"@type":"BreadcrumbList","@id":"https:\/\/www.cric-colombia.org\/portal\/cric-aclara-versiones-que-circulan-en-los-medios-de-comunicacion-frente-a-los-hechos-presentados-en-siberia-caldono\/#breadcrumb","itemListElement":[{"@type":"ListItem","position":1,"name":"Portada","item":"https:\/\/www.cric-colombia.org\/portal\/"},{"@type":"ListItem","position":2,"name":"CRIC: aclara versiones que circulan en los medios de comunicaci\u00f3n frente a los hechos presentados en Siberia, Caldono"}]},{"@type":"WebSite","@id":"https:\/\/www.cric-colombia.org\/portal\/#website","url":"https:\/\/www.cric-colombia.org\/portal\/","name":"Consejo Regional Ind\u00edgena del Cauca - CRIC","description":"P\u00e1gina oficial del Consejo Regional Ind\u00edgena del Cauca, Colombia","publisher":{"@id":"https:\/\/www.cric-colombia.org\/portal\/#organization"},"potentialAction":[{"@type":"SearchAction","target":{"@type":"EntryPoint","urlTemplate":"https:\/\/www.cric-colombia.org\/portal\/?s={search_term_string}"},"query-input":"required name=search_term_string"}],"inLanguage":"es"},{"@type":"Organization","@id":"https:\/\/www.cric-colombia.org\/portal\/#organization","name":"Consejo Regional Ind\u00edgena del Cauca","url":"https:\/\/www.cric-colombia.org\/portal\/","logo":{"@type":"ImageObject","inLanguage":"es","@id":"https:\/\/www.cric-colombia.org\/portal\/#\/schema\/logo\/image\/","url":"https:\/\/www.cric-colombia.org\/portal\/wp-content\/uploads\/2015\/08\/logo_cric.jpg","contentUrl":"https:\/\/www.cric-colombia.org\/portal\/wp-content\/uploads\/2015\/08\/logo_cric.jpg","width":512,"height":512,"caption":"Consejo Regional Ind\u00edgena del Cauca"},"image":{"@id":"https:\/\/www.cric-colombia.org\/portal\/#\/schema\/logo\/image\/"},"sameAs":["https:\/\/www.facebook.com\/cric.colombia\/","https:\/\/twitter.com\/CRIC_Cauca"]},{"@type":"Person","@id":"https:\/\/www.cric-colombia.org\/portal\/#\/schema\/person\/ab3a3099267de33d55f74f34ba201931","name":"Comunicaciones CRIC","image":{"@type":"ImageObject","inLanguage":"es","@id":"https:\/\/www.cric-colombia.org\/portal\/#\/schema\/person\/image\/","url":"https:\/\/secure.gravatar.com\/avatar\/a8d1a6cfcb82a80d09dafefdcc3dcc8a?s=96&d=retro&r=g","contentUrl":"https:\/\/secure.gravatar.com\/avatar\/a8d1a6cfcb82a80d09dafefdcc3dcc8a?s=96&d=retro&r=g","caption":"Comunicaciones CRIC"},"url":"https:\/\/www.cric-colombia.org\/portal\/author\/comunicaciones\/"}]}},"jetpack_featured_media_url":"https:\/\/www.cric-colombia.org\/portal\/wp-content\/uploads\/2018\/08\/maxresdefault-3.jpg","_links":{"self":[{"href":"https:\/\/www.cric-colombia.org\/portal\/wp-json\/wp\/v2\/posts\/22716"}],"collection":[{"href":"https:\/\/www.cric-colombia.org\/portal\/wp-json\/wp\/v2\/posts"}],"about":[{"href":"https:\/\/www.cric-colombia.org\/portal\/wp-json\/wp\/v2\/types\/post"}],"author":[{"embeddable":true,"href":"https:\/\/www.cric-colombia.org\/portal\/wp-json\/wp\/v2\/users\/6"}],"replies":[{"embeddable":true,"href":"https:\/\/www.cric-colombia.org\/portal\/wp-json\/wp\/v2\/comments?post=22716"}],"version-history":[{"count":5,"href":"https:\/\/www.cric-colombia.org\/portal\/wp-json\/wp\/v2\/posts\/22716\/revisions"}],"predecessor-version":[{"id":22745,"href":"https:\/\/www.cric-colombia.org\/portal\/wp-json\/wp\/v2\/posts\/22716\/revisions\/22745"}],"wp:featuredmedia":[{"embeddable":true,"href":"https:\/\/www.cric-colombia.org\/portal\/wp-json\/wp\/v2\/media\/22703"}],"wp:attachment":[{"href":"https:\/\/www.cric-colombia.org\/portal\/wp-json\/wp\/v2\/media?parent=22716"}],"wp:term":[{"taxonomy":"category","embeddable":true,"href":"https:\/\/www.cric-colombia.org\/portal\/wp-json\/wp\/v2\/categories?post=22716"},{"taxonomy":"post_tag","embeddable":true,"href":"https:\/\/www.cric-colombia.org\/portal\/wp-json\/wp\/v2\/tags?post=22716"}],"curies":[{"name":"wp","href":"https:\/\/api.w.org\/{rel}","templated":true}]}}