{"id":20490,"date":"2018-03-16T10:41:28","date_gmt":"2018-03-16T15:41:28","guid":{"rendered":"http:\/\/www.cric-colombia.org\/portal\/?p=20490"},"modified":"2018-03-16T10:41:28","modified_gmt":"2018-03-16T15:41:28","slug":"sabiduria-fuerza-caminar-unidos-la-libertad-territorios","status":"publish","type":"post","link":"https:\/\/www.cric-colombia.org\/portal\/sabiduria-fuerza-caminar-unidos-la-libertad-territorios\/","title":{"rendered":"Sabidur\u00eda y Fuerza para Caminar Unidos por la Libertad de Nuestros Territorios"},"content":{"rendered":"<p style=\"font-weight: 400; text-align: justify;\">Es triste ver como actualmente las din\u00e1micas de la guerra y los intereses privados de unos pocos han afectado la armon\u00eda en los territorios ind\u00edgenas; la violencia en la zona Norte del Cauca no es casualidad, es algo que est\u00e1 muy bien dise\u00f1ado por quienes quieren dividir e invadir los procesos ind\u00edgenas y sus territorios, y para ello se hace uso de las m\u00e1s sucias estrategias, desde incidir en la transformaci\u00f3n del pensamiento Nasa, con el uso de los medios masivos de comunicaci\u00f3n, hasta seguir \u00a0promoviendo la vinculaci\u00f3n de los j\u00f3venes a los grupos armados y de esta forma garantizar y proteger sus intereses de saqueo, invasi\u00f3n y destrucci\u00f3n de una cultura que es el \u00fanico obst\u00e1culo que tienen en el momento.<\/p>\n<p style=\"font-weight: 400; text-align: justify;\">El conflicto armado en el norte del cauca ha sido hist\u00f3rico, ahora en el llamado \u201cPos conflicto\u201d no vemos tranquilidad alguna en el territorio, por el contrario, se agudizan cada vez m\u00e1s las amenazas en contra de l\u00edderes y comunidades ind\u00edgenas, con situaciones lamentables como la ocurrida el pasado 5 de marzo en el Resguardo ind\u00edgena de Pioy\u00e1-<em>SathTama Kiwe<\/em>\u00a0Caldono, donde el\u00a0<em>KiweThegna<\/em>\u00a0(Guardi\u00e1n del territorio) y comunicador\u00a0Eider Arley Campo Hurtadofue asesinado, de igual manera el atentado al Ex Gobernador de Huellas Caloto Nelson Pacue, \u00a0las amenazas a la autoridad ind\u00edgena de T\u00f3ez con panfletos y constantes amenazas en todo el territorio.<\/p>\n<p style=\"text-align: justify;\">Hay sentimientos de rabia y tristeza al ver el exterminio que quieren hacer con nosotros los Nasas, estas situaciones nos llenan de dolor, como tener que decirle adi\u00f3s a un hermano comunero, comunicador Nasa, a quien en cuesti\u00f3n de segundos\u00a0le arrebatan la vida, y terminan con los sue\u00f1os de una persona, una familia, una comunidad. \u00a0M\u00e1s triste aun, sus verdugos tambi\u00e9n son Nasas que se dejaron involucrar en las din\u00e1micas de guerra y muerte por unos pesos, por \u201cpoder\u201d, desviando su camino y desarmonizando el territorio.<\/p>\n<p style=\"font-weight: 400; text-align: justify;\">Sin embargo, la dignidad, el dolor, el amor por la tierra y la uni\u00f3n entre nosotros se mantiene, fue as\u00ed que en Pioy\u00e1, con la fuga del retenido con ayuda de sus c\u00f3mplices, de inmediato gente de diferentes territorios como Jambal\u00f3, Ambal\u00f3, Munchique, Canoas y otros se unieron y caminaron desde sus lugares para llegar a brindar ayuda. Alrededor de 6000 comuneros y comuneras, mayores, mayoras,\u00a0<em>Kiwe thegnas<\/em>, lograron capturar a las personas que hab\u00edan causado la desarmon\u00eda en el territorio.<\/p>\n<p style=\"font-weight: 400; text-align: justify;\">La voz de Eider la quisieron callar, pero su semillay sus palabras en este proceso seguir\u00e1n vivas porque la sangre derramada para los Nasa es abono, para un futuro que con dolor y sangre\u00a0 se fortalece para perdurar por siempre.<\/p>\n<p style=\"font-weight: 400; text-align: justify;\">Por eso, nuestra malicia ind\u00edgena debe estar a flor de piel, atentos a quienes est\u00e1n transitando en nuestras tierras y con qu\u00e9 intenciones, porque aun llorando la muerte de un compa\u00f1ero nos siguen atacando; el atentado a nuestro compa\u00f1ero de lucha Nelson Pacue el pasado 9 de marzo en su casa, la comunidad\u00a0 se une de inmediato para\u00a0 ayudar y evitar que sigan vulnerando\u00a0 y atentando en contra de los nuestros.<\/p>\n<p style=\"font-weight: 400; text-align: justify;\">Por esa raz\u00f3n, en los diferentes territorios\u00a0 del Norte del Cauca se trabaja el plan \u00a0Minga en resistencia. Esta estrategia nacida en Vitonc\u00f3, fue creada por las comunidades ind\u00edgenas para resguardarse y proteger el territorio y actuar frente a los grupos armados cuando desequilibran la armon\u00eda del territorio, es as\u00ed que\u00a0comuneros,\u00a0<em>Kiwe thegnas<\/em>, mayoras mayores, aportan cada uno desde el coraz\u00f3n, para seguir unidos, luchar en tiempos de tensas situaciones de violencia y desarmonizaci\u00f3n, como la padecida en Corinto y en otros lugares.<\/p>\n<p style=\"font-weight: 400; text-align: justify;\">En lugar de bajar nuestro esp\u00edritu, nos unimos y ahora tenemos m\u00e1s fuerza para continuar luchando, por nuestra autonom\u00eda, la paz, la libertad como pueblo Nasa, y como humanos sin distinci\u00f3n para seguir siendo un pueblo digno que no se arrodilla ni se deja vencer ante las amenazas y ataques.<\/p>\n<p style=\"font-weight: 400; text-align: justify;\">El coordinador del Tejido de Defensa de la Vida de la\u00a0<em>Cxhab Wala Kiwe<\/em>, nos hace una contextualizaci\u00f3n de los recientes hechos en el Norte del Cauca.<\/p>\n<p style=\"text-align: center;\"><iframe loading=\"lazy\" style=\"border: 0px;\" src=\"https:\/\/radioteca.net\/media\/cyclope\/mediaelement\/media_player_embed.html?media_url=\/media\/uploads\/audios\/2018\/03\/edwin_capaz_contexto.mp3&amp;file_type=mp3&amp;radioteca_url=https:\/\/radioteca.net\/audio\/desarmonia-en-el-norte-del-cauca\/\" width=\"100%\" height=\"50px\"><\/iframe><\/p>\n<p style=\"font-weight: 400; text-align: justify;\">Mucho que pensar y reflexionar en nuestras comunidades, para que situaciones como estas no se sigan presentando, trabajar desde las semillas, con los j\u00f3venes y acompa\u00f1ados de los mayores para que sigan vigentes todas las ense\u00f1anzas que han permitido que la cultura Nasa perviva.Para poder hacerlo debemos ser coherentes con los pensamientos propios, los que la cultura nos ha dejado.<\/p>\n<p style=\"font-weight: 400; text-align: justify;\">Sabemos que los contextos y las realidades han cambiado y que cada vez m\u00e1s nos quieren acabar con las imposiciones desde el pensamiento, haci\u00e9ndonos creer que necesitamos comodidad, el dinero, las apariencias y por eso muchos j\u00f3venes se han visto presionados a desviar su camino, sin embargo, a\u00fan hay j\u00f3venes queriendo fortalecer y cuidar los territorios, siendo\u00a0<em>Kiwe Thegnas<\/em>,se siguen regando semillas con los cabildos estudiantiles, las nuevas generaciones que se sienten orgullosos de ser parte de este proceso de resistencia.<\/p>\n<p style=\"font-weight: 400; text-align: justify;\">Escuchemos al Mayor Juaqu\u00edn Viluche, \u00e9l nos habla de c\u00f3mo seguir fortaleciendo nuestro pueblo, en donde es fundamental seguir de la mano de las ense\u00f1anzas espirituales, que nos han permitido pervivir en\u00a0tiempo y en espacio.<\/p>\n<p style=\"text-align: center;\"><iframe loading=\"lazy\" style=\"border: 0px;\" src=\"https:\/\/radioteca.net\/media\/cyclope\/mediaelement\/media_player_embed.html?media_url=\/media\/uploads\/audios\/2018\/03\/juoquin-viluche.mp3&amp;file_type=mp3&amp;radioteca_url=https:\/\/radioteca.net\/audio\/el-camino-espiritual-a-fortalecer-como-nasa\/\" width=\"325px\" height=\"50px\"><\/iframe><\/p>\n<p><img decoding=\"async\" class=\"aligncenter\" src=\"https:\/\/4.bp.blogspot.com\/-U_MaMq14p4o\/WqvVP2oIlsI\/AAAAAAAAFb8\/4TF8EKhIraERNLF4dZDZ0lszdxux_qavACEwYBhgL\/s200\/logo-Tejido-de-Comunicaci%25C3%25B3n-2-min-660x365.png\" \/><\/p>\n<p>Tomado de:\u00a0<a href=\"http:\/\/radiopayumat.blogspot.com.co\/2018\/03\/sabiduria-y-fuerza-para-caminar-unidos.html\">radiopayumat<\/a><\/p>\n","protected":false},"excerpt":{"rendered":"<p>Es triste ver como actualmente las din\u00e1micas de la guerra y los intereses privados de unos pocos han afectado la armon\u00eda en los territorios ind\u00edgenas; la violencia en la zona Norte del Cauca no es casualidad, es algo que est\u00e1 muy bien dise\u00f1ado por quienes quieren dividir e invadir los procesos ind\u00edgenas y sus territorios, <\/p>\n","protected":false},"author":6,"featured_media":20493,"comment_status":"open","ping_status":"open","sticky":false,"template":"","format":"standard","meta":{"footnotes":""},"categories":[3],"tags":[453,547,333],"yoast_head":"<!-- This site is optimized with the Yoast SEO plugin v20.12 - https:\/\/yoast.com\/wordpress\/plugins\/seo\/ -->\n<title>Sabidur\u00eda y Fuerza para Caminar Unidos por la Libertad de Nuestros Territorios - Consejo Regional Ind\u00edgena del Cauca - CRIC<\/title>\n<meta name=\"description\" content=\"Es triste ver como actualmente las din\u00e1micas de la guerra y los intereses privados de unos pocos han afectado la armon\u00eda en los territorios ind\u00edgenas; la violencia en la zona Norte del Cauca no es casualidad, es algo que est\u00e1 muy bien dise\u00f1ado por quienes quieren dividir e invadir los procesos ind\u00edgenas.\" \/>\n<meta name=\"robots\" content=\"index, follow, max-snippet:-1, max-image-preview:large, max-video-preview:-1\" \/>\n<link rel=\"canonical\" href=\"https:\/\/www.cric-colombia.org\/portal\/sabiduria-fuerza-caminar-unidos-la-libertad-territorios\/\" \/>\n<meta property=\"og:locale\" content=\"es_ES\" \/>\n<meta property=\"og:type\" content=\"article\" \/>\n<meta property=\"og:title\" content=\"Sabidur\u00eda y Fuerza para Caminar Unidos por la Libertad de Nuestros Territorios - Consejo Regional Ind\u00edgena del Cauca - CRIC\" \/>\n<meta property=\"og:description\" content=\"Es triste ver como actualmente las din\u00e1micas de la guerra y los intereses privados de unos pocos han afectado la armon\u00eda en los territorios ind\u00edgenas; la violencia en la zona Norte del Cauca no es casualidad, es algo que est\u00e1 muy bien dise\u00f1ado por quienes quieren dividir e invadir los procesos ind\u00edgenas.\" \/>\n<meta property=\"og:url\" content=\"https:\/\/www.cric-colombia.org\/portal\/sabiduria-fuerza-caminar-unidos-la-libertad-territorios\/\" \/>\n<meta property=\"og:site_name\" content=\"Consejo Regional Ind\u00edgena del Cauca - CRIC\" \/>\n<meta property=\"article:publisher\" content=\"https:\/\/www.facebook.com\/cric.colombia\/\" \/>\n<meta property=\"article:published_time\" content=\"2018-03-16T15:41:28+00:00\" \/>\n<meta property=\"og:image\" content=\"https:\/\/www.cric-colombia.org\/portal\/wp-content\/uploads\/2018\/03\/payumat-cric-tejido-guardia-autoidad-2.jpg\" \/>\n\t<meta property=\"og:image:width\" content=\"1080\" \/>\n\t<meta property=\"og:image:height\" content=\"720\" \/>\n\t<meta property=\"og:image:type\" content=\"image\/jpeg\" \/>\n<meta name=\"author\" content=\"Comunicaciones CRIC\" \/>\n<meta name=\"twitter:card\" content=\"summary_large_image\" \/>\n<meta name=\"twitter:creator\" content=\"@CRIC_Cauca\" \/>\n<meta name=\"twitter:site\" content=\"@CRIC_Cauca\" \/>\n<meta name=\"twitter:label1\" content=\"Escrito por\" \/>\n\t<meta name=\"twitter:data1\" content=\"Comunicaciones CRIC\" \/>\n\t<meta name=\"twitter:label2\" content=\"Tiempo de lectura\" \/>\n\t<meta name=\"twitter:data2\" content=\"5 minutos\" \/>\n<script type=\"application\/ld+json\" class=\"yoast-schema-graph\">{\"@context\":\"https:\/\/schema.org\",\"@graph\":[{\"@type\":\"Article\",\"@id\":\"https:\/\/www.cric-colombia.org\/portal\/sabiduria-fuerza-caminar-unidos-la-libertad-territorios\/#article\",\"isPartOf\":{\"@id\":\"https:\/\/www.cric-colombia.org\/portal\/sabiduria-fuerza-caminar-unidos-la-libertad-territorios\/\"},\"author\":{\"name\":\"Comunicaciones CRIC\",\"@id\":\"https:\/\/www.cric-colombia.org\/portal\/#\/schema\/person\/ab3a3099267de33d55f74f34ba201931\"},\"headline\":\"Sabidur\u00eda y Fuerza para Caminar Unidos por la Libertad de Nuestros Territorios\",\"datePublished\":\"2018-03-16T15:41:28+00:00\",\"dateModified\":\"2018-03-16T15:41:28+00:00\",\"mainEntityOfPage\":{\"@id\":\"https:\/\/www.cric-colombia.org\/portal\/sabiduria-fuerza-caminar-unidos-la-libertad-territorios\/\"},\"wordCount\":915,\"commentCount\":0,\"publisher\":{\"@id\":\"https:\/\/www.cric-colombia.org\/portal\/#organization\"},\"keywords\":[\"Guardia\",\"libertad\",\"Territorio\"],\"articleSection\":[\"Actualidad Ind\u00edgena del Cauca\"],\"inLanguage\":\"es\",\"potentialAction\":[{\"@type\":\"CommentAction\",\"name\":\"Comment\",\"target\":[\"https:\/\/www.cric-colombia.org\/portal\/sabiduria-fuerza-caminar-unidos-la-libertad-territorios\/#respond\"]}]},{\"@type\":\"WebPage\",\"@id\":\"https:\/\/www.cric-colombia.org\/portal\/sabiduria-fuerza-caminar-unidos-la-libertad-territorios\/\",\"url\":\"https:\/\/www.cric-colombia.org\/portal\/sabiduria-fuerza-caminar-unidos-la-libertad-territorios\/\",\"name\":\"Sabidur\u00eda y Fuerza para Caminar Unidos por la Libertad de Nuestros Territorios - Consejo Regional Ind\u00edgena del Cauca - CRIC\",\"isPartOf\":{\"@id\":\"https:\/\/www.cric-colombia.org\/portal\/#website\"},\"datePublished\":\"2018-03-16T15:41:28+00:00\",\"dateModified\":\"2018-03-16T15:41:28+00:00\",\"description\":\"Es triste ver como actualmente las din\u00e1micas de la guerra y los intereses privados de unos pocos han afectado la armon\u00eda en los territorios ind\u00edgenas; la violencia en la zona Norte del Cauca no es casualidad, es algo que est\u00e1 muy bien dise\u00f1ado por quienes quieren dividir e invadir los procesos ind\u00edgenas.\",\"breadcrumb\":{\"@id\":\"https:\/\/www.cric-colombia.org\/portal\/sabiduria-fuerza-caminar-unidos-la-libertad-territorios\/#breadcrumb\"},\"inLanguage\":\"es\",\"potentialAction\":[{\"@type\":\"ReadAction\",\"target\":[\"https:\/\/www.cric-colombia.org\/portal\/sabiduria-fuerza-caminar-unidos-la-libertad-territorios\/\"]}]},{\"@type\":\"BreadcrumbList\",\"@id\":\"https:\/\/www.cric-colombia.org\/portal\/sabiduria-fuerza-caminar-unidos-la-libertad-territorios\/#breadcrumb\",\"itemListElement\":[{\"@type\":\"ListItem\",\"position\":1,\"name\":\"Portada\",\"item\":\"https:\/\/www.cric-colombia.org\/portal\/\"},{\"@type\":\"ListItem\",\"position\":2,\"name\":\"Sabidur\u00eda y Fuerza para Caminar Unidos por la Libertad de Nuestros Territorios\"}]},{\"@type\":\"WebSite\",\"@id\":\"https:\/\/www.cric-colombia.org\/portal\/#website\",\"url\":\"https:\/\/www.cric-colombia.org\/portal\/\",\"name\":\"Consejo Regional Ind\u00edgena del Cauca - CRIC\",\"description\":\"P\u00e1gina oficial del Consejo Regional Ind\u00edgena del Cauca, Colombia\",\"publisher\":{\"@id\":\"https:\/\/www.cric-colombia.org\/portal\/#organization\"},\"potentialAction\":[{\"@type\":\"SearchAction\",\"target\":{\"@type\":\"EntryPoint\",\"urlTemplate\":\"https:\/\/www.cric-colombia.org\/portal\/?s={search_term_string}\"},\"query-input\":\"required name=search_term_string\"}],\"inLanguage\":\"es\"},{\"@type\":\"Organization\",\"@id\":\"https:\/\/www.cric-colombia.org\/portal\/#organization\",\"name\":\"Consejo Regional Ind\u00edgena del Cauca\",\"url\":\"https:\/\/www.cric-colombia.org\/portal\/\",\"logo\":{\"@type\":\"ImageObject\",\"inLanguage\":\"es\",\"@id\":\"https:\/\/www.cric-colombia.org\/portal\/#\/schema\/logo\/image\/\",\"url\":\"https:\/\/www.cric-colombia.org\/portal\/wp-content\/uploads\/2015\/08\/logo_cric.jpg\",\"contentUrl\":\"https:\/\/www.cric-colombia.org\/portal\/wp-content\/uploads\/2015\/08\/logo_cric.jpg\",\"width\":512,\"height\":512,\"caption\":\"Consejo Regional Ind\u00edgena del Cauca\"},\"image\":{\"@id\":\"https:\/\/www.cric-colombia.org\/portal\/#\/schema\/logo\/image\/\"},\"sameAs\":[\"https:\/\/www.facebook.com\/cric.colombia\/\",\"https:\/\/twitter.com\/CRIC_Cauca\"]},{\"@type\":\"Person\",\"@id\":\"https:\/\/www.cric-colombia.org\/portal\/#\/schema\/person\/ab3a3099267de33d55f74f34ba201931\",\"name\":\"Comunicaciones CRIC\",\"image\":{\"@type\":\"ImageObject\",\"inLanguage\":\"es\",\"@id\":\"https:\/\/www.cric-colombia.org\/portal\/#\/schema\/person\/image\/\",\"url\":\"https:\/\/secure.gravatar.com\/avatar\/a8d1a6cfcb82a80d09dafefdcc3dcc8a?s=96&d=retro&r=g\",\"contentUrl\":\"https:\/\/secure.gravatar.com\/avatar\/a8d1a6cfcb82a80d09dafefdcc3dcc8a?s=96&d=retro&r=g\",\"caption\":\"Comunicaciones CRIC\"},\"url\":\"https:\/\/www.cric-colombia.org\/portal\/author\/comunicaciones\/\"}]}<\/script>\n<!-- \/ Yoast SEO plugin. -->","yoast_head_json":{"title":"Sabidur\u00eda y Fuerza para Caminar Unidos por la Libertad de Nuestros Territorios - Consejo Regional Ind\u00edgena del Cauca - CRIC","description":"Es triste ver como actualmente las din\u00e1micas de la guerra y los intereses privados de unos pocos han afectado la armon\u00eda en los territorios ind\u00edgenas; la violencia en la zona Norte del Cauca no es casualidad, es algo que est\u00e1 muy bien dise\u00f1ado por quienes quieren dividir e invadir los procesos ind\u00edgenas.","robots":{"index":"index","follow":"follow","max-snippet":"max-snippet:-1","max-image-preview":"max-image-preview:large","max-video-preview":"max-video-preview:-1"},"canonical":"https:\/\/www.cric-colombia.org\/portal\/sabiduria-fuerza-caminar-unidos-la-libertad-territorios\/","og_locale":"es_ES","og_type":"article","og_title":"Sabidur\u00eda y Fuerza para Caminar Unidos por la Libertad de Nuestros Territorios - Consejo Regional Ind\u00edgena del Cauca - CRIC","og_description":"Es triste ver como actualmente las din\u00e1micas de la guerra y los intereses privados de unos pocos han afectado la armon\u00eda en los territorios ind\u00edgenas; la violencia en la zona Norte del Cauca no es casualidad, es algo que est\u00e1 muy bien dise\u00f1ado por quienes quieren dividir e invadir los procesos ind\u00edgenas.","og_url":"https:\/\/www.cric-colombia.org\/portal\/sabiduria-fuerza-caminar-unidos-la-libertad-territorios\/","og_site_name":"Consejo Regional Ind\u00edgena del Cauca - CRIC","article_publisher":"https:\/\/www.facebook.com\/cric.colombia\/","article_published_time":"2018-03-16T15:41:28+00:00","og_image":[{"width":1080,"height":720,"url":"https:\/\/www.cric-colombia.org\/portal\/wp-content\/uploads\/2018\/03\/payumat-cric-tejido-guardia-autoidad-2.jpg","type":"image\/jpeg"}],"author":"Comunicaciones CRIC","twitter_card":"summary_large_image","twitter_creator":"@CRIC_Cauca","twitter_site":"@CRIC_Cauca","twitter_misc":{"Escrito por":"Comunicaciones CRIC","Tiempo de lectura":"5 minutos"},"schema":{"@context":"https:\/\/schema.org","@graph":[{"@type":"Article","@id":"https:\/\/www.cric-colombia.org\/portal\/sabiduria-fuerza-caminar-unidos-la-libertad-territorios\/#article","isPartOf":{"@id":"https:\/\/www.cric-colombia.org\/portal\/sabiduria-fuerza-caminar-unidos-la-libertad-territorios\/"},"author":{"name":"Comunicaciones CRIC","@id":"https:\/\/www.cric-colombia.org\/portal\/#\/schema\/person\/ab3a3099267de33d55f74f34ba201931"},"headline":"Sabidur\u00eda y Fuerza para Caminar Unidos por la Libertad de Nuestros Territorios","datePublished":"2018-03-16T15:41:28+00:00","dateModified":"2018-03-16T15:41:28+00:00","mainEntityOfPage":{"@id":"https:\/\/www.cric-colombia.org\/portal\/sabiduria-fuerza-caminar-unidos-la-libertad-territorios\/"},"wordCount":915,"commentCount":0,"publisher":{"@id":"https:\/\/www.cric-colombia.org\/portal\/#organization"},"keywords":["Guardia","libertad","Territorio"],"articleSection":["Actualidad Ind\u00edgena del Cauca"],"inLanguage":"es","potentialAction":[{"@type":"CommentAction","name":"Comment","target":["https:\/\/www.cric-colombia.org\/portal\/sabiduria-fuerza-caminar-unidos-la-libertad-territorios\/#respond"]}]},{"@type":"WebPage","@id":"https:\/\/www.cric-colombia.org\/portal\/sabiduria-fuerza-caminar-unidos-la-libertad-territorios\/","url":"https:\/\/www.cric-colombia.org\/portal\/sabiduria-fuerza-caminar-unidos-la-libertad-territorios\/","name":"Sabidur\u00eda y Fuerza para Caminar Unidos por la Libertad de Nuestros Territorios - Consejo Regional Ind\u00edgena del Cauca - CRIC","isPartOf":{"@id":"https:\/\/www.cric-colombia.org\/portal\/#website"},"datePublished":"2018-03-16T15:41:28+00:00","dateModified":"2018-03-16T15:41:28+00:00","description":"Es triste ver como actualmente las din\u00e1micas de la guerra y los intereses privados de unos pocos han afectado la armon\u00eda en los territorios ind\u00edgenas; la violencia en la zona Norte del Cauca no es casualidad, es algo que est\u00e1 muy bien dise\u00f1ado por quienes quieren dividir e invadir los procesos ind\u00edgenas.","breadcrumb":{"@id":"https:\/\/www.cric-colombia.org\/portal\/sabiduria-fuerza-caminar-unidos-la-libertad-territorios\/#breadcrumb"},"inLanguage":"es","potentialAction":[{"@type":"ReadAction","target":["https:\/\/www.cric-colombia.org\/portal\/sabiduria-fuerza-caminar-unidos-la-libertad-territorios\/"]}]},{"@type":"BreadcrumbList","@id":"https:\/\/www.cric-colombia.org\/portal\/sabiduria-fuerza-caminar-unidos-la-libertad-territorios\/#breadcrumb","itemListElement":[{"@type":"ListItem","position":1,"name":"Portada","item":"https:\/\/www.cric-colombia.org\/portal\/"},{"@type":"ListItem","position":2,"name":"Sabidur\u00eda y Fuerza para Caminar Unidos por la Libertad de Nuestros Territorios"}]},{"@type":"WebSite","@id":"https:\/\/www.cric-colombia.org\/portal\/#website","url":"https:\/\/www.cric-colombia.org\/portal\/","name":"Consejo Regional Ind\u00edgena del Cauca - CRIC","description":"P\u00e1gina oficial del Consejo Regional Ind\u00edgena del Cauca, Colombia","publisher":{"@id":"https:\/\/www.cric-colombia.org\/portal\/#organization"},"potentialAction":[{"@type":"SearchAction","target":{"@type":"EntryPoint","urlTemplate":"https:\/\/www.cric-colombia.org\/portal\/?s={search_term_string}"},"query-input":"required name=search_term_string"}],"inLanguage":"es"},{"@type":"Organization","@id":"https:\/\/www.cric-colombia.org\/portal\/#organization","name":"Consejo Regional Ind\u00edgena del Cauca","url":"https:\/\/www.cric-colombia.org\/portal\/","logo":{"@type":"ImageObject","inLanguage":"es","@id":"https:\/\/www.cric-colombia.org\/portal\/#\/schema\/logo\/image\/","url":"https:\/\/www.cric-colombia.org\/portal\/wp-content\/uploads\/2015\/08\/logo_cric.jpg","contentUrl":"https:\/\/www.cric-colombia.org\/portal\/wp-content\/uploads\/2015\/08\/logo_cric.jpg","width":512,"height":512,"caption":"Consejo Regional Ind\u00edgena del Cauca"},"image":{"@id":"https:\/\/www.cric-colombia.org\/portal\/#\/schema\/logo\/image\/"},"sameAs":["https:\/\/www.facebook.com\/cric.colombia\/","https:\/\/twitter.com\/CRIC_Cauca"]},{"@type":"Person","@id":"https:\/\/www.cric-colombia.org\/portal\/#\/schema\/person\/ab3a3099267de33d55f74f34ba201931","name":"Comunicaciones CRIC","image":{"@type":"ImageObject","inLanguage":"es","@id":"https:\/\/www.cric-colombia.org\/portal\/#\/schema\/person\/image\/","url":"https:\/\/secure.gravatar.com\/avatar\/a8d1a6cfcb82a80d09dafefdcc3dcc8a?s=96&d=retro&r=g","contentUrl":"https:\/\/secure.gravatar.com\/avatar\/a8d1a6cfcb82a80d09dafefdcc3dcc8a?s=96&d=retro&r=g","caption":"Comunicaciones CRIC"},"url":"https:\/\/www.cric-colombia.org\/portal\/author\/comunicaciones\/"}]}},"jetpack_featured_media_url":"https:\/\/www.cric-colombia.org\/portal\/wp-content\/uploads\/2018\/03\/payumat-cric-tejido-guardia-autoidad-2.jpg","_links":{"self":[{"href":"https:\/\/www.cric-colombia.org\/portal\/wp-json\/wp\/v2\/posts\/20490"}],"collection":[{"href":"https:\/\/www.cric-colombia.org\/portal\/wp-json\/wp\/v2\/posts"}],"about":[{"href":"https:\/\/www.cric-colombia.org\/portal\/wp-json\/wp\/v2\/types\/post"}],"author":[{"embeddable":true,"href":"https:\/\/www.cric-colombia.org\/portal\/wp-json\/wp\/v2\/users\/6"}],"replies":[{"embeddable":true,"href":"https:\/\/www.cric-colombia.org\/portal\/wp-json\/wp\/v2\/comments?post=20490"}],"version-history":[{"count":2,"href":"https:\/\/www.cric-colombia.org\/portal\/wp-json\/wp\/v2\/posts\/20490\/revisions"}],"predecessor-version":[{"id":20496,"href":"https:\/\/www.cric-colombia.org\/portal\/wp-json\/wp\/v2\/posts\/20490\/revisions\/20496"}],"wp:featuredmedia":[{"embeddable":true,"href":"https:\/\/www.cric-colombia.org\/portal\/wp-json\/wp\/v2\/media\/20493"}],"wp:attachment":[{"href":"https:\/\/www.cric-colombia.org\/portal\/wp-json\/wp\/v2\/media?parent=20490"}],"wp:term":[{"taxonomy":"category","embeddable":true,"href":"https:\/\/www.cric-colombia.org\/portal\/wp-json\/wp\/v2\/categories?post=20490"},{"taxonomy":"post_tag","embeddable":true,"href":"https:\/\/www.cric-colombia.org\/portal\/wp-json\/wp\/v2\/tags?post=20490"}],"curies":[{"name":"wp","href":"https:\/\/api.w.org\/{rel}","templated":true}]}}