{"id":19102,"date":"2017-10-26T12:25:12","date_gmt":"2017-10-26T17:25:12","guid":{"rendered":"http:\/\/www.cric-colombia.org\/portal\/?p=19102"},"modified":"2017-10-27T11:34:27","modified_gmt":"2017-10-27T16:34:27","slug":"cric-exige-garantias-respeto-la-movilizacion-social-se-realiza-varias-regiones-del-pais","status":"publish","type":"post","link":"https:\/\/www.cric-colombia.org\/portal\/cric-exige-garantias-respeto-la-movilizacion-social-se-realiza-varias-regiones-del-pais\/","title":{"rendered":"CRIC, exige garant\u00edas y respeto a la movilizaci\u00f3n social que se realiza en varias regiones del Pa\u00eds"},"content":{"rendered":"<p style=\"text-align: justify;\">Los pueblos y autoridades tradicionales del Consejo Regional Ind\u00edgena del Cauca \u2013CRIC- rechaza rotundamente el acceso de fuerza y tratamiento militar que realiza el Gobierno de Juan Manuel Santos a trav\u00e9s del Escuadr\u00f3n M\u00f3vil Antidisturbios Esmad contra las comunidades de la Asociaci\u00f3n Campesina del Catatumbo, Ascamcat, que iniciaron en el d\u00eda de hoy 25 de octubre del presente a\u00f1o, acciones de movilizaci\u00f3n en m\u00e1s de 11 Municipios del Catatumbo.<!--more--><\/p>\n<p style=\"text-align: justify;\">La \u00fanica alternativa que tienen las comunidades para exigir sus derechos fundamentales, es a trav\u00e9s de la movilizaci\u00f3n social, porque no existe otra salida para las poblaciones olvidadas de este Pa\u00eds. La pol\u00edtica econ\u00f3mica del Gobierno Nacional cada vez est\u00e1 empobreciendo m\u00e1s a las comunidades rurales. En tiempos de paz est\u00e1n matando a los l\u00edderes sociales y campesinos en el pa\u00eds, ya se pueden contar cerca de 125 asesinatos selectivos por parte de grupos paramilitares y tambi\u00e9n por la fuerza p\u00fablica (Polic\u00eda y Esmad) en este a\u00f1o 2017.<\/p>\n<p style=\"text-align: justify;\">Tambi\u00e9n, repudiamos el vil asesinato del gobernador ind\u00edgena AULIO ISARAMA FORASTERO y el secuestro de JHON ERIBERTO ISARAMA FORASTERO, quienes ejerc\u00edan como gobernador y docente respectivamente del Resguardo Ind\u00edgena Catru, Dubaza, Ancoso del Municipio de Alto Baud\u00f3, pertenecientes al Pueblo Embera D\u00f3bida. Donde a trav\u00e9s de un comunicado p\u00fablico de las autoridades ind\u00edgenas de la ASOCIACI\u00d3N OREWA, FEDEOREWA, CRICH, OICH Y WOUNDEKO. Denuncian que a eso de las 5:00 pm, del 24 de octubre de 2017, el gobernador AULIO ISARAMA FORASTERO, se encontraba realizando las actividades en su comunidad, cuando aproximadamente cinco hombres armados identificados con prendas del ELN, del frente Resistencia Cimarr\u00f3n, lo intimidan y se lo llevan bajo enga\u00f1o, diciendo que van a hablar con los jefes de ellos. Posteriormente, este grupo armado env\u00eda la raz\u00f3n a la Comunidad, que pueden ir a reclamar el cuerpo.<\/p>\n<p style=\"text-align: justify;\"><a href=\"https:\/\/www.cric-colombia.org\/portal\/wp-content\/uploads\/2017\/10\/Panfleto_Aguilas_Negras.jpg\"><img decoding=\"async\" loading=\"lazy\" class=\"aligncenter size-medium wp-image-19103\" src=\"https:\/\/www.cric-colombia.org\/portal\/wp-content\/uploads\/2017\/10\/Panfleto_Aguilas_Negras-232x300.jpg\" alt=\"\" width=\"232\" height=\"300\" srcset=\"https:\/\/www.cric-colombia.org\/portal\/wp-content\/uploads\/2017\/10\/Panfleto_Aguilas_Negras-232x300.jpg 232w, https:\/\/www.cric-colombia.org\/portal\/wp-content\/uploads\/2017\/10\/Panfleto_Aguilas_Negras-768x994.jpg 768w, https:\/\/www.cric-colombia.org\/portal\/wp-content\/uploads\/2017\/10\/Panfleto_Aguilas_Negras-791x1024.jpg 791w, https:\/\/www.cric-colombia.org\/portal\/wp-content\/uploads\/2017\/10\/Panfleto_Aguilas_Negras-696x901.jpg 696w, https:\/\/www.cric-colombia.org\/portal\/wp-content\/uploads\/2017\/10\/Panfleto_Aguilas_Negras-324x420.jpg 324w, https:\/\/www.cric-colombia.org\/portal\/wp-content\/uploads\/2017\/10\/Panfleto_Aguilas_Negras.jpg 900w\" sizes=\"(max-width: 232px) 100vw, 232px\" \/><\/a>Por otro lado, a trav\u00e9s de un panfleto del grupo paramiliar \u201c\u00c1guilas Negras\u201d que circula por las redes sociales, dan una sentencia de muerte a las autoridades ind\u00edgenas, lideres y defensores de derechos humanos del Cauca que salgan apoyar la movilizaci\u00f3n este 30 de octubre del presente a\u00f1o.<\/p>\n<p style=\"text-align: justify;\">No toleramos, la actuaci\u00f3n de agentes de la Polic\u00eda Nacional donde en el d\u00eda de hoy 25 de octubre del presente a\u00f1o, a trav\u00e9s de un video, se evidencia el uso desmedido de la fuerza, el cual agreden a cerca de 30 compa\u00f1eros ind\u00edgenas Embera donde hab\u00edan ni\u00f1os y mujeres que se encuentran en situaci\u00f3n de desplazamiento en la Ciudad de Bogota D.C.<\/p>\n<p style=\"text-align: justify;\">La situaci\u00f3n es compleja para los pueblos ind\u00edgenas y procesos sociales del Cauca y Colombia, por ese motivo desde la <strong><em>Minga de Resistencia por el territorio, la dignidad y cumplimiento<\/em><\/strong> <strong><em>de acuerdos<\/em><\/strong> que estar\u00e1 liderando las 125 autoridades tradicionales del CRIC a partir del 30 de octubre del presente a\u00f1o, le exigimos al Gobierno Nacional:<\/p>\n<ul style=\"text-align: justify;\">\n<li>Garant\u00edas necesarias para el ejercicio de la protesta social y comunitaria contemplada en la Constituci\u00f3n Nacional, en el marco de las movilizaciones sociales que se adelantan en varias regiones del Pa\u00eds, sobre todo con las comunidades de la Asociaci\u00f3n Campesina del Catatumbo, Ascamcat. Tambi\u00e9n solicitamos garant\u00edas para los pueblos ind\u00edgenas que realizaremos la <strong><em>Minga de Resistencia por el territorio, la dignidad y cumplimiento<\/em><\/strong> <strong><em>de acuerdos<\/em><\/strong> a partir del 30 de octubre del 2017 por parte del Consejo Regional Ind\u00edgena del Cauca \u2013CRIC- en respaldo y apoyo a los sectores sociales y populares de esta regi\u00f3n del Sur Occidente Colombiano y del Pa\u00eds.<\/li>\n<\/ul>\n<ul style=\"text-align: justify;\">\n<li>Desmonte real de los grupos paramilitares (\u00c1guilas Negras, entre otros), respeto a los territorios, procesos y organizaciones sociales, garant\u00eda y protecci\u00f3n de los derechos fundamentales de los pueblos ind\u00edgenas, sectores sociales y populares del Pa\u00eds. Si no se avanza efectivamente en estos aspectos, es muy dif\u00edcil hacer efectiva y real la paz en los territorios.<\/li>\n<li>Implementar medidas urgentes, para garantizar la vida e integridad de autoridades tradicionales, l\u00edderes, periodistas, profesores, dirigentes de organizaciones ind\u00edgenas y sociales y comunidades del Cauca, que han sido declarados objetivo militar por grupos paramilitares.<\/li>\n<\/ul>\n<ul style=\"text-align: justify;\">\n<li>A la Fiscal\u00eda General de la Naci\u00f3n, Procuradur\u00eda y Defensor\u00eda del Pueblo, para que investiguen este asesinato del Gobernador AULIO ISARAMA FORASTERO pertenecientes al Pueblo Embera D\u00f3bida, del Choco de manera diligente, determinen quienes son los responsables materiales e intelectuales de este hecho y los sancione en\u00e9rgicamente.<\/li>\n<\/ul>\n<p style=\"text-align: justify;\">Desde la Minga de Resistencia por el territorio, la dignidad y cumplimiento de acuerdos del CRIC, manifestamos nuestro respaldo y apoyo a todos los procesos sociales que se encuentran realizando diferentes acciones de exigencia reivindicativas y en defensa de la vida. Los invitamos a continuar fortaleciendo sus luchas en cada uno de los puntos donde se encuentran en el Pa\u00eds y este 30 de octubre del presente a\u00f1o nos uniremos para seguir consolidando nuestros procesos organizativos para una transformaci\u00f3n social, econ\u00f3mica y pol\u00edtica de este Pa\u00eds.<\/p>\n<p style=\"text-align: center;\"><strong>CONSEJERIA MAYOR DEL CRIC<\/strong><\/p>\n<p style=\"text-align: center;\"><strong>MINGA DE RESISTENCIA POR EL TERRITORIO, LA DIGNIDAD Y CUMPLIMIENTO DE ACUERDOS<\/strong><\/p>\n<p>Popay\u00e1n, 25 de octubre del 2017<\/p>\n<p style=\"text-align: justify;\"><strong>CRIC demands guaranties and respect for the social mobilization that will take place in various regions of the country<\/strong><\/p>\n<p style=\"text-align: justify;\">The people and the traditional authorities of the Regional Indigenous Council of Cauca \u2013 CRIC \u2013 profoundly reject the use of force and military operations realized by the government of Juan Manuel Santos through the Mobile Anti-Disturbances Squadron (ESMAD), against the communities of the Farmer\u2019s Association of Catatumbo (Ascamcat) after they initiated mobilizations in more than 11 municipalities of Catatumbo the 25th of October this year.<\/p>\n<p style=\"text-align: justify;\">The only way these communities can demand their fundamental rights is through social mobilization. There is no other option left for the forgotten people of this country. The economic policy of the national government is increasingly impoverishing the rural communities. In times of peace they are killing social leaders and farmers \u2013 so far this year 125 selective assassinations have been executed by paramilitary groups, but also by the public force (the police and ESMAD)<\/p>\n<p style=\"text-align: justify;\">Furthermore, we denounce the assassination of the indigenous leader Aulio Isarama Forastero and the kidnapping of Jhon Eriberto Isarama Forastero who respecitvely carried out the roles as governor and teacher of the indigenous territories Catru, Dubaza and Ancoso of the municipality Alto Baud\u00f3 and the Embera D\u00f3bida people. Thus, through a public announcement on behalf of the indigenous authorities from the Asociacion Orewa, Fedeorewa, Crich, Oich and Woundeko, they announce that at 5 p.m. on the 24 of October 2017, the governor Aulio Isarama Forastero was carrying out activities in his community, when approximately five armed men in ELN-uniforms (National Liberation Army), from the ELN fraction \u201cResistencia Cimmarr\u00f3n\u201d, arrived, intimidated him and said he needed to come with them to talk to their leaders. After this, the armed group sent a message to his community, saying they could come and reclaim his body<\/p>\n<p style=\"text-align: justify;\">Moreover, through a pamphlet made by the paramilitary group \u201c\u00c1guilas Negras\u201d (Black Eagles), which is circling on social media, a death sentence is directed at the indigenous authorities, leaders and human rights defenders of Cauca who support the mobilization of the 30<sup>th<\/sup> of October this year.<\/p>\n<p style=\"text-align: justify;\">We do not tolerate the excessive use of force by agents of the national police on the 25<sup>th<\/sup> of October this year, which is made evident through a video. The agents assault close to thirty Embera indigenous people, in a place where children and women were present. They were then in displacement in the city of Bogot\u00e1, D.C.<\/p>\n<p style=\"text-align: justify;\">The situation is complicated for the indigenous communities and the social movements in Cauca, and in Colombia in general. Due to this, through the Minga (rally) of resistance for territory, dignity and fulfillments of agreements, which will be led by the 125 traditional authorities of CRIC starting from the 30<sup>th<\/sup> of October this year, we demand the following of the government:<\/p>\n<ul style=\"text-align: justify;\">\n<li>Guarantees to ensure the right to social and collective protest as enshrined in the national constitution, within social movements making progress in different regions of the country, especially the communities of the Farmers Association of Catatumbo, Ascamcat. We also request security guarantees for the indigenous peoples who will carry out the Minga (rally) of Resistance for territory, dignity and fulfilment of agreements from October 30 2017 on behalf of the Regional Indigenous Council of Cauca (Consejo Regional Ind\u00edgena del Cauca \u2013 CRIC) with the support and help of social and popular sectors\/movements of the Colombian South Western region and the rest of the country.<\/li>\n<li>Actual demobilisation\/dismantlement of paramilitary groups (The Black Eagles among others), respect for territory, processes and social organisation, guarantee and protection of fundamental rights of indigenous peoples, social and popular sectors\/movements of the country. If no progress is made concerning these points, it will be very difficult to create real and lasting peace in the territories.<\/li>\n<li>Implement urgent measures to guarantee the life and integrity of the traditional authorities, leaders, journalists, professors, leaders of indigenous and social organisations and communities of Cauca, whom have been declared military targets of paramilitary groups.<\/li>\n<li>That the Attorney General, the Public Prosecutor and the Ombudsman investigate the assassination of governor Aulio Isarama Forastero from the Embera D\u00f3bida community in Choco, in a diligent way, and that they ascertain the ones responsible of the killing and the minds behind it, and punish them accordingly.<\/li>\n<\/ul>\n<p style=\"text-align: justify;\">From the Minga of Resistance for territory, dignity and fulfilment of agreements of CRIC, we manifest our support and help to all social movements that engage in different actions for demands and in defense of live. We invite all to keep strengthening their resistance all over the country, and the 30<sup>th<\/sup> of October this year we unite to continue consolidating our organizational process in transforming this country both socially, economically and politically.<\/p>\n<p style=\"text-align: center;\"><strong>THE MINISTRY OF THE CRIC<\/strong><\/p>\n<p style=\"text-align: center;\"><strong>MINGA (RALLY) OF RESISTANCE FOR TERRITORY, DIGNITY AND FULFILLMENT OF AGREEMENTS<\/strong><\/p>\n","protected":false},"excerpt":{"rendered":"<p>Los pueblos y autoridades tradicionales del Consejo Regional Ind\u00edgena del Cauca \u2013CRIC- rechaza rotundamente el acceso de fuerza y tratamiento militar que realiza el Gobierno de Juan Manuel Santos a trav\u00e9s del Escuadr\u00f3n M\u00f3vil Antidisturbios Esmad contra las comunidades de la Asociaci\u00f3n Campesina del Catatumbo, Ascamcat, que iniciaron en el d\u00eda de hoy 25 de <\/p>\n","protected":false},"author":6,"featured_media":3291,"comment_status":"open","ping_status":"open","sticky":false,"template":"","format":"standard","meta":{"footnotes":""},"categories":[3,19,132],"tags":[168],"yoast_head":"<!-- This site is optimized with the Yoast SEO plugin v20.12 - https:\/\/yoast.com\/wordpress\/plugins\/seo\/ -->\n<title>CRIC, exige garant\u00edas y respeto a la movilizaci\u00f3n social que se realiza en varias regiones del Pa\u00eds - Consejo Regional Ind\u00edgena del Cauca - CRIC<\/title>\n<meta name=\"robots\" content=\"index, follow, max-snippet:-1, max-image-preview:large, max-video-preview:-1\" \/>\n<link rel=\"canonical\" href=\"https:\/\/www.cric-colombia.org\/portal\/cric-exige-garantias-respeto-la-movilizacion-social-se-realiza-varias-regiones-del-pais\/\" \/>\n<meta property=\"og:locale\" content=\"es_ES\" \/>\n<meta property=\"og:type\" content=\"article\" \/>\n<meta property=\"og:title\" content=\"CRIC, exige garant\u00edas y respeto a la movilizaci\u00f3n social que se realiza en varias regiones del Pa\u00eds - Consejo Regional Ind\u00edgena del Cauca - CRIC\" \/>\n<meta property=\"og:description\" content=\"Los pueblos y autoridades tradicionales del Consejo Regional Ind\u00edgena del Cauca \u2013CRIC- rechaza rotundamente el acceso de fuerza y tratamiento militar que realiza el Gobierno de Juan Manuel Santos a trav\u00e9s del Escuadr\u00f3n M\u00f3vil Antidisturbios Esmad contra las comunidades de la Asociaci\u00f3n Campesina del Catatumbo, Ascamcat, que iniciaron en el d\u00eda de hoy 25 de\" \/>\n<meta property=\"og:url\" content=\"https:\/\/www.cric-colombia.org\/portal\/cric-exige-garantias-respeto-la-movilizacion-social-se-realiza-varias-regiones-del-pais\/\" \/>\n<meta property=\"og:site_name\" content=\"Consejo Regional Ind\u00edgena del Cauca - CRIC\" \/>\n<meta property=\"article:publisher\" content=\"https:\/\/www.facebook.com\/cric.colombia\/\" \/>\n<meta property=\"article:published_time\" content=\"2017-10-26T17:25:12+00:00\" \/>\n<meta property=\"article:modified_time\" content=\"2017-10-27T16:34:27+00:00\" \/>\n<meta property=\"og:image\" content=\"https:\/\/www.cric-colombia.org\/portal\/wp-content\/uploads\/2012\/12\/LogoCRIC.jpg\" \/>\n\t<meta property=\"og:image:width\" content=\"900\" \/>\n\t<meta property=\"og:image:height\" content=\"685\" \/>\n\t<meta property=\"og:image:type\" content=\"image\/jpeg\" \/>\n<meta name=\"author\" content=\"Comunicaciones CRIC\" \/>\n<meta name=\"twitter:card\" content=\"summary_large_image\" \/>\n<meta name=\"twitter:creator\" content=\"@CRIC_Cauca\" \/>\n<meta name=\"twitter:site\" content=\"@CRIC_Cauca\" \/>\n<meta name=\"twitter:label1\" content=\"Escrito por\" \/>\n\t<meta name=\"twitter:data1\" content=\"Comunicaciones CRIC\" \/>\n\t<meta name=\"twitter:label2\" content=\"Tiempo de lectura\" \/>\n\t<meta name=\"twitter:data2\" content=\"8 minutos\" \/>\n<script type=\"application\/ld+json\" class=\"yoast-schema-graph\">{\"@context\":\"https:\/\/schema.org\",\"@graph\":[{\"@type\":\"Article\",\"@id\":\"https:\/\/www.cric-colombia.org\/portal\/cric-exige-garantias-respeto-la-movilizacion-social-se-realiza-varias-regiones-del-pais\/#article\",\"isPartOf\":{\"@id\":\"https:\/\/www.cric-colombia.org\/portal\/cric-exige-garantias-respeto-la-movilizacion-social-se-realiza-varias-regiones-del-pais\/\"},\"author\":{\"name\":\"Comunicaciones CRIC\",\"@id\":\"https:\/\/www.cric-colombia.org\/portal\/#\/schema\/person\/ab3a3099267de33d55f74f34ba201931\"},\"headline\":\"CRIC, exige garant\u00edas y respeto a la movilizaci\u00f3n social que se realiza en varias regiones del Pa\u00eds\",\"datePublished\":\"2017-10-26T17:25:12+00:00\",\"dateModified\":\"2017-10-27T16:34:27+00:00\",\"mainEntityOfPage\":{\"@id\":\"https:\/\/www.cric-colombia.org\/portal\/cric-exige-garantias-respeto-la-movilizacion-social-se-realiza-varias-regiones-del-pais\/\"},\"wordCount\":1689,\"commentCount\":0,\"publisher\":{\"@id\":\"https:\/\/www.cric-colombia.org\/portal\/#organization\"},\"keywords\":[\"Minga\"],\"articleSection\":[\"Actualidad Ind\u00edgena del Cauca\",\"Comunicados de prensa\",\"Nota minga hacia dentro\"],\"inLanguage\":\"es\",\"potentialAction\":[{\"@type\":\"CommentAction\",\"name\":\"Comment\",\"target\":[\"https:\/\/www.cric-colombia.org\/portal\/cric-exige-garantias-respeto-la-movilizacion-social-se-realiza-varias-regiones-del-pais\/#respond\"]}]},{\"@type\":\"WebPage\",\"@id\":\"https:\/\/www.cric-colombia.org\/portal\/cric-exige-garantias-respeto-la-movilizacion-social-se-realiza-varias-regiones-del-pais\/\",\"url\":\"https:\/\/www.cric-colombia.org\/portal\/cric-exige-garantias-respeto-la-movilizacion-social-se-realiza-varias-regiones-del-pais\/\",\"name\":\"CRIC, exige garant\u00edas y respeto a la movilizaci\u00f3n social que se realiza en varias regiones del Pa\u00eds - Consejo Regional Ind\u00edgena del Cauca - CRIC\",\"isPartOf\":{\"@id\":\"https:\/\/www.cric-colombia.org\/portal\/#website\"},\"datePublished\":\"2017-10-26T17:25:12+00:00\",\"dateModified\":\"2017-10-27T16:34:27+00:00\",\"breadcrumb\":{\"@id\":\"https:\/\/www.cric-colombia.org\/portal\/cric-exige-garantias-respeto-la-movilizacion-social-se-realiza-varias-regiones-del-pais\/#breadcrumb\"},\"inLanguage\":\"es\",\"potentialAction\":[{\"@type\":\"ReadAction\",\"target\":[\"https:\/\/www.cric-colombia.org\/portal\/cric-exige-garantias-respeto-la-movilizacion-social-se-realiza-varias-regiones-del-pais\/\"]}]},{\"@type\":\"BreadcrumbList\",\"@id\":\"https:\/\/www.cric-colombia.org\/portal\/cric-exige-garantias-respeto-la-movilizacion-social-se-realiza-varias-regiones-del-pais\/#breadcrumb\",\"itemListElement\":[{\"@type\":\"ListItem\",\"position\":1,\"name\":\"Portada\",\"item\":\"https:\/\/www.cric-colombia.org\/portal\/\"},{\"@type\":\"ListItem\",\"position\":2,\"name\":\"CRIC, exige garant\u00edas y respeto a la movilizaci\u00f3n social que se realiza en varias regiones del Pa\u00eds\"}]},{\"@type\":\"WebSite\",\"@id\":\"https:\/\/www.cric-colombia.org\/portal\/#website\",\"url\":\"https:\/\/www.cric-colombia.org\/portal\/\",\"name\":\"Consejo Regional Ind\u00edgena del Cauca - CRIC\",\"description\":\"P\u00e1gina oficial del Consejo Regional Ind\u00edgena del Cauca, Colombia\",\"publisher\":{\"@id\":\"https:\/\/www.cric-colombia.org\/portal\/#organization\"},\"potentialAction\":[{\"@type\":\"SearchAction\",\"target\":{\"@type\":\"EntryPoint\",\"urlTemplate\":\"https:\/\/www.cric-colombia.org\/portal\/?s={search_term_string}\"},\"query-input\":\"required name=search_term_string\"}],\"inLanguage\":\"es\"},{\"@type\":\"Organization\",\"@id\":\"https:\/\/www.cric-colombia.org\/portal\/#organization\",\"name\":\"Consejo Regional Ind\u00edgena del Cauca\",\"url\":\"https:\/\/www.cric-colombia.org\/portal\/\",\"logo\":{\"@type\":\"ImageObject\",\"inLanguage\":\"es\",\"@id\":\"https:\/\/www.cric-colombia.org\/portal\/#\/schema\/logo\/image\/\",\"url\":\"https:\/\/www.cric-colombia.org\/portal\/wp-content\/uploads\/2015\/08\/logo_cric.jpg\",\"contentUrl\":\"https:\/\/www.cric-colombia.org\/portal\/wp-content\/uploads\/2015\/08\/logo_cric.jpg\",\"width\":512,\"height\":512,\"caption\":\"Consejo Regional Ind\u00edgena del Cauca\"},\"image\":{\"@id\":\"https:\/\/www.cric-colombia.org\/portal\/#\/schema\/logo\/image\/\"},\"sameAs\":[\"https:\/\/www.facebook.com\/cric.colombia\/\",\"https:\/\/twitter.com\/CRIC_Cauca\"]},{\"@type\":\"Person\",\"@id\":\"https:\/\/www.cric-colombia.org\/portal\/#\/schema\/person\/ab3a3099267de33d55f74f34ba201931\",\"name\":\"Comunicaciones CRIC\",\"image\":{\"@type\":\"ImageObject\",\"inLanguage\":\"es\",\"@id\":\"https:\/\/www.cric-colombia.org\/portal\/#\/schema\/person\/image\/\",\"url\":\"https:\/\/secure.gravatar.com\/avatar\/a8d1a6cfcb82a80d09dafefdcc3dcc8a?s=96&d=retro&r=g\",\"contentUrl\":\"https:\/\/secure.gravatar.com\/avatar\/a8d1a6cfcb82a80d09dafefdcc3dcc8a?s=96&d=retro&r=g\",\"caption\":\"Comunicaciones CRIC\"},\"url\":\"https:\/\/www.cric-colombia.org\/portal\/author\/comunicaciones\/\"}]}<\/script>\n<!-- \/ Yoast SEO plugin. -->","yoast_head_json":{"title":"CRIC, exige garant\u00edas y respeto a la movilizaci\u00f3n social que se realiza en varias regiones del Pa\u00eds - Consejo Regional Ind\u00edgena del Cauca - CRIC","robots":{"index":"index","follow":"follow","max-snippet":"max-snippet:-1","max-image-preview":"max-image-preview:large","max-video-preview":"max-video-preview:-1"},"canonical":"https:\/\/www.cric-colombia.org\/portal\/cric-exige-garantias-respeto-la-movilizacion-social-se-realiza-varias-regiones-del-pais\/","og_locale":"es_ES","og_type":"article","og_title":"CRIC, exige garant\u00edas y respeto a la movilizaci\u00f3n social que se realiza en varias regiones del Pa\u00eds - Consejo Regional Ind\u00edgena del Cauca - CRIC","og_description":"Los pueblos y autoridades tradicionales del Consejo Regional Ind\u00edgena del Cauca \u2013CRIC- rechaza rotundamente el acceso de fuerza y tratamiento militar que realiza el Gobierno de Juan Manuel Santos a trav\u00e9s del Escuadr\u00f3n M\u00f3vil Antidisturbios Esmad contra las comunidades de la Asociaci\u00f3n Campesina del Catatumbo, Ascamcat, que iniciaron en el d\u00eda de hoy 25 de","og_url":"https:\/\/www.cric-colombia.org\/portal\/cric-exige-garantias-respeto-la-movilizacion-social-se-realiza-varias-regiones-del-pais\/","og_site_name":"Consejo Regional Ind\u00edgena del Cauca - CRIC","article_publisher":"https:\/\/www.facebook.com\/cric.colombia\/","article_published_time":"2017-10-26T17:25:12+00:00","article_modified_time":"2017-10-27T16:34:27+00:00","og_image":[{"width":"900","height":"685","url":"https:\/\/www.cric-colombia.org\/portal\/wp-content\/uploads\/2012\/12\/LogoCRIC.jpg","type":"image\/jpeg"}],"author":"Comunicaciones CRIC","twitter_card":"summary_large_image","twitter_creator":"@CRIC_Cauca","twitter_site":"@CRIC_Cauca","twitter_misc":{"Escrito por":"Comunicaciones CRIC","Tiempo de lectura":"8 minutos"},"schema":{"@context":"https:\/\/schema.org","@graph":[{"@type":"Article","@id":"https:\/\/www.cric-colombia.org\/portal\/cric-exige-garantias-respeto-la-movilizacion-social-se-realiza-varias-regiones-del-pais\/#article","isPartOf":{"@id":"https:\/\/www.cric-colombia.org\/portal\/cric-exige-garantias-respeto-la-movilizacion-social-se-realiza-varias-regiones-del-pais\/"},"author":{"name":"Comunicaciones CRIC","@id":"https:\/\/www.cric-colombia.org\/portal\/#\/schema\/person\/ab3a3099267de33d55f74f34ba201931"},"headline":"CRIC, exige garant\u00edas y respeto a la movilizaci\u00f3n social que se realiza en varias regiones del Pa\u00eds","datePublished":"2017-10-26T17:25:12+00:00","dateModified":"2017-10-27T16:34:27+00:00","mainEntityOfPage":{"@id":"https:\/\/www.cric-colombia.org\/portal\/cric-exige-garantias-respeto-la-movilizacion-social-se-realiza-varias-regiones-del-pais\/"},"wordCount":1689,"commentCount":0,"publisher":{"@id":"https:\/\/www.cric-colombia.org\/portal\/#organization"},"keywords":["Minga"],"articleSection":["Actualidad Ind\u00edgena del Cauca","Comunicados de prensa","Nota minga hacia dentro"],"inLanguage":"es","potentialAction":[{"@type":"CommentAction","name":"Comment","target":["https:\/\/www.cric-colombia.org\/portal\/cric-exige-garantias-respeto-la-movilizacion-social-se-realiza-varias-regiones-del-pais\/#respond"]}]},{"@type":"WebPage","@id":"https:\/\/www.cric-colombia.org\/portal\/cric-exige-garantias-respeto-la-movilizacion-social-se-realiza-varias-regiones-del-pais\/","url":"https:\/\/www.cric-colombia.org\/portal\/cric-exige-garantias-respeto-la-movilizacion-social-se-realiza-varias-regiones-del-pais\/","name":"CRIC, exige garant\u00edas y respeto a la movilizaci\u00f3n social que se realiza en varias regiones del Pa\u00eds - Consejo Regional Ind\u00edgena del Cauca - CRIC","isPartOf":{"@id":"https:\/\/www.cric-colombia.org\/portal\/#website"},"datePublished":"2017-10-26T17:25:12+00:00","dateModified":"2017-10-27T16:34:27+00:00","breadcrumb":{"@id":"https:\/\/www.cric-colombia.org\/portal\/cric-exige-garantias-respeto-la-movilizacion-social-se-realiza-varias-regiones-del-pais\/#breadcrumb"},"inLanguage":"es","potentialAction":[{"@type":"ReadAction","target":["https:\/\/www.cric-colombia.org\/portal\/cric-exige-garantias-respeto-la-movilizacion-social-se-realiza-varias-regiones-del-pais\/"]}]},{"@type":"BreadcrumbList","@id":"https:\/\/www.cric-colombia.org\/portal\/cric-exige-garantias-respeto-la-movilizacion-social-se-realiza-varias-regiones-del-pais\/#breadcrumb","itemListElement":[{"@type":"ListItem","position":1,"name":"Portada","item":"https:\/\/www.cric-colombia.org\/portal\/"},{"@type":"ListItem","position":2,"name":"CRIC, exige garant\u00edas y respeto a la movilizaci\u00f3n social que se realiza en varias regiones del Pa\u00eds"}]},{"@type":"WebSite","@id":"https:\/\/www.cric-colombia.org\/portal\/#website","url":"https:\/\/www.cric-colombia.org\/portal\/","name":"Consejo Regional Ind\u00edgena del Cauca - CRIC","description":"P\u00e1gina oficial del Consejo Regional Ind\u00edgena del Cauca, Colombia","publisher":{"@id":"https:\/\/www.cric-colombia.org\/portal\/#organization"},"potentialAction":[{"@type":"SearchAction","target":{"@type":"EntryPoint","urlTemplate":"https:\/\/www.cric-colombia.org\/portal\/?s={search_term_string}"},"query-input":"required name=search_term_string"}],"inLanguage":"es"},{"@type":"Organization","@id":"https:\/\/www.cric-colombia.org\/portal\/#organization","name":"Consejo Regional Ind\u00edgena del Cauca","url":"https:\/\/www.cric-colombia.org\/portal\/","logo":{"@type":"ImageObject","inLanguage":"es","@id":"https:\/\/www.cric-colombia.org\/portal\/#\/schema\/logo\/image\/","url":"https:\/\/www.cric-colombia.org\/portal\/wp-content\/uploads\/2015\/08\/logo_cric.jpg","contentUrl":"https:\/\/www.cric-colombia.org\/portal\/wp-content\/uploads\/2015\/08\/logo_cric.jpg","width":512,"height":512,"caption":"Consejo Regional Ind\u00edgena del Cauca"},"image":{"@id":"https:\/\/www.cric-colombia.org\/portal\/#\/schema\/logo\/image\/"},"sameAs":["https:\/\/www.facebook.com\/cric.colombia\/","https:\/\/twitter.com\/CRIC_Cauca"]},{"@type":"Person","@id":"https:\/\/www.cric-colombia.org\/portal\/#\/schema\/person\/ab3a3099267de33d55f74f34ba201931","name":"Comunicaciones CRIC","image":{"@type":"ImageObject","inLanguage":"es","@id":"https:\/\/www.cric-colombia.org\/portal\/#\/schema\/person\/image\/","url":"https:\/\/secure.gravatar.com\/avatar\/a8d1a6cfcb82a80d09dafefdcc3dcc8a?s=96&d=retro&r=g","contentUrl":"https:\/\/secure.gravatar.com\/avatar\/a8d1a6cfcb82a80d09dafefdcc3dcc8a?s=96&d=retro&r=g","caption":"Comunicaciones CRIC"},"url":"https:\/\/www.cric-colombia.org\/portal\/author\/comunicaciones\/"}]}},"jetpack_featured_media_url":"https:\/\/www.cric-colombia.org\/portal\/wp-content\/uploads\/2012\/12\/LogoCRIC.jpg","_links":{"self":[{"href":"https:\/\/www.cric-colombia.org\/portal\/wp-json\/wp\/v2\/posts\/19102"}],"collection":[{"href":"https:\/\/www.cric-colombia.org\/portal\/wp-json\/wp\/v2\/posts"}],"about":[{"href":"https:\/\/www.cric-colombia.org\/portal\/wp-json\/wp\/v2\/types\/post"}],"author":[{"embeddable":true,"href":"https:\/\/www.cric-colombia.org\/portal\/wp-json\/wp\/v2\/users\/6"}],"replies":[{"embeddable":true,"href":"https:\/\/www.cric-colombia.org\/portal\/wp-json\/wp\/v2\/comments?post=19102"}],"version-history":[{"count":3,"href":"https:\/\/www.cric-colombia.org\/portal\/wp-json\/wp\/v2\/posts\/19102\/revisions"}],"predecessor-version":[{"id":19130,"href":"https:\/\/www.cric-colombia.org\/portal\/wp-json\/wp\/v2\/posts\/19102\/revisions\/19130"}],"wp:featuredmedia":[{"embeddable":true,"href":"https:\/\/www.cric-colombia.org\/portal\/wp-json\/wp\/v2\/media\/3291"}],"wp:attachment":[{"href":"https:\/\/www.cric-colombia.org\/portal\/wp-json\/wp\/v2\/media?parent=19102"}],"wp:term":[{"taxonomy":"category","embeddable":true,"href":"https:\/\/www.cric-colombia.org\/portal\/wp-json\/wp\/v2\/categories?post=19102"},{"taxonomy":"post_tag","embeddable":true,"href":"https:\/\/www.cric-colombia.org\/portal\/wp-json\/wp\/v2\/tags?post=19102"}],"curies":[{"name":"wp","href":"https:\/\/api.w.org\/{rel}","templated":true}]}}