{"id":18026,"date":"2017-05-31T16:09:47","date_gmt":"2017-05-31T21:09:47","guid":{"rendered":"http:\/\/www.cric-colombia.org\/portal\/?p=18026"},"modified":"2017-05-31T16:36:33","modified_gmt":"2017-05-31T21:36:33","slug":"uaiin-pebi-cric-realizara-la-viii-asamblea-de-estudiantes-indigenas","status":"publish","type":"post","link":"https:\/\/www.cric-colombia.org\/portal\/uaiin-pebi-cric-realizara-la-viii-asamblea-de-estudiantes-indigenas\/","title":{"rendered":"UAIIN-PEBI-CRIC realizara  la VIII Asamblea de Estudiantes Ind\u00edgenas"},"content":{"rendered":"<p style=\"text-align: justify;\">El Consejo Regional Ind\u00edgena del Cauca, Programa de Educaci\u00f3n Biling\u00fce e Intercultural \u2013 PEBI y la Universidad Aut\u00f3noma Ind\u00edgena Intercultural UAIIN. Convocan \u00a0a la <strong><em>VIII Asamblea de Estudiantes de la UAIIN \u2013 PEBI \u2013CRIC<\/em><\/strong>, a realizarse del 09 al 11 de Junio de 2017, en la Sede Pedag\u00f3gica ubicada en el Barrio La Aldea \u2013 Popay\u00e1n, con el fin de continuar con el avance de la Autonom\u00eda Educativa en el Gran Territorio CRIC en el marco de los Componentes del SEIP.<!--more--><\/p>\n<p style=\"text-align: justify;\">Uno de los principios que ha orientado la din\u00e1mica organizativa de nuestros pueblos congregados en el CRIC, es la construcci\u00f3n colectiva de todos los procesos. Esta pr\u00e1ctica no es ajena a los objetivos de la Universidad Aut\u00f3noma Ind\u00edgena Intercultural \u2013UAIIN- PEBI, para quien la presencia activa, reflexiva y propositiva de sus estudiantes, es fundamental en el ejercicio de direccionamiento de sus acciones en los campos pol\u00edtico, pedag\u00f3gico y administrativo.<\/p>\n<p style=\"text-align: justify;\">En esta VIII Asamblea, nos convocamos\u00a0 para que en tres momentos analicemos aspectos significativos del devenir de nuestros Pueblos; uno, contando con el aporte del soci\u00f3logo portugu\u00e9s Boaventura de Sousa\u00a0 Santos; en el segundo momento, de manera interna, analizaremos aspectos relacionados con el funcionamiento integral de nuestra Universidad y su relaci\u00f3n con el Sistema Educativo Ind\u00edgena Propio \u2013SEIP-, y un tercer momento de nuevo con el profesor de Sousa, a manera de di\u00e1logo participativo. Esperamos a todas y todos con mucho inter\u00e9s y entusiasmo para continuar construyendo de manera conjunta este sue\u00f1o de nuestras comunidades.<\/p>\n<p style=\"text-align: justify;\"><strong>\u00a0Objetivos: <\/strong>En el contexto social, pol\u00edtico, pedag\u00f3gico de la UAIIN &#8211; PEBI, analizar de manera conjunta las implicaciones de asumir como propia la Pol\u00edtica del Buen Vivir\/Vivir Bien que los Pueblos Ind\u00edgenas de Abya Yala hemos lanzado al mundo, en especial en cuanto a los procesos de Paz en Colombia, en el entendido que la paz es una responsabilidad de toda la sociedad y no de un gobierno en particular y donde la garant\u00eda del goce efectivo de los derechos es el mejor ambiente para que ella sea posible, con el fin de fortalecer la propuesta UAIIN y los caminos que estamos trazando para desarrollarla.\u00a0<strong>\u00a0<\/strong><\/p>\n<p style=\"text-align: justify;\"><strong>Espec\u00edficos<\/strong><strong>\u00a0<\/strong><\/p>\n<ul style=\"text-align: justify;\">\n<li style=\"text-align: justify;\">Aportar a una visi\u00f3n cr\u00edtica de las condiciones actuales del movimiento ind\u00edgena en aspectos relacionados con la construcci\u00f3n de paz, la jurisdicci\u00f3n ind\u00edgena, as\u00ed como los enfoques y alcances del Buen Vivir como alternativa a las concepciones y pr\u00e1cticas del desarrollo en las que hoy nos encontramos.<\/li>\n<\/ul>\n<ul style=\"text-align: justify;\">\n<li style=\"text-align: justify;\">Analizar avances y proyecciones de operatividad de la UAIIN &#8211; PEBI, posibilitando el establecimiento de una ruta conjunta de responsabilidades en el corto, mediano y largo plazo.<\/li>\n<\/ul>\n<p style=\"text-align: justify;\">La Universidad Ind\u00edgena del CRIC, es ratificada desde el a\u00f1o 2003 por las autoridades ind\u00edgenas del Cauca, en la cual hasta el momento \u00a0tiene ocho programas de formaci\u00f3n, los cuales corresponden: Pedagog\u00eda comunitaria, administraci\u00f3n propia desarrollo comunitario, comunicaci\u00f3n propia, derecho propio, revitalizaci\u00f3n Madre tierra, Lenguas originarias, Salud propia. Estos programas naces viendo \u00a0la necesidad desde las mismas comunidades.<strong>\u00a0<\/strong><\/p>\n<p style=\"text-align: justify;\"><strong>Agenda de Trabajo<\/strong><strong>\u00a0<\/strong><\/p>\n<p style=\"text-align: justify;\"><strong>Primer D\u00eda<\/strong><\/p>\n<ul style=\"text-align: justify;\">\n<li>Buen vivir, encuentros, desencuentros, retos y proyecciones<\/li>\n<li>Jurisdicci\u00f3n ind\u00edgena en Colombia \u2013 Pluralismo Jur\u00eddico<\/li>\n<li>\u201cPerspectivas de paz desde las organizaciones sociales\u201d, encuentro social<\/li>\n<\/ul>\n<p style=\"text-align: justify;\"><strong>Segundo D\u00eda<\/strong><\/p>\n<ul style=\"text-align: justify;\">\n<li>Contexto pol\u00edtico y XV congreso CRIC (Gran Territorio CRIC)<\/li>\n<li>Informe de trabajo de la UAIIN \u2013 PEBI<\/li>\n<li>Reglamentaci\u00f3n \u2013 Ruta Jur\u00eddica UAIIN \u2013 PEBI<\/li>\n<li>Propuesta de autofinanciaci\u00f3n<\/li>\n<li>Socializaci\u00f3n de la Estructura Pedag\u00f3gica SEIP<\/li>\n<\/ul>\n<p style=\"text-align: justify;\"><strong>\u00a0Tercer D\u00eda<\/strong><strong>\u00a0<\/strong><\/p>\n<ul style=\"text-align: justify;\">\n<li style=\"text-align: justify;\">Di\u00e1logo con el profesor Boaventura de Sousa Santos (concepto de Buen Vivir Comunitario, perspectivas de la jurisdicci\u00f3n especial ind\u00edgena en Colombia, proceso de Paz en territorios ind\u00edgenas, fortalecimiento de la UAIIN y la propuesta de Universidades Ind\u00edgenas)<\/li>\n<\/ul>\n<p style=\"text-align: justify;\"><strong>Horarios de Trabajo<\/strong><strong>\u00a0<\/strong><\/p>\n<table>\n<tbody>\n<tr>\n<td colspan=\"4\" width=\"604\"><strong>Jueves, 8 de junio de 2017<\/strong><\/td>\n<\/tr>\n<tr>\n<td width=\"238\"><strong>ACTIVIDAD<\/strong><\/td>\n<td width=\"81\"><strong>HORA<\/strong><\/td>\n<td width=\"194\"><strong>RESPONSABLE<\/strong><\/td>\n<td width=\"91\"><strong>TIEMPO<\/strong><\/td>\n<\/tr>\n<tr>\n<td width=\"238\">Llegada de los estudiantes<\/td>\n<td width=\"81\">3 p.m.<\/td>\n<td width=\"194\"><\/td>\n<td width=\"91\"><\/td>\n<\/tr>\n<tr>\n<td width=\"238\">Instalaci\u00f3n, presentaci\u00f3n de participantes<\/td>\n<td width=\"81\">4 p.m.<\/td>\n<td width=\"194\">Rosalba Ipia Ulcu\u00e9<\/td>\n<td width=\"91\"><\/td>\n<\/tr>\n<tr>\n<td colspan=\"4\" width=\"604\"><strong>Viernes, 9 de junio de 2017<\/strong><\/td>\n<\/tr>\n<tr>\n<td width=\"238\">Buen Vivir Comunitario, desde el concepto Nasa del w\u00eat w\u00eat fi`zenxi<\/td>\n<td width=\"81\">8 a.m.<\/td>\n<td width=\"194\">Manuel Sisco<\/td>\n<td width=\"91\">30 minutos<\/td>\n<\/tr>\n<tr>\n<td width=\"238\">Pol\u00edticas del Buen Vivir\/Vivir Bien<\/td>\n<td width=\"81\">8:30 a.m.<\/td>\n<td width=\"194\">Boaventura de Sousa Santos<\/td>\n<td width=\"91\">45 minutos<\/td>\n<\/tr>\n<tr>\n<td width=\"238\">Di\u00e1logo con los estudiantes<\/td>\n<td width=\"81\">9:15 a.m.<\/td>\n<td width=\"194\"><\/td>\n<td width=\"91\">1 hora<\/td>\n<\/tr>\n<tr>\n<td width=\"238\">REFRIGERIO<\/td>\n<td width=\"81\">10:15 am<\/td>\n<td width=\"194\"><\/td>\n<td width=\"91\">30 min<\/td>\n<\/tr>\n<tr>\n<td width=\"238\">Jurisdicci\u00f3n Ind\u00edgena: Retos y desaf\u00edos<\/td>\n<td width=\"81\">10:45 a.m.<\/td>\n<td width=\"194\">Feliciano Valencia<\/td>\n<td width=\"91\">30 minutos<\/td>\n<\/tr>\n<tr>\n<td width=\"238\">Pluralismo Jur\u00eddico<\/td>\n<td width=\"81\">11:15 a.m.<\/td>\n<td width=\"194\">Boaventura de Sousa Santos<\/td>\n<td width=\"91\">45 minutos<\/td>\n<\/tr>\n<tr>\n<td width=\"238\">Di\u00e1logo con los estudiantes<\/td>\n<td width=\"81\">12 m<\/td>\n<td width=\"194\"><\/td>\n<td width=\"91\">1 hora<\/td>\n<\/tr>\n<tr>\n<td width=\"238\">ALMUERZO<\/td>\n<td width=\"81\">1 p.m.<\/td>\n<td width=\"194\"><\/td>\n<td width=\"91\">1 hora<\/td>\n<\/tr>\n<tr>\n<td width=\"238\">Construcci\u00f3n de Paz en Colombia, desde el movimiento ind\u00edgena<\/td>\n<td width=\"81\">2 p.m.<\/td>\n<td width=\"194\">Ayda Marina Quilcu\u00e9<\/td>\n<td width=\"91\">30 minutos<\/td>\n<\/tr>\n<tr>\n<td width=\"238\">Una mirada sobre el Proceso de Paz en Colombia<\/td>\n<td width=\"81\">2:30 p.m.<\/td>\n<td width=\"194\">Boaventura de Sousa Santos<\/td>\n<td width=\"91\">30 minutos<\/td>\n<\/tr>\n<tr>\n<td width=\"238\">Participaci\u00f3n en el encuentro de Organizaciones Sociales con el profesor De Sousa<\/td>\n<td width=\"81\">4 p.m.<\/td>\n<td width=\"194\">Auditorio ASOINCA<\/td>\n<td width=\"91\"><\/td>\n<\/tr>\n<\/tbody>\n<\/table>\n<table>\n<tbody>\n<tr>\n<td colspan=\"4\" width=\"604\"><strong>S\u00e1bado, 10 de junio de 2017<\/strong><\/td>\n<\/tr>\n<tr>\n<td width=\"238\"><strong>ACTIVIDAD<\/strong><\/td>\n<td width=\"81\"><strong>HORA<\/strong><\/td>\n<td width=\"194\"><strong>RESPONSABLE<\/strong><\/td>\n<td width=\"91\"><strong>TIEMPO<\/strong><\/td>\n<\/tr>\n<tr>\n<td width=\"238\">Contexto pol\u00edtico y XV congreso CRIC (Gran Territorio CRIC)<\/td>\n<td width=\"81\">8 a.m.<\/td>\n<td width=\"194\">Jose Domingo Cald\u00f3n<\/p>\n<p>Dilio Pillimu\u00e9 Tunubal\u00e1<\/td>\n<td width=\"91\"><\/td>\n<\/tr>\n<tr>\n<td width=\"238\">Informe de trabajo de la UAIIN \u2013 PEBI<\/td>\n<td width=\"81\">10 a.m.<\/td>\n<td width=\"194\">Rosalba Ipia Ulcu\u00e9<\/td>\n<td width=\"91\"><\/td>\n<\/tr>\n<tr>\n<td width=\"238\">ALMUERZO<\/td>\n<td width=\"81\">1 p.m.<\/td>\n<td width=\"194\"><\/td>\n<td width=\"91\"><\/td>\n<\/tr>\n<tr>\n<td width=\"238\">Reglamentaci\u00f3n \u2013 Ruta Jur\u00eddica UAIIN \u2013 PEBI<\/td>\n<td width=\"81\">2 p.m.<\/td>\n<td width=\"194\">Ernesto Perafan Echeverry<\/td>\n<td width=\"91\"><\/td>\n<\/tr>\n<tr>\n<td width=\"238\">Propuesta de autofinanciaci\u00f3n<\/td>\n<td width=\"81\">3 p.m.<\/td>\n<td width=\"194\">Miller Jimenez y Alicia Chocu\u00e9 Guasaquillo<\/td>\n<td width=\"91\"><\/td>\n<\/tr>\n<tr>\n<td width=\"238\">Socializaci\u00f3n de la estructura pedag\u00f3gica SEIP<\/td>\n<td width=\"81\">4 p.m.<\/td>\n<td width=\"194\">Leyer Zemanate<\/td>\n<td width=\"91\"><\/td>\n<\/tr>\n<\/tbody>\n<\/table>\n<table>\n<tbody>\n<tr style=\"height: 51px; text-align: justify;\">\n<td style=\"height: 51px;\" colspan=\"4\" width=\"604\"><strong>Domingo, 11 de junio de 2017<\/strong><\/td>\n<\/tr>\n<tr style=\"height: 51px; text-align: justify;\">\n<td style=\"height: 51px;\" width=\"234\"><strong>ACTIVIDAD<\/strong><\/td>\n<td style=\"height: 51px;\" width=\"76\"><strong>HORA<\/strong><\/td>\n<td style=\"height: 51px;\" width=\"198\"><strong>RESPONSABLE<\/strong><\/td>\n<td style=\"height: 51px;\" width=\"96\"><strong>TIEMPO<\/strong><\/td>\n<\/tr>\n<tr style=\"height: 102px; text-align: justify;\">\n<td style=\"height: 102px;\" width=\"234\">La UAIIN y la apuesta de las universidades ind\u00edgenas del continente<\/td>\n<td style=\"height: 102px;\" width=\"76\">8:30 am<\/td>\n<td style=\"height: 102px;\" width=\"198\">Libio Palechor Ar\u00e9valo<\/td>\n<td style=\"height: 102px;\" width=\"96\">30\u00a0 ios<\/td>\n<\/tr>\n<tr style=\"height: 51px; text-align: justify;\">\n<td style=\"height: 51px;\" width=\"234\">Trabajo en comisiones<\/td>\n<td style=\"height: 51px;\" width=\"76\">9 a.m.<\/td>\n<td style=\"height: 51px;\" width=\"198\"><\/td>\n<td style=\"height: 51px;\" width=\"96\">1 hora<\/td>\n<\/tr>\n<tr style=\"height: 51px; text-align: justify;\">\n<td style=\"height: 51px;\" width=\"234\">Plenaria<\/td>\n<td style=\"height: 51px;\" width=\"76\">10 a.m.<\/td>\n<td style=\"height: 51px;\" width=\"198\"><\/td>\n<td style=\"height: 51px;\" width=\"96\">1 hora<\/td>\n<\/tr>\n<tr style=\"height: 51px; text-align: justify;\">\n<td style=\"height: 51px;\" width=\"234\">Comentarios<\/td>\n<td style=\"height: 51px;\" width=\"76\">11 a.m<\/td>\n<td style=\"height: 51px;\" width=\"198\">Boaventura de Sousa<\/td>\n<td style=\"height: 51px;\" width=\"96\">1 hora<\/td>\n<\/tr>\n<tr style=\"height: 51px; text-align: justify;\">\n<td style=\"height: 51px;\" width=\"234\">Conclusiones y tareas<\/td>\n<td style=\"height: 51px;\" width=\"76\">12 m<\/td>\n<td style=\"height: 51px;\" width=\"198\"><\/td>\n<td style=\"height: 51px;\" width=\"96\">1 hora<\/td>\n<\/tr>\n<tr style=\"height: 51px; text-align: justify;\">\n<td style=\"height: 51px;\" width=\"234\">ALMUERZO<\/td>\n<td style=\"height: 51px;\" width=\"76\">1 p.m.<\/td>\n<td style=\"height: 51px;\" width=\"198\"><\/td>\n<td style=\"height: 51px;\" width=\"96\"><\/td>\n<\/tr>\n<tr style=\"height: 51px;\">\n<td style=\"height: 51px; text-align: justify;\" width=\"234\">CLAUSURA<\/td>\n<td style=\"height: 51px; text-align: justify;\" width=\"76\">2 p.m.<\/td>\n<td style=\"height: 51px; text-align: justify;\" width=\"198\"><\/td>\n<td style=\"height: 51px;\" width=\"96\"><\/td>\n<\/tr>\n<\/tbody>\n<\/table>\n<p>&nbsp;<\/p>\n<p><strong>Audio Rosalba Velasco &#8211; Coordinadora UAIIN-PEBI-CRIC<\/strong><\/p>\n<!--[if lt IE 9]><script>document.createElement('audio');<\/script><![endif]-->\n<audio class=\"wp-audio-shortcode\" id=\"audio-18026-1\" preload=\"none\" style=\"width: 100%;\" controls=\"controls\"><source type=\"audio\/mpeg\" src=\"https:\/\/co.ivoox.com\/es\/audio-rosalba-enuentro-estudiantes-uaiin_md_19003021_wp_1.mp3?_=1\" \/><a href=\"https:\/\/co.ivoox.com\/es\/audio-rosalba-enuentro-estudiantes-uaiin_md_19003021_wp_1.mp3\">https:\/\/co.ivoox.com\/es\/audio-rosalba-enuentro-estudiantes-uaiin_md_19003021_wp_1.mp3<\/a><\/audio>\n<p><a title=\" Audio Rosalba - Enuentro estudiantes UAIIN\" href=\"https:\/\/co.ivoox.com\/es\/audio-rosalba-enuentro-estudiantes-uaiin-audios-mp3_rf_19003021_1.html\" target=\"\u201d_blank\u201d\">Ir a descargar<\/a><\/p>\n<p><strong>Por: Programa de Comunicaciones y Educaci\u00f3n Biling\u00fce Intercultural PEBI &#8211; CRIC<\/strong><\/p>\n","protected":false},"excerpt":{"rendered":"<p>El Consejo Regional Ind\u00edgena del Cauca, Programa de Educaci\u00f3n Biling\u00fce e Intercultural \u2013 PEBI y la Universidad Aut\u00f3noma Ind\u00edgena Intercultural UAIIN. Convocan \u00a0a la VIII Asamblea de Estudiantes de la UAIIN \u2013 PEBI \u2013CRIC, a realizarse del 09 al 11 de Junio de 2017, en la Sede Pedag\u00f3gica ubicada en el Barrio La Aldea \u2013 <\/p>\n","protected":false},"author":6,"featured_media":15334,"comment_status":"open","ping_status":"open","sticky":false,"template":"","format":"standard","meta":{"footnotes":""},"categories":[3],"tags":[],"yoast_head":"<!-- This site is optimized with the Yoast SEO plugin v20.12 - https:\/\/yoast.com\/wordpress\/plugins\/seo\/ -->\n<title>UAIIN-PEBI-CRIC realizara la VIII Asamblea de Estudiantes Ind\u00edgenas - Consejo Regional Ind\u00edgena del Cauca - CRIC<\/title>\n<meta name=\"robots\" content=\"index, follow, max-snippet:-1, max-image-preview:large, max-video-preview:-1\" \/>\n<link rel=\"canonical\" href=\"https:\/\/www.cric-colombia.org\/portal\/uaiin-pebi-cric-realizara-la-viii-asamblea-de-estudiantes-indigenas\/\" \/>\n<meta property=\"og:locale\" content=\"es_ES\" \/>\n<meta property=\"og:type\" content=\"article\" \/>\n<meta property=\"og:title\" content=\"UAIIN-PEBI-CRIC realizara la VIII Asamblea de Estudiantes Ind\u00edgenas - Consejo Regional Ind\u00edgena del Cauca - CRIC\" \/>\n<meta property=\"og:description\" content=\"El Consejo Regional Ind\u00edgena del Cauca, Programa de Educaci\u00f3n Biling\u00fce e Intercultural \u2013 PEBI y la Universidad Aut\u00f3noma Ind\u00edgena Intercultural UAIIN. Convocan \u00a0a la VIII Asamblea de Estudiantes de la UAIIN \u2013 PEBI \u2013CRIC, a realizarse del 09 al 11 de Junio de 2017, en la Sede Pedag\u00f3gica ubicada en el Barrio La Aldea \u2013\" \/>\n<meta property=\"og:url\" content=\"https:\/\/www.cric-colombia.org\/portal\/uaiin-pebi-cric-realizara-la-viii-asamblea-de-estudiantes-indigenas\/\" \/>\n<meta property=\"og:site_name\" content=\"Consejo Regional Ind\u00edgena del Cauca - CRIC\" \/>\n<meta property=\"article:publisher\" content=\"https:\/\/www.facebook.com\/cric.colombia\/\" \/>\n<meta property=\"article:published_time\" content=\"2017-05-31T21:09:47+00:00\" \/>\n<meta property=\"article:modified_time\" content=\"2017-05-31T21:36:33+00:00\" \/>\n<meta property=\"og:image\" content=\"https:\/\/www.cric-colombia.org\/portal\/wp-content\/uploads\/2016\/09\/logo-UAIIN-copyright-CRIC.png\" \/>\n\t<meta property=\"og:image:width\" content=\"960\" \/>\n\t<meta property=\"og:image:height\" content=\"946\" \/>\n\t<meta property=\"og:image:type\" content=\"image\/png\" \/>\n<meta name=\"author\" content=\"Comunicaciones CRIC\" \/>\n<meta name=\"twitter:card\" content=\"summary_large_image\" \/>\n<meta name=\"twitter:creator\" content=\"@CRIC_Cauca\" \/>\n<meta name=\"twitter:site\" content=\"@CRIC_Cauca\" \/>\n<meta name=\"twitter:label1\" content=\"Escrito por\" \/>\n\t<meta name=\"twitter:data1\" content=\"Comunicaciones CRIC\" \/>\n\t<meta name=\"twitter:label2\" content=\"Tiempo de lectura\" \/>\n\t<meta name=\"twitter:data2\" content=\"5 minutos\" \/>\n<script type=\"application\/ld+json\" class=\"yoast-schema-graph\">{\"@context\":\"https:\/\/schema.org\",\"@graph\":[{\"@type\":\"Article\",\"@id\":\"https:\/\/www.cric-colombia.org\/portal\/uaiin-pebi-cric-realizara-la-viii-asamblea-de-estudiantes-indigenas\/#article\",\"isPartOf\":{\"@id\":\"https:\/\/www.cric-colombia.org\/portal\/uaiin-pebi-cric-realizara-la-viii-asamblea-de-estudiantes-indigenas\/\"},\"author\":{\"name\":\"Comunicaciones CRIC\",\"@id\":\"https:\/\/www.cric-colombia.org\/portal\/#\/schema\/person\/ab3a3099267de33d55f74f34ba201931\"},\"headline\":\"UAIIN-PEBI-CRIC realizara la VIII Asamblea de Estudiantes Ind\u00edgenas\",\"datePublished\":\"2017-05-31T21:09:47+00:00\",\"dateModified\":\"2017-05-31T21:36:33+00:00\",\"mainEntityOfPage\":{\"@id\":\"https:\/\/www.cric-colombia.org\/portal\/uaiin-pebi-cric-realizara-la-viii-asamblea-de-estudiantes-indigenas\/\"},\"wordCount\":971,\"commentCount\":0,\"publisher\":{\"@id\":\"https:\/\/www.cric-colombia.org\/portal\/#organization\"},\"articleSection\":[\"Actualidad Ind\u00edgena del Cauca\"],\"inLanguage\":\"es\",\"potentialAction\":[{\"@type\":\"CommentAction\",\"name\":\"Comment\",\"target\":[\"https:\/\/www.cric-colombia.org\/portal\/uaiin-pebi-cric-realizara-la-viii-asamblea-de-estudiantes-indigenas\/#respond\"]}]},{\"@type\":\"WebPage\",\"@id\":\"https:\/\/www.cric-colombia.org\/portal\/uaiin-pebi-cric-realizara-la-viii-asamblea-de-estudiantes-indigenas\/\",\"url\":\"https:\/\/www.cric-colombia.org\/portal\/uaiin-pebi-cric-realizara-la-viii-asamblea-de-estudiantes-indigenas\/\",\"name\":\"UAIIN-PEBI-CRIC realizara la VIII Asamblea de Estudiantes Ind\u00edgenas - Consejo Regional Ind\u00edgena del Cauca - CRIC\",\"isPartOf\":{\"@id\":\"https:\/\/www.cric-colombia.org\/portal\/#website\"},\"datePublished\":\"2017-05-31T21:09:47+00:00\",\"dateModified\":\"2017-05-31T21:36:33+00:00\",\"breadcrumb\":{\"@id\":\"https:\/\/www.cric-colombia.org\/portal\/uaiin-pebi-cric-realizara-la-viii-asamblea-de-estudiantes-indigenas\/#breadcrumb\"},\"inLanguage\":\"es\",\"potentialAction\":[{\"@type\":\"ReadAction\",\"target\":[\"https:\/\/www.cric-colombia.org\/portal\/uaiin-pebi-cric-realizara-la-viii-asamblea-de-estudiantes-indigenas\/\"]}]},{\"@type\":\"BreadcrumbList\",\"@id\":\"https:\/\/www.cric-colombia.org\/portal\/uaiin-pebi-cric-realizara-la-viii-asamblea-de-estudiantes-indigenas\/#breadcrumb\",\"itemListElement\":[{\"@type\":\"ListItem\",\"position\":1,\"name\":\"Portada\",\"item\":\"https:\/\/www.cric-colombia.org\/portal\/\"},{\"@type\":\"ListItem\",\"position\":2,\"name\":\"UAIIN-PEBI-CRIC realizara la VIII Asamblea de Estudiantes Ind\u00edgenas\"}]},{\"@type\":\"WebSite\",\"@id\":\"https:\/\/www.cric-colombia.org\/portal\/#website\",\"url\":\"https:\/\/www.cric-colombia.org\/portal\/\",\"name\":\"Consejo Regional Ind\u00edgena del Cauca - CRIC\",\"description\":\"P\u00e1gina oficial del Consejo Regional Ind\u00edgena del Cauca, Colombia\",\"publisher\":{\"@id\":\"https:\/\/www.cric-colombia.org\/portal\/#organization\"},\"potentialAction\":[{\"@type\":\"SearchAction\",\"target\":{\"@type\":\"EntryPoint\",\"urlTemplate\":\"https:\/\/www.cric-colombia.org\/portal\/?s={search_term_string}\"},\"query-input\":\"required name=search_term_string\"}],\"inLanguage\":\"es\"},{\"@type\":\"Organization\",\"@id\":\"https:\/\/www.cric-colombia.org\/portal\/#organization\",\"name\":\"Consejo Regional Ind\u00edgena del Cauca\",\"url\":\"https:\/\/www.cric-colombia.org\/portal\/\",\"logo\":{\"@type\":\"ImageObject\",\"inLanguage\":\"es\",\"@id\":\"https:\/\/www.cric-colombia.org\/portal\/#\/schema\/logo\/image\/\",\"url\":\"https:\/\/www.cric-colombia.org\/portal\/wp-content\/uploads\/2015\/08\/logo_cric.jpg\",\"contentUrl\":\"https:\/\/www.cric-colombia.org\/portal\/wp-content\/uploads\/2015\/08\/logo_cric.jpg\",\"width\":512,\"height\":512,\"caption\":\"Consejo Regional Ind\u00edgena del Cauca\"},\"image\":{\"@id\":\"https:\/\/www.cric-colombia.org\/portal\/#\/schema\/logo\/image\/\"},\"sameAs\":[\"https:\/\/www.facebook.com\/cric.colombia\/\",\"https:\/\/twitter.com\/CRIC_Cauca\"]},{\"@type\":\"Person\",\"@id\":\"https:\/\/www.cric-colombia.org\/portal\/#\/schema\/person\/ab3a3099267de33d55f74f34ba201931\",\"name\":\"Comunicaciones CRIC\",\"image\":{\"@type\":\"ImageObject\",\"inLanguage\":\"es\",\"@id\":\"https:\/\/www.cric-colombia.org\/portal\/#\/schema\/person\/image\/\",\"url\":\"https:\/\/secure.gravatar.com\/avatar\/a8d1a6cfcb82a80d09dafefdcc3dcc8a?s=96&d=retro&r=g\",\"contentUrl\":\"https:\/\/secure.gravatar.com\/avatar\/a8d1a6cfcb82a80d09dafefdcc3dcc8a?s=96&d=retro&r=g\",\"caption\":\"Comunicaciones CRIC\"},\"url\":\"https:\/\/www.cric-colombia.org\/portal\/author\/comunicaciones\/\"}]}<\/script>\n<!-- \/ Yoast SEO plugin. -->","yoast_head_json":{"title":"UAIIN-PEBI-CRIC realizara la VIII Asamblea de Estudiantes Ind\u00edgenas - Consejo Regional Ind\u00edgena del Cauca - CRIC","robots":{"index":"index","follow":"follow","max-snippet":"max-snippet:-1","max-image-preview":"max-image-preview:large","max-video-preview":"max-video-preview:-1"},"canonical":"https:\/\/www.cric-colombia.org\/portal\/uaiin-pebi-cric-realizara-la-viii-asamblea-de-estudiantes-indigenas\/","og_locale":"es_ES","og_type":"article","og_title":"UAIIN-PEBI-CRIC realizara la VIII Asamblea de Estudiantes Ind\u00edgenas - Consejo Regional Ind\u00edgena del Cauca - CRIC","og_description":"El Consejo Regional Ind\u00edgena del Cauca, Programa de Educaci\u00f3n Biling\u00fce e Intercultural \u2013 PEBI y la Universidad Aut\u00f3noma Ind\u00edgena Intercultural UAIIN. Convocan \u00a0a la VIII Asamblea de Estudiantes de la UAIIN \u2013 PEBI \u2013CRIC, a realizarse del 09 al 11 de Junio de 2017, en la Sede Pedag\u00f3gica ubicada en el Barrio La Aldea \u2013","og_url":"https:\/\/www.cric-colombia.org\/portal\/uaiin-pebi-cric-realizara-la-viii-asamblea-de-estudiantes-indigenas\/","og_site_name":"Consejo Regional Ind\u00edgena del Cauca - CRIC","article_publisher":"https:\/\/www.facebook.com\/cric.colombia\/","article_published_time":"2017-05-31T21:09:47+00:00","article_modified_time":"2017-05-31T21:36:33+00:00","og_image":[{"width":960,"height":946,"url":"https:\/\/www.cric-colombia.org\/portal\/wp-content\/uploads\/2016\/09\/logo-UAIIN-copyright-CRIC.png","type":"image\/png"}],"author":"Comunicaciones CRIC","twitter_card":"summary_large_image","twitter_creator":"@CRIC_Cauca","twitter_site":"@CRIC_Cauca","twitter_misc":{"Escrito por":"Comunicaciones CRIC","Tiempo de lectura":"5 minutos"},"schema":{"@context":"https:\/\/schema.org","@graph":[{"@type":"Article","@id":"https:\/\/www.cric-colombia.org\/portal\/uaiin-pebi-cric-realizara-la-viii-asamblea-de-estudiantes-indigenas\/#article","isPartOf":{"@id":"https:\/\/www.cric-colombia.org\/portal\/uaiin-pebi-cric-realizara-la-viii-asamblea-de-estudiantes-indigenas\/"},"author":{"name":"Comunicaciones CRIC","@id":"https:\/\/www.cric-colombia.org\/portal\/#\/schema\/person\/ab3a3099267de33d55f74f34ba201931"},"headline":"UAIIN-PEBI-CRIC realizara la VIII Asamblea de Estudiantes Ind\u00edgenas","datePublished":"2017-05-31T21:09:47+00:00","dateModified":"2017-05-31T21:36:33+00:00","mainEntityOfPage":{"@id":"https:\/\/www.cric-colombia.org\/portal\/uaiin-pebi-cric-realizara-la-viii-asamblea-de-estudiantes-indigenas\/"},"wordCount":971,"commentCount":0,"publisher":{"@id":"https:\/\/www.cric-colombia.org\/portal\/#organization"},"articleSection":["Actualidad Ind\u00edgena del Cauca"],"inLanguage":"es","potentialAction":[{"@type":"CommentAction","name":"Comment","target":["https:\/\/www.cric-colombia.org\/portal\/uaiin-pebi-cric-realizara-la-viii-asamblea-de-estudiantes-indigenas\/#respond"]}]},{"@type":"WebPage","@id":"https:\/\/www.cric-colombia.org\/portal\/uaiin-pebi-cric-realizara-la-viii-asamblea-de-estudiantes-indigenas\/","url":"https:\/\/www.cric-colombia.org\/portal\/uaiin-pebi-cric-realizara-la-viii-asamblea-de-estudiantes-indigenas\/","name":"UAIIN-PEBI-CRIC realizara la VIII Asamblea de Estudiantes Ind\u00edgenas - Consejo Regional Ind\u00edgena del Cauca - CRIC","isPartOf":{"@id":"https:\/\/www.cric-colombia.org\/portal\/#website"},"datePublished":"2017-05-31T21:09:47+00:00","dateModified":"2017-05-31T21:36:33+00:00","breadcrumb":{"@id":"https:\/\/www.cric-colombia.org\/portal\/uaiin-pebi-cric-realizara-la-viii-asamblea-de-estudiantes-indigenas\/#breadcrumb"},"inLanguage":"es","potentialAction":[{"@type":"ReadAction","target":["https:\/\/www.cric-colombia.org\/portal\/uaiin-pebi-cric-realizara-la-viii-asamblea-de-estudiantes-indigenas\/"]}]},{"@type":"BreadcrumbList","@id":"https:\/\/www.cric-colombia.org\/portal\/uaiin-pebi-cric-realizara-la-viii-asamblea-de-estudiantes-indigenas\/#breadcrumb","itemListElement":[{"@type":"ListItem","position":1,"name":"Portada","item":"https:\/\/www.cric-colombia.org\/portal\/"},{"@type":"ListItem","position":2,"name":"UAIIN-PEBI-CRIC realizara la VIII Asamblea de Estudiantes Ind\u00edgenas"}]},{"@type":"WebSite","@id":"https:\/\/www.cric-colombia.org\/portal\/#website","url":"https:\/\/www.cric-colombia.org\/portal\/","name":"Consejo Regional Ind\u00edgena del Cauca - CRIC","description":"P\u00e1gina oficial del Consejo Regional Ind\u00edgena del Cauca, Colombia","publisher":{"@id":"https:\/\/www.cric-colombia.org\/portal\/#organization"},"potentialAction":[{"@type":"SearchAction","target":{"@type":"EntryPoint","urlTemplate":"https:\/\/www.cric-colombia.org\/portal\/?s={search_term_string}"},"query-input":"required name=search_term_string"}],"inLanguage":"es"},{"@type":"Organization","@id":"https:\/\/www.cric-colombia.org\/portal\/#organization","name":"Consejo Regional Ind\u00edgena del Cauca","url":"https:\/\/www.cric-colombia.org\/portal\/","logo":{"@type":"ImageObject","inLanguage":"es","@id":"https:\/\/www.cric-colombia.org\/portal\/#\/schema\/logo\/image\/","url":"https:\/\/www.cric-colombia.org\/portal\/wp-content\/uploads\/2015\/08\/logo_cric.jpg","contentUrl":"https:\/\/www.cric-colombia.org\/portal\/wp-content\/uploads\/2015\/08\/logo_cric.jpg","width":512,"height":512,"caption":"Consejo Regional Ind\u00edgena del Cauca"},"image":{"@id":"https:\/\/www.cric-colombia.org\/portal\/#\/schema\/logo\/image\/"},"sameAs":["https:\/\/www.facebook.com\/cric.colombia\/","https:\/\/twitter.com\/CRIC_Cauca"]},{"@type":"Person","@id":"https:\/\/www.cric-colombia.org\/portal\/#\/schema\/person\/ab3a3099267de33d55f74f34ba201931","name":"Comunicaciones CRIC","image":{"@type":"ImageObject","inLanguage":"es","@id":"https:\/\/www.cric-colombia.org\/portal\/#\/schema\/person\/image\/","url":"https:\/\/secure.gravatar.com\/avatar\/a8d1a6cfcb82a80d09dafefdcc3dcc8a?s=96&d=retro&r=g","contentUrl":"https:\/\/secure.gravatar.com\/avatar\/a8d1a6cfcb82a80d09dafefdcc3dcc8a?s=96&d=retro&r=g","caption":"Comunicaciones CRIC"},"url":"https:\/\/www.cric-colombia.org\/portal\/author\/comunicaciones\/"}]}},"jetpack_featured_media_url":"https:\/\/www.cric-colombia.org\/portal\/wp-content\/uploads\/2016\/09\/logo-UAIIN-copyright-CRIC.png","_links":{"self":[{"href":"https:\/\/www.cric-colombia.org\/portal\/wp-json\/wp\/v2\/posts\/18026"}],"collection":[{"href":"https:\/\/www.cric-colombia.org\/portal\/wp-json\/wp\/v2\/posts"}],"about":[{"href":"https:\/\/www.cric-colombia.org\/portal\/wp-json\/wp\/v2\/types\/post"}],"author":[{"embeddable":true,"href":"https:\/\/www.cric-colombia.org\/portal\/wp-json\/wp\/v2\/users\/6"}],"replies":[{"embeddable":true,"href":"https:\/\/www.cric-colombia.org\/portal\/wp-json\/wp\/v2\/comments?post=18026"}],"version-history":[{"count":1,"href":"https:\/\/www.cric-colombia.org\/portal\/wp-json\/wp\/v2\/posts\/18026\/revisions"}],"predecessor-version":[{"id":18027,"href":"https:\/\/www.cric-colombia.org\/portal\/wp-json\/wp\/v2\/posts\/18026\/revisions\/18027"}],"wp:featuredmedia":[{"embeddable":true,"href":"https:\/\/www.cric-colombia.org\/portal\/wp-json\/wp\/v2\/media\/15334"}],"wp:attachment":[{"href":"https:\/\/www.cric-colombia.org\/portal\/wp-json\/wp\/v2\/media?parent=18026"}],"wp:term":[{"taxonomy":"category","embeddable":true,"href":"https:\/\/www.cric-colombia.org\/portal\/wp-json\/wp\/v2\/categories?post=18026"},{"taxonomy":"post_tag","embeddable":true,"href":"https:\/\/www.cric-colombia.org\/portal\/wp-json\/wp\/v2\/tags?post=18026"}],"curies":[{"name":"wp","href":"https:\/\/api.w.org\/{rel}","templated":true}]}}