{"id":17341,"date":"2017-04-01T10:52:36","date_gmt":"2017-04-01T15:52:36","guid":{"rendered":"http:\/\/www.cric-colombia.org\/portal\/?p=17341"},"modified":"2017-04-01T10:53:39","modified_gmt":"2017-04-01T15:53:39","slug":"autoridades-indigenas-sath-tama-kiwe-realizan-posicionamiento-politico-en-su-territorio","status":"publish","type":"post","link":"https:\/\/www.cric-colombia.org\/portal\/autoridades-indigenas-sath-tama-kiwe-realizan-posicionamiento-politico-en-su-territorio\/","title":{"rendered":"Caldono: Autoridades Ind\u00edgenas de Sath Tama Kiwe realizan posicionamiento pol\u00edtico en su territorio"},"content":{"rendered":"<p style=\"text-align: justify;\"><strong>Territorio ancestral del pueblo Nasa\u00a0\u00a0 Sath\u00a0 Tama Kiwe,\u00a0<\/strong><strong>Caldono Cauca<\/strong><\/p>\n<p style=\"text-align: justify;\">Las seis\u00a0\u00a0 autoridades\u00a0 tradicionales\u00a0 del\u00a0 territorio\u00a0 ancestral\u00a0 Sath\u00a0 Tama\u00a0 Kiwe Caldono\u00a0 Cauca unidad territorial\u00a0 que consta\u00a0 de 6\u00a0 resguardos\u00a0 a saber:, Resguardo ind\u00edgena\u00a0 la\u00a0 Laguna Siberia, Resguardo\u00a0 San Lorenzo\u00a0 de\u00a0 Caldono, Resguardo las\u00a0 Mercedes, Resguardo de PuebloNuevo, Resguardo de la Aguada San Antonio y Resguardo de Pioya, la consejer\u00eda territorial y las\u00a0 comunidades a la cual\u00a0 representan en ejercicio pleno y legitimo \u00a0del derecho mayor nuestra ley de origen adem\u00e1s de los derechos constitucionales y \u00a0\u00a0convenios\u00a0 internacionales en favor\u00a0 de\u00a0 los\u00a0 pueblos\u00a0 ind\u00edgenas.<!--more--><\/p>\n<p style=\"text-align: justify;\"><strong><u>Emiten\u00a0\u00a0 el siguiente\u00a0 documento de posicionamiento pol\u00edtico como autoridades\u00a0 tradicionales del territorio <\/u><\/strong><\/p>\n<p style=\"text-align: justify;\">En\u00a0 el\u00a0 marco los \u00a0acuerdos de la Habana \u00a0entre el\u00a0 gobierno nacional y las Fuerzas armadas\u00a0 revolucionarias\u00a0 de\u00a0 Colombia FARC \u2013 EP.<\/p>\n<p style=\"text-align: justify;\"><strong>Estructura del Documento<\/strong><\/p>\n<ol style=\"text-align: justify;\">\n<li><strong>Posicionamiento pol\u00edtico de\u00a0 acuerdos gobierno\u00a0 nacional movimiento\u00a0 ind\u00edgena del Cauca.<\/strong><\/li>\n<\/ol>\n<p style=\"text-align: justify;\">Se\u00a0 hace\u00a0 necesario\u00a0 mencionar\u00a0 que\u00a0 el\u00a0 movimiento ind\u00edgena\u00a0 del Cauca, ha\u00a0 venido\u00a0 desde\u00a0 d\u00e9cadas\u00a0 atr\u00e1s\u00a0 adelantando procesos reivindicatorios\u00a0 y planteamientos pol\u00edticos al gobierno\u00a0 nacional los cuales\u00a0 redunden\u00a0 en\u00a0 beneficio de\u00a0 nuestras\u00a0 comunidades, hoy\u00a0 haciendo un\u00a0 an\u00e1lisis\u00a0 de\u00a0 dichos\u00a0 compromisos\u00a0 que\u00a0 ha\u00a0 suscrito\u00a0 el gobierno\u00a0 nacional\u00a0 para\u00a0 con las\u00a0 comunidades\u00a0 ind\u00edgenas\u00a0 del Cauca,\u00a0 nos\u00a0 encontramos\u00a0 con un compendio\u00a0 de m\u00e1s de 1200 acuerdos, los\u00a0 cuales\u00a0 en su\u00a0 mayor\u00eda\u00a0\u00a0 no\u00a0 se\u00a0 han\u00a0 materializado dadas\u00a0 las rutas\u00a0 de mesas\u00a0 tem\u00e1ticas que lo\u00a0 que\u00a0 han\u00a0 hecho\u00a0 es\u00a0 dilatar la\u00a0 efectividad\u00a0 y las\u00a0 responsabilidad\u00a0 del\u00a0 Gobierno\u00a0 nacional \u00a0para\u00a0\u00a0 con\u00a0 los\u00a0 pueblos\u00a0 ind\u00edgenas\u00a0 del\u00a0 Cauca.<\/p>\n<p style=\"text-align: justify;\">Esperamos\u00a0 que la\u00a0 nueva\u00a0 coyuntura\u00a0 de\u00a0 Paz, no deje\u00a0 de lado los planteamientos\u00a0 que\u00a0 hemos\u00a0 venido\u00a0 reafirmando y\u00a0 que\u00a0 por\u00a0 el contrar\u00edo\u00a0 se\u00a0 asuma\u00a0 con\u00a0 efectividad\u00a0 los\u00a0 compromisos\u00a0 establecidos, dado la paz\u00a0 estable y duradera, se refleja en nuestras\u00a0 prioridades en el marco de los planes de vida con hechos\u00a0\u00a0\u00a0 y\u00a0 acciones\u00a0 concretas\u00a0 a\u00a0 un pueblo\u00a0 que\u00a0 ha\u00a0 sido v\u00edctima\u00a0\u00a0 en el marco del conflicto que por d\u00e9cadas azot\u00f3\u00a0 nuestros\u00a0 territorios, y que no solo ha sido v\u00edctima\u00a0 en el marco del conflicto armado si no tambi\u00e9n victima de\u00a0 las pol\u00edticas sociales, econ\u00f3micas, ambientales no concertadas\u00a0 que\u00a0 han colocado en grave\u00a0 riesgo nuestra\u00a0 existencia como pueblos \u00a0ind\u00edgenas\u00a0 seg\u00fan sentencia T 025 de\u00a0 la corte constitucional.<\/p>\n<ol style=\"text-align: justify;\" start=\"2\">\n<li><strong>Posicionamiento pol\u00edtico de\u00a0\u00a0 \u00a0defensa territorial (lectura resoluci\u00f3n de la guardia\u00a0 ind\u00edgena)<\/strong><\/li>\n<\/ol>\n<p style=\"text-align: justify;\">Por\u00a0 otro\u00a0 lado, cabe\u00a0 anotar que antes de que iniciase\u00a0 los di\u00e1logos entre\u00a0 el Gobierno\u00a0 nacional y la FARC EP, y\u00a0 ello\u00a0 desembocara\u00a0 en la suscripci\u00f3n de\u00a0 un acuerdo entre\u00a0 ambos actores con el \u00e1nimo de darle\u00a0 una\u00a0 salida pol\u00edtica\u00a0 y\u00a0 negociada al conflicto en pro\u00a0 de\u00a0 una paz\u00a0 estable\u00a0 y duradera; En estos\u00a0 territorios han\u00a0 permanecido \u00a0una\u00a0 comunidad, unas\u00a0 autoridades tradicionales y unas\u00a0 estructuras\u00a0 organizativas que se\u00a0 han\u00a0 mantenido y se\u00a0 mantendr\u00e1n\u00a0 en el tiempo y\u00a0 el espacio en pro de la pervivencia\u00a0 como\u00a0 pueblo\u00a0 ancestral.<\/p>\n<p style=\"text-align: justify;\">Que los dos actores Gobierno nacional y la Farc\u00a0 como tal,\u00a0 debe\u00a0 reconocer ese\u00a0 ejercicio que milenariamente\u00a0 hemos\u00a0 mantenido\u00a0\u00a0 en pro de la defensa\u00a0 y el control territorial.<\/p>\n<p style=\"text-align: justify;\">Por tanto este\u00a0 escenario nos permite visibilizar \u00a0como territorio\u00a0 ancestral\u00a0 del\u00a0 pueblo\u00a0 nasa Sath\u00a0 Tama Kiwe\u00a0 de Caldono,\u00a0 el \u00a0ejercicio, que no es de ahora que ha\u00a0 estado y continuara\u00a0 presente en nuestra \u00a0la lucha como \u00a0movimiento ind\u00edgena, con acciones pr\u00e1cticas \u00a0de\u00a0 control territorial como ha sido, la erradicaci\u00f3n de cultivos il\u00edcitos, el control frente\u00a0 a\u00a0 la pol\u00edtica de extracci\u00f3n minera, lucha\u00a0 contra\u00a0 la delincuencia com\u00fan\u00a0\u00a0 entre\u00a0 muchos\u00a0 m\u00e1s\u00a0 ejercicios\u00a0 de\u00a0 control \u00a0\u00a0que\u00a0 continuaremos\u00a0 realizando en pro de\u00a0 la\u00a0 gobernabilidad la\u00a0 defensa\u00a0 y el\u00a0 control\u00a0 territorial.<\/p>\n<ol style=\"text-align: justify;\" start=\"3\">\n<li><strong>Posicionamiento de la jurisdicci\u00f3n\u00a0\u00a0 especial ind\u00edgena\u00a0 ante\u00a0 la\u00a0 coyuntura de\u00a0 paz\u00a0 y la Jurisdicci\u00f3n\u00a0 especial para\u00a0 la\u00a0 paz Fas Track<\/strong><\/li>\n<\/ol>\n<p style=\"text-align: justify;\">Por\u00a0 otra\u00a0 parte\u00a0\u00a0 hacemos un llamado\u00a0 al gobierno nacional\u00a0\u00a0 y\u00a0 a las\u00a0 FARC, para que se operativice\u00a0 de\u00a0 el capitulo \u00e9tnico y se generen los mecanismos oportunos, eficaces y eficientes en pro\u00a0 de el cumplimiento del mismo, dado que este fue\u00a0 retomado\u00a0 a \u00faltima hora\u00a0 en la suscripci\u00f3n del acuerdo final, hacemos\u00a0 en este\u00a0 momento\u00a0 dicho llamado ya que consideramos este es la\u00a0 salvaguarda\u00a0 para\u00a0 que los derechos\u00a0 para\u00a0 los ind\u00edgenas y comunidades\u00a0 afros \u00a0\u00a0ya\u00a0 consagrados\u00a0 constitucionalmente no se lesionen y vulneren.<\/p>\n<p style=\"text-align: justify;\">De\u00a0 igual\u00a0 forma hacemos\u00a0 un\u00a0 especial\u00a0\u00a0\u00a0 llamado\u00a0 al\u00a0 congreso\u00a0 de la\u00a0 rep\u00fablica \u00a0que representa al pueblo colombiano \u00a0y seg\u00fan sentencia de la corte constitucional el mecanismo fas trac o v\u00eda r\u00e1pida \u00a0las\u00a0 normas\u00a0 que surjan\u00a0 de\u00a0 este,\u00a0 no vaya\u00a0 en\u00a0 detrimento\u00a0 de los\u00a0 derechos\u00a0 Conquistados por los pueblos \u00e9tnicos en especial\u00a0 para las\u00a0 comunidades\u00a0 ind\u00edgenas \u00a0reconocidas en la constituci\u00f3n pol\u00edtica de Colombia \u00a0\u00a0y convenios\u00a0 internacionales.<\/p>\n<p style=\"text-align: justify;\">Reafirmamos\u00a0 nuestro\u00a0 ejercicio\u00a0 pleno y leg\u00edtimo,\u00a0 como\u00a0 lo\u00a0 es\u00a0 nuestro\u00a0 derecho mayor\u00a0 y nuestra\u00a0 ley\u00a0 de\u00a0 origen y el ejercicio pleno de\u00a0 jurisdicci\u00f3n especial\u00a0 ind\u00edgena como pueblos originarios.<\/p>\n<p style=\"text-align: justify;\">Cabe\u00a0 anotar\u00a0 que\u00a0 es\u00a0 preocupante\u00a0 para nuestra\u00a0 comunidad, el discurso\u00a0 de\u00a0 parte\u00a0 del\u00a0 gobierno\u00a0 nacional\u00a0 donde\u00a0 se\u00a0 plantea\u00a0 la\u00a0 no existencia\u00a0 del\u00a0 paramilitarismo\u00a0 en Colombia, como\u00a0 en su\u00a0 momento\u00a0 se\u00a0\u00a0 desconoci\u00f3\u00a0 la\u00a0 existencia\u00a0\u00a0 del\u00a0 conflicto\u00a0 armado\u00a0\u00a0\u00a0 y la sistem\u00e1tica Violaci\u00f3n de los Derechos Humanos en Colombia; pero la suma\u00a0 de\u00a0 comuneros\u00a0 Guardias, autoridades\u00a0 tradicionales, defensores de\u00a0 derechos\u00a0 humanos\u00a0 asesinados\u00a0 amenazados desplazados \u00a0incrementa desmedidamente, cabe\u00a0 anotar\u00a0 que\u00a0 en nuestro territorio\u00a0 tenemos un compilado\u00a0 de\u00a0 amenazas\u00a0 en contra\u00a0 de\u00a0 las\u00a0 autoridades\u00a0 tradicionales, dinamizadores, la poblaci\u00f3n en general,\u00a0 se\u00a0 impide\u00a0 el\u00a0 libre\u00a0 tr\u00e1nsito en el territorio\u00a0 en horas\u00a0 de la noche, se invita\u00a0 a los\u00a0 j\u00f3venes\u00a0 a participar\u00a0 de\u00a0 la\u00a0 filas\u00a0 del paramilitarismo en cambio\u00a0 de\u00a0 un pago\u00a0 y recompensan por\u00a0 cabezas\u00a0 de\u00a0 la dirigencia, as\u00ed mismo\u00a0 manifestamos\u00a0 la\u00a0 urgencia manifiesta\u00a0 frente\u00a0 al tema\u00a0 de\u00a0 derechos\u00a0 humanos\u00a0 para\u00a0 nuestro\u00a0 territorio y\u00a0 el Cauca\u00a0 en general\u00a0 e\u00a0 instamos\u00a0 a los\u00a0 derechos\u00a0 humanos\u00a0 nacional\u00a0 e\u00a0 internacional\u00a0 concretar\u00a0 la\u00a0 din\u00e1mica\u00a0 de\u00a0 protecci\u00f3n colectiva\u00a0 para nuestro\u00a0 territorio ya\u00a0 que\u00a0 es\u00a0 toda\u00a0 la poblaci\u00f3n\u00a0 la que se\u00a0 encuentra\u00a0 en\u00a0 riesgo, as\u00ed\u00a0 como pedimos celeridad\u00a0 y resultados\u00a0 frente\u00a0 a las\u00a0 denuncias\u00a0 interpuestas ante\u00a0 la\u00a0 fiscal\u00eda general de la naci\u00f3n\u00a0 de parte\u00a0 de las\u00a0 autoridades\u00a0 tradicionales\u00a0 del\u00a0 territorio.<\/p>\n<p style=\"text-align: justify;\">De igual forma\u00a0 nos\u00a0 manifestamos \u00a0y\u00a0 rechazamos \u00a0las\u00a0 amenazas chantajes, extorciones a comerciantes\u00a0 y poblaci\u00f3n urbana\u00a0 de\u00a0 la localidad\u00a0 de\u00a0 Caldono, Siberia, Pescador, Pital, Cerro Alto y los\u00a0 invitamos\u00a0 a\u00a0 coordinar\u00a0 acciones\u00a0 tendientes\u00a0 a\u00a0 proteger\u00a0 la vida y\u00a0 dignidad\u00a0 de\u00a0 nuestra comunidad\u00a0 en\u00a0 general<\/p>\n<p style=\"text-align: justify;\">Hacemos\u00a0 un llamado\u00a0 a la\u00a0 Administraci\u00f3n\u00a0 municipal,\u00a0\u00a0 al\u00a0 gobierno\u00a0 departamental; y al Gobierno nacional,\u00a0 ya que\u00a0 no\u00a0 se\u00a0 presta\u00a0\u00a0 la debida atenci\u00f3n e\u00a0 importancia a\u00a0 las\u00a0\u00a0 denuncias\u00a0\u00a0\u00a0 en\u00a0 nuestro territorio.<\/p>\n<ol style=\"text-align: justify;\" start=\"5\">\n<li><strong>Propuesta de ruta concreta para\u00a0 el territorio\u00a0 ancestral\u00a0 Sat\u00a0 Tama Kiwe\u00a0 de Caldono<\/strong><\/li>\n<\/ol>\n<p style=\"text-align: justify;\">Respetamos\u00a0 la din\u00e1mica\u00a0 en el\u00a0 marco del acuerdo\u00a0 general de paz con\u00a0 respecto\u00a0 al\u00a0 tema\u00a0 de implementaci\u00f3n,\u00a0 pero\u00a0 hacemos\u00a0 un llamado\u00a0 al\u00a0 gobierno\u00a0 nacional\u00a0 para\u00a0 que\u00a0 esta\u00a0 din\u00e1mica\u00a0 no solo se\u00a0 coordine\u00a0 con\u00a0 la administraci\u00f3n municipal\u00a0 y\u00a0 departamental\u00a0 si\u00a0 no que para\u00a0 el caso\u00a0 concreto\u00a0 de\u00a0 Caldono proponemos\u00a0 la\u00a0 coordinaci\u00f3n directa\u00a0 con las\u00a0 autoridades\u00a0 tradicionales\u00a0 y la\u00a0 asociaci\u00f3n de\u00a0 Cabildos, ya que el ejercicio\u00a0 realizado\u00a0 hasta\u00a0 ahora en el\u00a0 tema\u00a0 de\u00a0 paz\u00a0 la\u00a0 administraci\u00f3n municipal\u00a0 viene\u00a0 desconociendo\u00a0 las autoridades\u00a0 tradicionales.<\/p>\n<p style=\"text-align: justify;\">De la\u00a0 misma\u00a0 manera\u00a0 planteamos\u00a0 nuestra\u00a0 inconformidad\u00a0 con\u00a0 el\u00a0 gobierno\u00a0 nacional\u00a0 Manuel\u00a0 Santos,\u00a0 que\u00a0 tomo como\u00a0 referente\u00a0 nuestro\u00a0 territorio para\u00a0 mostrar\u00a0 la din\u00e1mica\u00a0 en el\u00a0 marco de las\u00a0 zonas\u00a0 veredales\u00a0 transitorias\u00a0 de normalizaci\u00f3n,\u00a0 mostrando\u00a0 solo la\u00a0 cara\u00a0 bonita\u00a0 de ello\u00a0 pero\u00a0 desenfocado\u00a0 de las\u00a0 realidades\u00a0 dadas\u00a0\u00a0\u00a0 no\u00a0 solo\u00a0 en la zona\u00a0 veredal\u00a0 si\u00a0 no en general de\u00a0 nuestro\u00a0 territorio adem\u00e1s le solicitamos\u00a0 de\u00a0 cumplimiento\u00a0 da su\u00a0\u00a0 palabra con\u00a0 las autoridades\u00a0 del\u00a0 territorio ancestral\u00a0 del Pueblo\u00a0 nasa Sath\u00a0 Tama\u00a0 Kiwe\u00a0 frente\u00a0 a\u00a0 una\u00a0 ruta\u00a0 concreta\u00a0 para Caldono en cabeza\u00a0 de las\u00a0 autoridades\u00a0 tradicionales.<\/p>\n<p style=\"text-align: justify;\">Y lo invitamos a\u00a0 resarcir\u00a0 el desconocimiento de las\u00a0 autoridades\u00a0 tradicionales\u00a0 de\u00a0 nuestro\u00a0 territorio\u00a0 el pasado 24\u00a0 de\u00a0 enero\u00a0 de\u00a0 2017\u00a0 en su visita\u00a0 a\u00a0 nuestro\u00a0 territorio.<\/p>\n<p style=\"text-align: center;\"><strong>POR LA VIDA Y LA\u00a0 DEFENSA\u00a0 DEL TERRITORIO<\/strong><\/p>\n<p style=\"text-align: center;\"><strong>COMUNIDAD\u00a0 DEL\u00a0 TERRITORIO ANESTRAL DEL PUEBLO NASA\u00a0 SATH\u00a0 TAMA\u00a0 KIWE<\/strong><\/p>\n<p style=\"text-align: center;\"><strong>AUTORIDADES\u00a0 TRADICIONALES\u00a0 DEL\u00a0 TERRITORIO ANCESTRAL\u00a0 DEL PUEBLO\u00a0 NASA\u00a0 SATH\u00a0 TAMA\u00a0 KIWE\u00a0 DE\u00a0 CALDONO\u00a0<\/strong><strong>Y\u00a0 ASOCIACI\u00d3N DE CABILDOS\u00a0 UNA\u00a0 WESX NASA\u00a0 CXAHB<\/strong><\/p>\n<p>Caldono Cauca\u00a0 31\u00a0 de\u00a0 marzo de\u00a0 2017.<\/p>\n<p>&nbsp;<\/p>\n","protected":false},"excerpt":{"rendered":"<p>Territorio ancestral del pueblo Nasa\u00a0\u00a0 Sath\u00a0 Tama Kiwe,\u00a0Caldono Cauca Las seis\u00a0\u00a0 autoridades\u00a0 tradicionales\u00a0 del\u00a0 territorio\u00a0 ancestral\u00a0 Sath\u00a0 Tama\u00a0 Kiwe Caldono\u00a0 Cauca unidad territorial\u00a0 que consta\u00a0 de 6\u00a0 resguardos\u00a0 a saber:, Resguardo ind\u00edgena\u00a0 la\u00a0 Laguna Siberia, Resguardo\u00a0 San Lorenzo\u00a0 de\u00a0 Caldono, Resguardo las\u00a0 Mercedes, Resguardo de PuebloNuevo, Resguardo de la Aguada San Antonio y Resguardo de <\/p>\n","protected":false},"author":6,"featured_media":13461,"comment_status":"open","ping_status":"open","sticky":false,"template":"","format":"standard","meta":{"footnotes":""},"categories":[3,19],"tags":[],"yoast_head":"<!-- This site is optimized with the Yoast SEO plugin v20.12 - https:\/\/yoast.com\/wordpress\/plugins\/seo\/ -->\n<title>Caldono: Autoridades Ind\u00edgenas de Sath Tama Kiwe realizan posicionamiento pol\u00edtico en su territorio - Consejo Regional Ind\u00edgena del Cauca - CRIC<\/title>\n<meta name=\"robots\" content=\"index, follow, max-snippet:-1, max-image-preview:large, max-video-preview:-1\" \/>\n<link rel=\"canonical\" href=\"https:\/\/www.cric-colombia.org\/portal\/autoridades-indigenas-sath-tama-kiwe-realizan-posicionamiento-politico-en-su-territorio\/\" \/>\n<meta property=\"og:locale\" content=\"es_ES\" \/>\n<meta property=\"og:type\" content=\"article\" \/>\n<meta property=\"og:title\" content=\"Caldono: Autoridades Ind\u00edgenas de Sath Tama Kiwe realizan posicionamiento pol\u00edtico en su territorio - Consejo Regional Ind\u00edgena del Cauca - CRIC\" \/>\n<meta property=\"og:description\" content=\"Territorio ancestral del pueblo Nasa\u00a0\u00a0 Sath\u00a0 Tama Kiwe,\u00a0Caldono Cauca Las seis\u00a0\u00a0 autoridades\u00a0 tradicionales\u00a0 del\u00a0 territorio\u00a0 ancestral\u00a0 Sath\u00a0 Tama\u00a0 Kiwe Caldono\u00a0 Cauca unidad territorial\u00a0 que consta\u00a0 de 6\u00a0 resguardos\u00a0 a saber:, Resguardo ind\u00edgena\u00a0 la\u00a0 Laguna Siberia, Resguardo\u00a0 San Lorenzo\u00a0 de\u00a0 Caldono, Resguardo las\u00a0 Mercedes, Resguardo de PuebloNuevo, Resguardo de la Aguada San Antonio y Resguardo de\" \/>\n<meta property=\"og:url\" content=\"https:\/\/www.cric-colombia.org\/portal\/autoridades-indigenas-sath-tama-kiwe-realizan-posicionamiento-politico-en-su-territorio\/\" \/>\n<meta property=\"og:site_name\" content=\"Consejo Regional Ind\u00edgena del Cauca - CRIC\" \/>\n<meta property=\"article:publisher\" content=\"https:\/\/www.facebook.com\/cric.colombia\/\" \/>\n<meta property=\"article:published_time\" content=\"2017-04-01T15:52:36+00:00\" \/>\n<meta property=\"article:modified_time\" content=\"2017-04-01T15:53:39+00:00\" \/>\n<meta property=\"og:image\" content=\"https:\/\/www.cric-colombia.org\/portal\/wp-content\/uploads\/2016\/04\/Sath-Tama-Kiwe-Caldono.jpg\" \/>\n\t<meta property=\"og:image:width\" content=\"1117\" \/>\n\t<meta property=\"og:image:height\" content=\"308\" \/>\n\t<meta property=\"og:image:type\" content=\"image\/jpeg\" \/>\n<meta name=\"author\" content=\"Comunicaciones CRIC\" \/>\n<meta name=\"twitter:card\" content=\"summary_large_image\" \/>\n<meta name=\"twitter:creator\" content=\"@CRIC_Cauca\" \/>\n<meta name=\"twitter:site\" content=\"@CRIC_Cauca\" \/>\n<meta name=\"twitter:label1\" content=\"Escrito por\" \/>\n\t<meta name=\"twitter:data1\" content=\"Comunicaciones CRIC\" \/>\n\t<meta name=\"twitter:label2\" content=\"Tiempo de lectura\" \/>\n\t<meta name=\"twitter:data2\" content=\"7 minutos\" \/>\n<script type=\"application\/ld+json\" class=\"yoast-schema-graph\">{\"@context\":\"https:\/\/schema.org\",\"@graph\":[{\"@type\":\"Article\",\"@id\":\"https:\/\/www.cric-colombia.org\/portal\/autoridades-indigenas-sath-tama-kiwe-realizan-posicionamiento-politico-en-su-territorio\/#article\",\"isPartOf\":{\"@id\":\"https:\/\/www.cric-colombia.org\/portal\/autoridades-indigenas-sath-tama-kiwe-realizan-posicionamiento-politico-en-su-territorio\/\"},\"author\":{\"name\":\"Comunicaciones CRIC\",\"@id\":\"https:\/\/www.cric-colombia.org\/portal\/#\/schema\/person\/ab3a3099267de33d55f74f34ba201931\"},\"headline\":\"Caldono: Autoridades Ind\u00edgenas de Sath Tama Kiwe realizan posicionamiento pol\u00edtico en su territorio\",\"datePublished\":\"2017-04-01T15:52:36+00:00\",\"dateModified\":\"2017-04-01T15:53:39+00:00\",\"mainEntityOfPage\":{\"@id\":\"https:\/\/www.cric-colombia.org\/portal\/autoridades-indigenas-sath-tama-kiwe-realizan-posicionamiento-politico-en-su-territorio\/\"},\"wordCount\":1379,\"commentCount\":0,\"publisher\":{\"@id\":\"https:\/\/www.cric-colombia.org\/portal\/#organization\"},\"articleSection\":[\"Actualidad Ind\u00edgena del Cauca\",\"Comunicados de prensa\"],\"inLanguage\":\"es\",\"potentialAction\":[{\"@type\":\"CommentAction\",\"name\":\"Comment\",\"target\":[\"https:\/\/www.cric-colombia.org\/portal\/autoridades-indigenas-sath-tama-kiwe-realizan-posicionamiento-politico-en-su-territorio\/#respond\"]}]},{\"@type\":\"WebPage\",\"@id\":\"https:\/\/www.cric-colombia.org\/portal\/autoridades-indigenas-sath-tama-kiwe-realizan-posicionamiento-politico-en-su-territorio\/\",\"url\":\"https:\/\/www.cric-colombia.org\/portal\/autoridades-indigenas-sath-tama-kiwe-realizan-posicionamiento-politico-en-su-territorio\/\",\"name\":\"Caldono: Autoridades Ind\u00edgenas de Sath Tama Kiwe realizan posicionamiento pol\u00edtico en su territorio - Consejo Regional Ind\u00edgena del Cauca - CRIC\",\"isPartOf\":{\"@id\":\"https:\/\/www.cric-colombia.org\/portal\/#website\"},\"datePublished\":\"2017-04-01T15:52:36+00:00\",\"dateModified\":\"2017-04-01T15:53:39+00:00\",\"breadcrumb\":{\"@id\":\"https:\/\/www.cric-colombia.org\/portal\/autoridades-indigenas-sath-tama-kiwe-realizan-posicionamiento-politico-en-su-territorio\/#breadcrumb\"},\"inLanguage\":\"es\",\"potentialAction\":[{\"@type\":\"ReadAction\",\"target\":[\"https:\/\/www.cric-colombia.org\/portal\/autoridades-indigenas-sath-tama-kiwe-realizan-posicionamiento-politico-en-su-territorio\/\"]}]},{\"@type\":\"BreadcrumbList\",\"@id\":\"https:\/\/www.cric-colombia.org\/portal\/autoridades-indigenas-sath-tama-kiwe-realizan-posicionamiento-politico-en-su-territorio\/#breadcrumb\",\"itemListElement\":[{\"@type\":\"ListItem\",\"position\":1,\"name\":\"Portada\",\"item\":\"https:\/\/www.cric-colombia.org\/portal\/\"},{\"@type\":\"ListItem\",\"position\":2,\"name\":\"Caldono: Autoridades Ind\u00edgenas de Sath Tama Kiwe realizan posicionamiento pol\u00edtico en su territorio\"}]},{\"@type\":\"WebSite\",\"@id\":\"https:\/\/www.cric-colombia.org\/portal\/#website\",\"url\":\"https:\/\/www.cric-colombia.org\/portal\/\",\"name\":\"Consejo Regional Ind\u00edgena del Cauca - CRIC\",\"description\":\"P\u00e1gina oficial del Consejo Regional Ind\u00edgena del Cauca, Colombia\",\"publisher\":{\"@id\":\"https:\/\/www.cric-colombia.org\/portal\/#organization\"},\"potentialAction\":[{\"@type\":\"SearchAction\",\"target\":{\"@type\":\"EntryPoint\",\"urlTemplate\":\"https:\/\/www.cric-colombia.org\/portal\/?s={search_term_string}\"},\"query-input\":\"required name=search_term_string\"}],\"inLanguage\":\"es\"},{\"@type\":\"Organization\",\"@id\":\"https:\/\/www.cric-colombia.org\/portal\/#organization\",\"name\":\"Consejo Regional Ind\u00edgena del Cauca\",\"url\":\"https:\/\/www.cric-colombia.org\/portal\/\",\"logo\":{\"@type\":\"ImageObject\",\"inLanguage\":\"es\",\"@id\":\"https:\/\/www.cric-colombia.org\/portal\/#\/schema\/logo\/image\/\",\"url\":\"https:\/\/www.cric-colombia.org\/portal\/wp-content\/uploads\/2015\/08\/logo_cric.jpg\",\"contentUrl\":\"https:\/\/www.cric-colombia.org\/portal\/wp-content\/uploads\/2015\/08\/logo_cric.jpg\",\"width\":512,\"height\":512,\"caption\":\"Consejo Regional Ind\u00edgena del Cauca\"},\"image\":{\"@id\":\"https:\/\/www.cric-colombia.org\/portal\/#\/schema\/logo\/image\/\"},\"sameAs\":[\"https:\/\/www.facebook.com\/cric.colombia\/\",\"https:\/\/twitter.com\/CRIC_Cauca\"]},{\"@type\":\"Person\",\"@id\":\"https:\/\/www.cric-colombia.org\/portal\/#\/schema\/person\/ab3a3099267de33d55f74f34ba201931\",\"name\":\"Comunicaciones CRIC\",\"image\":{\"@type\":\"ImageObject\",\"inLanguage\":\"es\",\"@id\":\"https:\/\/www.cric-colombia.org\/portal\/#\/schema\/person\/image\/\",\"url\":\"https:\/\/secure.gravatar.com\/avatar\/a8d1a6cfcb82a80d09dafefdcc3dcc8a?s=96&d=retro&r=g\",\"contentUrl\":\"https:\/\/secure.gravatar.com\/avatar\/a8d1a6cfcb82a80d09dafefdcc3dcc8a?s=96&d=retro&r=g\",\"caption\":\"Comunicaciones CRIC\"},\"url\":\"https:\/\/www.cric-colombia.org\/portal\/author\/comunicaciones\/\"}]}<\/script>\n<!-- \/ Yoast SEO plugin. -->","yoast_head_json":{"title":"Caldono: Autoridades Ind\u00edgenas de Sath Tama Kiwe realizan posicionamiento pol\u00edtico en su territorio - Consejo Regional Ind\u00edgena del Cauca - CRIC","robots":{"index":"index","follow":"follow","max-snippet":"max-snippet:-1","max-image-preview":"max-image-preview:large","max-video-preview":"max-video-preview:-1"},"canonical":"https:\/\/www.cric-colombia.org\/portal\/autoridades-indigenas-sath-tama-kiwe-realizan-posicionamiento-politico-en-su-territorio\/","og_locale":"es_ES","og_type":"article","og_title":"Caldono: Autoridades Ind\u00edgenas de Sath Tama Kiwe realizan posicionamiento pol\u00edtico en su territorio - Consejo Regional Ind\u00edgena del Cauca - CRIC","og_description":"Territorio ancestral del pueblo Nasa\u00a0\u00a0 Sath\u00a0 Tama Kiwe,\u00a0Caldono Cauca Las seis\u00a0\u00a0 autoridades\u00a0 tradicionales\u00a0 del\u00a0 territorio\u00a0 ancestral\u00a0 Sath\u00a0 Tama\u00a0 Kiwe Caldono\u00a0 Cauca unidad territorial\u00a0 que consta\u00a0 de 6\u00a0 resguardos\u00a0 a saber:, Resguardo ind\u00edgena\u00a0 la\u00a0 Laguna Siberia, Resguardo\u00a0 San Lorenzo\u00a0 de\u00a0 Caldono, Resguardo las\u00a0 Mercedes, Resguardo de PuebloNuevo, Resguardo de la Aguada San Antonio y Resguardo de","og_url":"https:\/\/www.cric-colombia.org\/portal\/autoridades-indigenas-sath-tama-kiwe-realizan-posicionamiento-politico-en-su-territorio\/","og_site_name":"Consejo Regional Ind\u00edgena del Cauca - CRIC","article_publisher":"https:\/\/www.facebook.com\/cric.colombia\/","article_published_time":"2017-04-01T15:52:36+00:00","article_modified_time":"2017-04-01T15:53:39+00:00","og_image":[{"width":1117,"height":308,"url":"https:\/\/www.cric-colombia.org\/portal\/wp-content\/uploads\/2016\/04\/Sath-Tama-Kiwe-Caldono.jpg","type":"image\/jpeg"}],"author":"Comunicaciones CRIC","twitter_card":"summary_large_image","twitter_creator":"@CRIC_Cauca","twitter_site":"@CRIC_Cauca","twitter_misc":{"Escrito por":"Comunicaciones CRIC","Tiempo de lectura":"7 minutos"},"schema":{"@context":"https:\/\/schema.org","@graph":[{"@type":"Article","@id":"https:\/\/www.cric-colombia.org\/portal\/autoridades-indigenas-sath-tama-kiwe-realizan-posicionamiento-politico-en-su-territorio\/#article","isPartOf":{"@id":"https:\/\/www.cric-colombia.org\/portal\/autoridades-indigenas-sath-tama-kiwe-realizan-posicionamiento-politico-en-su-territorio\/"},"author":{"name":"Comunicaciones CRIC","@id":"https:\/\/www.cric-colombia.org\/portal\/#\/schema\/person\/ab3a3099267de33d55f74f34ba201931"},"headline":"Caldono: Autoridades Ind\u00edgenas de Sath Tama Kiwe realizan posicionamiento pol\u00edtico en su territorio","datePublished":"2017-04-01T15:52:36+00:00","dateModified":"2017-04-01T15:53:39+00:00","mainEntityOfPage":{"@id":"https:\/\/www.cric-colombia.org\/portal\/autoridades-indigenas-sath-tama-kiwe-realizan-posicionamiento-politico-en-su-territorio\/"},"wordCount":1379,"commentCount":0,"publisher":{"@id":"https:\/\/www.cric-colombia.org\/portal\/#organization"},"articleSection":["Actualidad Ind\u00edgena del Cauca","Comunicados de prensa"],"inLanguage":"es","potentialAction":[{"@type":"CommentAction","name":"Comment","target":["https:\/\/www.cric-colombia.org\/portal\/autoridades-indigenas-sath-tama-kiwe-realizan-posicionamiento-politico-en-su-territorio\/#respond"]}]},{"@type":"WebPage","@id":"https:\/\/www.cric-colombia.org\/portal\/autoridades-indigenas-sath-tama-kiwe-realizan-posicionamiento-politico-en-su-territorio\/","url":"https:\/\/www.cric-colombia.org\/portal\/autoridades-indigenas-sath-tama-kiwe-realizan-posicionamiento-politico-en-su-territorio\/","name":"Caldono: Autoridades Ind\u00edgenas de Sath Tama Kiwe realizan posicionamiento pol\u00edtico en su territorio - Consejo Regional Ind\u00edgena del Cauca - CRIC","isPartOf":{"@id":"https:\/\/www.cric-colombia.org\/portal\/#website"},"datePublished":"2017-04-01T15:52:36+00:00","dateModified":"2017-04-01T15:53:39+00:00","breadcrumb":{"@id":"https:\/\/www.cric-colombia.org\/portal\/autoridades-indigenas-sath-tama-kiwe-realizan-posicionamiento-politico-en-su-territorio\/#breadcrumb"},"inLanguage":"es","potentialAction":[{"@type":"ReadAction","target":["https:\/\/www.cric-colombia.org\/portal\/autoridades-indigenas-sath-tama-kiwe-realizan-posicionamiento-politico-en-su-territorio\/"]}]},{"@type":"BreadcrumbList","@id":"https:\/\/www.cric-colombia.org\/portal\/autoridades-indigenas-sath-tama-kiwe-realizan-posicionamiento-politico-en-su-territorio\/#breadcrumb","itemListElement":[{"@type":"ListItem","position":1,"name":"Portada","item":"https:\/\/www.cric-colombia.org\/portal\/"},{"@type":"ListItem","position":2,"name":"Caldono: Autoridades Ind\u00edgenas de Sath Tama Kiwe realizan posicionamiento pol\u00edtico en su territorio"}]},{"@type":"WebSite","@id":"https:\/\/www.cric-colombia.org\/portal\/#website","url":"https:\/\/www.cric-colombia.org\/portal\/","name":"Consejo Regional Ind\u00edgena del Cauca - CRIC","description":"P\u00e1gina oficial del Consejo Regional Ind\u00edgena del Cauca, Colombia","publisher":{"@id":"https:\/\/www.cric-colombia.org\/portal\/#organization"},"potentialAction":[{"@type":"SearchAction","target":{"@type":"EntryPoint","urlTemplate":"https:\/\/www.cric-colombia.org\/portal\/?s={search_term_string}"},"query-input":"required name=search_term_string"}],"inLanguage":"es"},{"@type":"Organization","@id":"https:\/\/www.cric-colombia.org\/portal\/#organization","name":"Consejo Regional Ind\u00edgena del Cauca","url":"https:\/\/www.cric-colombia.org\/portal\/","logo":{"@type":"ImageObject","inLanguage":"es","@id":"https:\/\/www.cric-colombia.org\/portal\/#\/schema\/logo\/image\/","url":"https:\/\/www.cric-colombia.org\/portal\/wp-content\/uploads\/2015\/08\/logo_cric.jpg","contentUrl":"https:\/\/www.cric-colombia.org\/portal\/wp-content\/uploads\/2015\/08\/logo_cric.jpg","width":512,"height":512,"caption":"Consejo Regional Ind\u00edgena del Cauca"},"image":{"@id":"https:\/\/www.cric-colombia.org\/portal\/#\/schema\/logo\/image\/"},"sameAs":["https:\/\/www.facebook.com\/cric.colombia\/","https:\/\/twitter.com\/CRIC_Cauca"]},{"@type":"Person","@id":"https:\/\/www.cric-colombia.org\/portal\/#\/schema\/person\/ab3a3099267de33d55f74f34ba201931","name":"Comunicaciones CRIC","image":{"@type":"ImageObject","inLanguage":"es","@id":"https:\/\/www.cric-colombia.org\/portal\/#\/schema\/person\/image\/","url":"https:\/\/secure.gravatar.com\/avatar\/a8d1a6cfcb82a80d09dafefdcc3dcc8a?s=96&d=retro&r=g","contentUrl":"https:\/\/secure.gravatar.com\/avatar\/a8d1a6cfcb82a80d09dafefdcc3dcc8a?s=96&d=retro&r=g","caption":"Comunicaciones CRIC"},"url":"https:\/\/www.cric-colombia.org\/portal\/author\/comunicaciones\/"}]}},"jetpack_featured_media_url":"https:\/\/www.cric-colombia.org\/portal\/wp-content\/uploads\/2016\/04\/Sath-Tama-Kiwe-Caldono.jpg","_links":{"self":[{"href":"https:\/\/www.cric-colombia.org\/portal\/wp-json\/wp\/v2\/posts\/17341"}],"collection":[{"href":"https:\/\/www.cric-colombia.org\/portal\/wp-json\/wp\/v2\/posts"}],"about":[{"href":"https:\/\/www.cric-colombia.org\/portal\/wp-json\/wp\/v2\/types\/post"}],"author":[{"embeddable":true,"href":"https:\/\/www.cric-colombia.org\/portal\/wp-json\/wp\/v2\/users\/6"}],"replies":[{"embeddable":true,"href":"https:\/\/www.cric-colombia.org\/portal\/wp-json\/wp\/v2\/comments?post=17341"}],"version-history":[{"count":2,"href":"https:\/\/www.cric-colombia.org\/portal\/wp-json\/wp\/v2\/posts\/17341\/revisions"}],"predecessor-version":[{"id":17344,"href":"https:\/\/www.cric-colombia.org\/portal\/wp-json\/wp\/v2\/posts\/17341\/revisions\/17344"}],"wp:featuredmedia":[{"embeddable":true,"href":"https:\/\/www.cric-colombia.org\/portal\/wp-json\/wp\/v2\/media\/13461"}],"wp:attachment":[{"href":"https:\/\/www.cric-colombia.org\/portal\/wp-json\/wp\/v2\/media?parent=17341"}],"wp:term":[{"taxonomy":"category","embeddable":true,"href":"https:\/\/www.cric-colombia.org\/portal\/wp-json\/wp\/v2\/categories?post=17341"},{"taxonomy":"post_tag","embeddable":true,"href":"https:\/\/www.cric-colombia.org\/portal\/wp-json\/wp\/v2\/tags?post=17341"}],"curies":[{"name":"wp","href":"https:\/\/api.w.org\/{rel}","templated":true}]}}