{"id":16051,"date":"2016-12-05T13:53:20","date_gmt":"2016-12-05T18:53:20","guid":{"rendered":"http:\/\/www.cric-colombia.org\/portal\/?p=16051"},"modified":"2016-12-05T13:53:20","modified_gmt":"2016-12-05T18:53:20","slug":"seip-sistema-educativo-propio-tejiendo-vida-y-sabiduria-desde-los-espacios-de-formacion-para-el-fortalecimiento-y-pervivencia-cultual-de-los-pueblos","status":"publish","type":"post","link":"https:\/\/www.cric-colombia.org\/portal\/seip-sistema-educativo-propio-tejiendo-vida-y-sabiduria-desde-los-espacios-de-formacion-para-el-fortalecimiento-y-pervivencia-cultual-de-los-pueblos\/","title":{"rendered":"SEIP-Sistema Educativo Propio-Tejiendo Vida y Sabidur\u00eda Desde los Espacios de Formaci\u00f3n para el Fortalecimiento y Pervivencia Cultual de los Pueblos"},"content":{"rendered":"<p>&nbsp;<\/p>\n<h2 style=\"text-align: center;\">Serie Radiof\u00f3nica y mensajes educativos sobre el SEIP. Material de apoyo pedag\u00f3gico para las instrucciones educativas.<\/h2>\n<p>&nbsp;<\/p>\n<p>&nbsp;<\/p>\n<h3 style=\"text-align: center;\"><span style=\"color: #333300;\">Mensajes Educativos SEIP<\/span><\/h3>\n<p>&nbsp;<\/p>\n<p>&nbsp;<\/p>\n<h4>01. Spot Caminar las raizes de saber SEIP<\/h4>\n<!--[if lt IE 9]><script>document.createElement('audio');<\/script><![endif]-->\n<audio class=\"wp-audio-shortcode\" id=\"audio-16051-1\" preload=\"none\" style=\"width: 100%;\" controls=\"controls\"><source type=\"audio\/mpeg\" src=\"https:\/\/co.ivoox.com\/es\/01-spot-caminar-raizes-saber-seip_md_14631811_wp_1.mp3?_=1\" \/><a href=\"https:\/\/co.ivoox.com\/es\/01-spot-caminar-raizes-saber-seip_md_14631811_wp_1.mp3\">https:\/\/co.ivoox.com\/es\/01-spot-caminar-raizes-saber-seip_md_14631811_wp_1.mp3<\/a><\/audio>\n<p><a title=\"01 Spot Caminar las raizes de saber SEIP\" href=\"https:\/\/co.ivoox.com\/es\/01-spot-caminar-raizes-saber-seip-audios-mp3_rf_14631811_1.html\" target=\"_blank\">Ir a descargar<\/a><\/p>\n<h4>02. Spot Herramienta de Fortalecimiento SEIP<\/h4>\n<audio class=\"wp-audio-shortcode\" id=\"audio-16051-2\" preload=\"none\" style=\"width: 100%;\" controls=\"controls\"><source type=\"audio\/mpeg\" src=\"https:\/\/co.ivoox.com\/es\/02-spot-herramienta-fortalecimiento-seip_md_14627280_wp_1.mp3?_=2\" \/><a href=\"https:\/\/co.ivoox.com\/es\/02-spot-herramienta-fortalecimiento-seip_md_14627280_wp_1.mp3\">https:\/\/co.ivoox.com\/es\/02-spot-herramienta-fortalecimiento-seip_md_14627280_wp_1.mp3<\/a><\/audio>\n<p><a title=\"02 Spot Herramienta de Fortalecimiento SEIP\" href=\"https:\/\/co.ivoox.com\/es\/02-spot-herramienta-fortalecimiento-seip-audios-mp3_rf_14627280_1.html\" target=\"_blank\">Ir a descargar<\/a><\/p>\n<h4>03. Spot La Educacion Propia SEIP<\/h4>\n<audio class=\"wp-audio-shortcode\" id=\"audio-16051-3\" preload=\"none\" style=\"width: 100%;\" controls=\"controls\"><source type=\"audio\/mpeg\" src=\"https:\/\/co.ivoox.com\/es\/03-spot-la-educacion-propia-seip_md_14631943_wp_1.mp3?_=3\" \/><a href=\"https:\/\/co.ivoox.com\/es\/03-spot-la-educacion-propia-seip_md_14631943_wp_1.mp3\">https:\/\/co.ivoox.com\/es\/03-spot-la-educacion-propia-seip_md_14631943_wp_1.mp3<\/a><\/audio>\n<p><a title=\"03 Spot La Educacion Propia SEIP\" href=\"https:\/\/co.ivoox.com\/es\/03-spot-la-educacion-propia-seip-audios-mp3_rf_14631943_1.html\" target=\"_blank\">Ir a descargar<\/a><\/p>\n<h4>04. Spot La Formacion parte desde la Familia SEIP<\/h4>\n<audio class=\"wp-audio-shortcode\" id=\"audio-16051-4\" preload=\"none\" style=\"width: 100%;\" controls=\"controls\"><source type=\"audio\/mpeg\" src=\"https:\/\/co.ivoox.com\/es\/04-spot-la-formacion-parte-desde-familia_md_14627283_wp_1.mp3?_=4\" \/><a href=\"https:\/\/co.ivoox.com\/es\/04-spot-la-formacion-parte-desde-familia_md_14627283_wp_1.mp3\">https:\/\/co.ivoox.com\/es\/04-spot-la-formacion-parte-desde-familia_md_14627283_wp_1.mp3<\/a><\/audio>\n<p><a title=\"04 Spot La Formacion parte desde la Familia SEIP\" href=\"https:\/\/co.ivoox.com\/es\/04-spot-la-formacion-parte-desde-familia-audios-mp3_rf_14627283_1.html\" target=\"_blank\">Ir a descargar<\/a><\/p>\n<h4>05. Spot Que es el SEIP<\/h4>\n<audio class=\"wp-audio-shortcode\" id=\"audio-16051-5\" preload=\"none\" style=\"width: 100%;\" controls=\"controls\"><source type=\"audio\/mpeg\" src=\"https:\/\/co.ivoox.com\/es\/05-spot-que-es-seip_md_14632002_wp_1.mp3?_=5\" \/><a href=\"https:\/\/co.ivoox.com\/es\/05-spot-que-es-seip_md_14632002_wp_1.mp3\">https:\/\/co.ivoox.com\/es\/05-spot-que-es-seip_md_14632002_wp_1.mp3<\/a><\/audio>\n<p><a title=\"05 Spot Que es el SEIP\" href=\"https:\/\/co.ivoox.com\/es\/05-spot-que-es-seip-audios-mp3_rf_14632002_1.html\" target=\"_blank\">Ir a descargar<\/a><\/p>\n<h4>06. Spot Sistema Educativo Indigena Propio<\/h4>\n<audio class=\"wp-audio-shortcode\" id=\"audio-16051-6\" preload=\"none\" style=\"width: 100%;\" controls=\"controls\"><source type=\"audio\/mpeg\" src=\"https:\/\/co.ivoox.com\/es\/06-spot-sistema-educativo-indigena-propio_md_14627289_wp_1.mp3?_=6\" \/><a href=\"https:\/\/co.ivoox.com\/es\/06-spot-sistema-educativo-indigena-propio_md_14627289_wp_1.mp3\">https:\/\/co.ivoox.com\/es\/06-spot-sistema-educativo-indigena-propio_md_14627289_wp_1.mp3<\/a><\/audio>\n<p><a title=\"06 Spot Sistema Educativo Indigena Propio.\" href=\"https:\/\/co.ivoox.com\/es\/06-spot-sistema-educativo-indigena-propio-audios-mp3_rf_14627289_1.html\" target=\"_blank\">Ir a descargar<\/a><\/p>\n<h4>07. Spot Sistema Pedagogico SEIP<\/h4>\n<audio class=\"wp-audio-shortcode\" id=\"audio-16051-7\" preload=\"none\" style=\"width: 100%;\" controls=\"controls\"><source type=\"audio\/mpeg\" src=\"https:\/\/co.ivoox.com\/es\/07-spot-sistema-pedagogico-seip_md_14627293_wp_1.mp3?_=7\" \/><a href=\"https:\/\/co.ivoox.com\/es\/07-spot-sistema-pedagogico-seip_md_14627293_wp_1.mp3\">https:\/\/co.ivoox.com\/es\/07-spot-sistema-pedagogico-seip_md_14627293_wp_1.mp3<\/a><\/audio>\n<p><a title=\"07 Spot Sistema Pedagogico SEIP.\" href=\"https:\/\/co.ivoox.com\/es\/07-spot-sistema-pedagogico-seip-audios-mp3_rf_14627293_1.html\" target=\"_blank\">Ir a descargar<\/a><\/p>\n<p>&nbsp;<\/p>\n<h3 style=\"text-align: center;\"><span style=\"color: #333300;\">Serie Radiof\u00f3nica<\/span><\/h3>\n<p>01 A \u00a0Programa de Formacion Administracion y Gestion<\/p>\n<audio class=\"wp-audio-shortcode\" id=\"audio-16051-8\" preload=\"none\" style=\"width: 100%;\" controls=\"controls\"><source type=\"audio\/mpeg\" src=\"https:\/\/co.ivoox.com\/es\/01-a-programa-formacion-administracion-gestion_md_14628641_wp_1.mp3?_=8\" \/><a href=\"https:\/\/co.ivoox.com\/es\/01-a-programa-formacion-administracion-gestion_md_14628641_wp_1.mp3\">https:\/\/co.ivoox.com\/es\/01-a-programa-formacion-administracion-gestion_md_14628641_wp_1.mp3<\/a><\/audio>\n<p><a title=\"01 A Programa de Formacion Administracion y Gestion\" href=\"https:\/\/co.ivoox.com\/es\/01-a-programa-formacion-administracion-gestion-audios-mp3_rf_14628641_1.html\" target=\"_blank\">Ir a descargar<\/a><\/p>\n<p>01 B \u00a0Programa de Formacion Administracion y Gestion<\/p>\n<audio class=\"wp-audio-shortcode\" id=\"audio-16051-9\" preload=\"none\" style=\"width: 100%;\" controls=\"controls\"><source type=\"audio\/mpeg\" src=\"https:\/\/co.ivoox.com\/es\/01-b-programa-formacion-administracion-gestion_md_14628651_wp_1.mp3?_=9\" \/><a href=\"https:\/\/co.ivoox.com\/es\/01-b-programa-formacion-administracion-gestion_md_14628651_wp_1.mp3\">https:\/\/co.ivoox.com\/es\/01-b-programa-formacion-administracion-gestion_md_14628651_wp_1.mp3<\/a><\/audio>\n<p><a title=\"01 B Programa de Formacion Administracion y Gestion\" href=\"https:\/\/co.ivoox.com\/es\/01-b-programa-formacion-administracion-gestion-audios-mp3_rf_14628651_1.html\" target=\"_blank\">Ir a descargar<\/a><\/p>\n<p>02 A \u00a0Programa de Formacion Comunicacion Propia<\/p>\n<audio class=\"wp-audio-shortcode\" id=\"audio-16051-10\" preload=\"none\" style=\"width: 100%;\" controls=\"controls\"><source type=\"audio\/mpeg\" src=\"https:\/\/co.ivoox.com\/es\/02-a-programa-formacion-comunicacion-propia_md_14628680_wp_1.mp3?_=10\" \/><a href=\"https:\/\/co.ivoox.com\/es\/02-a-programa-formacion-comunicacion-propia_md_14628680_wp_1.mp3\">https:\/\/co.ivoox.com\/es\/02-a-programa-formacion-comunicacion-propia_md_14628680_wp_1.mp3<\/a><\/audio>\n<p><a title=\"02 A Programa de Formacion Comunicacion Propia\" href=\"https:\/\/co.ivoox.com\/es\/02-a-programa-formacion-comunicacion-propia-audios-mp3_rf_14628680_1.html\" target=\"_blank\">Ir a descargar<\/a><\/p>\n<p>02 B \u00a0Programa de Formacion Comunicacion Propia<\/p>\n<audio class=\"wp-audio-shortcode\" id=\"audio-16051-11\" preload=\"none\" style=\"width: 100%;\" controls=\"controls\"><source type=\"audio\/mpeg\" src=\"https:\/\/co.ivoox.com\/es\/02-b-programa-formacion-comunicacion-propia_md_14628693_wp_1.mp3?_=11\" \/><a href=\"https:\/\/co.ivoox.com\/es\/02-b-programa-formacion-comunicacion-propia_md_14628693_wp_1.mp3\">https:\/\/co.ivoox.com\/es\/02-b-programa-formacion-comunicacion-propia_md_14628693_wp_1.mp3<\/a><\/audio>\n<p><a title=\"02 B Programa de Formacion Comunicacion Propia\" href=\"https:\/\/co.ivoox.com\/es\/02-b-programa-formacion-comunicacion-propia-audios-mp3_rf_14628693_1.html\" target=\"_blank\">Ir a descargar<\/a><\/p>\n<p>03 A \u00a0Programa de Formacion Desarrollo Comunitario<\/p>\n<audio class=\"wp-audio-shortcode\" id=\"audio-16051-12\" preload=\"none\" style=\"width: 100%;\" controls=\"controls\"><source type=\"audio\/mpeg\" src=\"https:\/\/co.ivoox.com\/es\/03-a-programa-formacion-desarrollo-comunitario_md_14628710_wp_1.mp3?_=12\" \/><a href=\"https:\/\/co.ivoox.com\/es\/03-a-programa-formacion-desarrollo-comunitario_md_14628710_wp_1.mp3\">https:\/\/co.ivoox.com\/es\/03-a-programa-formacion-desarrollo-comunitario_md_14628710_wp_1.mp3<\/a><\/audio>\n<p><a title=\"03 A Programa de Formacion Desarrollo Comunitario\" href=\"https:\/\/co.ivoox.com\/es\/03-a-programa-formacion-desarrollo-comunitario-audios-mp3_rf_14628710_1.html\" target=\"_blank\">Ir a descargar<\/a><\/p>\n<p>03 B \u00a0Programa de Formacion Desarrollo Comunitario<\/p>\n<audio class=\"wp-audio-shortcode\" id=\"audio-16051-13\" preload=\"none\" style=\"width: 100%;\" controls=\"controls\"><source type=\"audio\/mpeg\" src=\"https:\/\/co.ivoox.com\/es\/03-b-programa-formacion-desarrollo-comunitario_md_14628812_wp_1.mp3?_=13\" \/><a href=\"https:\/\/co.ivoox.com\/es\/03-b-programa-formacion-desarrollo-comunitario_md_14628812_wp_1.mp3\">https:\/\/co.ivoox.com\/es\/03-b-programa-formacion-desarrollo-comunitario_md_14628812_wp_1.mp3<\/a><\/audio>\n<p><a title=\"03 B Programa de Formacion Desarrollo Comunitario\" href=\"https:\/\/co.ivoox.com\/es\/03-b-programa-formacion-desarrollo-comunitario-audios-mp3_rf_14628812_1.html\" target=\"_blank\">Ir a descargar<\/a><\/p>\n<p>04 A \u00a0Programa de Formacion Pedagog\u00eda Comunitaria<\/p>\n<audio class=\"wp-audio-shortcode\" id=\"audio-16051-14\" preload=\"none\" style=\"width: 100%;\" controls=\"controls\"><source type=\"audio\/mpeg\" src=\"https:\/\/co.ivoox.com\/es\/04-a-programa-formacion-pedagogia-comunitaria_md_14628828_wp_1.mp3?_=14\" \/><a href=\"https:\/\/co.ivoox.com\/es\/04-a-programa-formacion-pedagogia-comunitaria_md_14628828_wp_1.mp3\">https:\/\/co.ivoox.com\/es\/04-a-programa-formacion-pedagogia-comunitaria_md_14628828_wp_1.mp3<\/a><\/audio>\n<p><a title=\"04 A Programa de Formacion Pedagog\u00eda Comunitaria\" href=\"https:\/\/co.ivoox.com\/es\/04-a-programa-formacion-pedagogia-comunitaria-audios-mp3_rf_14628828_1.html\" target=\"blank\">Ir a descargar<\/a><\/p>\n<p>04 B \u00a0 Programa de Formacion Pedagog\u00eda Comunitaria<\/p>\n<audio class=\"wp-audio-shortcode\" id=\"audio-16051-15\" preload=\"none\" style=\"width: 100%;\" controls=\"controls\"><source type=\"audio\/mpeg\" src=\"https:\/\/co.ivoox.com\/es\/04-b-programa-formacion-pedagogia-comunitaria_md_14628868_wp_1.mp3?_=15\" \/><a href=\"https:\/\/co.ivoox.com\/es\/04-b-programa-formacion-pedagogia-comunitaria_md_14628868_wp_1.mp3\">https:\/\/co.ivoox.com\/es\/04-b-programa-formacion-pedagogia-comunitaria_md_14628868_wp_1.mp3<\/a><\/audio>\n<p><a title=\"04 B Programa de Formacion Pedagog\u00eda Comunitaria\" href=\"https:\/\/co.ivoox.com\/es\/04-b-programa-formacion-pedagogia-comunitaria-audios-mp3_rf_14628868_1.html\" target=\"blank\">Ir a descargar<\/a><\/p>\n<p>05 A \u00a0Programa de Formacion Revitalizacion MT<\/p>\n<audio class=\"wp-audio-shortcode\" id=\"audio-16051-16\" preload=\"none\" style=\"width: 100%;\" controls=\"controls\"><source type=\"audio\/mpeg\" src=\"https:\/\/co.ivoox.com\/es\/05-a-programa-formacion-revitalizacion-mt_md_14628921_wp_1.mp3?_=16\" \/><a href=\"https:\/\/co.ivoox.com\/es\/05-a-programa-formacion-revitalizacion-mt_md_14628921_wp_1.mp3\">https:\/\/co.ivoox.com\/es\/05-a-programa-formacion-revitalizacion-mt_md_14628921_wp_1.mp3<\/a><\/audio>\n<p><a title=\"05 A Programa de Formacion Revitalizacion MT\" href=\"https:\/\/co.ivoox.com\/es\/05-a-programa-formacion-revitalizacion-mt-audios-mp3_rf_14628921_1.html\" target=\"_blank\">Ir a descargar<\/a><\/p>\n<p>05 B \u00a0Programa de Formacion Revitalizacion MT<\/p>\n<audio class=\"wp-audio-shortcode\" id=\"audio-16051-17\" preload=\"none\" style=\"width: 100%;\" controls=\"controls\"><source type=\"audio\/mpeg\" src=\"https:\/\/co.ivoox.com\/es\/05-b-programa-formacion-revitalizacion-mt_md_14628983_wp_1.mp3?_=17\" \/><a href=\"https:\/\/co.ivoox.com\/es\/05-b-programa-formacion-revitalizacion-mt_md_14628983_wp_1.mp3\">https:\/\/co.ivoox.com\/es\/05-b-programa-formacion-revitalizacion-mt_md_14628983_wp_1.mp3<\/a><\/audio>\n<p><a title=\"05 B Programa de Formacion Revitalizacion MT\" href=\"https:\/\/co.ivoox.com\/es\/05-b-programa-formacion-revitalizacion-mt-audios-mp3_rf_14628983_1.html\" target=\"_blank\">Ir a descargar<\/a><\/p>\n<p>06 A \u00a0Programa de Formacion Salud Propia Intercultural<\/p>\n<audio class=\"wp-audio-shortcode\" id=\"audio-16051-18\" preload=\"none\" style=\"width: 100%;\" controls=\"controls\"><source type=\"audio\/mpeg\" src=\"https:\/\/co.ivoox.com\/es\/06-a-programa-formacion-salud-propia-intercultural_md_14629058_wp_1.mp3?_=18\" \/><a href=\"https:\/\/co.ivoox.com\/es\/06-a-programa-formacion-salud-propia-intercultural_md_14629058_wp_1.mp3\">https:\/\/co.ivoox.com\/es\/06-a-programa-formacion-salud-propia-intercultural_md_14629058_wp_1.mp3<\/a><\/audio>\n<p><a title=\"06 A Programa de Formacion Salud Propia Intercultural\" href=\"https:\/\/co.ivoox.com\/es\/06-a-programa-formacion-salud-propia-intercultural-audios-mp3_rf_14629058_1.html\" target=\"_blank\">Ir a descargar<\/a><\/p>\n<p>06 B \u00a0Programa de Formacion Salud Propia Intercultural<\/p>\n<audio class=\"wp-audio-shortcode\" id=\"audio-16051-19\" preload=\"none\" style=\"width: 100%;\" controls=\"controls\"><source type=\"audio\/mpeg\" src=\"https:\/\/co.ivoox.com\/es\/06-b-programa-formacion-salud-propia-intercultural_md_14629062_wp_1.mp3?_=19\" \/><a href=\"https:\/\/co.ivoox.com\/es\/06-b-programa-formacion-salud-propia-intercultural_md_14629062_wp_1.mp3\">https:\/\/co.ivoox.com\/es\/06-b-programa-formacion-salud-propia-intercultural_md_14629062_wp_1.mp3<\/a><\/audio>\n<p><a title=\"06 B Programa de Formacion Salud Propia Intercultural\" href=\"https:\/\/co.ivoox.com\/es\/06-b-programa-formacion-salud-propia-intercultural-audios-mp3_rf_14629062_1.html\" target=\"_blank\">Ir a descargar<\/a><\/p>\n<h4 style=\"text-align: center;\">Por<\/h4>\n<h4 style=\"text-align: center;\">Consejo Regional Indigena del Cauca. CRIC<\/h4>\n<h4 style=\"text-align: center;\">Programa de Educacion Bilingue. PEBI-CRIC<\/h4>\n<h4 style=\"text-align: center;\">Universidad Autonoma Ind\u00edgena e Intercultural. UAIIN-CRIC<\/h4>\n<h4 style=\"text-align: center;\">Programa de Comunicacion Propia UAIIN-CRIC<\/h4>\n<h4 style=\"text-align: center;\">Programa de Comunicaciones y Relaciones Exteriores CRIC<\/h4>\n","protected":false},"excerpt":{"rendered":"<p>&nbsp; Serie Radiof\u00f3nica y mensajes educativos sobre el SEIP. Material de apoyo pedag\u00f3gico para las instrucciones educativas. &nbsp; &nbsp; Mensajes Educativos SEIP &nbsp; &nbsp; 01. Spot Caminar las raizes de saber SEIP Ir a descargar 02. Spot Herramienta de Fortalecimiento SEIP Ir a descargar 03. Spot La Educacion Propia SEIP Ir a descargar 04. Spot <\/p>\n","protected":false},"author":6,"featured_media":16053,"comment_status":"open","ping_status":"open","sticky":false,"template":"","format":"standard","meta":{"footnotes":""},"categories":[77,74],"tags":[253,251,322,398],"yoast_head":"<!-- This site is optimized with the Yoast SEO plugin v20.12 - https:\/\/yoast.com\/wordpress\/plugins\/seo\/ -->\n<title>SEIP-Sistema Educativo Propio-Tejiendo Vida y Sabidur\u00eda Desde los Espacios de Formaci\u00f3n para el Fortalecimiento y Pervivencia Cultual de los Pueblos - Consejo Regional Ind\u00edgena del Cauca - CRIC<\/title>\n<meta name=\"robots\" content=\"index, follow, max-snippet:-1, max-image-preview:large, max-video-preview:-1\" \/>\n<link rel=\"canonical\" href=\"https:\/\/www.cric-colombia.org\/portal\/seip-sistema-educativo-propio-tejiendo-vida-y-sabiduria-desde-los-espacios-de-formacion-para-el-fortalecimiento-y-pervivencia-cultual-de-los-pueblos\/\" \/>\n<meta property=\"og:locale\" content=\"es_ES\" \/>\n<meta property=\"og:type\" content=\"article\" \/>\n<meta property=\"og:title\" content=\"SEIP-Sistema Educativo Propio-Tejiendo Vida y Sabidur\u00eda Desde los Espacios de Formaci\u00f3n para el Fortalecimiento y Pervivencia Cultual de los Pueblos - Consejo Regional Ind\u00edgena del Cauca - CRIC\" \/>\n<meta property=\"og:description\" content=\"&nbsp; Serie Radiof\u00f3nica y mensajes educativos sobre el SEIP. Material de apoyo pedag\u00f3gico para las instrucciones educativas. &nbsp; &nbsp; Mensajes Educativos SEIP &nbsp; &nbsp; 01. Spot Caminar las raizes de saber SEIP Ir a descargar 02. Spot Herramienta de Fortalecimiento SEIP Ir a descargar 03. Spot La Educacion Propia SEIP Ir a descargar 04. Spot\" \/>\n<meta property=\"og:url\" content=\"https:\/\/www.cric-colombia.org\/portal\/seip-sistema-educativo-propio-tejiendo-vida-y-sabiduria-desde-los-espacios-de-formacion-para-el-fortalecimiento-y-pervivencia-cultual-de-los-pueblos\/\" \/>\n<meta property=\"og:site_name\" content=\"Consejo Regional Ind\u00edgena del Cauca - CRIC\" \/>\n<meta property=\"article:publisher\" content=\"https:\/\/www.facebook.com\/cric.colombia\/\" \/>\n<meta property=\"article:published_time\" content=\"2016-12-05T18:53:20+00:00\" \/>\n<meta property=\"og:image\" content=\"https:\/\/www.cric-colombia.org\/portal\/wp-content\/uploads\/2016\/12\/SEIP-Sistema-Educativo-Indigena-Propio.jpg\" \/>\n\t<meta property=\"og:image:width\" content=\"885\" \/>\n\t<meta property=\"og:image:height\" content=\"892\" \/>\n\t<meta property=\"og:image:type\" content=\"image\/jpeg\" \/>\n<meta name=\"author\" content=\"Comunicaciones CRIC\" \/>\n<meta name=\"twitter:card\" content=\"summary_large_image\" \/>\n<meta name=\"twitter:creator\" content=\"@CRIC_Cauca\" \/>\n<meta name=\"twitter:site\" content=\"@CRIC_Cauca\" \/>\n<meta name=\"twitter:label1\" content=\"Escrito por\" \/>\n\t<meta name=\"twitter:data1\" content=\"Comunicaciones CRIC\" \/>\n\t<meta name=\"twitter:label2\" content=\"Tiempo de lectura\" \/>\n\t<meta name=\"twitter:data2\" content=\"2 minutos\" \/>\n<script type=\"application\/ld+json\" class=\"yoast-schema-graph\">{\"@context\":\"https:\/\/schema.org\",\"@graph\":[{\"@type\":\"Article\",\"@id\":\"https:\/\/www.cric-colombia.org\/portal\/seip-sistema-educativo-propio-tejiendo-vida-y-sabiduria-desde-los-espacios-de-formacion-para-el-fortalecimiento-y-pervivencia-cultual-de-los-pueblos\/#article\",\"isPartOf\":{\"@id\":\"https:\/\/www.cric-colombia.org\/portal\/seip-sistema-educativo-propio-tejiendo-vida-y-sabiduria-desde-los-espacios-de-formacion-para-el-fortalecimiento-y-pervivencia-cultual-de-los-pueblos\/\"},\"author\":{\"name\":\"Comunicaciones CRIC\",\"@id\":\"https:\/\/www.cric-colombia.org\/portal\/#\/schema\/person\/ab3a3099267de33d55f74f34ba201931\"},\"headline\":\"SEIP-Sistema Educativo Propio-Tejiendo Vida y Sabidur\u00eda Desde los Espacios de Formaci\u00f3n para el Fortalecimiento y Pervivencia Cultual de los Pueblos\",\"datePublished\":\"2016-12-05T18:53:20+00:00\",\"dateModified\":\"2016-12-05T18:53:20+00:00\",\"mainEntityOfPage\":{\"@id\":\"https:\/\/www.cric-colombia.org\/portal\/seip-sistema-educativo-propio-tejiendo-vida-y-sabiduria-desde-los-espacios-de-formacion-para-el-fortalecimiento-y-pervivencia-cultual-de-los-pueblos\/\"},\"wordCount\":466,\"commentCount\":0,\"publisher\":{\"@id\":\"https:\/\/www.cric-colombia.org\/portal\/#organization\"},\"keywords\":[\"Educacion\",\"PEBI\",\"Programas Radiales\",\"SEIP\"],\"articleSection\":[\"Audios\",\"Multimedia\"],\"inLanguage\":\"es\",\"potentialAction\":[{\"@type\":\"CommentAction\",\"name\":\"Comment\",\"target\":[\"https:\/\/www.cric-colombia.org\/portal\/seip-sistema-educativo-propio-tejiendo-vida-y-sabiduria-desde-los-espacios-de-formacion-para-el-fortalecimiento-y-pervivencia-cultual-de-los-pueblos\/#respond\"]}]},{\"@type\":\"WebPage\",\"@id\":\"https:\/\/www.cric-colombia.org\/portal\/seip-sistema-educativo-propio-tejiendo-vida-y-sabiduria-desde-los-espacios-de-formacion-para-el-fortalecimiento-y-pervivencia-cultual-de-los-pueblos\/\",\"url\":\"https:\/\/www.cric-colombia.org\/portal\/seip-sistema-educativo-propio-tejiendo-vida-y-sabiduria-desde-los-espacios-de-formacion-para-el-fortalecimiento-y-pervivencia-cultual-de-los-pueblos\/\",\"name\":\"SEIP-Sistema Educativo Propio-Tejiendo Vida y Sabidur\u00eda Desde los Espacios de Formaci\u00f3n para el Fortalecimiento y Pervivencia Cultual de los Pueblos - Consejo Regional Ind\u00edgena del Cauca - CRIC\",\"isPartOf\":{\"@id\":\"https:\/\/www.cric-colombia.org\/portal\/#website\"},\"datePublished\":\"2016-12-05T18:53:20+00:00\",\"dateModified\":\"2016-12-05T18:53:20+00:00\",\"breadcrumb\":{\"@id\":\"https:\/\/www.cric-colombia.org\/portal\/seip-sistema-educativo-propio-tejiendo-vida-y-sabiduria-desde-los-espacios-de-formacion-para-el-fortalecimiento-y-pervivencia-cultual-de-los-pueblos\/#breadcrumb\"},\"inLanguage\":\"es\",\"potentialAction\":[{\"@type\":\"ReadAction\",\"target\":[\"https:\/\/www.cric-colombia.org\/portal\/seip-sistema-educativo-propio-tejiendo-vida-y-sabiduria-desde-los-espacios-de-formacion-para-el-fortalecimiento-y-pervivencia-cultual-de-los-pueblos\/\"]}]},{\"@type\":\"BreadcrumbList\",\"@id\":\"https:\/\/www.cric-colombia.org\/portal\/seip-sistema-educativo-propio-tejiendo-vida-y-sabiduria-desde-los-espacios-de-formacion-para-el-fortalecimiento-y-pervivencia-cultual-de-los-pueblos\/#breadcrumb\",\"itemListElement\":[{\"@type\":\"ListItem\",\"position\":1,\"name\":\"Portada\",\"item\":\"https:\/\/www.cric-colombia.org\/portal\/\"},{\"@type\":\"ListItem\",\"position\":2,\"name\":\"SEIP-Sistema Educativo Propio-Tejiendo Vida y Sabidur\u00eda Desde los Espacios de Formaci\u00f3n para el Fortalecimiento y Pervivencia Cultual de los Pueblos\"}]},{\"@type\":\"WebSite\",\"@id\":\"https:\/\/www.cric-colombia.org\/portal\/#website\",\"url\":\"https:\/\/www.cric-colombia.org\/portal\/\",\"name\":\"Consejo Regional Ind\u00edgena del Cauca - CRIC\",\"description\":\"P\u00e1gina oficial del Consejo Regional Ind\u00edgena del Cauca, Colombia\",\"publisher\":{\"@id\":\"https:\/\/www.cric-colombia.org\/portal\/#organization\"},\"potentialAction\":[{\"@type\":\"SearchAction\",\"target\":{\"@type\":\"EntryPoint\",\"urlTemplate\":\"https:\/\/www.cric-colombia.org\/portal\/?s={search_term_string}\"},\"query-input\":\"required name=search_term_string\"}],\"inLanguage\":\"es\"},{\"@type\":\"Organization\",\"@id\":\"https:\/\/www.cric-colombia.org\/portal\/#organization\",\"name\":\"Consejo Regional Ind\u00edgena del Cauca\",\"url\":\"https:\/\/www.cric-colombia.org\/portal\/\",\"logo\":{\"@type\":\"ImageObject\",\"inLanguage\":\"es\",\"@id\":\"https:\/\/www.cric-colombia.org\/portal\/#\/schema\/logo\/image\/\",\"url\":\"https:\/\/www.cric-colombia.org\/portal\/wp-content\/uploads\/2015\/08\/logo_cric.jpg\",\"contentUrl\":\"https:\/\/www.cric-colombia.org\/portal\/wp-content\/uploads\/2015\/08\/logo_cric.jpg\",\"width\":512,\"height\":512,\"caption\":\"Consejo Regional Ind\u00edgena del Cauca\"},\"image\":{\"@id\":\"https:\/\/www.cric-colombia.org\/portal\/#\/schema\/logo\/image\/\"},\"sameAs\":[\"https:\/\/www.facebook.com\/cric.colombia\/\",\"https:\/\/twitter.com\/CRIC_Cauca\"]},{\"@type\":\"Person\",\"@id\":\"https:\/\/www.cric-colombia.org\/portal\/#\/schema\/person\/ab3a3099267de33d55f74f34ba201931\",\"name\":\"Comunicaciones CRIC\",\"image\":{\"@type\":\"ImageObject\",\"inLanguage\":\"es\",\"@id\":\"https:\/\/www.cric-colombia.org\/portal\/#\/schema\/person\/image\/\",\"url\":\"https:\/\/secure.gravatar.com\/avatar\/a8d1a6cfcb82a80d09dafefdcc3dcc8a?s=96&d=retro&r=g\",\"contentUrl\":\"https:\/\/secure.gravatar.com\/avatar\/a8d1a6cfcb82a80d09dafefdcc3dcc8a?s=96&d=retro&r=g\",\"caption\":\"Comunicaciones CRIC\"},\"url\":\"https:\/\/www.cric-colombia.org\/portal\/author\/comunicaciones\/\"}]}<\/script>\n<!-- \/ Yoast SEO plugin. -->","yoast_head_json":{"title":"SEIP-Sistema Educativo Propio-Tejiendo Vida y Sabidur\u00eda Desde los Espacios de Formaci\u00f3n para el Fortalecimiento y Pervivencia Cultual de los Pueblos - Consejo Regional Ind\u00edgena del Cauca - CRIC","robots":{"index":"index","follow":"follow","max-snippet":"max-snippet:-1","max-image-preview":"max-image-preview:large","max-video-preview":"max-video-preview:-1"},"canonical":"https:\/\/www.cric-colombia.org\/portal\/seip-sistema-educativo-propio-tejiendo-vida-y-sabiduria-desde-los-espacios-de-formacion-para-el-fortalecimiento-y-pervivencia-cultual-de-los-pueblos\/","og_locale":"es_ES","og_type":"article","og_title":"SEIP-Sistema Educativo Propio-Tejiendo Vida y Sabidur\u00eda Desde los Espacios de Formaci\u00f3n para el Fortalecimiento y Pervivencia Cultual de los Pueblos - Consejo Regional Ind\u00edgena del Cauca - CRIC","og_description":"&nbsp; Serie Radiof\u00f3nica y mensajes educativos sobre el SEIP. Material de apoyo pedag\u00f3gico para las instrucciones educativas. &nbsp; &nbsp; Mensajes Educativos SEIP &nbsp; &nbsp; 01. Spot Caminar las raizes de saber SEIP Ir a descargar 02. Spot Herramienta de Fortalecimiento SEIP Ir a descargar 03. Spot La Educacion Propia SEIP Ir a descargar 04. Spot","og_url":"https:\/\/www.cric-colombia.org\/portal\/seip-sistema-educativo-propio-tejiendo-vida-y-sabiduria-desde-los-espacios-de-formacion-para-el-fortalecimiento-y-pervivencia-cultual-de-los-pueblos\/","og_site_name":"Consejo Regional Ind\u00edgena del Cauca - CRIC","article_publisher":"https:\/\/www.facebook.com\/cric.colombia\/","article_published_time":"2016-12-05T18:53:20+00:00","og_image":[{"width":885,"height":892,"url":"https:\/\/www.cric-colombia.org\/portal\/wp-content\/uploads\/2016\/12\/SEIP-Sistema-Educativo-Indigena-Propio.jpg","type":"image\/jpeg"}],"author":"Comunicaciones CRIC","twitter_card":"summary_large_image","twitter_creator":"@CRIC_Cauca","twitter_site":"@CRIC_Cauca","twitter_misc":{"Escrito por":"Comunicaciones CRIC","Tiempo de lectura":"2 minutos"},"schema":{"@context":"https:\/\/schema.org","@graph":[{"@type":"Article","@id":"https:\/\/www.cric-colombia.org\/portal\/seip-sistema-educativo-propio-tejiendo-vida-y-sabiduria-desde-los-espacios-de-formacion-para-el-fortalecimiento-y-pervivencia-cultual-de-los-pueblos\/#article","isPartOf":{"@id":"https:\/\/www.cric-colombia.org\/portal\/seip-sistema-educativo-propio-tejiendo-vida-y-sabiduria-desde-los-espacios-de-formacion-para-el-fortalecimiento-y-pervivencia-cultual-de-los-pueblos\/"},"author":{"name":"Comunicaciones CRIC","@id":"https:\/\/www.cric-colombia.org\/portal\/#\/schema\/person\/ab3a3099267de33d55f74f34ba201931"},"headline":"SEIP-Sistema Educativo Propio-Tejiendo Vida y Sabidur\u00eda Desde los Espacios de Formaci\u00f3n para el Fortalecimiento y Pervivencia Cultual de los Pueblos","datePublished":"2016-12-05T18:53:20+00:00","dateModified":"2016-12-05T18:53:20+00:00","mainEntityOfPage":{"@id":"https:\/\/www.cric-colombia.org\/portal\/seip-sistema-educativo-propio-tejiendo-vida-y-sabiduria-desde-los-espacios-de-formacion-para-el-fortalecimiento-y-pervivencia-cultual-de-los-pueblos\/"},"wordCount":466,"commentCount":0,"publisher":{"@id":"https:\/\/www.cric-colombia.org\/portal\/#organization"},"keywords":["Educacion","PEBI","Programas Radiales","SEIP"],"articleSection":["Audios","Multimedia"],"inLanguage":"es","potentialAction":[{"@type":"CommentAction","name":"Comment","target":["https:\/\/www.cric-colombia.org\/portal\/seip-sistema-educativo-propio-tejiendo-vida-y-sabiduria-desde-los-espacios-de-formacion-para-el-fortalecimiento-y-pervivencia-cultual-de-los-pueblos\/#respond"]}]},{"@type":"WebPage","@id":"https:\/\/www.cric-colombia.org\/portal\/seip-sistema-educativo-propio-tejiendo-vida-y-sabiduria-desde-los-espacios-de-formacion-para-el-fortalecimiento-y-pervivencia-cultual-de-los-pueblos\/","url":"https:\/\/www.cric-colombia.org\/portal\/seip-sistema-educativo-propio-tejiendo-vida-y-sabiduria-desde-los-espacios-de-formacion-para-el-fortalecimiento-y-pervivencia-cultual-de-los-pueblos\/","name":"SEIP-Sistema Educativo Propio-Tejiendo Vida y Sabidur\u00eda Desde los Espacios de Formaci\u00f3n para el Fortalecimiento y Pervivencia Cultual de los Pueblos - Consejo Regional Ind\u00edgena del Cauca - CRIC","isPartOf":{"@id":"https:\/\/www.cric-colombia.org\/portal\/#website"},"datePublished":"2016-12-05T18:53:20+00:00","dateModified":"2016-12-05T18:53:20+00:00","breadcrumb":{"@id":"https:\/\/www.cric-colombia.org\/portal\/seip-sistema-educativo-propio-tejiendo-vida-y-sabiduria-desde-los-espacios-de-formacion-para-el-fortalecimiento-y-pervivencia-cultual-de-los-pueblos\/#breadcrumb"},"inLanguage":"es","potentialAction":[{"@type":"ReadAction","target":["https:\/\/www.cric-colombia.org\/portal\/seip-sistema-educativo-propio-tejiendo-vida-y-sabiduria-desde-los-espacios-de-formacion-para-el-fortalecimiento-y-pervivencia-cultual-de-los-pueblos\/"]}]},{"@type":"BreadcrumbList","@id":"https:\/\/www.cric-colombia.org\/portal\/seip-sistema-educativo-propio-tejiendo-vida-y-sabiduria-desde-los-espacios-de-formacion-para-el-fortalecimiento-y-pervivencia-cultual-de-los-pueblos\/#breadcrumb","itemListElement":[{"@type":"ListItem","position":1,"name":"Portada","item":"https:\/\/www.cric-colombia.org\/portal\/"},{"@type":"ListItem","position":2,"name":"SEIP-Sistema Educativo Propio-Tejiendo Vida y Sabidur\u00eda Desde los Espacios de Formaci\u00f3n para el Fortalecimiento y Pervivencia Cultual de los Pueblos"}]},{"@type":"WebSite","@id":"https:\/\/www.cric-colombia.org\/portal\/#website","url":"https:\/\/www.cric-colombia.org\/portal\/","name":"Consejo Regional Ind\u00edgena del Cauca - CRIC","description":"P\u00e1gina oficial del Consejo Regional Ind\u00edgena del Cauca, Colombia","publisher":{"@id":"https:\/\/www.cric-colombia.org\/portal\/#organization"},"potentialAction":[{"@type":"SearchAction","target":{"@type":"EntryPoint","urlTemplate":"https:\/\/www.cric-colombia.org\/portal\/?s={search_term_string}"},"query-input":"required name=search_term_string"}],"inLanguage":"es"},{"@type":"Organization","@id":"https:\/\/www.cric-colombia.org\/portal\/#organization","name":"Consejo Regional Ind\u00edgena del Cauca","url":"https:\/\/www.cric-colombia.org\/portal\/","logo":{"@type":"ImageObject","inLanguage":"es","@id":"https:\/\/www.cric-colombia.org\/portal\/#\/schema\/logo\/image\/","url":"https:\/\/www.cric-colombia.org\/portal\/wp-content\/uploads\/2015\/08\/logo_cric.jpg","contentUrl":"https:\/\/www.cric-colombia.org\/portal\/wp-content\/uploads\/2015\/08\/logo_cric.jpg","width":512,"height":512,"caption":"Consejo Regional Ind\u00edgena del Cauca"},"image":{"@id":"https:\/\/www.cric-colombia.org\/portal\/#\/schema\/logo\/image\/"},"sameAs":["https:\/\/www.facebook.com\/cric.colombia\/","https:\/\/twitter.com\/CRIC_Cauca"]},{"@type":"Person","@id":"https:\/\/www.cric-colombia.org\/portal\/#\/schema\/person\/ab3a3099267de33d55f74f34ba201931","name":"Comunicaciones CRIC","image":{"@type":"ImageObject","inLanguage":"es","@id":"https:\/\/www.cric-colombia.org\/portal\/#\/schema\/person\/image\/","url":"https:\/\/secure.gravatar.com\/avatar\/a8d1a6cfcb82a80d09dafefdcc3dcc8a?s=96&d=retro&r=g","contentUrl":"https:\/\/secure.gravatar.com\/avatar\/a8d1a6cfcb82a80d09dafefdcc3dcc8a?s=96&d=retro&r=g","caption":"Comunicaciones CRIC"},"url":"https:\/\/www.cric-colombia.org\/portal\/author\/comunicaciones\/"}]}},"jetpack_featured_media_url":"https:\/\/www.cric-colombia.org\/portal\/wp-content\/uploads\/2016\/12\/SEIP-Sistema-Educativo-Indigena-Propio.jpg","_links":{"self":[{"href":"https:\/\/www.cric-colombia.org\/portal\/wp-json\/wp\/v2\/posts\/16051"}],"collection":[{"href":"https:\/\/www.cric-colombia.org\/portal\/wp-json\/wp\/v2\/posts"}],"about":[{"href":"https:\/\/www.cric-colombia.org\/portal\/wp-json\/wp\/v2\/types\/post"}],"author":[{"embeddable":true,"href":"https:\/\/www.cric-colombia.org\/portal\/wp-json\/wp\/v2\/users\/6"}],"replies":[{"embeddable":true,"href":"https:\/\/www.cric-colombia.org\/portal\/wp-json\/wp\/v2\/comments?post=16051"}],"version-history":[{"count":7,"href":"https:\/\/www.cric-colombia.org\/portal\/wp-json\/wp\/v2\/posts\/16051\/revisions"}],"predecessor-version":[{"id":16059,"href":"https:\/\/www.cric-colombia.org\/portal\/wp-json\/wp\/v2\/posts\/16051\/revisions\/16059"}],"wp:featuredmedia":[{"embeddable":true,"href":"https:\/\/www.cric-colombia.org\/portal\/wp-json\/wp\/v2\/media\/16053"}],"wp:attachment":[{"href":"https:\/\/www.cric-colombia.org\/portal\/wp-json\/wp\/v2\/media?parent=16051"}],"wp:term":[{"taxonomy":"category","embeddable":true,"href":"https:\/\/www.cric-colombia.org\/portal\/wp-json\/wp\/v2\/categories?post=16051"},{"taxonomy":"post_tag","embeddable":true,"href":"https:\/\/www.cric-colombia.org\/portal\/wp-json\/wp\/v2\/tags?post=16051"}],"curies":[{"name":"wp","href":"https:\/\/api.w.org\/{rel}","templated":true}]}}