{"id":15585,"date":"2016-10-14T10:43:42","date_gmt":"2016-10-14T15:43:42","guid":{"rendered":"http:\/\/www.cric-colombia.org\/portal\/?p=15585"},"modified":"2016-10-14T13:45:07","modified_gmt":"2016-10-14T18:45:07","slug":"primera-minga-para-la-valoracion-y-construccion-de-propuestas-y-pedagogias-propias-en-el-territorio-de-paez-zona-tierradentro","status":"publish","type":"post","link":"https:\/\/www.cric-colombia.org\/portal\/primera-minga-para-la-valoracion-y-construccion-de-propuestas-y-pedagogias-propias-en-el-territorio-de-paez-zona-tierradentro\/","title":{"rendered":"Primera Minga Para la Valoraci\u00f3n y Construcci\u00f3n de Propuestas y Pedagog\u00edas Propias en el Territorio de P\u00e1ez Zona Tierradentro"},"content":{"rendered":"<figure id=\"attachment_15587\" aria-describedby=\"caption-attachment-15587\" style=\"width: 1106px\" class=\"wp-caption aligncenter\"><a href=\"https:\/\/www.cric-colombia.org\/portal\/wp-content\/uploads\/2016\/10\/DSC_0713.jpg\"><img decoding=\"async\" loading=\"lazy\" class=\"wp-image-15587 size-full\" src=\"https:\/\/www.cric-colombia.org\/portal\/wp-content\/uploads\/2016\/10\/DSC_0713.jpg\" alt=\"PRIMERA MINGA PARA LA VALORACI\u00d3N Y CONSTRUCCI\u00d3N DE PROPUESTAS Y PEDAGOG\u00cdAS PROPIAS\" width=\"1106\" height=\"737\" srcset=\"https:\/\/www.cric-colombia.org\/portal\/wp-content\/uploads\/2016\/10\/DSC_0713.jpg 1106w, https:\/\/www.cric-colombia.org\/portal\/wp-content\/uploads\/2016\/10\/DSC_0713-300x200.jpg 300w, https:\/\/www.cric-colombia.org\/portal\/wp-content\/uploads\/2016\/10\/DSC_0713-768x512.jpg 768w, https:\/\/www.cric-colombia.org\/portal\/wp-content\/uploads\/2016\/10\/DSC_0713-1024x682.jpg 1024w, https:\/\/www.cric-colombia.org\/portal\/wp-content\/uploads\/2016\/10\/DSC_0713-696x464.jpg 696w, https:\/\/www.cric-colombia.org\/portal\/wp-content\/uploads\/2016\/10\/DSC_0713-1068x712.jpg 1068w, https:\/\/www.cric-colombia.org\/portal\/wp-content\/uploads\/2016\/10\/DSC_0713-630x420.jpg 630w\" sizes=\"(max-width: 1106px) 100vw, 1106px\" \/><\/a><figcaption id=\"caption-attachment-15587\" class=\"wp-caption-text\">PRIMERA MINGA PARA LA VALORACI\u00d3N Y CONSTRUCCI\u00d3N DE PROPUESTAS Y PEDAGOG\u00cdAS PROPIAS<\/figcaption><\/figure>\n<p style=\"text-align: justify;\"><span style=\"font-weight: 400;\">La Primera Minga Educativa se realiza en las instalaciones de la Instituci\u00f3n Educativa Jos\u00e9 Reyes Pete, Resguardo de Vitonc\u00f3 (P\u00e1ez) Cauca, los d\u00edas 17 al 19 de octubre de 2016. Durante el evento asistir\u00e1n estudiantes, padres de familia, dinamizadores Autoridades Ind\u00edgenas y comunidad en general.<\/span><\/p>\n<p style=\"text-align: justify;\"><span style=\"font-weight: 400;\">La educaci\u00f3n es uno de los ejes fundamentales como estrategia de fortalecimiento cultural, transformaci\u00f3n, construcci\u00f3n y reconstrucci\u00f3n del tejido social de nuestros pueblos. El consejo de educaci\u00f3n de la Asociaci\u00f3n de cabildos Nasa \u00c7xh\u00e2\u00e7xha desde la din\u00e1mica de construcci\u00f3n y consolidaci\u00f3n del Sistema Educaci\u00f3n Ind\u00edgena Propio SEIP, convoca a la socializaci\u00f3n de propuestas pedag\u00f3gicas educativas en la primera minga para la valoraci\u00f3n y construcci\u00f3n de propuestas y pedagog\u00edas propias en el territorio de P\u00e1ez, departamento del Cauca, que se realizara en el resguardo ind\u00edgena de Vitonc\u00f3, durante los d\u00edas 17, 18 y 19 de octubre de 2016.<\/span><\/p>\n<figure id=\"attachment_15590\" aria-describedby=\"caption-attachment-15590\" style=\"width: 4608px\" class=\"wp-caption aligncenter\"><a href=\"https:\/\/www.cric-colombia.org\/portal\/wp-content\/uploads\/2016\/10\/DSC_0568.jpg\"><img decoding=\"async\" loading=\"lazy\" class=\"wp-image-15590 size-full\" src=\"https:\/\/www.cric-colombia.org\/portal\/wp-content\/uploads\/2016\/10\/DSC_0568.jpg\" alt=\"PRIMERA MINGA PARA LA VALORACI\u00d3N Y CONSTRUCCI\u00d3N DE PROPUESTAS Y PEDAGOG\u00cdAS PROPIAS(1)\" width=\"4608\" height=\"3072\" srcset=\"https:\/\/www.cric-colombia.org\/portal\/wp-content\/uploads\/2016\/10\/DSC_0568.jpg 4608w, https:\/\/www.cric-colombia.org\/portal\/wp-content\/uploads\/2016\/10\/DSC_0568-300x200.jpg 300w, https:\/\/www.cric-colombia.org\/portal\/wp-content\/uploads\/2016\/10\/DSC_0568-768x512.jpg 768w, https:\/\/www.cric-colombia.org\/portal\/wp-content\/uploads\/2016\/10\/DSC_0568-1024x683.jpg 1024w, https:\/\/www.cric-colombia.org\/portal\/wp-content\/uploads\/2016\/10\/DSC_0568-696x464.jpg 696w, https:\/\/www.cric-colombia.org\/portal\/wp-content\/uploads\/2016\/10\/DSC_0568-1068x712.jpg 1068w, https:\/\/www.cric-colombia.org\/portal\/wp-content\/uploads\/2016\/10\/DSC_0568-630x420.jpg 630w\" sizes=\"(max-width: 4608px) 100vw, 4608px\" \/><\/a><figcaption id=\"caption-attachment-15590\" class=\"wp-caption-text\">PRIMERA MINGA PARA LA VALORACI\u00d3N Y CONSTRUCCI\u00d3N DE PROPUESTAS Y PEDAGOG\u00cdAS PROPIAS(1)<\/figcaption><\/figure>\n<p style=\"text-align: justify;\"><span style=\"font-weight: 400;\">Este evento se plantea, con el \u00e1nimo de reflexionar sobre la educaci\u00f3n en nuestras comunidades ind\u00edgenas y como a partir del intercambio de experiencias educativas acordes a las exigencias de la realidad actual, se puedan potenciar nuevos procesos de ense\u00f1anza-aprendizaje desde el marco del fortalecimiento de la educaci\u00f3n propia, que permita afianzar los procesos de formaci\u00f3n integral de las comunidades brindando una educaci\u00f3n acorde a las necesidades y problem\u00e1ticas territoriales.<\/span><\/p>\n<p style=\"text-align: justify;\"><span style=\"font-weight: 400;\">Objetivo del encuentro valoraci\u00f3n y construcci\u00f3n de experiencias educativas significativas en el marco de la educaci\u00f3n propia, que permitan fortalecer la aplicabilidad de los proyectos pedag\u00f3gicos desde los diferentes Proyectos Educativos Comunitarios \u00a0(PEC) en el territorio de P\u00e1ez Tierra dentro.<\/span><\/p>\n<h3 style=\"text-align: center;\"><span style=\"color: #333300;\"><b>Ejes tem\u00e1ticos para la socializaci\u00f3n de las experiencias educativas.<\/b><\/span><\/h3>\n<p style=\"text-align: justify;\"><span style=\"font-weight: 400;\">Comunidad y naturaleza. Comunicaci\u00f3n y lenguaje. Territorio y sociedad. Matem\u00e1ticas y producci\u00f3n.<\/span><\/p>\n<h4><span style=\"color: #333300;\"><b>Programaci\u00f3n:<\/b><\/span><\/h4>\n<h5><span style=\"color: #333300;\"><b>D\u00eda 1: lunes 17 de octubre de 2.016<\/b><\/span><\/h5>\n<p style=\"text-align: justify;\"><span style=\"font-weight: 400;\"> Apertura del evento <\/span><\/p>\n<p style=\"text-align: justify;\"><span style=\"font-weight: 400;\">Recuento hist\u00f3rico proceso educativo Tierradentro <\/span><\/p>\n<p style=\"text-align: justify;\"><span style=\"font-weight: 400;\"> Exposici\u00f3n. Semillas propias para el cuidado de la vida y el territorio. (Resguardo de SanJos\u00e9). <\/span><\/p>\n<p style=\"text-align: justify;\"><span style=\"font-weight: 400;\">Exp. Fortalecimiento del tul nasa (R. Huila)<\/span><\/p>\n<p><span style=\"font-weight: 400;\">Exp. Aprendiendo a trav\u00e9s del llamado del agua (R. Belalcazar)<\/span><\/p>\n<p><span style=\"font-weight: 400;\">Exp. Nasayuwe\u2019s atna (R. Mosoco)<\/span><\/p>\n<p><span style=\"font-weight: 400;\">Exp. \u00a0La huerta escolar como herramienta pedag\u00f3gica (R. Ricaurte)<\/span><\/p>\n<p><span style=\"font-weight: 400;\">Exposici\u00f3n, Sembrando conocimiento desde el tul (Resguardo de Cohetando)<\/span><\/p>\n<p style=\"text-align: justify;\"><span style=\"font-weight: 400;\">Exp. Wejxa \u00dbus (R. Vitonco)<\/span><\/p>\n<p style=\"text-align: justify;\"><span style=\"font-weight: 400;\">Exp. Recuperaci\u00f3n del tul y semillas propias (R. Togoima)<\/span><\/p>\n<h4><span style=\"color: #333300;\"><b>D\u00eda 2: martes 18 de octubre de 2.016.<\/b><\/span><\/h4>\n<p style=\"text-align: left;\"><span style=\"font-weight: 400;\">Exposici\u00f3n. Espiral medicinal (R. Belalcazar)<\/span><\/p>\n<p style=\"text-align: left;\"><span style=\"font-weight: 400;\">Exp. Fortaleciendo las huertas (R. Mosoco)<\/span><\/p>\n<p style=\"text-align: left;\"><span style=\"font-weight: 400;\">Kwe\u2019sx \u00fbus yatxnxi\u2019s umuka(R. Chinas )\u00a0<\/span><\/p>\n<p><span style=\"font-weight: 400;\">Exp. Huerta escolar como herramienta pedag\u00f3gica (R. Vitonco)<\/span><\/p>\n<p><span style=\"font-weight: 400;\">Fortalecimiento de plantas medicinales del tul (R. Lame)<\/span><\/p>\n<p><span style=\"font-weight: 400;\">Exp. El tul escolar como estrategia pedag\u00f3gica (R. Cohetando)<\/span><\/p>\n<p><span style=\"font-weight: 400;\">Exp. \u00a0Sue\u00f1a caf\u00e9, crea empresa (R. Avirama)<\/span><\/p>\n<p><span style=\"font-weight: 400;\">Exp. Un lugar para crecer en familia (R. Avirama)<\/span><\/p>\n<p><span style=\"font-weight: 400;\">Exp. Rescate del tul desde el proceso familiar para pervivir y subsistir en el tiempo (R. Vitonc\u00f3)<\/span><\/p>\n<p><span style=\"font-weight: 400;\">Exp. Sat weesx Zuun (R. Pi\u00e7kwe ta fxiw)<\/span><\/p>\n<p><span style=\"font-weight: 400;\"> Uhna napa fxize \u2013 sembrar para vivir (R. Cohetando)<\/span><\/p>\n<h4><span style=\"color: #333300;\"><b>D\u00eda 3: mi\u00e9rcoles 19 de octubre de 2.016.<\/b><\/span><\/h4>\n<p><span style=\"font-weight: 400;\">Exposici\u00f3n. Crianza del Agua (Resguardo de . Suin) <\/span><\/p>\n<p><span style=\"font-weight: 400;\">Exp. Ayka atlxtxi wejx ipe\u2019jna fi\u2019zeka (R. Vitonc\u00f3) <\/span><\/p>\n<p><span style=\"font-weight: 400;\">Exp. Cuidado y crianza del agua como fuente de pervivencia, memoria y armon\u00eda de nuestras comunidades \u00a0(R. Cxab wala luucx )\u00a0<\/span><\/p>\n<p><span style=\"font-weight: 400;\">Exposici\u00f3n. \u00a0El tul como estrategia pedag\u00f3gica para asegurar la seguridad alimentaria (R. Talaga)<\/span><\/p>\n<p><span style=\"font-weight: 400;\">S\u00edntesis y evaluaci\u00f3n colectiva \u00a0<\/span><\/p>\n<p><span style=\"font-weight: 400;\">Reconocimiento a los dinamizadores comunitario.<\/span><\/p>\n<p style=\"text-align: center;\"><span style=\"color: #003300;\"><!--[if lt IE 9]><script>document.createElement('audio');<\/script><![endif]-->\n<audio class=\"wp-audio-shortcode\" id=\"audio-15585-1\" preload=\"none\" style=\"width: 100%;\" controls=\"controls\"><source type=\"audio\/mpeg\" src=\"https:\/\/co.ivoox.com\/es\/primera-minga-para-valoracion-construccion-de_md_13321312_wp_1.mp3?_=1\" \/><a href=\"https:\/\/co.ivoox.com\/es\/primera-minga-para-valoracion-construccion-de_md_13321312_wp_1.mp3\">https:\/\/co.ivoox.com\/es\/primera-minga-para-valoracion-construccion-de_md_13321312_wp_1.mp3<\/a><\/audio> <a href=\"https:\/\/co.ivoox.com\/es\/primera-minga-para-valoracion-construccion-de-audios-mp3_rf_13321312_1.html\" title=\"Primera Minga Para la Valoraci\u00f3n y Construcci\u00f3n de Propuestas y Pedagog\u00edas Propias en el Territorio de P\u00e1ez Zona Tierrad\"TARGET=\"_blank\">Ir a descargar<\/a><\/span><\/p>\n<h2 style=\"text-align: center;\"><span style=\"font-weight: 400; color: #333300;\">Convoca<\/span><\/h2>\n<h3 style=\"text-align: center;\"><span style=\"font-weight: 400; color: #333300;\">Consejo de Educaci\u00f3n Asociaci\u00f3n de Cabildos Nasa Cxha Cxha. <\/span><\/h3>\n<h3 style=\"text-align: center;\"><span style=\"font-weight: 400; color: #333300;\">Consejo Regional Ind\u00edgena del Cauca CRIC<\/span><\/h3>\n","protected":false},"excerpt":{"rendered":"<p>La Primera Minga Educativa se realiza en las instalaciones de la Instituci\u00f3n Educativa Jos\u00e9 Reyes Pete, Resguardo de Vitonc\u00f3 (P\u00e1ez) Cauca, los d\u00edas 17 al 19 de octubre de 2016. Durante el evento asistir\u00e1n estudiantes, padres de familia, dinamizadores Autoridades Ind\u00edgenas y comunidad en general. La educaci\u00f3n es uno de los ejes fundamentales como estrategia <\/p>\n","protected":false},"author":6,"featured_media":15586,"comment_status":"open","ping_status":"open","sticky":false,"template":"","format":"standard","meta":{"footnotes":""},"categories":[3],"tags":[397,313,399,398],"yoast_head":"<!-- This site is optimized with the Yoast SEO plugin v20.12 - https:\/\/yoast.com\/wordpress\/plugins\/seo\/ -->\n<title>Primera Minga Para la Valoraci\u00f3n y Construcci\u00f3n de Propuestas y Pedagog\u00edas Propias en el Territorio de P\u00e1ez Zona Tierradentro - Consejo Regional Ind\u00edgena del Cauca - CRIC<\/title>\n<meta name=\"robots\" content=\"index, follow, max-snippet:-1, max-image-preview:large, max-video-preview:-1\" \/>\n<link rel=\"canonical\" href=\"https:\/\/www.cric-colombia.org\/portal\/primera-minga-para-la-valoracion-y-construccion-de-propuestas-y-pedagogias-propias-en-el-territorio-de-paez-zona-tierradentro\/\" \/>\n<meta property=\"og:locale\" content=\"es_ES\" \/>\n<meta property=\"og:type\" content=\"article\" \/>\n<meta property=\"og:title\" content=\"Primera Minga Para la Valoraci\u00f3n y Construcci\u00f3n de Propuestas y Pedagog\u00edas Propias en el Territorio de P\u00e1ez Zona Tierradentro - Consejo Regional Ind\u00edgena del Cauca - CRIC\" \/>\n<meta property=\"og:description\" content=\"La Primera Minga Educativa se realiza en las instalaciones de la Instituci\u00f3n Educativa Jos\u00e9 Reyes Pete, Resguardo de Vitonc\u00f3 (P\u00e1ez) Cauca, los d\u00edas 17 al 19 de octubre de 2016. Durante el evento asistir\u00e1n estudiantes, padres de familia, dinamizadores Autoridades Ind\u00edgenas y comunidad en general. La educaci\u00f3n es uno de los ejes fundamentales como estrategia\" \/>\n<meta property=\"og:url\" content=\"https:\/\/www.cric-colombia.org\/portal\/primera-minga-para-la-valoracion-y-construccion-de-propuestas-y-pedagogias-propias-en-el-territorio-de-paez-zona-tierradentro\/\" \/>\n<meta property=\"og:site_name\" content=\"Consejo Regional Ind\u00edgena del Cauca - CRIC\" \/>\n<meta property=\"article:publisher\" content=\"https:\/\/www.facebook.com\/cric.colombia\/\" \/>\n<meta property=\"article:published_time\" content=\"2016-10-14T15:43:42+00:00\" \/>\n<meta property=\"article:modified_time\" content=\"2016-10-14T18:45:07+00:00\" \/>\n<meta property=\"og:image\" content=\"https:\/\/www.cric-colombia.org\/portal\/wp-content\/uploads\/2016\/10\/DSC_07131.jpg\" \/>\n\t<meta property=\"og:image:width\" content=\"1106\" \/>\n\t<meta property=\"og:image:height\" content=\"737\" \/>\n\t<meta property=\"og:image:type\" content=\"image\/jpeg\" \/>\n<meta name=\"author\" content=\"Comunicaciones CRIC\" \/>\n<meta name=\"twitter:card\" content=\"summary_large_image\" \/>\n<meta name=\"twitter:creator\" content=\"@CRIC_Cauca\" \/>\n<meta name=\"twitter:site\" content=\"@CRIC_Cauca\" \/>\n<meta name=\"twitter:label1\" content=\"Escrito por\" \/>\n\t<meta name=\"twitter:data1\" content=\"Comunicaciones CRIC\" \/>\n\t<meta name=\"twitter:label2\" content=\"Tiempo de lectura\" \/>\n\t<meta name=\"twitter:data2\" content=\"3 minutos\" \/>\n<script type=\"application\/ld+json\" class=\"yoast-schema-graph\">{\"@context\":\"https:\/\/schema.org\",\"@graph\":[{\"@type\":\"Article\",\"@id\":\"https:\/\/www.cric-colombia.org\/portal\/primera-minga-para-la-valoracion-y-construccion-de-propuestas-y-pedagogias-propias-en-el-territorio-de-paez-zona-tierradentro\/#article\",\"isPartOf\":{\"@id\":\"https:\/\/www.cric-colombia.org\/portal\/primera-minga-para-la-valoracion-y-construccion-de-propuestas-y-pedagogias-propias-en-el-territorio-de-paez-zona-tierradentro\/\"},\"author\":{\"name\":\"Comunicaciones CRIC\",\"@id\":\"https:\/\/www.cric-colombia.org\/portal\/#\/schema\/person\/ab3a3099267de33d55f74f34ba201931\"},\"headline\":\"Primera Minga Para la Valoraci\u00f3n y Construcci\u00f3n de Propuestas y Pedagog\u00edas Propias en el Territorio de P\u00e1ez Zona Tierradentro\",\"datePublished\":\"2016-10-14T15:43:42+00:00\",\"dateModified\":\"2016-10-14T18:45:07+00:00\",\"mainEntityOfPage\":{\"@id\":\"https:\/\/www.cric-colombia.org\/portal\/primera-minga-para-la-valoracion-y-construccion-de-propuestas-y-pedagogias-propias-en-el-territorio-de-paez-zona-tierradentro\/\"},\"wordCount\":676,\"commentCount\":0,\"publisher\":{\"@id\":\"https:\/\/www.cric-colombia.org\/portal\/#organization\"},\"keywords\":[\"Educacion CRIC\",\"Evento\",\"PEC\",\"SEIP\"],\"articleSection\":[\"Actualidad Ind\u00edgena del Cauca\"],\"inLanguage\":\"es\",\"potentialAction\":[{\"@type\":\"CommentAction\",\"name\":\"Comment\",\"target\":[\"https:\/\/www.cric-colombia.org\/portal\/primera-minga-para-la-valoracion-y-construccion-de-propuestas-y-pedagogias-propias-en-el-territorio-de-paez-zona-tierradentro\/#respond\"]}]},{\"@type\":\"WebPage\",\"@id\":\"https:\/\/www.cric-colombia.org\/portal\/primera-minga-para-la-valoracion-y-construccion-de-propuestas-y-pedagogias-propias-en-el-territorio-de-paez-zona-tierradentro\/\",\"url\":\"https:\/\/www.cric-colombia.org\/portal\/primera-minga-para-la-valoracion-y-construccion-de-propuestas-y-pedagogias-propias-en-el-territorio-de-paez-zona-tierradentro\/\",\"name\":\"Primera Minga Para la Valoraci\u00f3n y Construcci\u00f3n de Propuestas y Pedagog\u00edas Propias en el Territorio de P\u00e1ez Zona Tierradentro - Consejo Regional Ind\u00edgena del Cauca - CRIC\",\"isPartOf\":{\"@id\":\"https:\/\/www.cric-colombia.org\/portal\/#website\"},\"datePublished\":\"2016-10-14T15:43:42+00:00\",\"dateModified\":\"2016-10-14T18:45:07+00:00\",\"breadcrumb\":{\"@id\":\"https:\/\/www.cric-colombia.org\/portal\/primera-minga-para-la-valoracion-y-construccion-de-propuestas-y-pedagogias-propias-en-el-territorio-de-paez-zona-tierradentro\/#breadcrumb\"},\"inLanguage\":\"es\",\"potentialAction\":[{\"@type\":\"ReadAction\",\"target\":[\"https:\/\/www.cric-colombia.org\/portal\/primera-minga-para-la-valoracion-y-construccion-de-propuestas-y-pedagogias-propias-en-el-territorio-de-paez-zona-tierradentro\/\"]}]},{\"@type\":\"BreadcrumbList\",\"@id\":\"https:\/\/www.cric-colombia.org\/portal\/primera-minga-para-la-valoracion-y-construccion-de-propuestas-y-pedagogias-propias-en-el-territorio-de-paez-zona-tierradentro\/#breadcrumb\",\"itemListElement\":[{\"@type\":\"ListItem\",\"position\":1,\"name\":\"Portada\",\"item\":\"https:\/\/www.cric-colombia.org\/portal\/\"},{\"@type\":\"ListItem\",\"position\":2,\"name\":\"Primera Minga Para la Valoraci\u00f3n y Construcci\u00f3n de Propuestas y Pedagog\u00edas Propias en el Territorio de P\u00e1ez Zona Tierradentro\"}]},{\"@type\":\"WebSite\",\"@id\":\"https:\/\/www.cric-colombia.org\/portal\/#website\",\"url\":\"https:\/\/www.cric-colombia.org\/portal\/\",\"name\":\"Consejo Regional Ind\u00edgena del Cauca - CRIC\",\"description\":\"P\u00e1gina oficial del Consejo Regional Ind\u00edgena del Cauca, Colombia\",\"publisher\":{\"@id\":\"https:\/\/www.cric-colombia.org\/portal\/#organization\"},\"potentialAction\":[{\"@type\":\"SearchAction\",\"target\":{\"@type\":\"EntryPoint\",\"urlTemplate\":\"https:\/\/www.cric-colombia.org\/portal\/?s={search_term_string}\"},\"query-input\":\"required name=search_term_string\"}],\"inLanguage\":\"es\"},{\"@type\":\"Organization\",\"@id\":\"https:\/\/www.cric-colombia.org\/portal\/#organization\",\"name\":\"Consejo Regional Ind\u00edgena del Cauca\",\"url\":\"https:\/\/www.cric-colombia.org\/portal\/\",\"logo\":{\"@type\":\"ImageObject\",\"inLanguage\":\"es\",\"@id\":\"https:\/\/www.cric-colombia.org\/portal\/#\/schema\/logo\/image\/\",\"url\":\"https:\/\/www.cric-colombia.org\/portal\/wp-content\/uploads\/2015\/08\/logo_cric.jpg\",\"contentUrl\":\"https:\/\/www.cric-colombia.org\/portal\/wp-content\/uploads\/2015\/08\/logo_cric.jpg\",\"width\":512,\"height\":512,\"caption\":\"Consejo Regional Ind\u00edgena del Cauca\"},\"image\":{\"@id\":\"https:\/\/www.cric-colombia.org\/portal\/#\/schema\/logo\/image\/\"},\"sameAs\":[\"https:\/\/www.facebook.com\/cric.colombia\/\",\"https:\/\/twitter.com\/CRIC_Cauca\"]},{\"@type\":\"Person\",\"@id\":\"https:\/\/www.cric-colombia.org\/portal\/#\/schema\/person\/ab3a3099267de33d55f74f34ba201931\",\"name\":\"Comunicaciones CRIC\",\"image\":{\"@type\":\"ImageObject\",\"inLanguage\":\"es\",\"@id\":\"https:\/\/www.cric-colombia.org\/portal\/#\/schema\/person\/image\/\",\"url\":\"https:\/\/secure.gravatar.com\/avatar\/a8d1a6cfcb82a80d09dafefdcc3dcc8a?s=96&d=retro&r=g\",\"contentUrl\":\"https:\/\/secure.gravatar.com\/avatar\/a8d1a6cfcb82a80d09dafefdcc3dcc8a?s=96&d=retro&r=g\",\"caption\":\"Comunicaciones CRIC\"},\"url\":\"https:\/\/www.cric-colombia.org\/portal\/author\/comunicaciones\/\"}]}<\/script>\n<!-- \/ Yoast SEO plugin. -->","yoast_head_json":{"title":"Primera Minga Para la Valoraci\u00f3n y Construcci\u00f3n de Propuestas y Pedagog\u00edas Propias en el Territorio de P\u00e1ez Zona Tierradentro - Consejo Regional Ind\u00edgena del Cauca - CRIC","robots":{"index":"index","follow":"follow","max-snippet":"max-snippet:-1","max-image-preview":"max-image-preview:large","max-video-preview":"max-video-preview:-1"},"canonical":"https:\/\/www.cric-colombia.org\/portal\/primera-minga-para-la-valoracion-y-construccion-de-propuestas-y-pedagogias-propias-en-el-territorio-de-paez-zona-tierradentro\/","og_locale":"es_ES","og_type":"article","og_title":"Primera Minga Para la Valoraci\u00f3n y Construcci\u00f3n de Propuestas y Pedagog\u00edas Propias en el Territorio de P\u00e1ez Zona Tierradentro - Consejo Regional Ind\u00edgena del Cauca - CRIC","og_description":"La Primera Minga Educativa se realiza en las instalaciones de la Instituci\u00f3n Educativa Jos\u00e9 Reyes Pete, Resguardo de Vitonc\u00f3 (P\u00e1ez) Cauca, los d\u00edas 17 al 19 de octubre de 2016. Durante el evento asistir\u00e1n estudiantes, padres de familia, dinamizadores Autoridades Ind\u00edgenas y comunidad en general. La educaci\u00f3n es uno de los ejes fundamentales como estrategia","og_url":"https:\/\/www.cric-colombia.org\/portal\/primera-minga-para-la-valoracion-y-construccion-de-propuestas-y-pedagogias-propias-en-el-territorio-de-paez-zona-tierradentro\/","og_site_name":"Consejo Regional Ind\u00edgena del Cauca - CRIC","article_publisher":"https:\/\/www.facebook.com\/cric.colombia\/","article_published_time":"2016-10-14T15:43:42+00:00","article_modified_time":"2016-10-14T18:45:07+00:00","og_image":[{"width":1106,"height":737,"url":"https:\/\/www.cric-colombia.org\/portal\/wp-content\/uploads\/2016\/10\/DSC_07131.jpg","type":"image\/jpeg"}],"author":"Comunicaciones CRIC","twitter_card":"summary_large_image","twitter_creator":"@CRIC_Cauca","twitter_site":"@CRIC_Cauca","twitter_misc":{"Escrito por":"Comunicaciones CRIC","Tiempo de lectura":"3 minutos"},"schema":{"@context":"https:\/\/schema.org","@graph":[{"@type":"Article","@id":"https:\/\/www.cric-colombia.org\/portal\/primera-minga-para-la-valoracion-y-construccion-de-propuestas-y-pedagogias-propias-en-el-territorio-de-paez-zona-tierradentro\/#article","isPartOf":{"@id":"https:\/\/www.cric-colombia.org\/portal\/primera-minga-para-la-valoracion-y-construccion-de-propuestas-y-pedagogias-propias-en-el-territorio-de-paez-zona-tierradentro\/"},"author":{"name":"Comunicaciones CRIC","@id":"https:\/\/www.cric-colombia.org\/portal\/#\/schema\/person\/ab3a3099267de33d55f74f34ba201931"},"headline":"Primera Minga Para la Valoraci\u00f3n y Construcci\u00f3n de Propuestas y Pedagog\u00edas Propias en el Territorio de P\u00e1ez Zona Tierradentro","datePublished":"2016-10-14T15:43:42+00:00","dateModified":"2016-10-14T18:45:07+00:00","mainEntityOfPage":{"@id":"https:\/\/www.cric-colombia.org\/portal\/primera-minga-para-la-valoracion-y-construccion-de-propuestas-y-pedagogias-propias-en-el-territorio-de-paez-zona-tierradentro\/"},"wordCount":676,"commentCount":0,"publisher":{"@id":"https:\/\/www.cric-colombia.org\/portal\/#organization"},"keywords":["Educacion CRIC","Evento","PEC","SEIP"],"articleSection":["Actualidad Ind\u00edgena del Cauca"],"inLanguage":"es","potentialAction":[{"@type":"CommentAction","name":"Comment","target":["https:\/\/www.cric-colombia.org\/portal\/primera-minga-para-la-valoracion-y-construccion-de-propuestas-y-pedagogias-propias-en-el-territorio-de-paez-zona-tierradentro\/#respond"]}]},{"@type":"WebPage","@id":"https:\/\/www.cric-colombia.org\/portal\/primera-minga-para-la-valoracion-y-construccion-de-propuestas-y-pedagogias-propias-en-el-territorio-de-paez-zona-tierradentro\/","url":"https:\/\/www.cric-colombia.org\/portal\/primera-minga-para-la-valoracion-y-construccion-de-propuestas-y-pedagogias-propias-en-el-territorio-de-paez-zona-tierradentro\/","name":"Primera Minga Para la Valoraci\u00f3n y Construcci\u00f3n de Propuestas y Pedagog\u00edas Propias en el Territorio de P\u00e1ez Zona Tierradentro - Consejo Regional Ind\u00edgena del Cauca - CRIC","isPartOf":{"@id":"https:\/\/www.cric-colombia.org\/portal\/#website"},"datePublished":"2016-10-14T15:43:42+00:00","dateModified":"2016-10-14T18:45:07+00:00","breadcrumb":{"@id":"https:\/\/www.cric-colombia.org\/portal\/primera-minga-para-la-valoracion-y-construccion-de-propuestas-y-pedagogias-propias-en-el-territorio-de-paez-zona-tierradentro\/#breadcrumb"},"inLanguage":"es","potentialAction":[{"@type":"ReadAction","target":["https:\/\/www.cric-colombia.org\/portal\/primera-minga-para-la-valoracion-y-construccion-de-propuestas-y-pedagogias-propias-en-el-territorio-de-paez-zona-tierradentro\/"]}]},{"@type":"BreadcrumbList","@id":"https:\/\/www.cric-colombia.org\/portal\/primera-minga-para-la-valoracion-y-construccion-de-propuestas-y-pedagogias-propias-en-el-territorio-de-paez-zona-tierradentro\/#breadcrumb","itemListElement":[{"@type":"ListItem","position":1,"name":"Portada","item":"https:\/\/www.cric-colombia.org\/portal\/"},{"@type":"ListItem","position":2,"name":"Primera Minga Para la Valoraci\u00f3n y Construcci\u00f3n de Propuestas y Pedagog\u00edas Propias en el Territorio de P\u00e1ez Zona Tierradentro"}]},{"@type":"WebSite","@id":"https:\/\/www.cric-colombia.org\/portal\/#website","url":"https:\/\/www.cric-colombia.org\/portal\/","name":"Consejo Regional Ind\u00edgena del Cauca - CRIC","description":"P\u00e1gina oficial del Consejo Regional Ind\u00edgena del Cauca, Colombia","publisher":{"@id":"https:\/\/www.cric-colombia.org\/portal\/#organization"},"potentialAction":[{"@type":"SearchAction","target":{"@type":"EntryPoint","urlTemplate":"https:\/\/www.cric-colombia.org\/portal\/?s={search_term_string}"},"query-input":"required name=search_term_string"}],"inLanguage":"es"},{"@type":"Organization","@id":"https:\/\/www.cric-colombia.org\/portal\/#organization","name":"Consejo Regional Ind\u00edgena del Cauca","url":"https:\/\/www.cric-colombia.org\/portal\/","logo":{"@type":"ImageObject","inLanguage":"es","@id":"https:\/\/www.cric-colombia.org\/portal\/#\/schema\/logo\/image\/","url":"https:\/\/www.cric-colombia.org\/portal\/wp-content\/uploads\/2015\/08\/logo_cric.jpg","contentUrl":"https:\/\/www.cric-colombia.org\/portal\/wp-content\/uploads\/2015\/08\/logo_cric.jpg","width":512,"height":512,"caption":"Consejo Regional Ind\u00edgena del Cauca"},"image":{"@id":"https:\/\/www.cric-colombia.org\/portal\/#\/schema\/logo\/image\/"},"sameAs":["https:\/\/www.facebook.com\/cric.colombia\/","https:\/\/twitter.com\/CRIC_Cauca"]},{"@type":"Person","@id":"https:\/\/www.cric-colombia.org\/portal\/#\/schema\/person\/ab3a3099267de33d55f74f34ba201931","name":"Comunicaciones CRIC","image":{"@type":"ImageObject","inLanguage":"es","@id":"https:\/\/www.cric-colombia.org\/portal\/#\/schema\/person\/image\/","url":"https:\/\/secure.gravatar.com\/avatar\/a8d1a6cfcb82a80d09dafefdcc3dcc8a?s=96&d=retro&r=g","contentUrl":"https:\/\/secure.gravatar.com\/avatar\/a8d1a6cfcb82a80d09dafefdcc3dcc8a?s=96&d=retro&r=g","caption":"Comunicaciones CRIC"},"url":"https:\/\/www.cric-colombia.org\/portal\/author\/comunicaciones\/"}]}},"jetpack_featured_media_url":"https:\/\/www.cric-colombia.org\/portal\/wp-content\/uploads\/2016\/10\/DSC_07131.jpg","_links":{"self":[{"href":"https:\/\/www.cric-colombia.org\/portal\/wp-json\/wp\/v2\/posts\/15585"}],"collection":[{"href":"https:\/\/www.cric-colombia.org\/portal\/wp-json\/wp\/v2\/posts"}],"about":[{"href":"https:\/\/www.cric-colombia.org\/portal\/wp-json\/wp\/v2\/types\/post"}],"author":[{"embeddable":true,"href":"https:\/\/www.cric-colombia.org\/portal\/wp-json\/wp\/v2\/users\/6"}],"replies":[{"embeddable":true,"href":"https:\/\/www.cric-colombia.org\/portal\/wp-json\/wp\/v2\/comments?post=15585"}],"version-history":[{"count":4,"href":"https:\/\/www.cric-colombia.org\/portal\/wp-json\/wp\/v2\/posts\/15585\/revisions"}],"predecessor-version":[{"id":15596,"href":"https:\/\/www.cric-colombia.org\/portal\/wp-json\/wp\/v2\/posts\/15585\/revisions\/15596"}],"wp:featuredmedia":[{"embeddable":true,"href":"https:\/\/www.cric-colombia.org\/portal\/wp-json\/wp\/v2\/media\/15586"}],"wp:attachment":[{"href":"https:\/\/www.cric-colombia.org\/portal\/wp-json\/wp\/v2\/media?parent=15585"}],"wp:term":[{"taxonomy":"category","embeddable":true,"href":"https:\/\/www.cric-colombia.org\/portal\/wp-json\/wp\/v2\/categories?post=15585"},{"taxonomy":"post_tag","embeddable":true,"href":"https:\/\/www.cric-colombia.org\/portal\/wp-json\/wp\/v2\/tags?post=15585"}],"curies":[{"name":"wp","href":"https:\/\/api.w.org\/{rel}","templated":true}]}}