{"id":15302,"date":"2016-09-20T13:28:38","date_gmt":"2016-09-20T18:28:38","guid":{"rendered":"http:\/\/www.cric-colombia.org\/portal\/?p=15302"},"modified":"2016-09-20T13:28:38","modified_gmt":"2016-09-20T18:28:38","slug":"comunicado-publico-del-tercer-encuentro-pedagogico-pebi-cric","status":"publish","type":"post","link":"https:\/\/www.cric-colombia.org\/portal\/comunicado-publico-del-tercer-encuentro-pedagogico-pebi-cric\/","title":{"rendered":"Comunicado P\u00fablico del Tercer Encuentro Pedag\u00f3gico PEBI-CRIC"},"content":{"rendered":"<p style=\"text-align: justify;\"><span style=\"font-weight: 400;\">El Consejo Regional Ind\u00edgena del Cauca CRIC y las estructuras de educaci\u00f3n local, zonal y regional, reunidos en la \u201ctercer minga de pensamiento pedag\u00f3gico PEBI-CRIC\u201d en el resguardo de Honduras, vereda el Mes\u00f3n, <\/span><b>ratificamos la protecci\u00f3n y defensa del territorio,<\/b><span style=\"font-weight: 400;\"> mandatado en el noveno punto de la plataforma de lucha del CRIC y que desde el proceso de educaci\u00f3n propia se viene orientando a los ni\u00f1os, ni\u00f1as, j\u00f3venes y comunidad en general.<\/span><\/p>\n<p style=\"text-align: justify;\"><span style=\"font-weight: 400;\">Conociendo la situaci\u00f3n territorial que se vive en la comunidad <\/span><b>del Resguardo ind\u00edgena de Honduras, vereda los Quingos por el atropello de la madre tierra con la explotaci\u00f3n de oro sobre el rio Inguito, lo cual ha causado desarmon\u00eda en la comunidad y el territorio, <\/b><span style=\"font-weight: 400;\">adem\u00e1s resultado de ello <\/span><b>amenazados lideres dinamizadores del SEIP a nivel de la zona Occidente, ALVARO WILLINGTON CAMPO y OHILDER BECOCHE<\/b><span style=\"font-weight: 400;\">, quienes viene liderando y fortaleciendo el Sistema de Educaci\u00f3n Propia en conjunto con las Autoridades locales y zonal en el territorio Uh Wala Vxic, ratificamos la emergencia educativa \u00a0y nos solidarizamos con la comunidad y el territorio en la defensa de la madre tierra y todos sus espacio y formas de vida, adem\u00e1s rechazamos de manera contundente cualquier pr\u00e1ctica que vaya en contra del territorio, as\u00ed mismo las amenazas contra la integridad de los compa\u00f1eros en menci\u00f3n, sus familias y de cualquier otro comunero.<\/span><\/p>\n<p style=\"text-align: justify;\"><span style=\"font-weight: 400;\">Hacemos un llamado a organismos de Derechos Humanos nacionales e internacionales, entidades de gobierno y dem\u00e1s entes de defensa y protecci\u00f3n de la vida a atender de manera urgente la situaci\u00f3n que vulnera los Derechos territoriales de los pueblos Ind\u00edgenas, y, a las estructuras organizativas propias y otras organizaciones sociales a acompa\u00f1ar con acciones en defensa de la integridad f\u00edsica de las personas y del territorio.<\/span><\/p>\n<p style=\"text-align: justify;\"><span style=\"font-weight: 400;\">Los Pueblos Ind\u00edgenas seguimos en emergencia f\u00edsica, cultural, territorial y social, por lo que demandamos de los entes de control, tomar las medidas necesarias, ya que siendo denunciado el caso ante la fiscal\u00eda, a\u00fan no conocemos pronunciamiento alguno.<\/span><\/p>\n<p><span style=\"font-weight: 400;\">Resguardo de Honduras, vereda Bel\u00e9n, septiembre 14 de 2016<\/span><\/p>\n<h4 style=\"text-align: center;\"><span style=\"font-weight: 400; color: #333300;\">CONSEJER\u00cdA MAYOR CRIC<\/span><\/h4>\n<h4 style=\"text-align: center;\"><span style=\"font-weight: 400; color: #333300;\">COORDINACI\u00d3N COLEGIADA PEBI-CRIC<\/span><\/h4>\n<h4 style=\"text-align: center;\"><span style=\"font-weight: 400; color: #333300;\">COORDINACIONES COLEGIADAS ZONALES<\/span><\/h4>\n<h4 style=\"text-align: center;\"><span style=\"font-weight: 400; color: #333300;\">Sat Tama Kiwe<\/span><\/h4>\n<h4 style=\"text-align: center;\"><span style=\"font-weight: 400; color: #333300;\">Cxhab Wala Kiwe<\/span><\/h4>\n<h4 style=\"text-align: center;\"><span style=\"font-weight: 400; color: #333300;\">Tierradentro \u2013 Juan Tama \u2013 Nasa Cxa Cxa<\/span><\/h4>\n<h4 style=\"text-align: center;\"><span style=\"font-weight: 400; color: #333300;\">COTAINDOC<\/span><\/h4>\n<h4 style=\"text-align: center;\"><span style=\"font-weight: 400; color: #333300;\">Reasentamientos \u2013 Nasa U\u2019ss<\/span><\/h4>\n<h4 style=\"text-align: center;\"><span style=\"font-weight: 400; color: #333300;\">Cabildo Mayor Pueblo Yanakuna<\/span><\/h4>\n<h4 style=\"text-align: center;\"><span style=\"font-weight: 400; color: #333300;\">Zona Centro \u2013 Pueblo Kokonuko<\/span><\/h4>\n<h4 style=\"text-align: center;\"><span style=\"font-weight: 400; color: #333300;\">Pueblo Totoro<\/span><\/h4>\n<h4 style=\"text-align: center;\"><span style=\"font-weight: 400; color: #333300;\">Pueblo Eperara Siapidara \u2013 Costa Pac\u00edfica<\/span><\/h4>\n<h4 style=\"text-align: center;\"><span style=\"font-weight: 400; color: #333300;\">U\u00b4h Wala Vxic \u2013 Zona Occidente<\/span><\/h4>\n","protected":false},"excerpt":{"rendered":"<p>El Consejo Regional Ind\u00edgena del Cauca CRIC y las estructuras de educaci\u00f3n local, zonal y regional, reunidos en la \u201ctercer minga de pensamiento pedag\u00f3gico PEBI-CRIC\u201d en el resguardo de Honduras, vereda el Mes\u00f3n, ratificamos la protecci\u00f3n y defensa del territorio, mandatado en el noveno punto de la plataforma de lucha del CRIC y que desde <\/p>\n","protected":false},"author":6,"featured_media":12719,"comment_status":"open","ping_status":"open","sticky":false,"template":"","format":"standard","meta":{"footnotes":""},"categories":[3,19],"tags":[89,198,88,253,238,297,251,295],"yoast_head":"<!-- This site is optimized with the Yoast SEO plugin v20.12 - https:\/\/yoast.com\/wordpress\/plugins\/seo\/ -->\n<title>Comunicado P\u00fablico del Tercer Encuentro Pedag\u00f3gico PEBI-CRIC - Consejo Regional Ind\u00edgena del Cauca - CRIC<\/title>\n<meta name=\"robots\" content=\"index, follow, max-snippet:-1, max-image-preview:large, max-video-preview:-1\" \/>\n<link rel=\"canonical\" href=\"https:\/\/www.cric-colombia.org\/portal\/comunicado-publico-del-tercer-encuentro-pedagogico-pebi-cric\/\" \/>\n<meta property=\"og:locale\" content=\"es_ES\" \/>\n<meta property=\"og:type\" content=\"article\" \/>\n<meta property=\"og:title\" content=\"Comunicado P\u00fablico del Tercer Encuentro Pedag\u00f3gico PEBI-CRIC - Consejo Regional Ind\u00edgena del Cauca - CRIC\" \/>\n<meta property=\"og:description\" content=\"El Consejo Regional Ind\u00edgena del Cauca CRIC y las estructuras de educaci\u00f3n local, zonal y regional, reunidos en la \u201ctercer minga de pensamiento pedag\u00f3gico PEBI-CRIC\u201d en el resguardo de Honduras, vereda el Mes\u00f3n, ratificamos la protecci\u00f3n y defensa del territorio, mandatado en el noveno punto de la plataforma de lucha del CRIC y que desde\" \/>\n<meta property=\"og:url\" content=\"https:\/\/www.cric-colombia.org\/portal\/comunicado-publico-del-tercer-encuentro-pedagogico-pebi-cric\/\" \/>\n<meta property=\"og:site_name\" content=\"Consejo Regional Ind\u00edgena del Cauca - CRIC\" \/>\n<meta property=\"article:publisher\" content=\"https:\/\/www.facebook.com\/cric.colombia\/\" \/>\n<meta property=\"article:published_time\" content=\"2016-09-20T18:28:38+00:00\" \/>\n<meta property=\"og:image\" content=\"https:\/\/www.cric-colombia.org\/portal\/wp-content\/uploads\/2016\/02\/banner9.jpg\" \/>\n\t<meta property=\"og:image:width\" content=\"640\" \/>\n\t<meta property=\"og:image:height\" content=\"300\" \/>\n\t<meta property=\"og:image:type\" content=\"image\/jpeg\" \/>\n<meta name=\"author\" content=\"Comunicaciones CRIC\" \/>\n<meta name=\"twitter:card\" content=\"summary_large_image\" \/>\n<meta name=\"twitter:creator\" content=\"@CRIC_Cauca\" \/>\n<meta name=\"twitter:site\" content=\"@CRIC_Cauca\" \/>\n<meta name=\"twitter:label1\" content=\"Escrito por\" \/>\n\t<meta name=\"twitter:data1\" content=\"Comunicaciones CRIC\" \/>\n\t<meta name=\"twitter:label2\" content=\"Tiempo de lectura\" \/>\n\t<meta name=\"twitter:data2\" content=\"2 minutos\" \/>\n<script type=\"application\/ld+json\" class=\"yoast-schema-graph\">{\"@context\":\"https:\/\/schema.org\",\"@graph\":[{\"@type\":\"Article\",\"@id\":\"https:\/\/www.cric-colombia.org\/portal\/comunicado-publico-del-tercer-encuentro-pedagogico-pebi-cric\/#article\",\"isPartOf\":{\"@id\":\"https:\/\/www.cric-colombia.org\/portal\/comunicado-publico-del-tercer-encuentro-pedagogico-pebi-cric\/\"},\"author\":{\"name\":\"Comunicaciones CRIC\",\"@id\":\"https:\/\/www.cric-colombia.org\/portal\/#\/schema\/person\/ab3a3099267de33d55f74f34ba201931\"},\"headline\":\"Comunicado P\u00fablico del Tercer Encuentro Pedag\u00f3gico PEBI-CRIC\",\"datePublished\":\"2016-09-20T18:28:38+00:00\",\"dateModified\":\"2016-09-20T18:28:38+00:00\",\"mainEntityOfPage\":{\"@id\":\"https:\/\/www.cric-colombia.org\/portal\/comunicado-publico-del-tercer-encuentro-pedagogico-pebi-cric\/\"},\"wordCount\":422,\"commentCount\":0,\"publisher\":{\"@id\":\"https:\/\/www.cric-colombia.org\/portal\/#organization\"},\"keywords\":[\"cauca\",\"comunicado\",\"cric\",\"Educacion\",\"local\",\"Noticia\",\"PEBI\",\"Proteccion Territorio\"],\"articleSection\":[\"Actualidad Ind\u00edgena del Cauca\",\"Comunicados de prensa\"],\"inLanguage\":\"es\",\"potentialAction\":[{\"@type\":\"CommentAction\",\"name\":\"Comment\",\"target\":[\"https:\/\/www.cric-colombia.org\/portal\/comunicado-publico-del-tercer-encuentro-pedagogico-pebi-cric\/#respond\"]}]},{\"@type\":\"WebPage\",\"@id\":\"https:\/\/www.cric-colombia.org\/portal\/comunicado-publico-del-tercer-encuentro-pedagogico-pebi-cric\/\",\"url\":\"https:\/\/www.cric-colombia.org\/portal\/comunicado-publico-del-tercer-encuentro-pedagogico-pebi-cric\/\",\"name\":\"Comunicado P\u00fablico del Tercer Encuentro Pedag\u00f3gico PEBI-CRIC - Consejo Regional Ind\u00edgena del Cauca - CRIC\",\"isPartOf\":{\"@id\":\"https:\/\/www.cric-colombia.org\/portal\/#website\"},\"datePublished\":\"2016-09-20T18:28:38+00:00\",\"dateModified\":\"2016-09-20T18:28:38+00:00\",\"breadcrumb\":{\"@id\":\"https:\/\/www.cric-colombia.org\/portal\/comunicado-publico-del-tercer-encuentro-pedagogico-pebi-cric\/#breadcrumb\"},\"inLanguage\":\"es\",\"potentialAction\":[{\"@type\":\"ReadAction\",\"target\":[\"https:\/\/www.cric-colombia.org\/portal\/comunicado-publico-del-tercer-encuentro-pedagogico-pebi-cric\/\"]}]},{\"@type\":\"BreadcrumbList\",\"@id\":\"https:\/\/www.cric-colombia.org\/portal\/comunicado-publico-del-tercer-encuentro-pedagogico-pebi-cric\/#breadcrumb\",\"itemListElement\":[{\"@type\":\"ListItem\",\"position\":1,\"name\":\"Portada\",\"item\":\"https:\/\/www.cric-colombia.org\/portal\/\"},{\"@type\":\"ListItem\",\"position\":2,\"name\":\"Comunicado P\u00fablico del Tercer Encuentro Pedag\u00f3gico PEBI-CRIC\"}]},{\"@type\":\"WebSite\",\"@id\":\"https:\/\/www.cric-colombia.org\/portal\/#website\",\"url\":\"https:\/\/www.cric-colombia.org\/portal\/\",\"name\":\"Consejo Regional Ind\u00edgena del Cauca - CRIC\",\"description\":\"P\u00e1gina oficial del Consejo Regional Ind\u00edgena del Cauca, Colombia\",\"publisher\":{\"@id\":\"https:\/\/www.cric-colombia.org\/portal\/#organization\"},\"potentialAction\":[{\"@type\":\"SearchAction\",\"target\":{\"@type\":\"EntryPoint\",\"urlTemplate\":\"https:\/\/www.cric-colombia.org\/portal\/?s={search_term_string}\"},\"query-input\":\"required name=search_term_string\"}],\"inLanguage\":\"es\"},{\"@type\":\"Organization\",\"@id\":\"https:\/\/www.cric-colombia.org\/portal\/#organization\",\"name\":\"Consejo Regional Ind\u00edgena del Cauca\",\"url\":\"https:\/\/www.cric-colombia.org\/portal\/\",\"logo\":{\"@type\":\"ImageObject\",\"inLanguage\":\"es\",\"@id\":\"https:\/\/www.cric-colombia.org\/portal\/#\/schema\/logo\/image\/\",\"url\":\"https:\/\/www.cric-colombia.org\/portal\/wp-content\/uploads\/2015\/08\/logo_cric.jpg\",\"contentUrl\":\"https:\/\/www.cric-colombia.org\/portal\/wp-content\/uploads\/2015\/08\/logo_cric.jpg\",\"width\":512,\"height\":512,\"caption\":\"Consejo Regional Ind\u00edgena del Cauca\"},\"image\":{\"@id\":\"https:\/\/www.cric-colombia.org\/portal\/#\/schema\/logo\/image\/\"},\"sameAs\":[\"https:\/\/www.facebook.com\/cric.colombia\/\",\"https:\/\/twitter.com\/CRIC_Cauca\"]},{\"@type\":\"Person\",\"@id\":\"https:\/\/www.cric-colombia.org\/portal\/#\/schema\/person\/ab3a3099267de33d55f74f34ba201931\",\"name\":\"Comunicaciones CRIC\",\"image\":{\"@type\":\"ImageObject\",\"inLanguage\":\"es\",\"@id\":\"https:\/\/www.cric-colombia.org\/portal\/#\/schema\/person\/image\/\",\"url\":\"https:\/\/secure.gravatar.com\/avatar\/a8d1a6cfcb82a80d09dafefdcc3dcc8a?s=96&d=retro&r=g\",\"contentUrl\":\"https:\/\/secure.gravatar.com\/avatar\/a8d1a6cfcb82a80d09dafefdcc3dcc8a?s=96&d=retro&r=g\",\"caption\":\"Comunicaciones CRIC\"},\"url\":\"https:\/\/www.cric-colombia.org\/portal\/author\/comunicaciones\/\"}]}<\/script>\n<!-- \/ Yoast SEO plugin. -->","yoast_head_json":{"title":"Comunicado P\u00fablico del Tercer Encuentro Pedag\u00f3gico PEBI-CRIC - Consejo Regional Ind\u00edgena del Cauca - CRIC","robots":{"index":"index","follow":"follow","max-snippet":"max-snippet:-1","max-image-preview":"max-image-preview:large","max-video-preview":"max-video-preview:-1"},"canonical":"https:\/\/www.cric-colombia.org\/portal\/comunicado-publico-del-tercer-encuentro-pedagogico-pebi-cric\/","og_locale":"es_ES","og_type":"article","og_title":"Comunicado P\u00fablico del Tercer Encuentro Pedag\u00f3gico PEBI-CRIC - Consejo Regional Ind\u00edgena del Cauca - CRIC","og_description":"El Consejo Regional Ind\u00edgena del Cauca CRIC y las estructuras de educaci\u00f3n local, zonal y regional, reunidos en la \u201ctercer minga de pensamiento pedag\u00f3gico PEBI-CRIC\u201d en el resguardo de Honduras, vereda el Mes\u00f3n, ratificamos la protecci\u00f3n y defensa del territorio, mandatado en el noveno punto de la plataforma de lucha del CRIC y que desde","og_url":"https:\/\/www.cric-colombia.org\/portal\/comunicado-publico-del-tercer-encuentro-pedagogico-pebi-cric\/","og_site_name":"Consejo Regional Ind\u00edgena del Cauca - CRIC","article_publisher":"https:\/\/www.facebook.com\/cric.colombia\/","article_published_time":"2016-09-20T18:28:38+00:00","og_image":[{"width":640,"height":300,"url":"https:\/\/www.cric-colombia.org\/portal\/wp-content\/uploads\/2016\/02\/banner9.jpg","type":"image\/jpeg"}],"author":"Comunicaciones CRIC","twitter_card":"summary_large_image","twitter_creator":"@CRIC_Cauca","twitter_site":"@CRIC_Cauca","twitter_misc":{"Escrito por":"Comunicaciones CRIC","Tiempo de lectura":"2 minutos"},"schema":{"@context":"https:\/\/schema.org","@graph":[{"@type":"Article","@id":"https:\/\/www.cric-colombia.org\/portal\/comunicado-publico-del-tercer-encuentro-pedagogico-pebi-cric\/#article","isPartOf":{"@id":"https:\/\/www.cric-colombia.org\/portal\/comunicado-publico-del-tercer-encuentro-pedagogico-pebi-cric\/"},"author":{"name":"Comunicaciones CRIC","@id":"https:\/\/www.cric-colombia.org\/portal\/#\/schema\/person\/ab3a3099267de33d55f74f34ba201931"},"headline":"Comunicado P\u00fablico del Tercer Encuentro Pedag\u00f3gico PEBI-CRIC","datePublished":"2016-09-20T18:28:38+00:00","dateModified":"2016-09-20T18:28:38+00:00","mainEntityOfPage":{"@id":"https:\/\/www.cric-colombia.org\/portal\/comunicado-publico-del-tercer-encuentro-pedagogico-pebi-cric\/"},"wordCount":422,"commentCount":0,"publisher":{"@id":"https:\/\/www.cric-colombia.org\/portal\/#organization"},"keywords":["cauca","comunicado","cric","Educacion","local","Noticia","PEBI","Proteccion Territorio"],"articleSection":["Actualidad Ind\u00edgena del Cauca","Comunicados de prensa"],"inLanguage":"es","potentialAction":[{"@type":"CommentAction","name":"Comment","target":["https:\/\/www.cric-colombia.org\/portal\/comunicado-publico-del-tercer-encuentro-pedagogico-pebi-cric\/#respond"]}]},{"@type":"WebPage","@id":"https:\/\/www.cric-colombia.org\/portal\/comunicado-publico-del-tercer-encuentro-pedagogico-pebi-cric\/","url":"https:\/\/www.cric-colombia.org\/portal\/comunicado-publico-del-tercer-encuentro-pedagogico-pebi-cric\/","name":"Comunicado P\u00fablico del Tercer Encuentro Pedag\u00f3gico PEBI-CRIC - Consejo Regional Ind\u00edgena del Cauca - CRIC","isPartOf":{"@id":"https:\/\/www.cric-colombia.org\/portal\/#website"},"datePublished":"2016-09-20T18:28:38+00:00","dateModified":"2016-09-20T18:28:38+00:00","breadcrumb":{"@id":"https:\/\/www.cric-colombia.org\/portal\/comunicado-publico-del-tercer-encuentro-pedagogico-pebi-cric\/#breadcrumb"},"inLanguage":"es","potentialAction":[{"@type":"ReadAction","target":["https:\/\/www.cric-colombia.org\/portal\/comunicado-publico-del-tercer-encuentro-pedagogico-pebi-cric\/"]}]},{"@type":"BreadcrumbList","@id":"https:\/\/www.cric-colombia.org\/portal\/comunicado-publico-del-tercer-encuentro-pedagogico-pebi-cric\/#breadcrumb","itemListElement":[{"@type":"ListItem","position":1,"name":"Portada","item":"https:\/\/www.cric-colombia.org\/portal\/"},{"@type":"ListItem","position":2,"name":"Comunicado P\u00fablico del Tercer Encuentro Pedag\u00f3gico PEBI-CRIC"}]},{"@type":"WebSite","@id":"https:\/\/www.cric-colombia.org\/portal\/#website","url":"https:\/\/www.cric-colombia.org\/portal\/","name":"Consejo Regional Ind\u00edgena del Cauca - CRIC","description":"P\u00e1gina oficial del Consejo Regional Ind\u00edgena del Cauca, Colombia","publisher":{"@id":"https:\/\/www.cric-colombia.org\/portal\/#organization"},"potentialAction":[{"@type":"SearchAction","target":{"@type":"EntryPoint","urlTemplate":"https:\/\/www.cric-colombia.org\/portal\/?s={search_term_string}"},"query-input":"required name=search_term_string"}],"inLanguage":"es"},{"@type":"Organization","@id":"https:\/\/www.cric-colombia.org\/portal\/#organization","name":"Consejo Regional Ind\u00edgena del Cauca","url":"https:\/\/www.cric-colombia.org\/portal\/","logo":{"@type":"ImageObject","inLanguage":"es","@id":"https:\/\/www.cric-colombia.org\/portal\/#\/schema\/logo\/image\/","url":"https:\/\/www.cric-colombia.org\/portal\/wp-content\/uploads\/2015\/08\/logo_cric.jpg","contentUrl":"https:\/\/www.cric-colombia.org\/portal\/wp-content\/uploads\/2015\/08\/logo_cric.jpg","width":512,"height":512,"caption":"Consejo Regional Ind\u00edgena del Cauca"},"image":{"@id":"https:\/\/www.cric-colombia.org\/portal\/#\/schema\/logo\/image\/"},"sameAs":["https:\/\/www.facebook.com\/cric.colombia\/","https:\/\/twitter.com\/CRIC_Cauca"]},{"@type":"Person","@id":"https:\/\/www.cric-colombia.org\/portal\/#\/schema\/person\/ab3a3099267de33d55f74f34ba201931","name":"Comunicaciones CRIC","image":{"@type":"ImageObject","inLanguage":"es","@id":"https:\/\/www.cric-colombia.org\/portal\/#\/schema\/person\/image\/","url":"https:\/\/secure.gravatar.com\/avatar\/a8d1a6cfcb82a80d09dafefdcc3dcc8a?s=96&d=retro&r=g","contentUrl":"https:\/\/secure.gravatar.com\/avatar\/a8d1a6cfcb82a80d09dafefdcc3dcc8a?s=96&d=retro&r=g","caption":"Comunicaciones CRIC"},"url":"https:\/\/www.cric-colombia.org\/portal\/author\/comunicaciones\/"}]}},"jetpack_featured_media_url":"https:\/\/www.cric-colombia.org\/portal\/wp-content\/uploads\/2016\/02\/banner9.jpg","_links":{"self":[{"href":"https:\/\/www.cric-colombia.org\/portal\/wp-json\/wp\/v2\/posts\/15302"}],"collection":[{"href":"https:\/\/www.cric-colombia.org\/portal\/wp-json\/wp\/v2\/posts"}],"about":[{"href":"https:\/\/www.cric-colombia.org\/portal\/wp-json\/wp\/v2\/types\/post"}],"author":[{"embeddable":true,"href":"https:\/\/www.cric-colombia.org\/portal\/wp-json\/wp\/v2\/users\/6"}],"replies":[{"embeddable":true,"href":"https:\/\/www.cric-colombia.org\/portal\/wp-json\/wp\/v2\/comments?post=15302"}],"version-history":[{"count":1,"href":"https:\/\/www.cric-colombia.org\/portal\/wp-json\/wp\/v2\/posts\/15302\/revisions"}],"predecessor-version":[{"id":15303,"href":"https:\/\/www.cric-colombia.org\/portal\/wp-json\/wp\/v2\/posts\/15302\/revisions\/15303"}],"wp:featuredmedia":[{"embeddable":true,"href":"https:\/\/www.cric-colombia.org\/portal\/wp-json\/wp\/v2\/media\/12719"}],"wp:attachment":[{"href":"https:\/\/www.cric-colombia.org\/portal\/wp-json\/wp\/v2\/media?parent=15302"}],"wp:term":[{"taxonomy":"category","embeddable":true,"href":"https:\/\/www.cric-colombia.org\/portal\/wp-json\/wp\/v2\/categories?post=15302"},{"taxonomy":"post_tag","embeddable":true,"href":"https:\/\/www.cric-colombia.org\/portal\/wp-json\/wp\/v2\/tags?post=15302"}],"curies":[{"name":"wp","href":"https:\/\/api.w.org\/{rel}","templated":true}]}}