{"id":15213,"date":"2016-09-12T13:03:21","date_gmt":"2016-09-12T18:03:21","guid":{"rendered":"http:\/\/www.cric-colombia.org\/portal\/?p=15213"},"modified":"2016-09-12T13:03:21","modified_gmt":"2016-09-12T18:03:21","slug":"amenazan-a-blanca-nubia-dias-integrante-del-movice","status":"publish","type":"post","link":"https:\/\/www.cric-colombia.org\/portal\/amenazan-a-blanca-nubia-dias-integrante-del-movice\/","title":{"rendered":"Amenazan a Blanca Nubia Dias, Integrante del Movice"},"content":{"rendered":"<p style=\"text-align: justify;\">El pasado viernes 2 de septiembre en horas de la tarde, la defensora de derechos humanos y de los derechos de las mujeres afro, ind\u00edgenas y campesinas e integrante del MOVICE, Blanca Nubia D\u00edaz, fue abordada por un sujeto, que portaba un arma blanca. Al dirigirse\u00a0a Blanca Nubia le arranc\u00f3 un bot\u00f3n distintivo de la lucha contra la desaparici\u00f3n forzada y en un acto muy intimidante le asegur\u00f3 \u201c<em>Si sigues jodiendo te vamos a picar, bien picadita<\/em>\u201d.<\/p>\n<p style=\"text-align: justify;\">Blanca Nubia D\u00edaz es miembro activo del Movimiento Nacional de V\u00edctimas Contra Cr\u00edmenes de Estado (MOVICE). En varias ocasiones tanto ella, como miembros de su familia, han sido v\u00edctimas de constantes amenazas, <strong>algunas de ellas ocurridas en el 2011, 2012 y 2015 en la que sujetos desconocidos les abordaron aludiendo (en tono de amenaza) a\u00a0la labor desempe\u00f1ada por la defensora.<\/strong><\/p>\n<p style=\"text-align: justify;\">El caso de <strong>Blanca Nubia D\u00edas<\/strong> se remonta a la violaci\u00f3n y asesinato de su hija <strong>Irina del Carmen Villero D\u00edaz, en el a\u00f1o 2001 por parte de grupos paramilitares<\/strong> de la zona de la Guajira, un caso que a todas luces deja en evidencia los tipos de violencia a los cuales han sido sometidas las mujeres en el marco del conflicto y la debilidad institucional en cuanto a la justicia, verdad y reparaci\u00f3n.<\/p>\n<p style=\"text-align: justify;\">Esta situaci\u00f3n en contra de la se\u00f1ora Blanca Nubia, se suma a las amenazas constantes que reciben los integrantes del MOVICE en el departamento de Sucre, en Valle del Cauca y otras seccionales, en los que se demuestra que aunque se est\u00e1 construyendo un escenario de paz, persisten las amenazas contra los defensores y <strong>defensoras de DDHH, as\u00ed como para las propias v\u00edctimas.<\/strong><\/p>\n<p style=\"text-align: justify;\">Por:\u00a0<a href=\"http:\/\/www.contagioradio.com\/amenazan-a-blanca-nubia-dias-integrante-del-movice-articulo-29025\/\" target=\"_blank\">contagioradio.com<\/a><\/p>\n","protected":false},"excerpt":{"rendered":"<p>El pasado viernes 2 de septiembre en horas de la tarde, la defensora de derechos humanos y de los derechos de las mujeres afro, ind\u00edgenas y campesinas e integrante del MOVICE, Blanca Nubia D\u00edaz, fue abordada por un sujeto, que portaba un arma blanca. Al dirigirse\u00a0a Blanca Nubia le arranc\u00f3 un bot\u00f3n distintivo de la <\/p>\n","protected":false},"author":6,"featured_media":15215,"comment_status":"open","ping_status":"open","sticky":false,"template":"","format":"standard","meta":{"footnotes":""},"categories":[25],"tags":[274,273,212],"yoast_head":"<!-- This site is optimized with the Yoast SEO plugin v20.12 - https:\/\/yoast.com\/wordpress\/plugins\/seo\/ -->\n<title>Amenazan a Blanca Nubia Dias, Integrante del Movice - Consejo Regional Ind\u00edgena del Cauca - CRIC<\/title>\n<meta name=\"robots\" content=\"index, follow, max-snippet:-1, max-image-preview:large, max-video-preview:-1\" \/>\n<link rel=\"canonical\" href=\"https:\/\/www.cric-colombia.org\/portal\/amenazan-a-blanca-nubia-dias-integrante-del-movice\/\" \/>\n<meta property=\"og:locale\" content=\"es_ES\" \/>\n<meta property=\"og:type\" content=\"article\" \/>\n<meta property=\"og:title\" content=\"Amenazan a Blanca Nubia Dias, Integrante del Movice - Consejo Regional Ind\u00edgena del Cauca - CRIC\" \/>\n<meta property=\"og:description\" content=\"El pasado viernes 2 de septiembre en horas de la tarde, la defensora de derechos humanos y de los derechos de las mujeres afro, ind\u00edgenas y campesinas e integrante del MOVICE, Blanca Nubia D\u00edaz, fue abordada por un sujeto, que portaba un arma blanca. Al dirigirse\u00a0a Blanca Nubia le arranc\u00f3 un bot\u00f3n distintivo de la\" \/>\n<meta property=\"og:url\" content=\"https:\/\/www.cric-colombia.org\/portal\/amenazan-a-blanca-nubia-dias-integrante-del-movice\/\" \/>\n<meta property=\"og:site_name\" content=\"Consejo Regional Ind\u00edgena del Cauca - CRIC\" \/>\n<meta property=\"article:publisher\" content=\"https:\/\/www.facebook.com\/cric.colombia\/\" \/>\n<meta property=\"article:published_time\" content=\"2016-09-12T18:03:21+00:00\" \/>\n<meta property=\"og:image\" content=\"https:\/\/www.cric-colombia.org\/portal\/wp-content\/uploads\/2016\/09\/NubiaDiaz-Colombia-MidiaNinja-770x400.jpg\" \/>\n\t<meta property=\"og:image:width\" content=\"770\" \/>\n\t<meta property=\"og:image:height\" content=\"400\" \/>\n\t<meta property=\"og:image:type\" content=\"image\/jpeg\" \/>\n<meta name=\"author\" content=\"Comunicaciones CRIC\" \/>\n<meta name=\"twitter:card\" content=\"summary_large_image\" \/>\n<meta name=\"twitter:creator\" content=\"@CRIC_Cauca\" \/>\n<meta name=\"twitter:site\" content=\"@CRIC_Cauca\" \/>\n<meta name=\"twitter:label1\" content=\"Escrito por\" \/>\n\t<meta name=\"twitter:data1\" content=\"Comunicaciones CRIC\" \/>\n\t<meta name=\"twitter:label2\" content=\"Tiempo de lectura\" \/>\n\t<meta name=\"twitter:data2\" content=\"1 minuto\" \/>\n<script type=\"application\/ld+json\" class=\"yoast-schema-graph\">{\"@context\":\"https:\/\/schema.org\",\"@graph\":[{\"@type\":\"Article\",\"@id\":\"https:\/\/www.cric-colombia.org\/portal\/amenazan-a-blanca-nubia-dias-integrante-del-movice\/#article\",\"isPartOf\":{\"@id\":\"https:\/\/www.cric-colombia.org\/portal\/amenazan-a-blanca-nubia-dias-integrante-del-movice\/\"},\"author\":{\"name\":\"Comunicaciones CRIC\",\"@id\":\"https:\/\/www.cric-colombia.org\/portal\/#\/schema\/person\/ab3a3099267de33d55f74f34ba201931\"},\"headline\":\"Amenazan a Blanca Nubia Dias, Integrante del Movice\",\"datePublished\":\"2016-09-12T18:03:21+00:00\",\"dateModified\":\"2016-09-12T18:03:21+00:00\",\"mainEntityOfPage\":{\"@id\":\"https:\/\/www.cric-colombia.org\/portal\/amenazan-a-blanca-nubia-dias-integrante-del-movice\/\"},\"wordCount\":299,\"commentCount\":0,\"publisher\":{\"@id\":\"https:\/\/www.cric-colombia.org\/portal\/#organization\"},\"keywords\":[\"Amenazas\",\"DDHH\",\"victimas\"],\"articleSection\":[\"Actualidad de Proceso Sociales\"],\"inLanguage\":\"es\",\"potentialAction\":[{\"@type\":\"CommentAction\",\"name\":\"Comment\",\"target\":[\"https:\/\/www.cric-colombia.org\/portal\/amenazan-a-blanca-nubia-dias-integrante-del-movice\/#respond\"]}]},{\"@type\":\"WebPage\",\"@id\":\"https:\/\/www.cric-colombia.org\/portal\/amenazan-a-blanca-nubia-dias-integrante-del-movice\/\",\"url\":\"https:\/\/www.cric-colombia.org\/portal\/amenazan-a-blanca-nubia-dias-integrante-del-movice\/\",\"name\":\"Amenazan a Blanca Nubia Dias, Integrante del Movice - Consejo Regional Ind\u00edgena del Cauca - CRIC\",\"isPartOf\":{\"@id\":\"https:\/\/www.cric-colombia.org\/portal\/#website\"},\"datePublished\":\"2016-09-12T18:03:21+00:00\",\"dateModified\":\"2016-09-12T18:03:21+00:00\",\"breadcrumb\":{\"@id\":\"https:\/\/www.cric-colombia.org\/portal\/amenazan-a-blanca-nubia-dias-integrante-del-movice\/#breadcrumb\"},\"inLanguage\":\"es\",\"potentialAction\":[{\"@type\":\"ReadAction\",\"target\":[\"https:\/\/www.cric-colombia.org\/portal\/amenazan-a-blanca-nubia-dias-integrante-del-movice\/\"]}]},{\"@type\":\"BreadcrumbList\",\"@id\":\"https:\/\/www.cric-colombia.org\/portal\/amenazan-a-blanca-nubia-dias-integrante-del-movice\/#breadcrumb\",\"itemListElement\":[{\"@type\":\"ListItem\",\"position\":1,\"name\":\"Portada\",\"item\":\"https:\/\/www.cric-colombia.org\/portal\/\"},{\"@type\":\"ListItem\",\"position\":2,\"name\":\"Amenazan a Blanca Nubia Dias, Integrante del Movice\"}]},{\"@type\":\"WebSite\",\"@id\":\"https:\/\/www.cric-colombia.org\/portal\/#website\",\"url\":\"https:\/\/www.cric-colombia.org\/portal\/\",\"name\":\"Consejo Regional Ind\u00edgena del Cauca - CRIC\",\"description\":\"P\u00e1gina oficial del Consejo Regional Ind\u00edgena del Cauca, Colombia\",\"publisher\":{\"@id\":\"https:\/\/www.cric-colombia.org\/portal\/#organization\"},\"potentialAction\":[{\"@type\":\"SearchAction\",\"target\":{\"@type\":\"EntryPoint\",\"urlTemplate\":\"https:\/\/www.cric-colombia.org\/portal\/?s={search_term_string}\"},\"query-input\":\"required name=search_term_string\"}],\"inLanguage\":\"es\"},{\"@type\":\"Organization\",\"@id\":\"https:\/\/www.cric-colombia.org\/portal\/#organization\",\"name\":\"Consejo Regional Ind\u00edgena del Cauca\",\"url\":\"https:\/\/www.cric-colombia.org\/portal\/\",\"logo\":{\"@type\":\"ImageObject\",\"inLanguage\":\"es\",\"@id\":\"https:\/\/www.cric-colombia.org\/portal\/#\/schema\/logo\/image\/\",\"url\":\"https:\/\/www.cric-colombia.org\/portal\/wp-content\/uploads\/2015\/08\/logo_cric.jpg\",\"contentUrl\":\"https:\/\/www.cric-colombia.org\/portal\/wp-content\/uploads\/2015\/08\/logo_cric.jpg\",\"width\":512,\"height\":512,\"caption\":\"Consejo Regional Ind\u00edgena del Cauca\"},\"image\":{\"@id\":\"https:\/\/www.cric-colombia.org\/portal\/#\/schema\/logo\/image\/\"},\"sameAs\":[\"https:\/\/www.facebook.com\/cric.colombia\/\",\"https:\/\/twitter.com\/CRIC_Cauca\"]},{\"@type\":\"Person\",\"@id\":\"https:\/\/www.cric-colombia.org\/portal\/#\/schema\/person\/ab3a3099267de33d55f74f34ba201931\",\"name\":\"Comunicaciones CRIC\",\"image\":{\"@type\":\"ImageObject\",\"inLanguage\":\"es\",\"@id\":\"https:\/\/www.cric-colombia.org\/portal\/#\/schema\/person\/image\/\",\"url\":\"https:\/\/secure.gravatar.com\/avatar\/a8d1a6cfcb82a80d09dafefdcc3dcc8a?s=96&d=retro&r=g\",\"contentUrl\":\"https:\/\/secure.gravatar.com\/avatar\/a8d1a6cfcb82a80d09dafefdcc3dcc8a?s=96&d=retro&r=g\",\"caption\":\"Comunicaciones CRIC\"},\"url\":\"https:\/\/www.cric-colombia.org\/portal\/author\/comunicaciones\/\"}]}<\/script>\n<!-- \/ Yoast SEO plugin. -->","yoast_head_json":{"title":"Amenazan a Blanca Nubia Dias, Integrante del Movice - Consejo Regional Ind\u00edgena del Cauca - CRIC","robots":{"index":"index","follow":"follow","max-snippet":"max-snippet:-1","max-image-preview":"max-image-preview:large","max-video-preview":"max-video-preview:-1"},"canonical":"https:\/\/www.cric-colombia.org\/portal\/amenazan-a-blanca-nubia-dias-integrante-del-movice\/","og_locale":"es_ES","og_type":"article","og_title":"Amenazan a Blanca Nubia Dias, Integrante del Movice - Consejo Regional Ind\u00edgena del Cauca - CRIC","og_description":"El pasado viernes 2 de septiembre en horas de la tarde, la defensora de derechos humanos y de los derechos de las mujeres afro, ind\u00edgenas y campesinas e integrante del MOVICE, Blanca Nubia D\u00edaz, fue abordada por un sujeto, que portaba un arma blanca. Al dirigirse\u00a0a Blanca Nubia le arranc\u00f3 un bot\u00f3n distintivo de la","og_url":"https:\/\/www.cric-colombia.org\/portal\/amenazan-a-blanca-nubia-dias-integrante-del-movice\/","og_site_name":"Consejo Regional Ind\u00edgena del Cauca - CRIC","article_publisher":"https:\/\/www.facebook.com\/cric.colombia\/","article_published_time":"2016-09-12T18:03:21+00:00","og_image":[{"width":770,"height":400,"url":"https:\/\/www.cric-colombia.org\/portal\/wp-content\/uploads\/2016\/09\/NubiaDiaz-Colombia-MidiaNinja-770x400.jpg","type":"image\/jpeg"}],"author":"Comunicaciones CRIC","twitter_card":"summary_large_image","twitter_creator":"@CRIC_Cauca","twitter_site":"@CRIC_Cauca","twitter_misc":{"Escrito por":"Comunicaciones CRIC","Tiempo de lectura":"1 minuto"},"schema":{"@context":"https:\/\/schema.org","@graph":[{"@type":"Article","@id":"https:\/\/www.cric-colombia.org\/portal\/amenazan-a-blanca-nubia-dias-integrante-del-movice\/#article","isPartOf":{"@id":"https:\/\/www.cric-colombia.org\/portal\/amenazan-a-blanca-nubia-dias-integrante-del-movice\/"},"author":{"name":"Comunicaciones CRIC","@id":"https:\/\/www.cric-colombia.org\/portal\/#\/schema\/person\/ab3a3099267de33d55f74f34ba201931"},"headline":"Amenazan a Blanca Nubia Dias, Integrante del Movice","datePublished":"2016-09-12T18:03:21+00:00","dateModified":"2016-09-12T18:03:21+00:00","mainEntityOfPage":{"@id":"https:\/\/www.cric-colombia.org\/portal\/amenazan-a-blanca-nubia-dias-integrante-del-movice\/"},"wordCount":299,"commentCount":0,"publisher":{"@id":"https:\/\/www.cric-colombia.org\/portal\/#organization"},"keywords":["Amenazas","DDHH","victimas"],"articleSection":["Actualidad de Proceso Sociales"],"inLanguage":"es","potentialAction":[{"@type":"CommentAction","name":"Comment","target":["https:\/\/www.cric-colombia.org\/portal\/amenazan-a-blanca-nubia-dias-integrante-del-movice\/#respond"]}]},{"@type":"WebPage","@id":"https:\/\/www.cric-colombia.org\/portal\/amenazan-a-blanca-nubia-dias-integrante-del-movice\/","url":"https:\/\/www.cric-colombia.org\/portal\/amenazan-a-blanca-nubia-dias-integrante-del-movice\/","name":"Amenazan a Blanca Nubia Dias, Integrante del Movice - Consejo Regional Ind\u00edgena del Cauca - CRIC","isPartOf":{"@id":"https:\/\/www.cric-colombia.org\/portal\/#website"},"datePublished":"2016-09-12T18:03:21+00:00","dateModified":"2016-09-12T18:03:21+00:00","breadcrumb":{"@id":"https:\/\/www.cric-colombia.org\/portal\/amenazan-a-blanca-nubia-dias-integrante-del-movice\/#breadcrumb"},"inLanguage":"es","potentialAction":[{"@type":"ReadAction","target":["https:\/\/www.cric-colombia.org\/portal\/amenazan-a-blanca-nubia-dias-integrante-del-movice\/"]}]},{"@type":"BreadcrumbList","@id":"https:\/\/www.cric-colombia.org\/portal\/amenazan-a-blanca-nubia-dias-integrante-del-movice\/#breadcrumb","itemListElement":[{"@type":"ListItem","position":1,"name":"Portada","item":"https:\/\/www.cric-colombia.org\/portal\/"},{"@type":"ListItem","position":2,"name":"Amenazan a Blanca Nubia Dias, Integrante del Movice"}]},{"@type":"WebSite","@id":"https:\/\/www.cric-colombia.org\/portal\/#website","url":"https:\/\/www.cric-colombia.org\/portal\/","name":"Consejo Regional Ind\u00edgena del Cauca - CRIC","description":"P\u00e1gina oficial del Consejo Regional Ind\u00edgena del Cauca, Colombia","publisher":{"@id":"https:\/\/www.cric-colombia.org\/portal\/#organization"},"potentialAction":[{"@type":"SearchAction","target":{"@type":"EntryPoint","urlTemplate":"https:\/\/www.cric-colombia.org\/portal\/?s={search_term_string}"},"query-input":"required name=search_term_string"}],"inLanguage":"es"},{"@type":"Organization","@id":"https:\/\/www.cric-colombia.org\/portal\/#organization","name":"Consejo Regional Ind\u00edgena del Cauca","url":"https:\/\/www.cric-colombia.org\/portal\/","logo":{"@type":"ImageObject","inLanguage":"es","@id":"https:\/\/www.cric-colombia.org\/portal\/#\/schema\/logo\/image\/","url":"https:\/\/www.cric-colombia.org\/portal\/wp-content\/uploads\/2015\/08\/logo_cric.jpg","contentUrl":"https:\/\/www.cric-colombia.org\/portal\/wp-content\/uploads\/2015\/08\/logo_cric.jpg","width":512,"height":512,"caption":"Consejo Regional Ind\u00edgena del Cauca"},"image":{"@id":"https:\/\/www.cric-colombia.org\/portal\/#\/schema\/logo\/image\/"},"sameAs":["https:\/\/www.facebook.com\/cric.colombia\/","https:\/\/twitter.com\/CRIC_Cauca"]},{"@type":"Person","@id":"https:\/\/www.cric-colombia.org\/portal\/#\/schema\/person\/ab3a3099267de33d55f74f34ba201931","name":"Comunicaciones CRIC","image":{"@type":"ImageObject","inLanguage":"es","@id":"https:\/\/www.cric-colombia.org\/portal\/#\/schema\/person\/image\/","url":"https:\/\/secure.gravatar.com\/avatar\/a8d1a6cfcb82a80d09dafefdcc3dcc8a?s=96&d=retro&r=g","contentUrl":"https:\/\/secure.gravatar.com\/avatar\/a8d1a6cfcb82a80d09dafefdcc3dcc8a?s=96&d=retro&r=g","caption":"Comunicaciones CRIC"},"url":"https:\/\/www.cric-colombia.org\/portal\/author\/comunicaciones\/"}]}},"jetpack_featured_media_url":"https:\/\/www.cric-colombia.org\/portal\/wp-content\/uploads\/2016\/09\/NubiaDiaz-Colombia-MidiaNinja-770x400.jpg","_links":{"self":[{"href":"https:\/\/www.cric-colombia.org\/portal\/wp-json\/wp\/v2\/posts\/15213"}],"collection":[{"href":"https:\/\/www.cric-colombia.org\/portal\/wp-json\/wp\/v2\/posts"}],"about":[{"href":"https:\/\/www.cric-colombia.org\/portal\/wp-json\/wp\/v2\/types\/post"}],"author":[{"embeddable":true,"href":"https:\/\/www.cric-colombia.org\/portal\/wp-json\/wp\/v2\/users\/6"}],"replies":[{"embeddable":true,"href":"https:\/\/www.cric-colombia.org\/portal\/wp-json\/wp\/v2\/comments?post=15213"}],"version-history":[{"count":1,"href":"https:\/\/www.cric-colombia.org\/portal\/wp-json\/wp\/v2\/posts\/15213\/revisions"}],"predecessor-version":[{"id":15214,"href":"https:\/\/www.cric-colombia.org\/portal\/wp-json\/wp\/v2\/posts\/15213\/revisions\/15214"}],"wp:featuredmedia":[{"embeddable":true,"href":"https:\/\/www.cric-colombia.org\/portal\/wp-json\/wp\/v2\/media\/15215"}],"wp:attachment":[{"href":"https:\/\/www.cric-colombia.org\/portal\/wp-json\/wp\/v2\/media?parent=15213"}],"wp:term":[{"taxonomy":"category","embeddable":true,"href":"https:\/\/www.cric-colombia.org\/portal\/wp-json\/wp\/v2\/categories?post=15213"},{"taxonomy":"post_tag","embeddable":true,"href":"https:\/\/www.cric-colombia.org\/portal\/wp-json\/wp\/v2\/tags?post=15213"}],"curies":[{"name":"wp","href":"https:\/\/api.w.org\/{rel}","templated":true}]}}