{"id":15115,"date":"2016-09-02T12:27:17","date_gmt":"2016-09-02T17:27:17","guid":{"rendered":"http:\/\/www.cric-colombia.org\/portal\/?p=15115"},"modified":"2016-09-16T19:05:29","modified_gmt":"2016-09-17T00:05:29","slug":"informativo-regional-amcic-mientras-los-armados-acuerdan-la-paz-se-le-declara-la-guerra-a-los-pueblos","status":"publish","type":"post","link":"https:\/\/www.cric-colombia.org\/portal\/informativo-regional-amcic-mientras-los-armados-acuerdan-la-paz-se-le-declara-la-guerra-a-los-pueblos\/","title":{"rendered":"Informativo Regional AMCIC: Mientras los armados acuerdan la paz, se le declara la guerra a los pueblos"},"content":{"rendered":"<p style=\"text-align: justify;\"><strong><em>\u201cVoces de los pueblos desde los Territorios\u201d<\/em><\/strong> es un espacio creado para contribuir a informar, concientizar y movilizar a los pueblos y comunidades a continuar en la defensa y protecci\u00f3n del territorio y la vida. En la coyuntura del proceso de paz, despu\u00e9s de m\u00e1s de cuatro a\u00f1os de conversaciones entre el Gobierno Nacional y las FARC en la Habana Cuba, y que se ha llegado al acuerdo final. Nos vemos enfrentados en el mayor reto en nuestros territorios ind\u00edgenas, debido a los intereses mezquinos de sectores pol\u00edticos y econ\u00f3micos de este pa\u00eds, que despojan, desplazan y destruyen a la Madre Tierra.<!--more--><\/p>\n<p style=\"text-align: justify;\"><strong>Informaciones Contexto Local y Regional<\/strong><\/p>\n<p style=\"text-align: justify;\">Colectivo de Comunicaci\u00f3n del Resguardo ind\u00edgena de san Andr\u00e9s, Zona Tierra dentro, nos comparten en su reporte sobre el trabajo que est\u00e1n adelantando en la erradicaci\u00f3n de cultivos de marihuana en la comunidad. Por otro lado, en el Resguardo de Jambalo se realiz\u00f3 un encuentro de salud en la zona alta del territorio donde se evalu\u00f3 los avances y vac\u00edos en este tema.<\/p>\n<p style=\"text-align: justify;\">Espacio de\u00a0 Dialogo entre Delegados de la Mesa de Conversaciones de la Habana Cuba, Pueblos Ind\u00edgenas del CRIC &#8211; ONIC y Comisi\u00f3n \u00c9tnica de Paz se realizara el 07 de septiembre en el Territorio de Convivencia, Di\u00e1logo y Negociaci\u00f3n La Maria Piendamo, Cauca. Y en otros hechos, el Consejo Regional Ind\u00edgena del Cauca CRIC, a trav\u00e9s de un comunicado rechaza categ\u00f3ricamente el asesinato de 4 compa\u00f1eros ind\u00edgenas del pueblo Aw\u00e1 en Nari\u00f1o y tres 3 l\u00edderes Campesinos en el Macizo Colombiano.<\/p>\n<p style=\"text-align: justify;\">El Programa de Comunicaciones del CRIC, acompa\u00f1o la audiencia p\u00fablica realizado por el Pueblo Ambalo, de la Zona Oriente del Cauca por amenazas a compa\u00f1eras y compa\u00f1eros que est\u00e1n generando desarmon\u00eda en el territorio.<\/p>\n<p style=\"text-align: justify;\">Mientras los armados acuerdan la paz, se le declara la guerra a los pueblos, es la situaci\u00f3n que est\u00e1n afrontando las comunidades ind\u00edgenas y sociales, que con muchas dificultades de agresi\u00f3n a sus procesos, contin\u00faan con muchos \u00e1nimos y fuerza en seguir liberando y defendiendo el territorio.<strong>\u00a0<\/strong><\/p>\n<p style=\"text-align: justify;\">Y sobre la movilizaci\u00f3n de los docentes filiales a ASOINCA, tomaron la decisi\u00f3n de \u00a0continuar el paro en la capital del pa\u00eds, en continuar exigiendo el derecho a la salud.<\/p>\n<p style=\"text-align: justify;\"><strong>Contexto Nacional<\/strong><\/p>\n<p style=\"text-align: justify;\">\u201cVoces de los Pueblos desde los Territorios\u201d visibiliza como en menos de una semana ocurrieron dos hechos m\u00e1s de violencia dejando cuatro hermanos Aw\u00e1 asesinados. En medio del dolor por el sepelio de nuestro hermano Camilo Roberto Taic\u00fas y con la tristeza que deja su partida, se nos informa que tres hermanos m\u00e1s son asesinados, dos de ellos del resguardo Hojal la Turbia \u2013 Comunidad Bocas de Imbapi y uno m\u00e1s del municipio de Ricaurte del resguardo de Mag\u00fci quien desde hace un a\u00f1o viv\u00eda en el resguardo Cuasbil la Faldada del municipio de Barbacoas. Comunicado de la UNIPA \u2013 Aw\u00e1.<\/p>\n<p style=\"text-align: justify;\">A trav\u00e9s de un comunicado del Consejo Regional Ind\u00edgena del Huila -CRIHU- el pasado 23 de agosto del 2016, donde denuncia a la opini\u00f3n p\u00fablica nacional e internacional sobre las graves amenazas contra la vida que se presentan en el departamento del Huila a los l\u00edderes del movimiento ind\u00edgena participante en la Minga Agraria, Campesina, \u00c9tnica y Popular, espec\u00edficamente frente al caso de la secretaria de la Comisi\u00f3n Pol\u00edtica del CRIHU y rectora de la instituci\u00f3n educativa Yu Luucx Pishau Mar\u00eda Beatriz Vivas Yacuechime.<\/p>\n<p style=\"text-align: justify;\"><strong>Contexto Internacional<\/strong><strong>\u00a0<\/strong><\/p>\n<p style=\"text-align: justify;\">Concurrida manifestaci\u00f3n Mapuche en Los Angeles rechaza invasi\u00f3n de proyectos extractivistas y exige respeto por derechos.<\/p>\n<p><strong>Audio Informativo Regional AMCIC 02 de septiembre 2016<\/strong><strong>\u00a0<\/strong><\/p>\n<!--[if lt IE 9]><script>document.createElement('audio');<\/script><![endif]-->\n<audio class=\"wp-audio-shortcode\" id=\"audio-15115-1\" preload=\"none\" style=\"width: 100%;\" controls=\"controls\"><source type=\"audio\/mpeg\" src=\"https:\/\/co.ivoox.com\/es\/informativo-regional-amcic-02-09-2016_md_12756237_wp_1.mp3?_=1\" \/><a href=\"https:\/\/co.ivoox.com\/es\/informativo-regional-amcic-02-09-2016_md_12756237_wp_1.mp3\">https:\/\/co.ivoox.com\/es\/informativo-regional-amcic-02-09-2016_md_12756237_wp_1.mp3<\/a><\/audio>\n<p><a title=\"Informativo Regional Amcic 02-09-2016\" href=\"https:\/\/co.ivoox.com\/es\/informativo-regional-amcic-02-09-2016-audios-mp3_rf_12756237_1.html\" target=\"\u201d_blank\u201d\">Ir a descargar<\/a><\/p>\n<p style=\"text-align: center;\"><strong>CONSEJO REGIONAL IND\u00cdGENA DEL CAUCA \u2013CRIC-<\/strong><\/p>\n<p style=\"text-align: center;\"><strong>PROGRAMA DE COMUNICACIONES Y RELACIONAMIENTO EXTERNO<\/strong><\/p>\n","protected":false},"excerpt":{"rendered":"<p>\u201cVoces de los pueblos desde los Territorios\u201d es un espacio creado para contribuir a informar, concientizar y movilizar a los pueblos y comunidades a continuar en la defensa y protecci\u00f3n del territorio y la vida. En la coyuntura del proceso de paz, despu\u00e9s de m\u00e1s de cuatro a\u00f1os de conversaciones entre el Gobierno Nacional y <\/p>\n","protected":false},"author":6,"featured_media":11467,"comment_status":"open","ping_status":"open","sticky":false,"template":"","format":"standard","meta":{"footnotes":""},"categories":[3,77,74],"tags":[190,189,192,177,134,191,290],"yoast_head":"<!-- This site is optimized with the Yoast SEO plugin v20.12 - https:\/\/yoast.com\/wordpress\/plugins\/seo\/ -->\n<title>Informativo Regional AMCIC: Mientras los armados acuerdan la paz, se le declara la guerra a los pueblos - Consejo Regional Ind\u00edgena del Cauca - CRIC<\/title>\n<meta name=\"robots\" content=\"index, follow, max-snippet:-1, max-image-preview:large, max-video-preview:-1\" \/>\n<link rel=\"canonical\" href=\"https:\/\/www.cric-colombia.org\/portal\/informativo-regional-amcic-mientras-los-armados-acuerdan-la-paz-se-le-declara-la-guerra-a-los-pueblos\/\" \/>\n<meta property=\"og:locale\" content=\"es_ES\" \/>\n<meta property=\"og:type\" content=\"article\" \/>\n<meta property=\"og:title\" content=\"Informativo Regional AMCIC: Mientras los armados acuerdan la paz, se le declara la guerra a los pueblos - Consejo Regional Ind\u00edgena del Cauca - CRIC\" \/>\n<meta property=\"og:description\" content=\"\u201cVoces de los pueblos desde los Territorios\u201d es un espacio creado para contribuir a informar, concientizar y movilizar a los pueblos y comunidades a continuar en la defensa y protecci\u00f3n del territorio y la vida. En la coyuntura del proceso de paz, despu\u00e9s de m\u00e1s de cuatro a\u00f1os de conversaciones entre el Gobierno Nacional y\" \/>\n<meta property=\"og:url\" content=\"https:\/\/www.cric-colombia.org\/portal\/informativo-regional-amcic-mientras-los-armados-acuerdan-la-paz-se-le-declara-la-guerra-a-los-pueblos\/\" \/>\n<meta property=\"og:site_name\" content=\"Consejo Regional Ind\u00edgena del Cauca - CRIC\" \/>\n<meta property=\"article:publisher\" content=\"https:\/\/www.facebook.com\/cric.colombia\/\" \/>\n<meta property=\"article:published_time\" content=\"2016-09-02T17:27:17+00:00\" \/>\n<meta property=\"article:modified_time\" content=\"2016-09-17T00:05:29+00:00\" \/>\n<meta property=\"og:image\" content=\"https:\/\/www.cric-colombia.org\/portal\/wp-content\/uploads\/2015\/08\/logo_cric.jpg\" \/>\n\t<meta property=\"og:image:width\" content=\"512\" \/>\n\t<meta property=\"og:image:height\" content=\"512\" \/>\n\t<meta property=\"og:image:type\" content=\"image\/jpeg\" \/>\n<meta name=\"author\" content=\"Comunicaciones CRIC\" \/>\n<meta name=\"twitter:card\" content=\"summary_large_image\" \/>\n<meta name=\"twitter:creator\" content=\"@CRIC_Cauca\" \/>\n<meta name=\"twitter:site\" content=\"@CRIC_Cauca\" \/>\n<meta name=\"twitter:label1\" content=\"Escrito por\" \/>\n\t<meta name=\"twitter:data1\" content=\"Comunicaciones CRIC\" \/>\n\t<meta name=\"twitter:label2\" content=\"Tiempo de lectura\" \/>\n\t<meta name=\"twitter:data2\" content=\"3 minutos\" \/>\n<script type=\"application\/ld+json\" class=\"yoast-schema-graph\">{\"@context\":\"https:\/\/schema.org\",\"@graph\":[{\"@type\":\"Article\",\"@id\":\"https:\/\/www.cric-colombia.org\/portal\/informativo-regional-amcic-mientras-los-armados-acuerdan-la-paz-se-le-declara-la-guerra-a-los-pueblos\/#article\",\"isPartOf\":{\"@id\":\"https:\/\/www.cric-colombia.org\/portal\/informativo-regional-amcic-mientras-los-armados-acuerdan-la-paz-se-le-declara-la-guerra-a-los-pueblos\/\"},\"author\":{\"name\":\"Comunicaciones CRIC\",\"@id\":\"https:\/\/www.cric-colombia.org\/portal\/#\/schema\/person\/ab3a3099267de33d55f74f34ba201931\"},\"headline\":\"Informativo Regional AMCIC: Mientras los armados acuerdan la paz, se le declara la guerra a los pueblos\",\"datePublished\":\"2016-09-02T17:27:17+00:00\",\"dateModified\":\"2016-09-17T00:05:29+00:00\",\"mainEntityOfPage\":{\"@id\":\"https:\/\/www.cric-colombia.org\/portal\/informativo-regional-amcic-mientras-los-armados-acuerdan-la-paz-se-le-declara-la-guerra-a-los-pueblos\/\"},\"wordCount\":671,\"commentCount\":0,\"publisher\":{\"@id\":\"https:\/\/www.cric-colombia.org\/portal\/#organization\"},\"keywords\":[\"AMCIC\",\"CONSEJO REGIONAL INDIGENA DEL CAUCA CRIC\",\"INFORMANDO A LOS PUEBLOS INDIGENA DEL CAUCA\",\"informativo\",\"Informativo Regional AMCIC\",\"MEDIOS DE COMUNICACION CAUCA\",\"Noticias\"],\"articleSection\":[\"Actualidad Ind\u00edgena del Cauca\",\"Audios\",\"Multimedia\"],\"inLanguage\":\"es\",\"potentialAction\":[{\"@type\":\"CommentAction\",\"name\":\"Comment\",\"target\":[\"https:\/\/www.cric-colombia.org\/portal\/informativo-regional-amcic-mientras-los-armados-acuerdan-la-paz-se-le-declara-la-guerra-a-los-pueblos\/#respond\"]}]},{\"@type\":\"WebPage\",\"@id\":\"https:\/\/www.cric-colombia.org\/portal\/informativo-regional-amcic-mientras-los-armados-acuerdan-la-paz-se-le-declara-la-guerra-a-los-pueblos\/\",\"url\":\"https:\/\/www.cric-colombia.org\/portal\/informativo-regional-amcic-mientras-los-armados-acuerdan-la-paz-se-le-declara-la-guerra-a-los-pueblos\/\",\"name\":\"Informativo Regional AMCIC: Mientras los armados acuerdan la paz, se le declara la guerra a los pueblos - Consejo Regional Ind\u00edgena del Cauca - CRIC\",\"isPartOf\":{\"@id\":\"https:\/\/www.cric-colombia.org\/portal\/#website\"},\"datePublished\":\"2016-09-02T17:27:17+00:00\",\"dateModified\":\"2016-09-17T00:05:29+00:00\",\"breadcrumb\":{\"@id\":\"https:\/\/www.cric-colombia.org\/portal\/informativo-regional-amcic-mientras-los-armados-acuerdan-la-paz-se-le-declara-la-guerra-a-los-pueblos\/#breadcrumb\"},\"inLanguage\":\"es\",\"potentialAction\":[{\"@type\":\"ReadAction\",\"target\":[\"https:\/\/www.cric-colombia.org\/portal\/informativo-regional-amcic-mientras-los-armados-acuerdan-la-paz-se-le-declara-la-guerra-a-los-pueblos\/\"]}]},{\"@type\":\"BreadcrumbList\",\"@id\":\"https:\/\/www.cric-colombia.org\/portal\/informativo-regional-amcic-mientras-los-armados-acuerdan-la-paz-se-le-declara-la-guerra-a-los-pueblos\/#breadcrumb\",\"itemListElement\":[{\"@type\":\"ListItem\",\"position\":1,\"name\":\"Portada\",\"item\":\"https:\/\/www.cric-colombia.org\/portal\/\"},{\"@type\":\"ListItem\",\"position\":2,\"name\":\"Informativo Regional AMCIC: Mientras los armados acuerdan la paz, se le declara la guerra a los pueblos\"}]},{\"@type\":\"WebSite\",\"@id\":\"https:\/\/www.cric-colombia.org\/portal\/#website\",\"url\":\"https:\/\/www.cric-colombia.org\/portal\/\",\"name\":\"Consejo Regional Ind\u00edgena del Cauca - CRIC\",\"description\":\"P\u00e1gina oficial del Consejo Regional Ind\u00edgena del Cauca, Colombia\",\"publisher\":{\"@id\":\"https:\/\/www.cric-colombia.org\/portal\/#organization\"},\"potentialAction\":[{\"@type\":\"SearchAction\",\"target\":{\"@type\":\"EntryPoint\",\"urlTemplate\":\"https:\/\/www.cric-colombia.org\/portal\/?s={search_term_string}\"},\"query-input\":\"required name=search_term_string\"}],\"inLanguage\":\"es\"},{\"@type\":\"Organization\",\"@id\":\"https:\/\/www.cric-colombia.org\/portal\/#organization\",\"name\":\"Consejo Regional Ind\u00edgena del Cauca\",\"url\":\"https:\/\/www.cric-colombia.org\/portal\/\",\"logo\":{\"@type\":\"ImageObject\",\"inLanguage\":\"es\",\"@id\":\"https:\/\/www.cric-colombia.org\/portal\/#\/schema\/logo\/image\/\",\"url\":\"https:\/\/www.cric-colombia.org\/portal\/wp-content\/uploads\/2015\/08\/logo_cric.jpg\",\"contentUrl\":\"https:\/\/www.cric-colombia.org\/portal\/wp-content\/uploads\/2015\/08\/logo_cric.jpg\",\"width\":512,\"height\":512,\"caption\":\"Consejo Regional Ind\u00edgena del Cauca\"},\"image\":{\"@id\":\"https:\/\/www.cric-colombia.org\/portal\/#\/schema\/logo\/image\/\"},\"sameAs\":[\"https:\/\/www.facebook.com\/cric.colombia\/\",\"https:\/\/twitter.com\/CRIC_Cauca\"]},{\"@type\":\"Person\",\"@id\":\"https:\/\/www.cric-colombia.org\/portal\/#\/schema\/person\/ab3a3099267de33d55f74f34ba201931\",\"name\":\"Comunicaciones CRIC\",\"image\":{\"@type\":\"ImageObject\",\"inLanguage\":\"es\",\"@id\":\"https:\/\/www.cric-colombia.org\/portal\/#\/schema\/person\/image\/\",\"url\":\"https:\/\/secure.gravatar.com\/avatar\/a8d1a6cfcb82a80d09dafefdcc3dcc8a?s=96&d=retro&r=g\",\"contentUrl\":\"https:\/\/secure.gravatar.com\/avatar\/a8d1a6cfcb82a80d09dafefdcc3dcc8a?s=96&d=retro&r=g\",\"caption\":\"Comunicaciones CRIC\"},\"url\":\"https:\/\/www.cric-colombia.org\/portal\/author\/comunicaciones\/\"}]}<\/script>\n<!-- \/ Yoast SEO plugin. -->","yoast_head_json":{"title":"Informativo Regional AMCIC: Mientras los armados acuerdan la paz, se le declara la guerra a los pueblos - Consejo Regional Ind\u00edgena del Cauca - CRIC","robots":{"index":"index","follow":"follow","max-snippet":"max-snippet:-1","max-image-preview":"max-image-preview:large","max-video-preview":"max-video-preview:-1"},"canonical":"https:\/\/www.cric-colombia.org\/portal\/informativo-regional-amcic-mientras-los-armados-acuerdan-la-paz-se-le-declara-la-guerra-a-los-pueblos\/","og_locale":"es_ES","og_type":"article","og_title":"Informativo Regional AMCIC: Mientras los armados acuerdan la paz, se le declara la guerra a los pueblos - Consejo Regional Ind\u00edgena del Cauca - CRIC","og_description":"\u201cVoces de los pueblos desde los Territorios\u201d es un espacio creado para contribuir a informar, concientizar y movilizar a los pueblos y comunidades a continuar en la defensa y protecci\u00f3n del territorio y la vida. En la coyuntura del proceso de paz, despu\u00e9s de m\u00e1s de cuatro a\u00f1os de conversaciones entre el Gobierno Nacional y","og_url":"https:\/\/www.cric-colombia.org\/portal\/informativo-regional-amcic-mientras-los-armados-acuerdan-la-paz-se-le-declara-la-guerra-a-los-pueblos\/","og_site_name":"Consejo Regional Ind\u00edgena del Cauca - CRIC","article_publisher":"https:\/\/www.facebook.com\/cric.colombia\/","article_published_time":"2016-09-02T17:27:17+00:00","article_modified_time":"2016-09-17T00:05:29+00:00","og_image":[{"width":512,"height":512,"url":"https:\/\/www.cric-colombia.org\/portal\/wp-content\/uploads\/2015\/08\/logo_cric.jpg","type":"image\/jpeg"}],"author":"Comunicaciones CRIC","twitter_card":"summary_large_image","twitter_creator":"@CRIC_Cauca","twitter_site":"@CRIC_Cauca","twitter_misc":{"Escrito por":"Comunicaciones CRIC","Tiempo de lectura":"3 minutos"},"schema":{"@context":"https:\/\/schema.org","@graph":[{"@type":"Article","@id":"https:\/\/www.cric-colombia.org\/portal\/informativo-regional-amcic-mientras-los-armados-acuerdan-la-paz-se-le-declara-la-guerra-a-los-pueblos\/#article","isPartOf":{"@id":"https:\/\/www.cric-colombia.org\/portal\/informativo-regional-amcic-mientras-los-armados-acuerdan-la-paz-se-le-declara-la-guerra-a-los-pueblos\/"},"author":{"name":"Comunicaciones CRIC","@id":"https:\/\/www.cric-colombia.org\/portal\/#\/schema\/person\/ab3a3099267de33d55f74f34ba201931"},"headline":"Informativo Regional AMCIC: Mientras los armados acuerdan la paz, se le declara la guerra a los pueblos","datePublished":"2016-09-02T17:27:17+00:00","dateModified":"2016-09-17T00:05:29+00:00","mainEntityOfPage":{"@id":"https:\/\/www.cric-colombia.org\/portal\/informativo-regional-amcic-mientras-los-armados-acuerdan-la-paz-se-le-declara-la-guerra-a-los-pueblos\/"},"wordCount":671,"commentCount":0,"publisher":{"@id":"https:\/\/www.cric-colombia.org\/portal\/#organization"},"keywords":["AMCIC","CONSEJO REGIONAL INDIGENA DEL CAUCA CRIC","INFORMANDO A LOS PUEBLOS INDIGENA DEL CAUCA","informativo","Informativo Regional AMCIC","MEDIOS DE COMUNICACION CAUCA","Noticias"],"articleSection":["Actualidad Ind\u00edgena del Cauca","Audios","Multimedia"],"inLanguage":"es","potentialAction":[{"@type":"CommentAction","name":"Comment","target":["https:\/\/www.cric-colombia.org\/portal\/informativo-regional-amcic-mientras-los-armados-acuerdan-la-paz-se-le-declara-la-guerra-a-los-pueblos\/#respond"]}]},{"@type":"WebPage","@id":"https:\/\/www.cric-colombia.org\/portal\/informativo-regional-amcic-mientras-los-armados-acuerdan-la-paz-se-le-declara-la-guerra-a-los-pueblos\/","url":"https:\/\/www.cric-colombia.org\/portal\/informativo-regional-amcic-mientras-los-armados-acuerdan-la-paz-se-le-declara-la-guerra-a-los-pueblos\/","name":"Informativo Regional AMCIC: Mientras los armados acuerdan la paz, se le declara la guerra a los pueblos - Consejo Regional Ind\u00edgena del Cauca - CRIC","isPartOf":{"@id":"https:\/\/www.cric-colombia.org\/portal\/#website"},"datePublished":"2016-09-02T17:27:17+00:00","dateModified":"2016-09-17T00:05:29+00:00","breadcrumb":{"@id":"https:\/\/www.cric-colombia.org\/portal\/informativo-regional-amcic-mientras-los-armados-acuerdan-la-paz-se-le-declara-la-guerra-a-los-pueblos\/#breadcrumb"},"inLanguage":"es","potentialAction":[{"@type":"ReadAction","target":["https:\/\/www.cric-colombia.org\/portal\/informativo-regional-amcic-mientras-los-armados-acuerdan-la-paz-se-le-declara-la-guerra-a-los-pueblos\/"]}]},{"@type":"BreadcrumbList","@id":"https:\/\/www.cric-colombia.org\/portal\/informativo-regional-amcic-mientras-los-armados-acuerdan-la-paz-se-le-declara-la-guerra-a-los-pueblos\/#breadcrumb","itemListElement":[{"@type":"ListItem","position":1,"name":"Portada","item":"https:\/\/www.cric-colombia.org\/portal\/"},{"@type":"ListItem","position":2,"name":"Informativo Regional AMCIC: Mientras los armados acuerdan la paz, se le declara la guerra a los pueblos"}]},{"@type":"WebSite","@id":"https:\/\/www.cric-colombia.org\/portal\/#website","url":"https:\/\/www.cric-colombia.org\/portal\/","name":"Consejo Regional Ind\u00edgena del Cauca - CRIC","description":"P\u00e1gina oficial del Consejo Regional Ind\u00edgena del Cauca, Colombia","publisher":{"@id":"https:\/\/www.cric-colombia.org\/portal\/#organization"},"potentialAction":[{"@type":"SearchAction","target":{"@type":"EntryPoint","urlTemplate":"https:\/\/www.cric-colombia.org\/portal\/?s={search_term_string}"},"query-input":"required name=search_term_string"}],"inLanguage":"es"},{"@type":"Organization","@id":"https:\/\/www.cric-colombia.org\/portal\/#organization","name":"Consejo Regional Ind\u00edgena del Cauca","url":"https:\/\/www.cric-colombia.org\/portal\/","logo":{"@type":"ImageObject","inLanguage":"es","@id":"https:\/\/www.cric-colombia.org\/portal\/#\/schema\/logo\/image\/","url":"https:\/\/www.cric-colombia.org\/portal\/wp-content\/uploads\/2015\/08\/logo_cric.jpg","contentUrl":"https:\/\/www.cric-colombia.org\/portal\/wp-content\/uploads\/2015\/08\/logo_cric.jpg","width":512,"height":512,"caption":"Consejo Regional Ind\u00edgena del Cauca"},"image":{"@id":"https:\/\/www.cric-colombia.org\/portal\/#\/schema\/logo\/image\/"},"sameAs":["https:\/\/www.facebook.com\/cric.colombia\/","https:\/\/twitter.com\/CRIC_Cauca"]},{"@type":"Person","@id":"https:\/\/www.cric-colombia.org\/portal\/#\/schema\/person\/ab3a3099267de33d55f74f34ba201931","name":"Comunicaciones CRIC","image":{"@type":"ImageObject","inLanguage":"es","@id":"https:\/\/www.cric-colombia.org\/portal\/#\/schema\/person\/image\/","url":"https:\/\/secure.gravatar.com\/avatar\/a8d1a6cfcb82a80d09dafefdcc3dcc8a?s=96&d=retro&r=g","contentUrl":"https:\/\/secure.gravatar.com\/avatar\/a8d1a6cfcb82a80d09dafefdcc3dcc8a?s=96&d=retro&r=g","caption":"Comunicaciones CRIC"},"url":"https:\/\/www.cric-colombia.org\/portal\/author\/comunicaciones\/"}]}},"jetpack_featured_media_url":"https:\/\/www.cric-colombia.org\/portal\/wp-content\/uploads\/2015\/08\/logo_cric.jpg","_links":{"self":[{"href":"https:\/\/www.cric-colombia.org\/portal\/wp-json\/wp\/v2\/posts\/15115"}],"collection":[{"href":"https:\/\/www.cric-colombia.org\/portal\/wp-json\/wp\/v2\/posts"}],"about":[{"href":"https:\/\/www.cric-colombia.org\/portal\/wp-json\/wp\/v2\/types\/post"}],"author":[{"embeddable":true,"href":"https:\/\/www.cric-colombia.org\/portal\/wp-json\/wp\/v2\/users\/6"}],"replies":[{"embeddable":true,"href":"https:\/\/www.cric-colombia.org\/portal\/wp-json\/wp\/v2\/comments?post=15115"}],"version-history":[{"count":1,"href":"https:\/\/www.cric-colombia.org\/portal\/wp-json\/wp\/v2\/posts\/15115\/revisions"}],"predecessor-version":[{"id":15116,"href":"https:\/\/www.cric-colombia.org\/portal\/wp-json\/wp\/v2\/posts\/15115\/revisions\/15116"}],"wp:featuredmedia":[{"embeddable":true,"href":"https:\/\/www.cric-colombia.org\/portal\/wp-json\/wp\/v2\/media\/11467"}],"wp:attachment":[{"href":"https:\/\/www.cric-colombia.org\/portal\/wp-json\/wp\/v2\/media?parent=15115"}],"wp:term":[{"taxonomy":"category","embeddable":true,"href":"https:\/\/www.cric-colombia.org\/portal\/wp-json\/wp\/v2\/categories?post=15115"},{"taxonomy":"post_tag","embeddable":true,"href":"https:\/\/www.cric-colombia.org\/portal\/wp-json\/wp\/v2\/tags?post=15115"}],"curies":[{"name":"wp","href":"https:\/\/api.w.org\/{rel}","templated":true}]}}