{"id":15043,"date":"2016-08-30T11:43:57","date_gmt":"2016-08-30T16:43:57","guid":{"rendered":"http:\/\/www.cric-colombia.org\/portal\/?p=15043"},"modified":"2016-08-30T11:43:57","modified_gmt":"2016-08-30T16:43:57","slug":"mientras-los-armados-acuerdan-la-paz-se-le-declara-la-guerra-a-los-pueblos","status":"publish","type":"post","link":"https:\/\/www.cric-colombia.org\/portal\/mientras-los-armados-acuerdan-la-paz-se-le-declara-la-guerra-a-los-pueblos\/","title":{"rendered":"Mientras los armados acuerdan la paz, se le declara la guerra a los pueblos"},"content":{"rendered":"<figure id=\"attachment_15046\" aria-describedby=\"caption-attachment-15046\" style=\"width: 428px\" class=\"wp-caption alignleft\"><a href=\"https:\/\/www.cric-colombia.org\/portal\/wp-content\/uploads\/2016\/08\/unipa-awua1.png\"><img decoding=\"async\" loading=\"lazy\" class=\" wp-image-15046\" src=\"https:\/\/www.cric-colombia.org\/portal\/wp-content\/uploads\/2016\/08\/unipa-awua1-300x300.png\" alt=\"Mientras los armados acuerdan la paz, se le declara la guerra a los pueblos\" width=\"428\" height=\"428\" srcset=\"https:\/\/www.cric-colombia.org\/portal\/wp-content\/uploads\/2016\/08\/unipa-awua1-300x300.png 300w, https:\/\/www.cric-colombia.org\/portal\/wp-content\/uploads\/2016\/08\/unipa-awua1-150x150.png 150w\" sizes=\"(max-width: 428px) 100vw, 428px\" \/><\/a><figcaption id=\"caption-attachment-15046\" class=\"wp-caption-text\">Mientras los armados acuerdan la paz, se le declara la guerra a los pueblos<\/figcaption><\/figure>\n<p style=\"text-align: justify;\">A pocas horas de haberse firmado el acuerdo de paz entre la guerrilla de las FARC y el Gobierno Nacional, en el municipio de Tumaco fue asesinado el 26 de agosto Camilo Roberto Taicus Bisbicus, integrante del pueblo Awa, l\u00edder ind\u00edgena del resguardo Hojal la Turbia.<\/p>\n<p style=\"text-align: justify;\">Camilo Roberto, venia contribuyendo al proceso pol\u00edtico y de resistencia desde hace 26 a\u00f1os, en la organizaci\u00f3n UNIPA Unidad Ind\u00edgena del Pueblo Awa, en el departamento de Nari\u00f1o.<\/p>\n<p style=\"text-align: justify;\">El s\u00e1bado 27 de agosto en horas de la noche en el resguardo de Tacueyo municipio de Toribio Cauca, un miliciano de las FARC asesino a su compa\u00f1era sentimental con tres disparos de pistola.<\/p>\n<p style=\"text-align: justify;\">En la noche del d\u00eda 28 de agosto asesinan a tres ambientalistas en el macizo Colombiano departamento del Cauca, uno de ellos integrante fundador del Comit\u00e9 de Integraci\u00f3n del Macizo Colombiano CIMA, organizaci\u00f3n reconocida por la defensa del medio ambiente y los derechos de la Madre Tierra.[1]\u00a0<a href=\"http:\/\/www.contagioradio.com\/asesinan-3-ambientalistas-en-cauca-articulo-28521\/\">Contagioradio<\/a>.com<\/p>\n<p style=\"text-align: justify;\">Ayer 29 de agosto, nuevamente las autoridades ind\u00edgenas del pueblo Awa, reportan el asesinato de tres personas de su pueblo en hechos que a\u00fan no se esclarecen.<\/p>\n<p style=\"text-align: justify;\">En la ma\u00f1ana del mismo d\u00eda mientras las comunidades ind\u00edgenas del territorio ancestral de Corinto Cauca, realizaban la Minga de limpieza territorial en las acciones de Liberaci\u00f3n de la Madre Tierra, un comunero fue herido con un disparo en la pierna por hombres armados, encargados de la seguridad de la hacienda Garc\u00eda arriba donde se desarrollaba la minga, quienes dispararon en repetidas ocasiones contra los hombres y mujeres que se encontraban en la Minga de limpieza.<\/p>\n<figure id=\"attachment_15044\" aria-describedby=\"caption-attachment-15044\" style=\"width: 373px\" class=\"wp-caption alignright\"><a href=\"https:\/\/www.cric-colombia.org\/portal\/wp-content\/uploads\/2016\/08\/unipa-awua2.png\"><img decoding=\"async\" loading=\"lazy\" class=\" wp-image-15044\" src=\"https:\/\/www.cric-colombia.org\/portal\/wp-content\/uploads\/2016\/08\/unipa-awua2-300x169.png\" alt=\"Mientras los armados acuerdan la paz, se le declara la guerra a los pueblos\" width=\"373\" height=\"210\" srcset=\"https:\/\/www.cric-colombia.org\/portal\/wp-content\/uploads\/2016\/08\/unipa-awua2-300x169.png 300w, https:\/\/www.cric-colombia.org\/portal\/wp-content\/uploads\/2016\/08\/unipa-awua2.png 563w\" sizes=\"(max-width: 373px) 100vw, 373px\" \/><\/a><figcaption id=\"caption-attachment-15044\" class=\"wp-caption-text\">Mientras los armados acuerdan la paz, se le declara la guerra a los pueblos<\/figcaption><\/figure>\n<p style=\"text-align: justify;\">En horas de la tarde la comunidad fue arremetida por el ESMAD y la polic\u00eda, quienes llegaron hasta el lugar donde los mingueros despu\u00e9s del trabajo se encontraban almorzando.<\/p>\n<p style=\"text-align: justify;\">Frente a las continuas agresiones y ataques que han padecido los liberadores y liberadoras de la Madre Tierra en el norte del Cauca, por parte de la fuerza p\u00fablica y la seguridad de las haciendas azucareras, las comunidades han fortalecido su lucha, mantienen firme el mandato de la liberaci\u00f3n de la Madre Tierra y reafirman su decisi\u00f3n de permanecer en minga el tiempo que sea necesario, hasta liberar la madre tierra de la esclavitud del monocultivo de ca\u00f1a, el envenenamiento y la muerte que los qu\u00edmicos le ocasionan.<\/p>\n<p style=\"text-align: justify;\">Esta ser\u00e1 la \u00fanica manera de garantizar una verdadera paz en el territorio para las comunidades. Menciona la autoridad ind\u00edgena del territorio ancestral de Corinto.<\/p>\n<h4><span style=\"color: #333333;\">Audio Autoridad Corinto<\/span><\/h4>\n<!--[if lt IE 9]><script>document.createElement('audio');<\/script><![endif]-->\n<audio class=\"wp-audio-shortcode\" id=\"audio-15043-1\" preload=\"none\" style=\"width: 100%;\" controls=\"controls\"><source type=\"audio\/mpeg\" src=\"https:\/\/co.ivoox.com\/es\/autoridad-corinto_md_12716150_wp_1.mp3?_=1\" \/><a href=\"https:\/\/co.ivoox.com\/es\/autoridad-corinto_md_12716150_wp_1.mp3\">https:\/\/co.ivoox.com\/es\/autoridad-corinto_md_12716150_wp_1.mp3<\/a><\/audio>\n<h4 style=\"text-align: center;\"><span style=\"color: #333333;\"><a style=\"color: #333333;\" title=\"Autoridad Corinto\" href=\"https:\/\/co.ivoox.com\/es\/autoridad-corinto-audios-mp3_rf_12716150_1.html\" target=\"_blank\">Ir a descargar<\/a><\/span><\/h4>\n<figure id=\"attachment_15045\" aria-describedby=\"caption-attachment-15045\" style=\"width: 327px\" class=\"wp-caption alignleft\"><a href=\"https:\/\/www.cric-colombia.org\/portal\/wp-content\/uploads\/2016\/08\/unipa-awua3.png\"><img decoding=\"async\" loading=\"lazy\" class=\" wp-image-15045\" src=\"https:\/\/www.cric-colombia.org\/portal\/wp-content\/uploads\/2016\/08\/unipa-awua3-300x168.png\" alt=\"Mientras los armados acuerdan la paz, se le declara la guerra a los pueblos\" width=\"327\" height=\"183\" srcset=\"https:\/\/www.cric-colombia.org\/portal\/wp-content\/uploads\/2016\/08\/unipa-awua3-300x168.png 300w, https:\/\/www.cric-colombia.org\/portal\/wp-content\/uploads\/2016\/08\/unipa-awua3.png 581w\" sizes=\"(max-width: 327px) 100vw, 327px\" \/><\/a><figcaption id=\"caption-attachment-15045\" class=\"wp-caption-text\">Mientras los armados acuerdan la paz, se le declara la guerra a los pueblos<\/figcaption><\/figure>\n<p style=\"text-align: justify;\">La paz no puede significar el debilitamiento de la lucha de los pueblos, y menos la entrega de los derechos colectivos, la paz, es el respeto por los territorios, la vida y la organizaci\u00f3n.<\/p>\n<p style=\"text-align: justify;\">Saludamos de manera fraterna a los hermanos del pueblo Awa y los sectores campesinos del CIMA, los acompa\u00f1amos en este duro momento y los animamos a continuar en resistencia y unidad por la defensa de la vida y el respeto de los territorios.<\/p>\n<p style=\"text-align: justify;\">Ahora que desde el CRIC y la comisi\u00f3n inter\u00e9tnica de paz, nos aprestamos al encuentro en la Mar\u00eda Piendamo Cauca con los delegados de la comisi\u00f3n de paz de la Habana Cuba, reiteramos con mayor insistencia que la paz para los pueblos, significa el respeto y garanta de la vida. No puede haber paz en Colombia, mientras se contin\u00faa persiguiendo y asesinando a los pueblos hermanos y a quienes defienden los derechos de la Madre Tierra.<\/p>\n<h4 style=\"text-align: center;\"><span style=\"color: #333333;\">Por: Programa de comunicaciones CRIC<\/span><\/h4>\n<p>&nbsp;<\/p>\n","protected":false},"excerpt":{"rendered":"<p>A pocas horas de haberse firmado el acuerdo de paz entre la guerrilla de las FARC y el Gobierno Nacional, en el municipio de Tumaco fue asesinado el 26 de agosto Camilo Roberto Taicus Bisbicus, integrante del pueblo Awa, l\u00edder ind\u00edgena del resguardo Hojal la Turbia. Camilo Roberto, venia contribuyendo al proceso pol\u00edtico y de <\/p>\n","protected":false},"author":6,"featured_media":15046,"comment_status":"open","ping_status":"open","sticky":false,"template":"","format":"standard","meta":{"footnotes":""},"categories":[3],"tags":[239,88,207,238,205,232],"yoast_head":"<!-- This site is optimized with the Yoast SEO plugin v20.12 - https:\/\/yoast.com\/wordpress\/plugins\/seo\/ -->\n<title>Mientras los armados acuerdan la paz, se le declara la guerra a los pueblos - Consejo Regional Ind\u00edgena del Cauca - CRIC<\/title>\n<meta name=\"robots\" content=\"index, follow, max-snippet:-1, max-image-preview:large, max-video-preview:-1\" \/>\n<link rel=\"canonical\" href=\"https:\/\/www.cric-colombia.org\/portal\/mientras-los-armados-acuerdan-la-paz-se-le-declara-la-guerra-a-los-pueblos\/\" \/>\n<meta property=\"og:locale\" content=\"es_ES\" \/>\n<meta property=\"og:type\" content=\"article\" \/>\n<meta property=\"og:title\" content=\"Mientras los armados acuerdan la paz, se le declara la guerra a los pueblos - Consejo Regional Ind\u00edgena del Cauca - CRIC\" \/>\n<meta property=\"og:description\" content=\"A pocas horas de haberse firmado el acuerdo de paz entre la guerrilla de las FARC y el Gobierno Nacional, en el municipio de Tumaco fue asesinado el 26 de agosto Camilo Roberto Taicus Bisbicus, integrante del pueblo Awa, l\u00edder ind\u00edgena del resguardo Hojal la Turbia. Camilo Roberto, venia contribuyendo al proceso pol\u00edtico y de\" \/>\n<meta property=\"og:url\" content=\"https:\/\/www.cric-colombia.org\/portal\/mientras-los-armados-acuerdan-la-paz-se-le-declara-la-guerra-a-los-pueblos\/\" \/>\n<meta property=\"og:site_name\" content=\"Consejo Regional Ind\u00edgena del Cauca - CRIC\" \/>\n<meta property=\"article:publisher\" content=\"https:\/\/www.facebook.com\/cric.colombia\/\" \/>\n<meta property=\"article:published_time\" content=\"2016-08-30T16:43:57+00:00\" \/>\n<meta property=\"og:image\" content=\"https:\/\/www.cric-colombia.org\/portal\/wp-content\/uploads\/2016\/08\/unipa-awua1.png\" \/>\n\t<meta property=\"og:image:width\" content=\"524\" \/>\n\t<meta property=\"og:image:height\" content=\"526\" \/>\n\t<meta property=\"og:image:type\" content=\"image\/png\" \/>\n<meta name=\"author\" content=\"Comunicaciones CRIC\" \/>\n<meta name=\"twitter:card\" content=\"summary_large_image\" \/>\n<meta name=\"twitter:creator\" content=\"@CRIC_Cauca\" \/>\n<meta name=\"twitter:site\" content=\"@CRIC_Cauca\" \/>\n<meta name=\"twitter:label1\" content=\"Escrito por\" \/>\n\t<meta name=\"twitter:data1\" content=\"Comunicaciones CRIC\" \/>\n\t<meta name=\"twitter:label2\" content=\"Tiempo de lectura\" \/>\n\t<meta name=\"twitter:data2\" content=\"3 minutos\" \/>\n<script type=\"application\/ld+json\" class=\"yoast-schema-graph\">{\"@context\":\"https:\/\/schema.org\",\"@graph\":[{\"@type\":\"Article\",\"@id\":\"https:\/\/www.cric-colombia.org\/portal\/mientras-los-armados-acuerdan-la-paz-se-le-declara-la-guerra-a-los-pueblos\/#article\",\"isPartOf\":{\"@id\":\"https:\/\/www.cric-colombia.org\/portal\/mientras-los-armados-acuerdan-la-paz-se-le-declara-la-guerra-a-los-pueblos\/\"},\"author\":{\"name\":\"Comunicaciones CRIC\",\"@id\":\"https:\/\/www.cric-colombia.org\/portal\/#\/schema\/person\/ab3a3099267de33d55f74f34ba201931\"},\"headline\":\"Mientras los armados acuerdan la paz, se le declara la guerra a los pueblos\",\"datePublished\":\"2016-08-30T16:43:57+00:00\",\"dateModified\":\"2016-08-30T16:43:57+00:00\",\"mainEntityOfPage\":{\"@id\":\"https:\/\/www.cric-colombia.org\/portal\/mientras-los-armados-acuerdan-la-paz-se-le-declara-la-guerra-a-los-pueblos\/\"},\"wordCount\":684,\"commentCount\":0,\"publisher\":{\"@id\":\"https:\/\/www.cric-colombia.org\/portal\/#organization\"},\"keywords\":[\"corinto\",\"cric\",\"liberacion\",\"local\",\"norte cauca\",\"regional\"],\"articleSection\":[\"Actualidad Ind\u00edgena del Cauca\"],\"inLanguage\":\"es\",\"potentialAction\":[{\"@type\":\"CommentAction\",\"name\":\"Comment\",\"target\":[\"https:\/\/www.cric-colombia.org\/portal\/mientras-los-armados-acuerdan-la-paz-se-le-declara-la-guerra-a-los-pueblos\/#respond\"]}]},{\"@type\":\"WebPage\",\"@id\":\"https:\/\/www.cric-colombia.org\/portal\/mientras-los-armados-acuerdan-la-paz-se-le-declara-la-guerra-a-los-pueblos\/\",\"url\":\"https:\/\/www.cric-colombia.org\/portal\/mientras-los-armados-acuerdan-la-paz-se-le-declara-la-guerra-a-los-pueblos\/\",\"name\":\"Mientras los armados acuerdan la paz, se le declara la guerra a los pueblos - Consejo Regional Ind\u00edgena del Cauca - CRIC\",\"isPartOf\":{\"@id\":\"https:\/\/www.cric-colombia.org\/portal\/#website\"},\"datePublished\":\"2016-08-30T16:43:57+00:00\",\"dateModified\":\"2016-08-30T16:43:57+00:00\",\"breadcrumb\":{\"@id\":\"https:\/\/www.cric-colombia.org\/portal\/mientras-los-armados-acuerdan-la-paz-se-le-declara-la-guerra-a-los-pueblos\/#breadcrumb\"},\"inLanguage\":\"es\",\"potentialAction\":[{\"@type\":\"ReadAction\",\"target\":[\"https:\/\/www.cric-colombia.org\/portal\/mientras-los-armados-acuerdan-la-paz-se-le-declara-la-guerra-a-los-pueblos\/\"]}]},{\"@type\":\"BreadcrumbList\",\"@id\":\"https:\/\/www.cric-colombia.org\/portal\/mientras-los-armados-acuerdan-la-paz-se-le-declara-la-guerra-a-los-pueblos\/#breadcrumb\",\"itemListElement\":[{\"@type\":\"ListItem\",\"position\":1,\"name\":\"Portada\",\"item\":\"https:\/\/www.cric-colombia.org\/portal\/\"},{\"@type\":\"ListItem\",\"position\":2,\"name\":\"Mientras los armados acuerdan la paz, se le declara la guerra a los pueblos\"}]},{\"@type\":\"WebSite\",\"@id\":\"https:\/\/www.cric-colombia.org\/portal\/#website\",\"url\":\"https:\/\/www.cric-colombia.org\/portal\/\",\"name\":\"Consejo Regional Ind\u00edgena del Cauca - CRIC\",\"description\":\"P\u00e1gina oficial del Consejo Regional Ind\u00edgena del Cauca, Colombia\",\"publisher\":{\"@id\":\"https:\/\/www.cric-colombia.org\/portal\/#organization\"},\"potentialAction\":[{\"@type\":\"SearchAction\",\"target\":{\"@type\":\"EntryPoint\",\"urlTemplate\":\"https:\/\/www.cric-colombia.org\/portal\/?s={search_term_string}\"},\"query-input\":\"required name=search_term_string\"}],\"inLanguage\":\"es\"},{\"@type\":\"Organization\",\"@id\":\"https:\/\/www.cric-colombia.org\/portal\/#organization\",\"name\":\"Consejo Regional Ind\u00edgena del Cauca\",\"url\":\"https:\/\/www.cric-colombia.org\/portal\/\",\"logo\":{\"@type\":\"ImageObject\",\"inLanguage\":\"es\",\"@id\":\"https:\/\/www.cric-colombia.org\/portal\/#\/schema\/logo\/image\/\",\"url\":\"https:\/\/www.cric-colombia.org\/portal\/wp-content\/uploads\/2015\/08\/logo_cric.jpg\",\"contentUrl\":\"https:\/\/www.cric-colombia.org\/portal\/wp-content\/uploads\/2015\/08\/logo_cric.jpg\",\"width\":512,\"height\":512,\"caption\":\"Consejo Regional Ind\u00edgena del Cauca\"},\"image\":{\"@id\":\"https:\/\/www.cric-colombia.org\/portal\/#\/schema\/logo\/image\/\"},\"sameAs\":[\"https:\/\/www.facebook.com\/cric.colombia\/\",\"https:\/\/twitter.com\/CRIC_Cauca\"]},{\"@type\":\"Person\",\"@id\":\"https:\/\/www.cric-colombia.org\/portal\/#\/schema\/person\/ab3a3099267de33d55f74f34ba201931\",\"name\":\"Comunicaciones CRIC\",\"image\":{\"@type\":\"ImageObject\",\"inLanguage\":\"es\",\"@id\":\"https:\/\/www.cric-colombia.org\/portal\/#\/schema\/person\/image\/\",\"url\":\"https:\/\/secure.gravatar.com\/avatar\/a8d1a6cfcb82a80d09dafefdcc3dcc8a?s=96&d=retro&r=g\",\"contentUrl\":\"https:\/\/secure.gravatar.com\/avatar\/a8d1a6cfcb82a80d09dafefdcc3dcc8a?s=96&d=retro&r=g\",\"caption\":\"Comunicaciones CRIC\"},\"url\":\"https:\/\/www.cric-colombia.org\/portal\/author\/comunicaciones\/\"}]}<\/script>\n<!-- \/ Yoast SEO plugin. -->","yoast_head_json":{"title":"Mientras los armados acuerdan la paz, se le declara la guerra a los pueblos - Consejo Regional Ind\u00edgena del Cauca - CRIC","robots":{"index":"index","follow":"follow","max-snippet":"max-snippet:-1","max-image-preview":"max-image-preview:large","max-video-preview":"max-video-preview:-1"},"canonical":"https:\/\/www.cric-colombia.org\/portal\/mientras-los-armados-acuerdan-la-paz-se-le-declara-la-guerra-a-los-pueblos\/","og_locale":"es_ES","og_type":"article","og_title":"Mientras los armados acuerdan la paz, se le declara la guerra a los pueblos - Consejo Regional Ind\u00edgena del Cauca - CRIC","og_description":"A pocas horas de haberse firmado el acuerdo de paz entre la guerrilla de las FARC y el Gobierno Nacional, en el municipio de Tumaco fue asesinado el 26 de agosto Camilo Roberto Taicus Bisbicus, integrante del pueblo Awa, l\u00edder ind\u00edgena del resguardo Hojal la Turbia. Camilo Roberto, venia contribuyendo al proceso pol\u00edtico y de","og_url":"https:\/\/www.cric-colombia.org\/portal\/mientras-los-armados-acuerdan-la-paz-se-le-declara-la-guerra-a-los-pueblos\/","og_site_name":"Consejo Regional Ind\u00edgena del Cauca - CRIC","article_publisher":"https:\/\/www.facebook.com\/cric.colombia\/","article_published_time":"2016-08-30T16:43:57+00:00","og_image":[{"width":524,"height":526,"url":"https:\/\/www.cric-colombia.org\/portal\/wp-content\/uploads\/2016\/08\/unipa-awua1.png","type":"image\/png"}],"author":"Comunicaciones CRIC","twitter_card":"summary_large_image","twitter_creator":"@CRIC_Cauca","twitter_site":"@CRIC_Cauca","twitter_misc":{"Escrito por":"Comunicaciones CRIC","Tiempo de lectura":"3 minutos"},"schema":{"@context":"https:\/\/schema.org","@graph":[{"@type":"Article","@id":"https:\/\/www.cric-colombia.org\/portal\/mientras-los-armados-acuerdan-la-paz-se-le-declara-la-guerra-a-los-pueblos\/#article","isPartOf":{"@id":"https:\/\/www.cric-colombia.org\/portal\/mientras-los-armados-acuerdan-la-paz-se-le-declara-la-guerra-a-los-pueblos\/"},"author":{"name":"Comunicaciones CRIC","@id":"https:\/\/www.cric-colombia.org\/portal\/#\/schema\/person\/ab3a3099267de33d55f74f34ba201931"},"headline":"Mientras los armados acuerdan la paz, se le declara la guerra a los pueblos","datePublished":"2016-08-30T16:43:57+00:00","dateModified":"2016-08-30T16:43:57+00:00","mainEntityOfPage":{"@id":"https:\/\/www.cric-colombia.org\/portal\/mientras-los-armados-acuerdan-la-paz-se-le-declara-la-guerra-a-los-pueblos\/"},"wordCount":684,"commentCount":0,"publisher":{"@id":"https:\/\/www.cric-colombia.org\/portal\/#organization"},"keywords":["corinto","cric","liberacion","local","norte cauca","regional"],"articleSection":["Actualidad Ind\u00edgena del Cauca"],"inLanguage":"es","potentialAction":[{"@type":"CommentAction","name":"Comment","target":["https:\/\/www.cric-colombia.org\/portal\/mientras-los-armados-acuerdan-la-paz-se-le-declara-la-guerra-a-los-pueblos\/#respond"]}]},{"@type":"WebPage","@id":"https:\/\/www.cric-colombia.org\/portal\/mientras-los-armados-acuerdan-la-paz-se-le-declara-la-guerra-a-los-pueblos\/","url":"https:\/\/www.cric-colombia.org\/portal\/mientras-los-armados-acuerdan-la-paz-se-le-declara-la-guerra-a-los-pueblos\/","name":"Mientras los armados acuerdan la paz, se le declara la guerra a los pueblos - Consejo Regional Ind\u00edgena del Cauca - CRIC","isPartOf":{"@id":"https:\/\/www.cric-colombia.org\/portal\/#website"},"datePublished":"2016-08-30T16:43:57+00:00","dateModified":"2016-08-30T16:43:57+00:00","breadcrumb":{"@id":"https:\/\/www.cric-colombia.org\/portal\/mientras-los-armados-acuerdan-la-paz-se-le-declara-la-guerra-a-los-pueblos\/#breadcrumb"},"inLanguage":"es","potentialAction":[{"@type":"ReadAction","target":["https:\/\/www.cric-colombia.org\/portal\/mientras-los-armados-acuerdan-la-paz-se-le-declara-la-guerra-a-los-pueblos\/"]}]},{"@type":"BreadcrumbList","@id":"https:\/\/www.cric-colombia.org\/portal\/mientras-los-armados-acuerdan-la-paz-se-le-declara-la-guerra-a-los-pueblos\/#breadcrumb","itemListElement":[{"@type":"ListItem","position":1,"name":"Portada","item":"https:\/\/www.cric-colombia.org\/portal\/"},{"@type":"ListItem","position":2,"name":"Mientras los armados acuerdan la paz, se le declara la guerra a los pueblos"}]},{"@type":"WebSite","@id":"https:\/\/www.cric-colombia.org\/portal\/#website","url":"https:\/\/www.cric-colombia.org\/portal\/","name":"Consejo Regional Ind\u00edgena del Cauca - CRIC","description":"P\u00e1gina oficial del Consejo Regional Ind\u00edgena del Cauca, Colombia","publisher":{"@id":"https:\/\/www.cric-colombia.org\/portal\/#organization"},"potentialAction":[{"@type":"SearchAction","target":{"@type":"EntryPoint","urlTemplate":"https:\/\/www.cric-colombia.org\/portal\/?s={search_term_string}"},"query-input":"required name=search_term_string"}],"inLanguage":"es"},{"@type":"Organization","@id":"https:\/\/www.cric-colombia.org\/portal\/#organization","name":"Consejo Regional Ind\u00edgena del Cauca","url":"https:\/\/www.cric-colombia.org\/portal\/","logo":{"@type":"ImageObject","inLanguage":"es","@id":"https:\/\/www.cric-colombia.org\/portal\/#\/schema\/logo\/image\/","url":"https:\/\/www.cric-colombia.org\/portal\/wp-content\/uploads\/2015\/08\/logo_cric.jpg","contentUrl":"https:\/\/www.cric-colombia.org\/portal\/wp-content\/uploads\/2015\/08\/logo_cric.jpg","width":512,"height":512,"caption":"Consejo Regional Ind\u00edgena del Cauca"},"image":{"@id":"https:\/\/www.cric-colombia.org\/portal\/#\/schema\/logo\/image\/"},"sameAs":["https:\/\/www.facebook.com\/cric.colombia\/","https:\/\/twitter.com\/CRIC_Cauca"]},{"@type":"Person","@id":"https:\/\/www.cric-colombia.org\/portal\/#\/schema\/person\/ab3a3099267de33d55f74f34ba201931","name":"Comunicaciones CRIC","image":{"@type":"ImageObject","inLanguage":"es","@id":"https:\/\/www.cric-colombia.org\/portal\/#\/schema\/person\/image\/","url":"https:\/\/secure.gravatar.com\/avatar\/a8d1a6cfcb82a80d09dafefdcc3dcc8a?s=96&d=retro&r=g","contentUrl":"https:\/\/secure.gravatar.com\/avatar\/a8d1a6cfcb82a80d09dafefdcc3dcc8a?s=96&d=retro&r=g","caption":"Comunicaciones CRIC"},"url":"https:\/\/www.cric-colombia.org\/portal\/author\/comunicaciones\/"}]}},"jetpack_featured_media_url":"https:\/\/www.cric-colombia.org\/portal\/wp-content\/uploads\/2016\/08\/unipa-awua1.png","_links":{"self":[{"href":"https:\/\/www.cric-colombia.org\/portal\/wp-json\/wp\/v2\/posts\/15043"}],"collection":[{"href":"https:\/\/www.cric-colombia.org\/portal\/wp-json\/wp\/v2\/posts"}],"about":[{"href":"https:\/\/www.cric-colombia.org\/portal\/wp-json\/wp\/v2\/types\/post"}],"author":[{"embeddable":true,"href":"https:\/\/www.cric-colombia.org\/portal\/wp-json\/wp\/v2\/users\/6"}],"replies":[{"embeddable":true,"href":"https:\/\/www.cric-colombia.org\/portal\/wp-json\/wp\/v2\/comments?post=15043"}],"version-history":[{"count":4,"href":"https:\/\/www.cric-colombia.org\/portal\/wp-json\/wp\/v2\/posts\/15043\/revisions"}],"predecessor-version":[{"id":15050,"href":"https:\/\/www.cric-colombia.org\/portal\/wp-json\/wp\/v2\/posts\/15043\/revisions\/15050"}],"wp:featuredmedia":[{"embeddable":true,"href":"https:\/\/www.cric-colombia.org\/portal\/wp-json\/wp\/v2\/media\/15046"}],"wp:attachment":[{"href":"https:\/\/www.cric-colombia.org\/portal\/wp-json\/wp\/v2\/media?parent=15043"}],"wp:term":[{"taxonomy":"category","embeddable":true,"href":"https:\/\/www.cric-colombia.org\/portal\/wp-json\/wp\/v2\/categories?post=15043"},{"taxonomy":"post_tag","embeddable":true,"href":"https:\/\/www.cric-colombia.org\/portal\/wp-json\/wp\/v2\/tags?post=15043"}],"curies":[{"name":"wp","href":"https:\/\/api.w.org\/{rel}","templated":true}]}}