{"id":14825,"date":"2016-08-19T18:50:47","date_gmt":"2016-08-19T23:50:47","guid":{"rendered":"http:\/\/www.cric-colombia.org\/portal\/?p=14825"},"modified":"2016-09-16T19:04:48","modified_gmt":"2016-09-17T00:04:48","slug":"informativo-regional-amcic-voces-de-los-pueblos-desde-los-territorios","status":"publish","type":"post","link":"https:\/\/www.cric-colombia.org\/portal\/informativo-regional-amcic-voces-de-los-pueblos-desde-los-territorios\/","title":{"rendered":"Informativo Regional AMCIC: Voces de los Pueblos desde los Territorios"},"content":{"rendered":"<p style=\"text-align: justify;\"><span style=\"font-weight: 400;\">Los pueblos ind\u00edgenas del Cauca continuamos caminando por la defensa de la Madre Tierra y de los derechos colectivos, ya que la implementaci\u00f3n de la pol\u00edtica econ\u00f3mica trasnacional de despojo y de fraccionamiento de la unidad del movimiento ind\u00edgena Caucano sigue vigente. En ese sentido, convocamos a los pueblos, sectores sociales y populares del Cauca y Colombia a estar alertas para frenar colectivamente el avance de los proyectos minero energ\u00e9ticos en los territorios.<\/span><\/p>\n<h2><span style=\"color: #000000;\"><b>Contexto Local y Regional <\/b><\/span><\/h2>\n<p style=\"text-align: justify;\"><span style=\"font-weight: 400;\">El colectivo de comunicaci\u00f3n y cultura del Pueblo Totoroez, informa sobre el avance en la caracterizaci\u00f3n de los espacios de vida que viene adelantado el programa econ\u00f3mico ambiental. Por otro lado, en la sede principal de la Universidad Aut\u00f3noma Ind\u00edgena e intercultural UAIIN-CRIC inicio la segunda promoci\u00f3n \u00a0de \u00a0la Maestr\u00eda Internacional en Comunicaci\u00f3n Intercultural con Enfoque de G\u00e9nero, con la participaci\u00f3n de estudiantes provenientes de Nicaragua, Colombia y Ecuador.<\/span><\/p>\n<p style=\"text-align: justify;\"><span style=\"font-weight: 400;\">La Consejer\u00eda Mayor del CRIC, a trav\u00e9s de un comunicado rechazo la arremetida de la fuerza p\u00fablica contra docentes de ASOINCA quienes marchaban pac\u00edficamente en la ciudad de Popay\u00e1n. As\u00ed mismo, se ratifica el compromiso del CRIC con la paz de Colombia, valorando positivamente el fin del conflicto armado y posicion\u00e1ndonos decididamente con el s\u00ed en el plebiscito.<\/span><\/p>\n<p style=\"text-align: justify;\"><span style=\"font-weight: 400;\">Estudiantes del Centro de formaci\u00f3n Integral \u00a0Luis \u00c1ngel Monroy CEFILAM participaron de la Minga Tradicional del Pueblo Nasa en Pueblo Nuevo Caldono, entre tanto la Asociaci\u00f3n Uh Wala Vixc de Morales Cauca Realiz\u00f3 el Vig\u00e9simo Cuarto (XXIV) Encuentro de Ni\u00f1os Campesinos, Afros e Ind\u00edgenas. <\/span><\/p>\n<h2><span style=\"color: #000000;\"><b>Contexto Nacional <\/b><\/span><\/h2>\n<p style=\"text-align: justify;\"><b>Descripci\u00f3n de Nuevos grupos armados amenazan al municipio de Tumaco: <\/b><span style=\"font-weight: 400;\">La Pastoral Social de la Di\u00f3cesis de Tumaco, denuncia en un comunicado p\u00fablico la dif\u00edcil situaci\u00f3n que viene afrontando el municipio, toda vez que se han presentado 73 asesinatos entre el mes de enero y julio, tan solo en este \u00faltimo mes se han cometido 16 muertes violentas seg\u00fan el Observatorio del delito Municipal.<\/span><\/p>\n<p style=\"text-align: justify;\"><b>800 ind\u00edgenas en riesgo de desplazamiento por presuntos paramilitares: <\/b><span style=\"font-weight: 400;\">De acuerdo con la Comisi\u00f3n Intereclesial de Justicia y Paz, este lunes en horas de la ma\u00f1ana dos hombres armados, presuntamente paramilitares, torturaron a mujer ind\u00edgena que se encontraba en su parcela ubicada en el cabildo de Puerto Guadualito, a orillas de la Quebrada Chech\u00e9, del Resguardo Wounaan de Puerto Pizario, en el municipio de Litoral de San Juan, Choc\u00f3.<\/span><\/p>\n<p style=\"text-align: justify;\"><b>\u201cQue no nos manden a matar por defender el agua del Caquet\u00e1\u201d: <\/b><span style=\"font-weight: 400;\">y la<\/span> <span style=\"font-weight: 400;\">\u00a0biodiversidad de la Amazon\u00eda\u201d. Ese es el grito de angustia pronunciado ante los medios de comunicaci\u00f3n de la regi\u00f3n por el reconocido l\u00edder campesino Jos\u00e9 Antonio Saldarriaga, cuando, seg\u00fan \u00e9l, en la vereda Lusitania del municipio de Valpara\u00edso, el Ej\u00e9rcito al mando de un sargento los desaloj\u00f3 a bala porque estaban impidiendo el paso de la empresa Petroseismic, que hace trabajos de s\u00edsmica para las petroleras en la regi\u00f3n. <\/span><\/p>\n<h2 style=\"text-align: justify;\"><span style=\"color: #000000;\"><b>Contexto<\/b> <b>Internacional<\/b><\/span><\/h2>\n<p style=\"text-align: justify;\"><b>La importancia de la vigilancia ind\u00edgena ambiental: <\/b><span style=\"font-weight: 400;\">El pasado 10 de agosto, se produjo el cuarto derrame de petr\u00f3leo del a\u00f1o, siendo el segundo en la Regi\u00f3n de Amazonas, a la altura del kil\u00f3metro 365 de la Quebrada de Uchichiangos, distrito de Nieva, provincia de Condorcanqui, aproximadamente a dos horas del r\u00edo Chiriaco, donde tambi\u00e9n ocurri\u00f3 un hecho similar en el mes de enero.<\/span><\/p>\n<h4 style=\"text-align: center;\"><span style=\"color: #000000;\"><b>Audio Informativo Regional AMCIC 19 de Agosto del 2016.<\/b><\/span><\/h4>\n<!--[if lt IE 9]><script>document.createElement('audio');<\/script><![endif]-->\n<audio class=\"wp-audio-shortcode\" id=\"audio-14825-1\" preload=\"none\" style=\"width: 100%;\" controls=\"controls\"><source type=\"audio\/mpeg\" src=\"https:\/\/co.ivoox.com\/es\/informativo-regional-amcic-19-08-2016_md_12598915_wp_1.mp3?_=1\" \/><a href=\"https:\/\/co.ivoox.com\/es\/informativo-regional-amcic-19-08-2016_md_12598915_wp_1.mp3\">https:\/\/co.ivoox.com\/es\/informativo-regional-amcic-19-08-2016_md_12598915_wp_1.mp3<\/a><\/audio>\n<h4 style=\"text-align: center;\"><span style=\"color: #000000;\"><a title=\" informativo Regional Amcic 19-08-2016\" href=\"https:\/\/co.ivoox.com\/es\/informativo-regional-amcic-19-08-2016-audios-mp3_rf_12598915_1.html\" target=\"_blank\">Ir a descargar<\/a><\/span><\/h4>\n<h4 style=\"text-align: center;\"><span style=\"color: #000000;\"><b>CONSEJO REGIONAL IND\u00cdGENA DEL CAUCA \u2013CRIC-<\/b><\/span><\/h4>\n<h4 style=\"text-align: center;\"><span style=\"color: #000000;\"><b>PROGRAMA DE COMUNICACIONES Y RELACIONAMIENTO EXTERNO<\/b><\/span><\/h4>\n","protected":false},"excerpt":{"rendered":"<p>Los pueblos ind\u00edgenas del Cauca continuamos caminando por la defensa de la Madre Tierra y de los derechos colectivos, ya que la implementaci\u00f3n de la pol\u00edtica econ\u00f3mica trasnacional de despojo y de fraccionamiento de la unidad del movimiento ind\u00edgena Caucano sigue vigente. En ese sentido, convocamos a los pueblos, sectores sociales y populares del Cauca <\/p>\n","protected":false},"author":6,"featured_media":12288,"comment_status":"open","ping_status":"open","sticky":false,"template":"","format":"standard","meta":{"footnotes":""},"categories":[3,77,74],"tags":[190,189,192,177,134,191,290],"yoast_head":"<!-- This site is optimized with the Yoast SEO plugin v20.12 - https:\/\/yoast.com\/wordpress\/plugins\/seo\/ -->\n<title>Informativo Regional AMCIC: Voces de los Pueblos desde los Territorios - Consejo Regional Ind\u00edgena del Cauca - CRIC<\/title>\n<meta name=\"robots\" content=\"index, follow, max-snippet:-1, max-image-preview:large, max-video-preview:-1\" \/>\n<link rel=\"canonical\" href=\"https:\/\/www.cric-colombia.org\/portal\/informativo-regional-amcic-voces-de-los-pueblos-desde-los-territorios\/\" \/>\n<meta property=\"og:locale\" content=\"es_ES\" \/>\n<meta property=\"og:type\" content=\"article\" \/>\n<meta property=\"og:title\" content=\"Informativo Regional AMCIC: Voces de los Pueblos desde los Territorios - Consejo Regional Ind\u00edgena del Cauca - CRIC\" \/>\n<meta property=\"og:description\" content=\"Los pueblos ind\u00edgenas del Cauca continuamos caminando por la defensa de la Madre Tierra y de los derechos colectivos, ya que la implementaci\u00f3n de la pol\u00edtica econ\u00f3mica trasnacional de despojo y de fraccionamiento de la unidad del movimiento ind\u00edgena Caucano sigue vigente. En ese sentido, convocamos a los pueblos, sectores sociales y populares del Cauca\" \/>\n<meta property=\"og:url\" content=\"https:\/\/www.cric-colombia.org\/portal\/informativo-regional-amcic-voces-de-los-pueblos-desde-los-territorios\/\" \/>\n<meta property=\"og:site_name\" content=\"Consejo Regional Ind\u00edgena del Cauca - CRIC\" \/>\n<meta property=\"article:publisher\" content=\"https:\/\/www.facebook.com\/cric.colombia\/\" \/>\n<meta property=\"article:published_time\" content=\"2016-08-19T23:50:47+00:00\" \/>\n<meta property=\"article:modified_time\" content=\"2016-09-17T00:04:48+00:00\" \/>\n<meta property=\"og:image\" content=\"https:\/\/www.cric-colombia.org\/portal\/wp-content\/uploads\/2015\/12\/logo-cric.png\" \/>\n\t<meta property=\"og:image:width\" content=\"603\" \/>\n\t<meta property=\"og:image:height\" content=\"515\" \/>\n\t<meta property=\"og:image:type\" content=\"image\/png\" \/>\n<meta name=\"author\" content=\"Comunicaciones CRIC\" \/>\n<meta name=\"twitter:card\" content=\"summary_large_image\" \/>\n<meta name=\"twitter:creator\" content=\"@CRIC_Cauca\" \/>\n<meta name=\"twitter:site\" content=\"@CRIC_Cauca\" \/>\n<meta name=\"twitter:label1\" content=\"Escrito por\" \/>\n\t<meta name=\"twitter:data1\" content=\"Comunicaciones CRIC\" \/>\n\t<meta name=\"twitter:label2\" content=\"Tiempo de lectura\" \/>\n\t<meta name=\"twitter:data2\" content=\"3 minutos\" \/>\n<script type=\"application\/ld+json\" class=\"yoast-schema-graph\">{\"@context\":\"https:\/\/schema.org\",\"@graph\":[{\"@type\":\"Article\",\"@id\":\"https:\/\/www.cric-colombia.org\/portal\/informativo-regional-amcic-voces-de-los-pueblos-desde-los-territorios\/#article\",\"isPartOf\":{\"@id\":\"https:\/\/www.cric-colombia.org\/portal\/informativo-regional-amcic-voces-de-los-pueblos-desde-los-territorios\/\"},\"author\":{\"name\":\"Comunicaciones CRIC\",\"@id\":\"https:\/\/www.cric-colombia.org\/portal\/#\/schema\/person\/ab3a3099267de33d55f74f34ba201931\"},\"headline\":\"Informativo Regional AMCIC: Voces de los Pueblos desde los Territorios\",\"datePublished\":\"2016-08-19T23:50:47+00:00\",\"dateModified\":\"2016-09-17T00:04:48+00:00\",\"mainEntityOfPage\":{\"@id\":\"https:\/\/www.cric-colombia.org\/portal\/informativo-regional-amcic-voces-de-los-pueblos-desde-los-territorios\/\"},\"wordCount\":626,\"commentCount\":0,\"publisher\":{\"@id\":\"https:\/\/www.cric-colombia.org\/portal\/#organization\"},\"keywords\":[\"AMCIC\",\"CONSEJO REGIONAL INDIGENA DEL CAUCA CRIC\",\"INFORMANDO A LOS PUEBLOS INDIGENA DEL CAUCA\",\"informativo\",\"Informativo Regional AMCIC\",\"MEDIOS DE COMUNICACION CAUCA\",\"Noticias\"],\"articleSection\":[\"Actualidad Ind\u00edgena del Cauca\",\"Audios\",\"Multimedia\"],\"inLanguage\":\"es\",\"potentialAction\":[{\"@type\":\"CommentAction\",\"name\":\"Comment\",\"target\":[\"https:\/\/www.cric-colombia.org\/portal\/informativo-regional-amcic-voces-de-los-pueblos-desde-los-territorios\/#respond\"]}]},{\"@type\":\"WebPage\",\"@id\":\"https:\/\/www.cric-colombia.org\/portal\/informativo-regional-amcic-voces-de-los-pueblos-desde-los-territorios\/\",\"url\":\"https:\/\/www.cric-colombia.org\/portal\/informativo-regional-amcic-voces-de-los-pueblos-desde-los-territorios\/\",\"name\":\"Informativo Regional AMCIC: Voces de los Pueblos desde los Territorios - Consejo Regional Ind\u00edgena del Cauca - CRIC\",\"isPartOf\":{\"@id\":\"https:\/\/www.cric-colombia.org\/portal\/#website\"},\"datePublished\":\"2016-08-19T23:50:47+00:00\",\"dateModified\":\"2016-09-17T00:04:48+00:00\",\"breadcrumb\":{\"@id\":\"https:\/\/www.cric-colombia.org\/portal\/informativo-regional-amcic-voces-de-los-pueblos-desde-los-territorios\/#breadcrumb\"},\"inLanguage\":\"es\",\"potentialAction\":[{\"@type\":\"ReadAction\",\"target\":[\"https:\/\/www.cric-colombia.org\/portal\/informativo-regional-amcic-voces-de-los-pueblos-desde-los-territorios\/\"]}]},{\"@type\":\"BreadcrumbList\",\"@id\":\"https:\/\/www.cric-colombia.org\/portal\/informativo-regional-amcic-voces-de-los-pueblos-desde-los-territorios\/#breadcrumb\",\"itemListElement\":[{\"@type\":\"ListItem\",\"position\":1,\"name\":\"Portada\",\"item\":\"https:\/\/www.cric-colombia.org\/portal\/\"},{\"@type\":\"ListItem\",\"position\":2,\"name\":\"Informativo Regional AMCIC: Voces de los Pueblos desde los Territorios\"}]},{\"@type\":\"WebSite\",\"@id\":\"https:\/\/www.cric-colombia.org\/portal\/#website\",\"url\":\"https:\/\/www.cric-colombia.org\/portal\/\",\"name\":\"Consejo Regional Ind\u00edgena del Cauca - CRIC\",\"description\":\"P\u00e1gina oficial del Consejo Regional Ind\u00edgena del Cauca, Colombia\",\"publisher\":{\"@id\":\"https:\/\/www.cric-colombia.org\/portal\/#organization\"},\"potentialAction\":[{\"@type\":\"SearchAction\",\"target\":{\"@type\":\"EntryPoint\",\"urlTemplate\":\"https:\/\/www.cric-colombia.org\/portal\/?s={search_term_string}\"},\"query-input\":\"required name=search_term_string\"}],\"inLanguage\":\"es\"},{\"@type\":\"Organization\",\"@id\":\"https:\/\/www.cric-colombia.org\/portal\/#organization\",\"name\":\"Consejo Regional Ind\u00edgena del Cauca\",\"url\":\"https:\/\/www.cric-colombia.org\/portal\/\",\"logo\":{\"@type\":\"ImageObject\",\"inLanguage\":\"es\",\"@id\":\"https:\/\/www.cric-colombia.org\/portal\/#\/schema\/logo\/image\/\",\"url\":\"https:\/\/www.cric-colombia.org\/portal\/wp-content\/uploads\/2015\/08\/logo_cric.jpg\",\"contentUrl\":\"https:\/\/www.cric-colombia.org\/portal\/wp-content\/uploads\/2015\/08\/logo_cric.jpg\",\"width\":512,\"height\":512,\"caption\":\"Consejo Regional Ind\u00edgena del Cauca\"},\"image\":{\"@id\":\"https:\/\/www.cric-colombia.org\/portal\/#\/schema\/logo\/image\/\"},\"sameAs\":[\"https:\/\/www.facebook.com\/cric.colombia\/\",\"https:\/\/twitter.com\/CRIC_Cauca\"]},{\"@type\":\"Person\",\"@id\":\"https:\/\/www.cric-colombia.org\/portal\/#\/schema\/person\/ab3a3099267de33d55f74f34ba201931\",\"name\":\"Comunicaciones CRIC\",\"image\":{\"@type\":\"ImageObject\",\"inLanguage\":\"es\",\"@id\":\"https:\/\/www.cric-colombia.org\/portal\/#\/schema\/person\/image\/\",\"url\":\"https:\/\/secure.gravatar.com\/avatar\/a8d1a6cfcb82a80d09dafefdcc3dcc8a?s=96&d=retro&r=g\",\"contentUrl\":\"https:\/\/secure.gravatar.com\/avatar\/a8d1a6cfcb82a80d09dafefdcc3dcc8a?s=96&d=retro&r=g\",\"caption\":\"Comunicaciones CRIC\"},\"url\":\"https:\/\/www.cric-colombia.org\/portal\/author\/comunicaciones\/\"}]}<\/script>\n<!-- \/ Yoast SEO plugin. -->","yoast_head_json":{"title":"Informativo Regional AMCIC: Voces de los Pueblos desde los Territorios - Consejo Regional Ind\u00edgena del Cauca - CRIC","robots":{"index":"index","follow":"follow","max-snippet":"max-snippet:-1","max-image-preview":"max-image-preview:large","max-video-preview":"max-video-preview:-1"},"canonical":"https:\/\/www.cric-colombia.org\/portal\/informativo-regional-amcic-voces-de-los-pueblos-desde-los-territorios\/","og_locale":"es_ES","og_type":"article","og_title":"Informativo Regional AMCIC: Voces de los Pueblos desde los Territorios - Consejo Regional Ind\u00edgena del Cauca - CRIC","og_description":"Los pueblos ind\u00edgenas del Cauca continuamos caminando por la defensa de la Madre Tierra y de los derechos colectivos, ya que la implementaci\u00f3n de la pol\u00edtica econ\u00f3mica trasnacional de despojo y de fraccionamiento de la unidad del movimiento ind\u00edgena Caucano sigue vigente. En ese sentido, convocamos a los pueblos, sectores sociales y populares del Cauca","og_url":"https:\/\/www.cric-colombia.org\/portal\/informativo-regional-amcic-voces-de-los-pueblos-desde-los-territorios\/","og_site_name":"Consejo Regional Ind\u00edgena del Cauca - CRIC","article_publisher":"https:\/\/www.facebook.com\/cric.colombia\/","article_published_time":"2016-08-19T23:50:47+00:00","article_modified_time":"2016-09-17T00:04:48+00:00","og_image":[{"width":603,"height":515,"url":"https:\/\/www.cric-colombia.org\/portal\/wp-content\/uploads\/2015\/12\/logo-cric.png","type":"image\/png"}],"author":"Comunicaciones CRIC","twitter_card":"summary_large_image","twitter_creator":"@CRIC_Cauca","twitter_site":"@CRIC_Cauca","twitter_misc":{"Escrito por":"Comunicaciones CRIC","Tiempo de lectura":"3 minutos"},"schema":{"@context":"https:\/\/schema.org","@graph":[{"@type":"Article","@id":"https:\/\/www.cric-colombia.org\/portal\/informativo-regional-amcic-voces-de-los-pueblos-desde-los-territorios\/#article","isPartOf":{"@id":"https:\/\/www.cric-colombia.org\/portal\/informativo-regional-amcic-voces-de-los-pueblos-desde-los-territorios\/"},"author":{"name":"Comunicaciones CRIC","@id":"https:\/\/www.cric-colombia.org\/portal\/#\/schema\/person\/ab3a3099267de33d55f74f34ba201931"},"headline":"Informativo Regional AMCIC: Voces de los Pueblos desde los Territorios","datePublished":"2016-08-19T23:50:47+00:00","dateModified":"2016-09-17T00:04:48+00:00","mainEntityOfPage":{"@id":"https:\/\/www.cric-colombia.org\/portal\/informativo-regional-amcic-voces-de-los-pueblos-desde-los-territorios\/"},"wordCount":626,"commentCount":0,"publisher":{"@id":"https:\/\/www.cric-colombia.org\/portal\/#organization"},"keywords":["AMCIC","CONSEJO REGIONAL INDIGENA DEL CAUCA CRIC","INFORMANDO A LOS PUEBLOS INDIGENA DEL CAUCA","informativo","Informativo Regional AMCIC","MEDIOS DE COMUNICACION CAUCA","Noticias"],"articleSection":["Actualidad Ind\u00edgena del Cauca","Audios","Multimedia"],"inLanguage":"es","potentialAction":[{"@type":"CommentAction","name":"Comment","target":["https:\/\/www.cric-colombia.org\/portal\/informativo-regional-amcic-voces-de-los-pueblos-desde-los-territorios\/#respond"]}]},{"@type":"WebPage","@id":"https:\/\/www.cric-colombia.org\/portal\/informativo-regional-amcic-voces-de-los-pueblos-desde-los-territorios\/","url":"https:\/\/www.cric-colombia.org\/portal\/informativo-regional-amcic-voces-de-los-pueblos-desde-los-territorios\/","name":"Informativo Regional AMCIC: Voces de los Pueblos desde los Territorios - Consejo Regional Ind\u00edgena del Cauca - CRIC","isPartOf":{"@id":"https:\/\/www.cric-colombia.org\/portal\/#website"},"datePublished":"2016-08-19T23:50:47+00:00","dateModified":"2016-09-17T00:04:48+00:00","breadcrumb":{"@id":"https:\/\/www.cric-colombia.org\/portal\/informativo-regional-amcic-voces-de-los-pueblos-desde-los-territorios\/#breadcrumb"},"inLanguage":"es","potentialAction":[{"@type":"ReadAction","target":["https:\/\/www.cric-colombia.org\/portal\/informativo-regional-amcic-voces-de-los-pueblos-desde-los-territorios\/"]}]},{"@type":"BreadcrumbList","@id":"https:\/\/www.cric-colombia.org\/portal\/informativo-regional-amcic-voces-de-los-pueblos-desde-los-territorios\/#breadcrumb","itemListElement":[{"@type":"ListItem","position":1,"name":"Portada","item":"https:\/\/www.cric-colombia.org\/portal\/"},{"@type":"ListItem","position":2,"name":"Informativo Regional AMCIC: Voces de los Pueblos desde los Territorios"}]},{"@type":"WebSite","@id":"https:\/\/www.cric-colombia.org\/portal\/#website","url":"https:\/\/www.cric-colombia.org\/portal\/","name":"Consejo Regional Ind\u00edgena del Cauca - CRIC","description":"P\u00e1gina oficial del Consejo Regional Ind\u00edgena del Cauca, Colombia","publisher":{"@id":"https:\/\/www.cric-colombia.org\/portal\/#organization"},"potentialAction":[{"@type":"SearchAction","target":{"@type":"EntryPoint","urlTemplate":"https:\/\/www.cric-colombia.org\/portal\/?s={search_term_string}"},"query-input":"required name=search_term_string"}],"inLanguage":"es"},{"@type":"Organization","@id":"https:\/\/www.cric-colombia.org\/portal\/#organization","name":"Consejo Regional Ind\u00edgena del Cauca","url":"https:\/\/www.cric-colombia.org\/portal\/","logo":{"@type":"ImageObject","inLanguage":"es","@id":"https:\/\/www.cric-colombia.org\/portal\/#\/schema\/logo\/image\/","url":"https:\/\/www.cric-colombia.org\/portal\/wp-content\/uploads\/2015\/08\/logo_cric.jpg","contentUrl":"https:\/\/www.cric-colombia.org\/portal\/wp-content\/uploads\/2015\/08\/logo_cric.jpg","width":512,"height":512,"caption":"Consejo Regional Ind\u00edgena del Cauca"},"image":{"@id":"https:\/\/www.cric-colombia.org\/portal\/#\/schema\/logo\/image\/"},"sameAs":["https:\/\/www.facebook.com\/cric.colombia\/","https:\/\/twitter.com\/CRIC_Cauca"]},{"@type":"Person","@id":"https:\/\/www.cric-colombia.org\/portal\/#\/schema\/person\/ab3a3099267de33d55f74f34ba201931","name":"Comunicaciones CRIC","image":{"@type":"ImageObject","inLanguage":"es","@id":"https:\/\/www.cric-colombia.org\/portal\/#\/schema\/person\/image\/","url":"https:\/\/secure.gravatar.com\/avatar\/a8d1a6cfcb82a80d09dafefdcc3dcc8a?s=96&d=retro&r=g","contentUrl":"https:\/\/secure.gravatar.com\/avatar\/a8d1a6cfcb82a80d09dafefdcc3dcc8a?s=96&d=retro&r=g","caption":"Comunicaciones CRIC"},"url":"https:\/\/www.cric-colombia.org\/portal\/author\/comunicaciones\/"}]}},"jetpack_featured_media_url":"https:\/\/www.cric-colombia.org\/portal\/wp-content\/uploads\/2015\/12\/logo-cric.png","_links":{"self":[{"href":"https:\/\/www.cric-colombia.org\/portal\/wp-json\/wp\/v2\/posts\/14825"}],"collection":[{"href":"https:\/\/www.cric-colombia.org\/portal\/wp-json\/wp\/v2\/posts"}],"about":[{"href":"https:\/\/www.cric-colombia.org\/portal\/wp-json\/wp\/v2\/types\/post"}],"author":[{"embeddable":true,"href":"https:\/\/www.cric-colombia.org\/portal\/wp-json\/wp\/v2\/users\/6"}],"replies":[{"embeddable":true,"href":"https:\/\/www.cric-colombia.org\/portal\/wp-json\/wp\/v2\/comments?post=14825"}],"version-history":[{"count":2,"href":"https:\/\/www.cric-colombia.org\/portal\/wp-json\/wp\/v2\/posts\/14825\/revisions"}],"predecessor-version":[{"id":14827,"href":"https:\/\/www.cric-colombia.org\/portal\/wp-json\/wp\/v2\/posts\/14825\/revisions\/14827"}],"wp:featuredmedia":[{"embeddable":true,"href":"https:\/\/www.cric-colombia.org\/portal\/wp-json\/wp\/v2\/media\/12288"}],"wp:attachment":[{"href":"https:\/\/www.cric-colombia.org\/portal\/wp-json\/wp\/v2\/media?parent=14825"}],"wp:term":[{"taxonomy":"category","embeddable":true,"href":"https:\/\/www.cric-colombia.org\/portal\/wp-json\/wp\/v2\/categories?post=14825"},{"taxonomy":"post_tag","embeddable":true,"href":"https:\/\/www.cric-colombia.org\/portal\/wp-json\/wp\/v2\/tags?post=14825"}],"curies":[{"name":"wp","href":"https:\/\/api.w.org\/{rel}","templated":true}]}}