{"id":14151,"date":"2016-06-18T09:29:22","date_gmt":"2016-06-18T14:29:22","guid":{"rendered":"http:\/\/www.cric-colombia.org\/portal\/?p=14151"},"modified":"2016-09-16T19:15:57","modified_gmt":"2016-09-17T00:15:57","slug":"informativo-regional-amcic-firma-de-ratificacion-de-acuerdos-con-gobierno-nacional-para-la-operatividad-en-lo-territorial-gobierno-propio-y-autonomia","status":"publish","type":"post","link":"https:\/\/www.cric-colombia.org\/portal\/informativo-regional-amcic-firma-de-ratificacion-de-acuerdos-con-gobierno-nacional-para-la-operatividad-en-lo-territorial-gobierno-propio-y-autonomia\/","title":{"rendered":"Informativo Regional AMCIC: Firma de Ratificaci\u00f3n de Acuerdos con Gobierno Nacional para la Operatividad en lo territorial, Gobierno Propio y Autonom\u00eda"},"content":{"rendered":"<p style=\"text-align: justify;\">Los pueblos, autoridades tradicionales y comunidad en general, nos mantenemos en asamblea permanente en minga de resistencia por la vida, el territorio, la dignidad, la paz y cumplimiento de acuerdos, mientras no se apague el sol.<!--more--><\/p>\n<p style=\"text-align: justify;\">La Consejer\u00eda mayor del CRIC, las y los mingueros han protocolizado y firmado la ratificaci\u00f3n de los acuerdos con el gobierno nacional, antes de tres meses se realizar\u00e1 la refrendaci\u00f3n de los acuerdos en el territorio de Sath Tama Kiwe de Caldono, estos instrumentos deben garantizar la declaratoria de la emergencia econ\u00f3mica, social (que incluye lo cultural), ecol\u00f3gica (que incluye lo ambiental) para los diez pueblos ind\u00edgenas del departamento del Cauca, as\u00ed mismo la operatividad del proyecto de decreto que adicionara y aclarara las disposiciones del Decreto 982\/1999, defensa del territorio, autonom\u00eda y gobierno propio, paz y derechos humanos que permitan salvaguardar el territorio y la vida de los pueblos.<\/p>\n<p style=\"text-align: justify;\"><strong>Contexto Local y Regional<\/strong><\/p>\n<p style=\"text-align: justify;\">El colectivo de comunicaci\u00f3n voces de nuestra tierra de Jambalo, nos comparten sobre la preparaci\u00f3n el ritual sagrado del nuevo a\u00f1o sek buy a realizarse el 20 y 21 de junio del 2016 en la Vereda Loma Gorda.<\/p>\n<p style=\"text-align: justify;\">Programa de Comunicaciones CRIC en conjunto con el programa de comunicaci\u00f3n propia intercultural de la Universidad Aut\u00f3noma Ind\u00edgena Intercultural UAIIN, realizaran el encuentro regional de comunicaci\u00f3n propia en el marco de la \u201cescuela territorial itinerante de comunicaci\u00f3n propia\u201d a realizarse del 20 al 30 de junio del 2016. El encuentro regional de comunicaci\u00f3n se realizara del 20 al 25 de junio, y los estudiantes de comunicaci\u00f3n continuaran en su tercer ciclo de formaci\u00f3n hasta el 30 de junio de los presentes en el resguardo ind\u00edgena de San Andres de Pisimbala Municipio de Inza Cauca.<\/p>\n<p style=\"text-align: justify;\"><strong>Contexto Nacional<\/strong><strong>\u00a0<\/strong><\/p>\n<p style=\"text-align: justify;\">La Guajira nuevamente es v\u00edctima del modelo extractivista, en el que se basa la econom\u00eda colombiana. Esta vez, la compa\u00f1\u00eda Jocol busca realizar exploraci\u00f3n de gas cerca al \u00fanico humedal que tiene el municipio de Maicao, y donde se ubica la laguna Washington, una reserva natural donde toman agua varias comunidades ind\u00edgenas Way\u00fau. Informaci\u00f3n obtenida a trav\u00e9s de Contagio Radio.<\/p>\n<p style=\"text-align: justify;\">Los campesinos de Brice\u00f1o afirman que el anuncio de ser municipio piloto de sustituci\u00f3n de cultivos de uso il\u00edcito es una buena noticia porque puede impulsar la econom\u00eda campesina, pero tambi\u00e9n exigieron mayor aporte por parte del Estado puesto que la proliferaci\u00f3n de este tipo de cultivos se da porque los dem\u00e1s productos no tienen los canales de comercializaci\u00f3n adecuados, es decir, v\u00edas de transporte e infraestructura favorable. Fuente suministrada por contagio radio.<em>\u00a0<\/em><\/p>\n<p style=\"text-align: justify;\">En el marco del proceso de resistencia y para la pervivencia de la humanidad, la Naci\u00f3n U&#8217;wa exige respeto y protecci\u00f3n a la madre tierra, continuamos concentrados en Zizuma y el Pozo Gibraltar. Ante el incumplimiento de los acuerdos pactados el 01 de mayo y 06 de junio del 2014, firmados entre la Naci\u00f3n U&#8217;wa &#8211; Gobierno Colombiano; el enga\u00f1o a la buena F\u00e9, la indignaci\u00f3n, rechazo a las violaciones de nuestros derechos colectivos, territoriales, humanos y la no voluntad por parte del Gobierno Nacional a atender las exigencias legitimas de la Naci\u00f3n U&#8217;wa y buscar un salida mediante el dialogo. Informaci\u00f3n suministrada por la ASOCIACI\u00d3N DE AUTORIDADES TRADICIONALES Y CABILDO U&#8217;WA ASOU&#8217;WA -Territorio ancestral de la Naci\u00f3n U&#8217;wa.<\/p>\n<p style=\"text-align: justify;\"><strong>Contexto Internacional<\/strong><strong>\u00a0<\/strong><\/p>\n<p style=\"text-align: justify;\">El crimen ocurri\u00f3 dentro de tierras indigenas reconocidas por el Estado en el municipio de Caarap\u00f3 en el Pa\u00eds hermano de Brasil.<\/p>\n<p style=\"text-align: justify;\">La Asamblea General de la Organizaci\u00f3n de Estados Americanos (OEA) aprob\u00f3 el martes 15 de junio la Declaraci\u00f3n Americana sobre los Derechos de los Pueblos Ind\u00edgenas tras 17 a\u00f1os de debates, en un contexto de grave crisis de la Comisi\u00f3n Interamericana de Derechos Humanos (CIDH) por falta de fondos para operar.<\/p>\n<p><strong>Audio Informativo Regional AMCIC-CRIC<\/strong><strong>\u00a0<\/strong><\/p>\n\n<p><a title=\"Informativo Regional Amcic 16-06-2016\" href=\"http:\/\/co.ivoox.com\/es\/informativo-regional-amcic-16-06-2016-audios-mp3_rf_11931512_1.html\" target=\"\u201d_blank\u201d\">Ir a descargar<\/a><\/p>\n<p style=\"text-align: center;\"><strong>CONSEJO REGIONAL IND\u00cdGENA DEL CAUCA \u2013CRIC-<\/strong><\/p>\n<p style=\"text-align: center;\"><strong>PROGRAMA DE COMUNICACIONES<\/strong><strong>\u00a0<\/strong><\/p>\n<p>Popay\u00e1n, 18 de junio del 2016<\/p>\n","protected":false},"excerpt":{"rendered":"<p>Los pueblos, autoridades tradicionales y comunidad en general, nos mantenemos en asamblea permanente en minga de resistencia por la vida, el territorio, la dignidad, la paz y cumplimiento de acuerdos, mientras no se apague el sol.<\/p>\n","protected":false},"author":6,"featured_media":11467,"comment_status":"open","ping_status":"open","sticky":false,"template":"","format":"standard","meta":{"footnotes":""},"categories":[3,77,74],"tags":[190,189,192,177,134,191,290],"yoast_head":"<!-- This site is optimized with the Yoast SEO plugin v20.12 - https:\/\/yoast.com\/wordpress\/plugins\/seo\/ -->\n<title>Informativo Regional AMCIC: Firma de Ratificaci\u00f3n de Acuerdos con Gobierno Nacional para la Operatividad en lo territorial, Gobierno Propio y Autonom\u00eda - Consejo Regional Ind\u00edgena del Cauca - CRIC<\/title>\n<meta name=\"robots\" content=\"index, follow, max-snippet:-1, max-image-preview:large, max-video-preview:-1\" \/>\n<link rel=\"canonical\" href=\"https:\/\/www.cric-colombia.org\/portal\/informativo-regional-amcic-firma-de-ratificacion-de-acuerdos-con-gobierno-nacional-para-la-operatividad-en-lo-territorial-gobierno-propio-y-autonomia\/\" \/>\n<meta property=\"og:locale\" content=\"es_ES\" \/>\n<meta property=\"og:type\" content=\"article\" \/>\n<meta property=\"og:title\" content=\"Informativo Regional AMCIC: Firma de Ratificaci\u00f3n de Acuerdos con Gobierno Nacional para la Operatividad en lo territorial, Gobierno Propio y Autonom\u00eda - Consejo Regional Ind\u00edgena del Cauca - CRIC\" \/>\n<meta property=\"og:description\" content=\"Los pueblos, autoridades tradicionales y comunidad en general, nos mantenemos en asamblea permanente en minga de resistencia por la vida, el territorio, la dignidad, la paz y cumplimiento de acuerdos, mientras no se apague el sol.\" \/>\n<meta property=\"og:url\" content=\"https:\/\/www.cric-colombia.org\/portal\/informativo-regional-amcic-firma-de-ratificacion-de-acuerdos-con-gobierno-nacional-para-la-operatividad-en-lo-territorial-gobierno-propio-y-autonomia\/\" \/>\n<meta property=\"og:site_name\" content=\"Consejo Regional Ind\u00edgena del Cauca - CRIC\" \/>\n<meta property=\"article:publisher\" content=\"https:\/\/www.facebook.com\/cric.colombia\/\" \/>\n<meta property=\"article:published_time\" content=\"2016-06-18T14:29:22+00:00\" \/>\n<meta property=\"article:modified_time\" content=\"2016-09-17T00:15:57+00:00\" \/>\n<meta property=\"og:image\" content=\"https:\/\/www.cric-colombia.org\/portal\/wp-content\/uploads\/2015\/08\/logo_cric.jpg\" \/>\n\t<meta property=\"og:image:width\" content=\"512\" \/>\n\t<meta property=\"og:image:height\" content=\"512\" \/>\n\t<meta property=\"og:image:type\" content=\"image\/jpeg\" \/>\n<meta name=\"author\" content=\"Comunicaciones CRIC\" \/>\n<meta name=\"twitter:card\" content=\"summary_large_image\" \/>\n<meta name=\"twitter:creator\" content=\"@CRIC_Cauca\" \/>\n<meta name=\"twitter:site\" content=\"@CRIC_Cauca\" \/>\n<meta name=\"twitter:label1\" content=\"Escrito por\" \/>\n\t<meta name=\"twitter:data1\" content=\"Comunicaciones CRIC\" \/>\n\t<meta name=\"twitter:label2\" content=\"Tiempo de lectura\" \/>\n\t<meta name=\"twitter:data2\" content=\"3 minutos\" \/>\n<script type=\"application\/ld+json\" class=\"yoast-schema-graph\">{\"@context\":\"https:\/\/schema.org\",\"@graph\":[{\"@type\":\"Article\",\"@id\":\"https:\/\/www.cric-colombia.org\/portal\/informativo-regional-amcic-firma-de-ratificacion-de-acuerdos-con-gobierno-nacional-para-la-operatividad-en-lo-territorial-gobierno-propio-y-autonomia\/#article\",\"isPartOf\":{\"@id\":\"https:\/\/www.cric-colombia.org\/portal\/informativo-regional-amcic-firma-de-ratificacion-de-acuerdos-con-gobierno-nacional-para-la-operatividad-en-lo-territorial-gobierno-propio-y-autonomia\/\"},\"author\":{\"name\":\"Comunicaciones CRIC\",\"@id\":\"https:\/\/www.cric-colombia.org\/portal\/#\/schema\/person\/ab3a3099267de33d55f74f34ba201931\"},\"headline\":\"Informativo Regional AMCIC: Firma de Ratificaci\u00f3n de Acuerdos con Gobierno Nacional para la Operatividad en lo territorial, Gobierno Propio y Autonom\u00eda\",\"datePublished\":\"2016-06-18T14:29:22+00:00\",\"dateModified\":\"2016-09-17T00:15:57+00:00\",\"mainEntityOfPage\":{\"@id\":\"https:\/\/www.cric-colombia.org\/portal\/informativo-regional-amcic-firma-de-ratificacion-de-acuerdos-con-gobierno-nacional-para-la-operatividad-en-lo-territorial-gobierno-propio-y-autonomia\/\"},\"wordCount\":704,\"commentCount\":0,\"publisher\":{\"@id\":\"https:\/\/www.cric-colombia.org\/portal\/#organization\"},\"keywords\":[\"AMCIC\",\"CONSEJO REGIONAL INDIGENA DEL CAUCA CRIC\",\"INFORMANDO A LOS PUEBLOS INDIGENA DEL CAUCA\",\"informativo\",\"Informativo Regional AMCIC\",\"MEDIOS DE COMUNICACION CAUCA\",\"Noticias\"],\"articleSection\":[\"Actualidad Ind\u00edgena del Cauca\",\"Audios\",\"Multimedia\"],\"inLanguage\":\"es\",\"potentialAction\":[{\"@type\":\"CommentAction\",\"name\":\"Comment\",\"target\":[\"https:\/\/www.cric-colombia.org\/portal\/informativo-regional-amcic-firma-de-ratificacion-de-acuerdos-con-gobierno-nacional-para-la-operatividad-en-lo-territorial-gobierno-propio-y-autonomia\/#respond\"]}]},{\"@type\":\"WebPage\",\"@id\":\"https:\/\/www.cric-colombia.org\/portal\/informativo-regional-amcic-firma-de-ratificacion-de-acuerdos-con-gobierno-nacional-para-la-operatividad-en-lo-territorial-gobierno-propio-y-autonomia\/\",\"url\":\"https:\/\/www.cric-colombia.org\/portal\/informativo-regional-amcic-firma-de-ratificacion-de-acuerdos-con-gobierno-nacional-para-la-operatividad-en-lo-territorial-gobierno-propio-y-autonomia\/\",\"name\":\"Informativo Regional AMCIC: Firma de Ratificaci\u00f3n de Acuerdos con Gobierno Nacional para la Operatividad en lo territorial, Gobierno Propio y Autonom\u00eda - Consejo Regional Ind\u00edgena del Cauca - CRIC\",\"isPartOf\":{\"@id\":\"https:\/\/www.cric-colombia.org\/portal\/#website\"},\"datePublished\":\"2016-06-18T14:29:22+00:00\",\"dateModified\":\"2016-09-17T00:15:57+00:00\",\"breadcrumb\":{\"@id\":\"https:\/\/www.cric-colombia.org\/portal\/informativo-regional-amcic-firma-de-ratificacion-de-acuerdos-con-gobierno-nacional-para-la-operatividad-en-lo-territorial-gobierno-propio-y-autonomia\/#breadcrumb\"},\"inLanguage\":\"es\",\"potentialAction\":[{\"@type\":\"ReadAction\",\"target\":[\"https:\/\/www.cric-colombia.org\/portal\/informativo-regional-amcic-firma-de-ratificacion-de-acuerdos-con-gobierno-nacional-para-la-operatividad-en-lo-territorial-gobierno-propio-y-autonomia\/\"]}]},{\"@type\":\"BreadcrumbList\",\"@id\":\"https:\/\/www.cric-colombia.org\/portal\/informativo-regional-amcic-firma-de-ratificacion-de-acuerdos-con-gobierno-nacional-para-la-operatividad-en-lo-territorial-gobierno-propio-y-autonomia\/#breadcrumb\",\"itemListElement\":[{\"@type\":\"ListItem\",\"position\":1,\"name\":\"Portada\",\"item\":\"https:\/\/www.cric-colombia.org\/portal\/\"},{\"@type\":\"ListItem\",\"position\":2,\"name\":\"Informativo Regional AMCIC: Firma de Ratificaci\u00f3n de Acuerdos con Gobierno Nacional para la Operatividad en lo territorial, Gobierno Propio y Autonom\u00eda\"}]},{\"@type\":\"WebSite\",\"@id\":\"https:\/\/www.cric-colombia.org\/portal\/#website\",\"url\":\"https:\/\/www.cric-colombia.org\/portal\/\",\"name\":\"Consejo Regional Ind\u00edgena del Cauca - CRIC\",\"description\":\"P\u00e1gina oficial del Consejo Regional Ind\u00edgena del Cauca, Colombia\",\"publisher\":{\"@id\":\"https:\/\/www.cric-colombia.org\/portal\/#organization\"},\"potentialAction\":[{\"@type\":\"SearchAction\",\"target\":{\"@type\":\"EntryPoint\",\"urlTemplate\":\"https:\/\/www.cric-colombia.org\/portal\/?s={search_term_string}\"},\"query-input\":\"required name=search_term_string\"}],\"inLanguage\":\"es\"},{\"@type\":\"Organization\",\"@id\":\"https:\/\/www.cric-colombia.org\/portal\/#organization\",\"name\":\"Consejo Regional Ind\u00edgena del Cauca\",\"url\":\"https:\/\/www.cric-colombia.org\/portal\/\",\"logo\":{\"@type\":\"ImageObject\",\"inLanguage\":\"es\",\"@id\":\"https:\/\/www.cric-colombia.org\/portal\/#\/schema\/logo\/image\/\",\"url\":\"https:\/\/www.cric-colombia.org\/portal\/wp-content\/uploads\/2015\/08\/logo_cric.jpg\",\"contentUrl\":\"https:\/\/www.cric-colombia.org\/portal\/wp-content\/uploads\/2015\/08\/logo_cric.jpg\",\"width\":512,\"height\":512,\"caption\":\"Consejo Regional Ind\u00edgena del Cauca\"},\"image\":{\"@id\":\"https:\/\/www.cric-colombia.org\/portal\/#\/schema\/logo\/image\/\"},\"sameAs\":[\"https:\/\/www.facebook.com\/cric.colombia\/\",\"https:\/\/twitter.com\/CRIC_Cauca\"]},{\"@type\":\"Person\",\"@id\":\"https:\/\/www.cric-colombia.org\/portal\/#\/schema\/person\/ab3a3099267de33d55f74f34ba201931\",\"name\":\"Comunicaciones CRIC\",\"image\":{\"@type\":\"ImageObject\",\"inLanguage\":\"es\",\"@id\":\"https:\/\/www.cric-colombia.org\/portal\/#\/schema\/person\/image\/\",\"url\":\"https:\/\/secure.gravatar.com\/avatar\/a8d1a6cfcb82a80d09dafefdcc3dcc8a?s=96&d=retro&r=g\",\"contentUrl\":\"https:\/\/secure.gravatar.com\/avatar\/a8d1a6cfcb82a80d09dafefdcc3dcc8a?s=96&d=retro&r=g\",\"caption\":\"Comunicaciones CRIC\"},\"url\":\"https:\/\/www.cric-colombia.org\/portal\/author\/comunicaciones\/\"}]}<\/script>\n<!-- \/ Yoast SEO plugin. -->","yoast_head_json":{"title":"Informativo Regional AMCIC: Firma de Ratificaci\u00f3n de Acuerdos con Gobierno Nacional para la Operatividad en lo territorial, Gobierno Propio y Autonom\u00eda - Consejo Regional Ind\u00edgena del Cauca - CRIC","robots":{"index":"index","follow":"follow","max-snippet":"max-snippet:-1","max-image-preview":"max-image-preview:large","max-video-preview":"max-video-preview:-1"},"canonical":"https:\/\/www.cric-colombia.org\/portal\/informativo-regional-amcic-firma-de-ratificacion-de-acuerdos-con-gobierno-nacional-para-la-operatividad-en-lo-territorial-gobierno-propio-y-autonomia\/","og_locale":"es_ES","og_type":"article","og_title":"Informativo Regional AMCIC: Firma de Ratificaci\u00f3n de Acuerdos con Gobierno Nacional para la Operatividad en lo territorial, Gobierno Propio y Autonom\u00eda - Consejo Regional Ind\u00edgena del Cauca - CRIC","og_description":"Los pueblos, autoridades tradicionales y comunidad en general, nos mantenemos en asamblea permanente en minga de resistencia por la vida, el territorio, la dignidad, la paz y cumplimiento de acuerdos, mientras no se apague el sol.","og_url":"https:\/\/www.cric-colombia.org\/portal\/informativo-regional-amcic-firma-de-ratificacion-de-acuerdos-con-gobierno-nacional-para-la-operatividad-en-lo-territorial-gobierno-propio-y-autonomia\/","og_site_name":"Consejo Regional Ind\u00edgena del Cauca - CRIC","article_publisher":"https:\/\/www.facebook.com\/cric.colombia\/","article_published_time":"2016-06-18T14:29:22+00:00","article_modified_time":"2016-09-17T00:15:57+00:00","og_image":[{"width":512,"height":512,"url":"https:\/\/www.cric-colombia.org\/portal\/wp-content\/uploads\/2015\/08\/logo_cric.jpg","type":"image\/jpeg"}],"author":"Comunicaciones CRIC","twitter_card":"summary_large_image","twitter_creator":"@CRIC_Cauca","twitter_site":"@CRIC_Cauca","twitter_misc":{"Escrito por":"Comunicaciones CRIC","Tiempo de lectura":"3 minutos"},"schema":{"@context":"https:\/\/schema.org","@graph":[{"@type":"Article","@id":"https:\/\/www.cric-colombia.org\/portal\/informativo-regional-amcic-firma-de-ratificacion-de-acuerdos-con-gobierno-nacional-para-la-operatividad-en-lo-territorial-gobierno-propio-y-autonomia\/#article","isPartOf":{"@id":"https:\/\/www.cric-colombia.org\/portal\/informativo-regional-amcic-firma-de-ratificacion-de-acuerdos-con-gobierno-nacional-para-la-operatividad-en-lo-territorial-gobierno-propio-y-autonomia\/"},"author":{"name":"Comunicaciones CRIC","@id":"https:\/\/www.cric-colombia.org\/portal\/#\/schema\/person\/ab3a3099267de33d55f74f34ba201931"},"headline":"Informativo Regional AMCIC: Firma de Ratificaci\u00f3n de Acuerdos con Gobierno Nacional para la Operatividad en lo territorial, Gobierno Propio y Autonom\u00eda","datePublished":"2016-06-18T14:29:22+00:00","dateModified":"2016-09-17T00:15:57+00:00","mainEntityOfPage":{"@id":"https:\/\/www.cric-colombia.org\/portal\/informativo-regional-amcic-firma-de-ratificacion-de-acuerdos-con-gobierno-nacional-para-la-operatividad-en-lo-territorial-gobierno-propio-y-autonomia\/"},"wordCount":704,"commentCount":0,"publisher":{"@id":"https:\/\/www.cric-colombia.org\/portal\/#organization"},"keywords":["AMCIC","CONSEJO REGIONAL INDIGENA DEL CAUCA CRIC","INFORMANDO A LOS PUEBLOS INDIGENA DEL CAUCA","informativo","Informativo Regional AMCIC","MEDIOS DE COMUNICACION CAUCA","Noticias"],"articleSection":["Actualidad Ind\u00edgena del Cauca","Audios","Multimedia"],"inLanguage":"es","potentialAction":[{"@type":"CommentAction","name":"Comment","target":["https:\/\/www.cric-colombia.org\/portal\/informativo-regional-amcic-firma-de-ratificacion-de-acuerdos-con-gobierno-nacional-para-la-operatividad-en-lo-territorial-gobierno-propio-y-autonomia\/#respond"]}]},{"@type":"WebPage","@id":"https:\/\/www.cric-colombia.org\/portal\/informativo-regional-amcic-firma-de-ratificacion-de-acuerdos-con-gobierno-nacional-para-la-operatividad-en-lo-territorial-gobierno-propio-y-autonomia\/","url":"https:\/\/www.cric-colombia.org\/portal\/informativo-regional-amcic-firma-de-ratificacion-de-acuerdos-con-gobierno-nacional-para-la-operatividad-en-lo-territorial-gobierno-propio-y-autonomia\/","name":"Informativo Regional AMCIC: Firma de Ratificaci\u00f3n de Acuerdos con Gobierno Nacional para la Operatividad en lo territorial, Gobierno Propio y Autonom\u00eda - Consejo Regional Ind\u00edgena del Cauca - CRIC","isPartOf":{"@id":"https:\/\/www.cric-colombia.org\/portal\/#website"},"datePublished":"2016-06-18T14:29:22+00:00","dateModified":"2016-09-17T00:15:57+00:00","breadcrumb":{"@id":"https:\/\/www.cric-colombia.org\/portal\/informativo-regional-amcic-firma-de-ratificacion-de-acuerdos-con-gobierno-nacional-para-la-operatividad-en-lo-territorial-gobierno-propio-y-autonomia\/#breadcrumb"},"inLanguage":"es","potentialAction":[{"@type":"ReadAction","target":["https:\/\/www.cric-colombia.org\/portal\/informativo-regional-amcic-firma-de-ratificacion-de-acuerdos-con-gobierno-nacional-para-la-operatividad-en-lo-territorial-gobierno-propio-y-autonomia\/"]}]},{"@type":"BreadcrumbList","@id":"https:\/\/www.cric-colombia.org\/portal\/informativo-regional-amcic-firma-de-ratificacion-de-acuerdos-con-gobierno-nacional-para-la-operatividad-en-lo-territorial-gobierno-propio-y-autonomia\/#breadcrumb","itemListElement":[{"@type":"ListItem","position":1,"name":"Portada","item":"https:\/\/www.cric-colombia.org\/portal\/"},{"@type":"ListItem","position":2,"name":"Informativo Regional AMCIC: Firma de Ratificaci\u00f3n de Acuerdos con Gobierno Nacional para la Operatividad en lo territorial, Gobierno Propio y Autonom\u00eda"}]},{"@type":"WebSite","@id":"https:\/\/www.cric-colombia.org\/portal\/#website","url":"https:\/\/www.cric-colombia.org\/portal\/","name":"Consejo Regional Ind\u00edgena del Cauca - CRIC","description":"P\u00e1gina oficial del Consejo Regional Ind\u00edgena del Cauca, Colombia","publisher":{"@id":"https:\/\/www.cric-colombia.org\/portal\/#organization"},"potentialAction":[{"@type":"SearchAction","target":{"@type":"EntryPoint","urlTemplate":"https:\/\/www.cric-colombia.org\/portal\/?s={search_term_string}"},"query-input":"required name=search_term_string"}],"inLanguage":"es"},{"@type":"Organization","@id":"https:\/\/www.cric-colombia.org\/portal\/#organization","name":"Consejo Regional Ind\u00edgena del Cauca","url":"https:\/\/www.cric-colombia.org\/portal\/","logo":{"@type":"ImageObject","inLanguage":"es","@id":"https:\/\/www.cric-colombia.org\/portal\/#\/schema\/logo\/image\/","url":"https:\/\/www.cric-colombia.org\/portal\/wp-content\/uploads\/2015\/08\/logo_cric.jpg","contentUrl":"https:\/\/www.cric-colombia.org\/portal\/wp-content\/uploads\/2015\/08\/logo_cric.jpg","width":512,"height":512,"caption":"Consejo Regional Ind\u00edgena del Cauca"},"image":{"@id":"https:\/\/www.cric-colombia.org\/portal\/#\/schema\/logo\/image\/"},"sameAs":["https:\/\/www.facebook.com\/cric.colombia\/","https:\/\/twitter.com\/CRIC_Cauca"]},{"@type":"Person","@id":"https:\/\/www.cric-colombia.org\/portal\/#\/schema\/person\/ab3a3099267de33d55f74f34ba201931","name":"Comunicaciones CRIC","image":{"@type":"ImageObject","inLanguage":"es","@id":"https:\/\/www.cric-colombia.org\/portal\/#\/schema\/person\/image\/","url":"https:\/\/secure.gravatar.com\/avatar\/a8d1a6cfcb82a80d09dafefdcc3dcc8a?s=96&d=retro&r=g","contentUrl":"https:\/\/secure.gravatar.com\/avatar\/a8d1a6cfcb82a80d09dafefdcc3dcc8a?s=96&d=retro&r=g","caption":"Comunicaciones CRIC"},"url":"https:\/\/www.cric-colombia.org\/portal\/author\/comunicaciones\/"}]}},"jetpack_featured_media_url":"https:\/\/www.cric-colombia.org\/portal\/wp-content\/uploads\/2015\/08\/logo_cric.jpg","_links":{"self":[{"href":"https:\/\/www.cric-colombia.org\/portal\/wp-json\/wp\/v2\/posts\/14151"}],"collection":[{"href":"https:\/\/www.cric-colombia.org\/portal\/wp-json\/wp\/v2\/posts"}],"about":[{"href":"https:\/\/www.cric-colombia.org\/portal\/wp-json\/wp\/v2\/types\/post"}],"author":[{"embeddable":true,"href":"https:\/\/www.cric-colombia.org\/portal\/wp-json\/wp\/v2\/users\/6"}],"replies":[{"embeddable":true,"href":"https:\/\/www.cric-colombia.org\/portal\/wp-json\/wp\/v2\/comments?post=14151"}],"version-history":[{"count":1,"href":"https:\/\/www.cric-colombia.org\/portal\/wp-json\/wp\/v2\/posts\/14151\/revisions"}],"predecessor-version":[{"id":14152,"href":"https:\/\/www.cric-colombia.org\/portal\/wp-json\/wp\/v2\/posts\/14151\/revisions\/14152"}],"wp:featuredmedia":[{"embeddable":true,"href":"https:\/\/www.cric-colombia.org\/portal\/wp-json\/wp\/v2\/media\/11467"}],"wp:attachment":[{"href":"https:\/\/www.cric-colombia.org\/portal\/wp-json\/wp\/v2\/media?parent=14151"}],"wp:term":[{"taxonomy":"category","embeddable":true,"href":"https:\/\/www.cric-colombia.org\/portal\/wp-json\/wp\/v2\/categories?post=14151"},{"taxonomy":"post_tag","embeddable":true,"href":"https:\/\/www.cric-colombia.org\/portal\/wp-json\/wp\/v2\/tags?post=14151"}],"curies":[{"name":"wp","href":"https:\/\/api.w.org\/{rel}","templated":true}]}}