{"id":13697,"date":"2016-05-20T21:06:07","date_gmt":"2016-05-21T02:06:07","guid":{"rendered":"http:\/\/www.cric-colombia.org\/portal\/?p=13697"},"modified":"2016-05-20T21:08:11","modified_gmt":"2016-05-21T02:08:11","slug":"convocamos-a-la-solidaridad-por-la-audiencia-de-casacion-de-nuestro-companero-indigena-feliciano-valencia","status":"publish","type":"post","link":"https:\/\/www.cric-colombia.org\/portal\/convocamos-a-la-solidaridad-por-la-audiencia-de-casacion-de-nuestro-companero-indigena-feliciano-valencia\/","title":{"rendered":"Convocamos a la Solidaridad por la Audiencia de Casaci\u00f3n de Nuestro Compa\u00f1ero Ind\u00edgena Feliciano Valencia"},"content":{"rendered":"<p style=\"text-align: justify;\">En el a\u00f1o de 1991 la Constituci\u00f3n Pol\u00edtica de Colombia, reconoci\u00f3 a trav\u00e9s del articulo 246 el derecho a la Jurisdicci\u00f3n Especial ind\u00edgena (JEI) para los pueblos ind\u00edgenas en el pa\u00eds, el cual ha sido ejercido por las autoridades ind\u00edgenas y garantizado por el Estado colombiano especialmente a trav\u00e9s de sentencias proferidas por la Corte Constitucional de Colombia.<!--more--><\/p>\n<p style=\"text-align: justify;\">El art\u00edculo 246 de la Constituci\u00f3n Pol\u00edtica se encuentra hay amenazado, debido a la sentencia proferida por el Tribunal Superior de Popay\u00e1n el d\u00eda 10 de septiembre de 2015, en la cual, se condena al l\u00edder ind\u00edgena Feliciano Valencia a 192 meses de prisi\u00f3n como autor del delito de SECUESTRO SIMPLE AGRAVADO, por hechos ocurridos durante la minga de octubre de 2008 en el territorio ind\u00edgena de La Mar\u00eda &#8211; Piendam\u00f3, donde integrantes de la Guardia ind\u00edgena en ejercicio de autoridad detuvieron al Cabo Tercero del Ej\u00e9rcito JAIRO DANILO CHAPARRAL, quien puso en peligro la realizaci\u00f3n de la misma al infiltrarse en la movilizaci\u00f3n, raz\u00f3n por la cual se le aplico remedio seg\u00fan mandato comunitario. Cabe mencionarse que Feliciano Valencia fue absuelto en primera instancia seg\u00fan fallo proferido el d\u00eda 24 de marzo de 2015 por el Juzgado Primero penal del circuito Especializado de Popay\u00e1n.<\/p>\n<p style=\"text-align: justify;\">Ante la actual situaci\u00f3n jur\u00eddica de Feliciano, se interpuso el recurso extraordinario de casaci\u00f3n penal ante la Corete Suprema de Justicia &#8211; sala de casaci\u00f3n penal, demanda que fue admitida el d\u00eda 10 de diciembre de 2015, pues re\u00fane los presupuestos establecidos en los art\u00edculos 181 y siguientes de la ley 906 de 2004. El pr\u00f3ximo 23 de mayo de 2016, esta instancia decidir\u00e1 la situaci\u00f3n de Feliciano, fallo que esperamos sea en derecho, dejando en libertad a Feliciano y ratifique la garant\u00eda por parte del Estado colombiano a lo consagrado en el art\u00edculo 246 de la carta magna.<\/p>\n<p style=\"text-align: justify;\">Convocamos a los diferentes sectores sociales y populares: afrodescendiente, ind\u00edgenas, campesinos, estudiantes, sindicatos, defensores de derechos humanos, al Sistema de Naciones Unidas, a la Defensor\u00eda del Pueblo y a todos los sectores democr\u00e1ticos del pa\u00eds, el pr\u00f3ximo lunes 23 de mayo de 2016 a las 3:30 pm. a estar atentos al fallo de la Sala Penal de la Corte Suprema de justicia y se unan a la defensa del Pacto Social del a\u00f1o de 1991 que reconoci\u00f3 importantes.<\/p>\n<p>Derechos a los pueblos ind\u00edgenas del pa\u00eds.<\/p>\n<p>S\u00edguenos Twitter @acincauca<\/p>\n<p>Movamos la etiqueta #FelicianoLibreYA<\/p>\n<p>Tuiteraton domingo 22 de mayo a las 8 pm<\/p>\n<p style=\"text-align: center;\"><strong>CONSEJER\u00cdA MAYOR DE LA CXHAB WALA KLINE-ACIN<\/strong><\/p>\n<p style=\"text-align: center;\"><b>CONSEJER\u00cdA<\/b><strong>\u00a0MAYOR DEL CRIC<\/strong><\/p>\n<p>Santander do Quilichao, 18 de Mayo de 2016.<\/p>\n","protected":false},"excerpt":{"rendered":"<p>En el a\u00f1o de 1991 la Constituci\u00f3n Pol\u00edtica de Colombia, reconoci\u00f3 a trav\u00e9s del articulo 246 el derecho a la Jurisdicci\u00f3n Especial ind\u00edgena (JEI) para los pueblos ind\u00edgenas en el pa\u00eds, el cual ha sido ejercido por las autoridades ind\u00edgenas y garantizado por el Estado colombiano especialmente a trav\u00e9s de sentencias proferidas por la Corte <\/p>\n","protected":false},"author":6,"featured_media":11467,"comment_status":"open","ping_status":"open","sticky":false,"template":"","format":"standard","meta":{"footnotes":""},"categories":[3,19],"tags":[],"yoast_head":"<!-- This site is optimized with the Yoast SEO plugin v20.12 - https:\/\/yoast.com\/wordpress\/plugins\/seo\/ -->\n<title>Convocamos a la Solidaridad por la Audiencia de Casaci\u00f3n de Nuestro Compa\u00f1ero Ind\u00edgena Feliciano Valencia - Consejo Regional Ind\u00edgena del Cauca - CRIC<\/title>\n<meta name=\"robots\" content=\"index, follow, max-snippet:-1, max-image-preview:large, max-video-preview:-1\" \/>\n<link rel=\"canonical\" href=\"https:\/\/www.cric-colombia.org\/portal\/convocamos-a-la-solidaridad-por-la-audiencia-de-casacion-de-nuestro-companero-indigena-feliciano-valencia\/\" \/>\n<meta property=\"og:locale\" content=\"es_ES\" \/>\n<meta property=\"og:type\" content=\"article\" \/>\n<meta property=\"og:title\" content=\"Convocamos a la Solidaridad por la Audiencia de Casaci\u00f3n de Nuestro Compa\u00f1ero Ind\u00edgena Feliciano Valencia - Consejo Regional Ind\u00edgena del Cauca - CRIC\" \/>\n<meta property=\"og:description\" content=\"En el a\u00f1o de 1991 la Constituci\u00f3n Pol\u00edtica de Colombia, reconoci\u00f3 a trav\u00e9s del articulo 246 el derecho a la Jurisdicci\u00f3n Especial ind\u00edgena (JEI) para los pueblos ind\u00edgenas en el pa\u00eds, el cual ha sido ejercido por las autoridades ind\u00edgenas y garantizado por el Estado colombiano especialmente a trav\u00e9s de sentencias proferidas por la Corte\" \/>\n<meta property=\"og:url\" content=\"https:\/\/www.cric-colombia.org\/portal\/convocamos-a-la-solidaridad-por-la-audiencia-de-casacion-de-nuestro-companero-indigena-feliciano-valencia\/\" \/>\n<meta property=\"og:site_name\" content=\"Consejo Regional Ind\u00edgena del Cauca - CRIC\" \/>\n<meta property=\"article:publisher\" content=\"https:\/\/www.facebook.com\/cric.colombia\/\" \/>\n<meta property=\"article:published_time\" content=\"2016-05-21T02:06:07+00:00\" \/>\n<meta property=\"article:modified_time\" content=\"2016-05-21T02:08:11+00:00\" \/>\n<meta property=\"og:image\" content=\"https:\/\/www.cric-colombia.org\/portal\/wp-content\/uploads\/2015\/08\/logo_cric.jpg\" \/>\n\t<meta property=\"og:image:width\" content=\"512\" \/>\n\t<meta property=\"og:image:height\" content=\"512\" \/>\n\t<meta property=\"og:image:type\" content=\"image\/jpeg\" \/>\n<meta name=\"author\" content=\"Comunicaciones CRIC\" \/>\n<meta name=\"twitter:card\" content=\"summary_large_image\" \/>\n<meta name=\"twitter:creator\" content=\"@CRIC_Cauca\" \/>\n<meta name=\"twitter:site\" content=\"@CRIC_Cauca\" \/>\n<meta name=\"twitter:label1\" content=\"Escrito por\" \/>\n\t<meta name=\"twitter:data1\" content=\"Comunicaciones CRIC\" \/>\n\t<meta name=\"twitter:label2\" content=\"Tiempo de lectura\" \/>\n\t<meta name=\"twitter:data2\" content=\"2 minutos\" \/>\n<script type=\"application\/ld+json\" class=\"yoast-schema-graph\">{\"@context\":\"https:\/\/schema.org\",\"@graph\":[{\"@type\":\"Article\",\"@id\":\"https:\/\/www.cric-colombia.org\/portal\/convocamos-a-la-solidaridad-por-la-audiencia-de-casacion-de-nuestro-companero-indigena-feliciano-valencia\/#article\",\"isPartOf\":{\"@id\":\"https:\/\/www.cric-colombia.org\/portal\/convocamos-a-la-solidaridad-por-la-audiencia-de-casacion-de-nuestro-companero-indigena-feliciano-valencia\/\"},\"author\":{\"name\":\"Comunicaciones CRIC\",\"@id\":\"https:\/\/www.cric-colombia.org\/portal\/#\/schema\/person\/ab3a3099267de33d55f74f34ba201931\"},\"headline\":\"Convocamos a la Solidaridad por la Audiencia de Casaci\u00f3n de Nuestro Compa\u00f1ero Ind\u00edgena Feliciano Valencia\",\"datePublished\":\"2016-05-21T02:06:07+00:00\",\"dateModified\":\"2016-05-21T02:08:11+00:00\",\"mainEntityOfPage\":{\"@id\":\"https:\/\/www.cric-colombia.org\/portal\/convocamos-a-la-solidaridad-por-la-audiencia-de-casacion-de-nuestro-companero-indigena-feliciano-valencia\/\"},\"wordCount\":466,\"commentCount\":0,\"publisher\":{\"@id\":\"https:\/\/www.cric-colombia.org\/portal\/#organization\"},\"articleSection\":[\"Actualidad Ind\u00edgena del Cauca\",\"Comunicados de prensa\"],\"inLanguage\":\"es\",\"potentialAction\":[{\"@type\":\"CommentAction\",\"name\":\"Comment\",\"target\":[\"https:\/\/www.cric-colombia.org\/portal\/convocamos-a-la-solidaridad-por-la-audiencia-de-casacion-de-nuestro-companero-indigena-feliciano-valencia\/#respond\"]}]},{\"@type\":\"WebPage\",\"@id\":\"https:\/\/www.cric-colombia.org\/portal\/convocamos-a-la-solidaridad-por-la-audiencia-de-casacion-de-nuestro-companero-indigena-feliciano-valencia\/\",\"url\":\"https:\/\/www.cric-colombia.org\/portal\/convocamos-a-la-solidaridad-por-la-audiencia-de-casacion-de-nuestro-companero-indigena-feliciano-valencia\/\",\"name\":\"Convocamos a la Solidaridad por la Audiencia de Casaci\u00f3n de Nuestro Compa\u00f1ero Ind\u00edgena Feliciano Valencia - Consejo Regional Ind\u00edgena del Cauca - CRIC\",\"isPartOf\":{\"@id\":\"https:\/\/www.cric-colombia.org\/portal\/#website\"},\"datePublished\":\"2016-05-21T02:06:07+00:00\",\"dateModified\":\"2016-05-21T02:08:11+00:00\",\"breadcrumb\":{\"@id\":\"https:\/\/www.cric-colombia.org\/portal\/convocamos-a-la-solidaridad-por-la-audiencia-de-casacion-de-nuestro-companero-indigena-feliciano-valencia\/#breadcrumb\"},\"inLanguage\":\"es\",\"potentialAction\":[{\"@type\":\"ReadAction\",\"target\":[\"https:\/\/www.cric-colombia.org\/portal\/convocamos-a-la-solidaridad-por-la-audiencia-de-casacion-de-nuestro-companero-indigena-feliciano-valencia\/\"]}]},{\"@type\":\"BreadcrumbList\",\"@id\":\"https:\/\/www.cric-colombia.org\/portal\/convocamos-a-la-solidaridad-por-la-audiencia-de-casacion-de-nuestro-companero-indigena-feliciano-valencia\/#breadcrumb\",\"itemListElement\":[{\"@type\":\"ListItem\",\"position\":1,\"name\":\"Portada\",\"item\":\"https:\/\/www.cric-colombia.org\/portal\/\"},{\"@type\":\"ListItem\",\"position\":2,\"name\":\"Convocamos a la Solidaridad por la Audiencia de Casaci\u00f3n de Nuestro Compa\u00f1ero Ind\u00edgena Feliciano Valencia\"}]},{\"@type\":\"WebSite\",\"@id\":\"https:\/\/www.cric-colombia.org\/portal\/#website\",\"url\":\"https:\/\/www.cric-colombia.org\/portal\/\",\"name\":\"Consejo Regional Ind\u00edgena del Cauca - CRIC\",\"description\":\"P\u00e1gina oficial del Consejo Regional Ind\u00edgena del Cauca, Colombia\",\"publisher\":{\"@id\":\"https:\/\/www.cric-colombia.org\/portal\/#organization\"},\"potentialAction\":[{\"@type\":\"SearchAction\",\"target\":{\"@type\":\"EntryPoint\",\"urlTemplate\":\"https:\/\/www.cric-colombia.org\/portal\/?s={search_term_string}\"},\"query-input\":\"required name=search_term_string\"}],\"inLanguage\":\"es\"},{\"@type\":\"Organization\",\"@id\":\"https:\/\/www.cric-colombia.org\/portal\/#organization\",\"name\":\"Consejo Regional Ind\u00edgena del Cauca\",\"url\":\"https:\/\/www.cric-colombia.org\/portal\/\",\"logo\":{\"@type\":\"ImageObject\",\"inLanguage\":\"es\",\"@id\":\"https:\/\/www.cric-colombia.org\/portal\/#\/schema\/logo\/image\/\",\"url\":\"https:\/\/www.cric-colombia.org\/portal\/wp-content\/uploads\/2015\/08\/logo_cric.jpg\",\"contentUrl\":\"https:\/\/www.cric-colombia.org\/portal\/wp-content\/uploads\/2015\/08\/logo_cric.jpg\",\"width\":512,\"height\":512,\"caption\":\"Consejo Regional Ind\u00edgena del Cauca\"},\"image\":{\"@id\":\"https:\/\/www.cric-colombia.org\/portal\/#\/schema\/logo\/image\/\"},\"sameAs\":[\"https:\/\/www.facebook.com\/cric.colombia\/\",\"https:\/\/twitter.com\/CRIC_Cauca\"]},{\"@type\":\"Person\",\"@id\":\"https:\/\/www.cric-colombia.org\/portal\/#\/schema\/person\/ab3a3099267de33d55f74f34ba201931\",\"name\":\"Comunicaciones CRIC\",\"image\":{\"@type\":\"ImageObject\",\"inLanguage\":\"es\",\"@id\":\"https:\/\/www.cric-colombia.org\/portal\/#\/schema\/person\/image\/\",\"url\":\"https:\/\/secure.gravatar.com\/avatar\/a8d1a6cfcb82a80d09dafefdcc3dcc8a?s=96&d=retro&r=g\",\"contentUrl\":\"https:\/\/secure.gravatar.com\/avatar\/a8d1a6cfcb82a80d09dafefdcc3dcc8a?s=96&d=retro&r=g\",\"caption\":\"Comunicaciones CRIC\"},\"url\":\"https:\/\/www.cric-colombia.org\/portal\/author\/comunicaciones\/\"}]}<\/script>\n<!-- \/ Yoast SEO plugin. -->","yoast_head_json":{"title":"Convocamos a la Solidaridad por la Audiencia de Casaci\u00f3n de Nuestro Compa\u00f1ero Ind\u00edgena Feliciano Valencia - Consejo Regional Ind\u00edgena del Cauca - CRIC","robots":{"index":"index","follow":"follow","max-snippet":"max-snippet:-1","max-image-preview":"max-image-preview:large","max-video-preview":"max-video-preview:-1"},"canonical":"https:\/\/www.cric-colombia.org\/portal\/convocamos-a-la-solidaridad-por-la-audiencia-de-casacion-de-nuestro-companero-indigena-feliciano-valencia\/","og_locale":"es_ES","og_type":"article","og_title":"Convocamos a la Solidaridad por la Audiencia de Casaci\u00f3n de Nuestro Compa\u00f1ero Ind\u00edgena Feliciano Valencia - Consejo Regional Ind\u00edgena del Cauca - CRIC","og_description":"En el a\u00f1o de 1991 la Constituci\u00f3n Pol\u00edtica de Colombia, reconoci\u00f3 a trav\u00e9s del articulo 246 el derecho a la Jurisdicci\u00f3n Especial ind\u00edgena (JEI) para los pueblos ind\u00edgenas en el pa\u00eds, el cual ha sido ejercido por las autoridades ind\u00edgenas y garantizado por el Estado colombiano especialmente a trav\u00e9s de sentencias proferidas por la Corte","og_url":"https:\/\/www.cric-colombia.org\/portal\/convocamos-a-la-solidaridad-por-la-audiencia-de-casacion-de-nuestro-companero-indigena-feliciano-valencia\/","og_site_name":"Consejo Regional Ind\u00edgena del Cauca - CRIC","article_publisher":"https:\/\/www.facebook.com\/cric.colombia\/","article_published_time":"2016-05-21T02:06:07+00:00","article_modified_time":"2016-05-21T02:08:11+00:00","og_image":[{"width":512,"height":512,"url":"https:\/\/www.cric-colombia.org\/portal\/wp-content\/uploads\/2015\/08\/logo_cric.jpg","type":"image\/jpeg"}],"author":"Comunicaciones CRIC","twitter_card":"summary_large_image","twitter_creator":"@CRIC_Cauca","twitter_site":"@CRIC_Cauca","twitter_misc":{"Escrito por":"Comunicaciones CRIC","Tiempo de lectura":"2 minutos"},"schema":{"@context":"https:\/\/schema.org","@graph":[{"@type":"Article","@id":"https:\/\/www.cric-colombia.org\/portal\/convocamos-a-la-solidaridad-por-la-audiencia-de-casacion-de-nuestro-companero-indigena-feliciano-valencia\/#article","isPartOf":{"@id":"https:\/\/www.cric-colombia.org\/portal\/convocamos-a-la-solidaridad-por-la-audiencia-de-casacion-de-nuestro-companero-indigena-feliciano-valencia\/"},"author":{"name":"Comunicaciones CRIC","@id":"https:\/\/www.cric-colombia.org\/portal\/#\/schema\/person\/ab3a3099267de33d55f74f34ba201931"},"headline":"Convocamos a la Solidaridad por la Audiencia de Casaci\u00f3n de Nuestro Compa\u00f1ero Ind\u00edgena Feliciano Valencia","datePublished":"2016-05-21T02:06:07+00:00","dateModified":"2016-05-21T02:08:11+00:00","mainEntityOfPage":{"@id":"https:\/\/www.cric-colombia.org\/portal\/convocamos-a-la-solidaridad-por-la-audiencia-de-casacion-de-nuestro-companero-indigena-feliciano-valencia\/"},"wordCount":466,"commentCount":0,"publisher":{"@id":"https:\/\/www.cric-colombia.org\/portal\/#organization"},"articleSection":["Actualidad Ind\u00edgena del Cauca","Comunicados de prensa"],"inLanguage":"es","potentialAction":[{"@type":"CommentAction","name":"Comment","target":["https:\/\/www.cric-colombia.org\/portal\/convocamos-a-la-solidaridad-por-la-audiencia-de-casacion-de-nuestro-companero-indigena-feliciano-valencia\/#respond"]}]},{"@type":"WebPage","@id":"https:\/\/www.cric-colombia.org\/portal\/convocamos-a-la-solidaridad-por-la-audiencia-de-casacion-de-nuestro-companero-indigena-feliciano-valencia\/","url":"https:\/\/www.cric-colombia.org\/portal\/convocamos-a-la-solidaridad-por-la-audiencia-de-casacion-de-nuestro-companero-indigena-feliciano-valencia\/","name":"Convocamos a la Solidaridad por la Audiencia de Casaci\u00f3n de Nuestro Compa\u00f1ero Ind\u00edgena Feliciano Valencia - Consejo Regional Ind\u00edgena del Cauca - CRIC","isPartOf":{"@id":"https:\/\/www.cric-colombia.org\/portal\/#website"},"datePublished":"2016-05-21T02:06:07+00:00","dateModified":"2016-05-21T02:08:11+00:00","breadcrumb":{"@id":"https:\/\/www.cric-colombia.org\/portal\/convocamos-a-la-solidaridad-por-la-audiencia-de-casacion-de-nuestro-companero-indigena-feliciano-valencia\/#breadcrumb"},"inLanguage":"es","potentialAction":[{"@type":"ReadAction","target":["https:\/\/www.cric-colombia.org\/portal\/convocamos-a-la-solidaridad-por-la-audiencia-de-casacion-de-nuestro-companero-indigena-feliciano-valencia\/"]}]},{"@type":"BreadcrumbList","@id":"https:\/\/www.cric-colombia.org\/portal\/convocamos-a-la-solidaridad-por-la-audiencia-de-casacion-de-nuestro-companero-indigena-feliciano-valencia\/#breadcrumb","itemListElement":[{"@type":"ListItem","position":1,"name":"Portada","item":"https:\/\/www.cric-colombia.org\/portal\/"},{"@type":"ListItem","position":2,"name":"Convocamos a la Solidaridad por la Audiencia de Casaci\u00f3n de Nuestro Compa\u00f1ero Ind\u00edgena Feliciano Valencia"}]},{"@type":"WebSite","@id":"https:\/\/www.cric-colombia.org\/portal\/#website","url":"https:\/\/www.cric-colombia.org\/portal\/","name":"Consejo Regional Ind\u00edgena del Cauca - CRIC","description":"P\u00e1gina oficial del Consejo Regional Ind\u00edgena del Cauca, Colombia","publisher":{"@id":"https:\/\/www.cric-colombia.org\/portal\/#organization"},"potentialAction":[{"@type":"SearchAction","target":{"@type":"EntryPoint","urlTemplate":"https:\/\/www.cric-colombia.org\/portal\/?s={search_term_string}"},"query-input":"required name=search_term_string"}],"inLanguage":"es"},{"@type":"Organization","@id":"https:\/\/www.cric-colombia.org\/portal\/#organization","name":"Consejo Regional Ind\u00edgena del Cauca","url":"https:\/\/www.cric-colombia.org\/portal\/","logo":{"@type":"ImageObject","inLanguage":"es","@id":"https:\/\/www.cric-colombia.org\/portal\/#\/schema\/logo\/image\/","url":"https:\/\/www.cric-colombia.org\/portal\/wp-content\/uploads\/2015\/08\/logo_cric.jpg","contentUrl":"https:\/\/www.cric-colombia.org\/portal\/wp-content\/uploads\/2015\/08\/logo_cric.jpg","width":512,"height":512,"caption":"Consejo Regional Ind\u00edgena del Cauca"},"image":{"@id":"https:\/\/www.cric-colombia.org\/portal\/#\/schema\/logo\/image\/"},"sameAs":["https:\/\/www.facebook.com\/cric.colombia\/","https:\/\/twitter.com\/CRIC_Cauca"]},{"@type":"Person","@id":"https:\/\/www.cric-colombia.org\/portal\/#\/schema\/person\/ab3a3099267de33d55f74f34ba201931","name":"Comunicaciones CRIC","image":{"@type":"ImageObject","inLanguage":"es","@id":"https:\/\/www.cric-colombia.org\/portal\/#\/schema\/person\/image\/","url":"https:\/\/secure.gravatar.com\/avatar\/a8d1a6cfcb82a80d09dafefdcc3dcc8a?s=96&d=retro&r=g","contentUrl":"https:\/\/secure.gravatar.com\/avatar\/a8d1a6cfcb82a80d09dafefdcc3dcc8a?s=96&d=retro&r=g","caption":"Comunicaciones CRIC"},"url":"https:\/\/www.cric-colombia.org\/portal\/author\/comunicaciones\/"}]}},"jetpack_featured_media_url":"https:\/\/www.cric-colombia.org\/portal\/wp-content\/uploads\/2015\/08\/logo_cric.jpg","_links":{"self":[{"href":"https:\/\/www.cric-colombia.org\/portal\/wp-json\/wp\/v2\/posts\/13697"}],"collection":[{"href":"https:\/\/www.cric-colombia.org\/portal\/wp-json\/wp\/v2\/posts"}],"about":[{"href":"https:\/\/www.cric-colombia.org\/portal\/wp-json\/wp\/v2\/types\/post"}],"author":[{"embeddable":true,"href":"https:\/\/www.cric-colombia.org\/portal\/wp-json\/wp\/v2\/users\/6"}],"replies":[{"embeddable":true,"href":"https:\/\/www.cric-colombia.org\/portal\/wp-json\/wp\/v2\/comments?post=13697"}],"version-history":[{"count":2,"href":"https:\/\/www.cric-colombia.org\/portal\/wp-json\/wp\/v2\/posts\/13697\/revisions"}],"predecessor-version":[{"id":13700,"href":"https:\/\/www.cric-colombia.org\/portal\/wp-json\/wp\/v2\/posts\/13697\/revisions\/13700"}],"wp:featuredmedia":[{"embeddable":true,"href":"https:\/\/www.cric-colombia.org\/portal\/wp-json\/wp\/v2\/media\/11467"}],"wp:attachment":[{"href":"https:\/\/www.cric-colombia.org\/portal\/wp-json\/wp\/v2\/media?parent=13697"}],"wp:term":[{"taxonomy":"category","embeddable":true,"href":"https:\/\/www.cric-colombia.org\/portal\/wp-json\/wp\/v2\/categories?post=13697"},{"taxonomy":"post_tag","embeddable":true,"href":"https:\/\/www.cric-colombia.org\/portal\/wp-json\/wp\/v2\/tags?post=13697"}],"curies":[{"name":"wp","href":"https:\/\/api.w.org\/{rel}","templated":true}]}}