{"id":12348,"date":"2016-01-12T15:53:26","date_gmt":"2016-01-12T15:53:26","guid":{"rendered":"http:\/\/www.cric-colombia.org\/portal\/?p=12348"},"modified":"2017-01-12T11:14:17","modified_gmt":"2017-01-12T16:14:17","slug":"milciades-trochez-guardian-de-la-naturaleza-el-territorio-y-la-vida","status":"publish","type":"post","link":"https:\/\/www.cric-colombia.org\/portal\/milciades-trochez-guardian-de-la-naturaleza-el-territorio-y-la-vida\/","title":{"rendered":"Milciades  Trochez guardi\u00e1n de la naturaleza, el Territorio y la vida"},"content":{"rendered":"<p style=\"text-align: justify;\"><strong><em>\u201cA los que llamamos muertos, est\u00e1n m\u00e1s vivos que nosotros y su esp\u00edritu sigue acompa\u00f1ando nuestro caminar, con sus acciones y ense\u00f1anzas\u201d. Pensamiento del pueblo Nasa <\/em><\/strong><\/p>\n<p style=\"text-align: justify;\">MILCIADES TROCHEZ CONDA, ind\u00edgena del pueblo Nasa, \u00a0naci\u00f3 el d\u00eda 11 de Abril de 1972 en la Vereda Loma Gruesa, hijo de ANTONIO JOSE TROCHEZ ESCUE y ANA MARIA CONDA FERNANDEZ, su n\u00facleo familiar estuvo conformado por la compa\u00f1era ROSALBA IPIA ULCUE, con quien tuvo dos hijos.<!--more--><\/p>\n<p style=\"text-align: justify;\">Estudi\u00f3 en la Escuela de Loma Gruesa, camino el proceso del movimiento ind\u00edgena siendo cabildante en el a\u00f1o 1992 a 1994, asumi\u00f3\u00a0 responsabilidades en la Junta de Acci\u00f3n Comunal de la Vereda de Loma Gruesa, luego la experiencia de trabajo comunitario\u00a0 le permiti\u00f3 asumir con altura y responsabilidad la coordinaci\u00f3n de la Guardia Ind\u00edgena del Territorio de Jambal\u00f3, orientada a la defensa del territorio y la vida de los pueblos ind\u00edgena del Cauca y de Colombia.<\/p>\n<p style=\"text-align: justify;\"><a href=\"https:\/\/www.cric-colombia.org\/portal\/wp-content\/uploads\/2016\/01\/Melciades_Troches_Jambalo.jpg\"><img decoding=\"async\" loading=\"lazy\" class=\"alignright size-medium wp-image-12360\" src=\"https:\/\/www.cric-colombia.org\/portal\/wp-content\/uploads\/2016\/01\/Melciades_Troches_Jambalo-300x225.jpg\" alt=\"Melciades_Troches_Jambalo\" width=\"300\" height=\"225\" srcset=\"https:\/\/www.cric-colombia.org\/portal\/wp-content\/uploads\/2016\/01\/Melciades_Troches_Jambalo-300x225.jpg 300w, https:\/\/www.cric-colombia.org\/portal\/wp-content\/uploads\/2016\/01\/Melciades_Troches_Jambalo-80x60.jpg 80w, https:\/\/www.cric-colombia.org\/portal\/wp-content\/uploads\/2016\/01\/Melciades_Troches_Jambalo-265x198.jpg 265w, https:\/\/www.cric-colombia.org\/portal\/wp-content\/uploads\/2016\/01\/Melciades_Troches_Jambalo-560x420.jpg 560w, https:\/\/www.cric-colombia.org\/portal\/wp-content\/uploads\/2016\/01\/Melciades_Troches_Jambalo.jpg 567w\" sizes=\"(max-width: 300px) 100vw, 300px\" \/><\/a>En el caminar por las exigencias de los Derechos Ind\u00edgenas,\u00a0 particip\u00f3 en los distintos espacios organizativos y comunitarios; realiz\u00f3 el diplomado de\u00a0 Miner\u00eda y Derechos Humanos, en las discusiones para el fortalecimiento del Plan de Vida de Jambal\u00f3, insistiendo en las responsabilidades en el marco de las orientaciones del Proyecto Global y decisiones de los congresos ind\u00edgenas del Cauca. Siempre\u00a0 aconseja no olvidar el camino trazado\u00a0 por nuestros ancestros, reiteraba no olvidar \u00a0la reconstrucci\u00f3n del Plan de Vida Veredal, para que los ni\u00f1os y j\u00f3venes permanezcan en una comunidad con DIGNIDAD. Por los grandes aportes pol\u00edticos y de resistencia ind\u00edgena, la UNESCO le da el t\u00edtulo de <strong>Maestro de la Sabidur\u00eda.<\/strong><\/p>\n<p style=\"text-align: justify;\">En el caminar de la familia, fue enf\u00e1tico en la posibilidad de aunar esfuerzos para ser aut\u00f3nomos y contar con condiciones de vida,\u00a0 por ello retoma la estrategia del truque,\u00a0 el Saakhelu y dem\u00e1s pr\u00e1cticas culturales de nuestros pueblos Ind\u00edgenas. As\u00ed mismo orienta mantener el respeto por la naturaleza y el territorio se sostiene como gran defensor de la Guardia Ind\u00edgena. Por ello Milciades siempre ser\u00e1 un guardi\u00e1n de la naturaleza, el Territorio y la vida.<\/p>\n<p style=\"text-align: justify;\">MILCIADES TROCHEZ CONDA, fue vilmente asesinado el d\u00eda 12 de Enero del 2012, en la salida del corregimiento del Palo del Municipio de Caloto cuando se trasladaba de la vereda Loma Gruesa en su campero Toyota, hacia la ciudad de Santander de Quilichao Cauca.<\/p>\n<p style=\"text-align: justify;\">Hoy conmemoramos cuatro a\u00f1os de su repentina ausencia, sin embargo llevamos sembradas sus ideas, sus ense\u00f1anzas y\u00a0 las acciones de vida que desde los distintos espacios, sembr\u00f3 y camino el compa\u00f1ero MILCIADES.<\/p>\n<p style=\"text-align: justify;\"><strong>\u00a1Milciades vive, vive\u2026.La lucha sigue, sigue!.<\/strong><\/p>\n<!--[if lt IE 9]><script>document.createElement('audio');<\/script><![endif]-->\n<audio class=\"wp-audio-shortcode\" id=\"audio-12348-1\" preload=\"none\" style=\"width: 100%;\" controls=\"controls\"><source type=\"audio\/mpeg\" src=\"http:\/\/co.ivoox.com\/es\/en-memoria-a-gran-lider-milsiades-trochez_md_10045880_wp_1.mp3?_=1\" \/><a href=\"http:\/\/co.ivoox.com\/es\/en-memoria-a-gran-lider-milsiades-trochez_md_10045880_wp_1.mp3\">http:\/\/co.ivoox.com\/es\/en-memoria-a-gran-lider-milsiades-trochez_md_10045880_wp_1.mp3<\/a><\/audio>\n<p style=\"text-align: justify;\"><a title=\"En Memoria a un Gran Lider Milsiades Trochez Conda_2014\" href=\"http:\/\/co.ivoox.com\/es\/en-memoria-a-gran-lider-milsiades-trochez-audios-mp3_rf_10045880_1.html\">Ir a descargar<\/a><\/p>\n<audio class=\"wp-audio-shortcode\" id=\"audio-12348-2\" preload=\"none\" style=\"width: 100%;\" controls=\"controls\"><source type=\"audio\/mpeg\" src=\"http:\/\/co.ivoox.com\/es\/en-memoria-a-gran-lider-milsiades-trochez_md_10046008_wp_1.mp3?_=2\" \/><a href=\"http:\/\/co.ivoox.com\/es\/en-memoria-a-gran-lider-milsiades-trochez_md_10046008_wp_1.mp3\">http:\/\/co.ivoox.com\/es\/en-memoria-a-gran-lider-milsiades-trochez_md_10046008_wp_1.mp3<\/a><\/audio>\n<p style=\"text-align: justify;\"><a title=\"En Memoria a un Gran Lider Milsiades Trochez Conda_2015\" href=\"http:\/\/co.ivoox.com\/es\/en-memoria-a-gran-lider-milsiades-trochez-audios-mp3_rf_10046008_1.html\">Ir a descargar<\/a><\/p>\n<audio class=\"wp-audio-shortcode\" id=\"audio-12348-3\" preload=\"none\" style=\"width: 100%;\" controls=\"controls\"><source type=\"audio\/mpeg\" src=\"http:\/\/co.ivoox.com\/es\/en-memoria-a-gran-lider-milsiades-trochez_md_10045773_wp_1.mp3?_=3\" \/><a href=\"http:\/\/co.ivoox.com\/es\/en-memoria-a-gran-lider-milsiades-trochez_md_10045773_wp_1.mp3\">http:\/\/co.ivoox.com\/es\/en-memoria-a-gran-lider-milsiades-trochez_md_10045773_wp_1.mp3<\/a><\/audio>\n<p style=\"text-align: justify;\"><a title=\"En Memoria a un Gran Lider Milsiades Trochez Conda_3\" href=\"http:\/\/co.ivoox.com\/es\/en-memoria-a-gran-lider-milsiades-trochez-audios-mp3_rf_10045773_1.html\">Ir a descargar<\/a><\/p>\n<p style=\"text-align: justify;\">Conmemoraci\u00f3n religiosa se realizara el d\u00eda s\u00e1bado 16 de enero de 2016\u00a0en la vereda Loma Gruesa del resguardo de Jambalo a partir de las 2pm.<\/p>\n","protected":false},"excerpt":{"rendered":"<p>\u201cA los que llamamos muertos, est\u00e1n m\u00e1s vivos que nosotros y su esp\u00edritu sigue acompa\u00f1ando nuestro caminar, con sus acciones y ense\u00f1anzas\u201d. Pensamiento del pueblo Nasa MILCIADES TROCHEZ CONDA, ind\u00edgena del pueblo Nasa, \u00a0naci\u00f3 el d\u00eda 11 de Abril de 1972 en la Vereda Loma Gruesa, hijo de ANTONIO JOSE TROCHEZ ESCUE y ANA MARIA <\/p>\n","protected":false},"author":6,"featured_media":12359,"comment_status":"open","ping_status":"open","sticky":false,"template":"","format":"standard","meta":{"footnotes":""},"categories":[3],"tags":[],"yoast_head":"<!-- This site is optimized with the Yoast SEO plugin v20.12 - https:\/\/yoast.com\/wordpress\/plugins\/seo\/ -->\n<title>Milciades Trochez guardi\u00e1n de la naturaleza, el Territorio y la vida - Consejo Regional Ind\u00edgena del Cauca - CRIC<\/title>\n<meta name=\"robots\" content=\"index, follow, max-snippet:-1, max-image-preview:large, max-video-preview:-1\" \/>\n<link rel=\"canonical\" href=\"https:\/\/www.cric-colombia.org\/portal\/milciades-trochez-guardian-de-la-naturaleza-el-territorio-y-la-vida\/\" \/>\n<meta property=\"og:locale\" content=\"es_ES\" \/>\n<meta property=\"og:type\" content=\"article\" \/>\n<meta property=\"og:title\" content=\"Milciades Trochez guardi\u00e1n de la naturaleza, el Territorio y la vida - Consejo Regional Ind\u00edgena del Cauca - CRIC\" \/>\n<meta property=\"og:description\" content=\"\u201cA los que llamamos muertos, est\u00e1n m\u00e1s vivos que nosotros y su esp\u00edritu sigue acompa\u00f1ando nuestro caminar, con sus acciones y ense\u00f1anzas\u201d. Pensamiento del pueblo Nasa MILCIADES TROCHEZ CONDA, ind\u00edgena del pueblo Nasa, \u00a0naci\u00f3 el d\u00eda 11 de Abril de 1972 en la Vereda Loma Gruesa, hijo de ANTONIO JOSE TROCHEZ ESCUE y ANA MARIA\" \/>\n<meta property=\"og:url\" content=\"https:\/\/www.cric-colombia.org\/portal\/milciades-trochez-guardian-de-la-naturaleza-el-territorio-y-la-vida\/\" \/>\n<meta property=\"og:site_name\" content=\"Consejo Regional Ind\u00edgena del Cauca - CRIC\" \/>\n<meta property=\"article:publisher\" content=\"https:\/\/www.facebook.com\/cric.colombia\/\" \/>\n<meta property=\"article:published_time\" content=\"2016-01-12T15:53:26+00:00\" \/>\n<meta property=\"article:modified_time\" content=\"2017-01-12T16:14:17+00:00\" \/>\n<meta property=\"og:image\" content=\"https:\/\/www.cric-colombia.org\/portal\/wp-content\/uploads\/2016\/01\/milciades222.jpg\" \/>\n\t<meta property=\"og:image:width\" content=\"1082\" \/>\n\t<meta property=\"og:image:height\" content=\"847\" \/>\n\t<meta property=\"og:image:type\" content=\"image\/jpeg\" \/>\n<meta name=\"author\" content=\"Comunicaciones CRIC\" \/>\n<meta name=\"twitter:card\" content=\"summary_large_image\" \/>\n<meta name=\"twitter:creator\" content=\"@CRIC_Cauca\" \/>\n<meta name=\"twitter:site\" content=\"@CRIC_Cauca\" \/>\n<meta name=\"twitter:label1\" content=\"Escrito por\" \/>\n\t<meta name=\"twitter:data1\" content=\"Comunicaciones CRIC\" \/>\n\t<meta name=\"twitter:label2\" content=\"Tiempo de lectura\" \/>\n\t<meta name=\"twitter:data2\" content=\"3 minutos\" \/>\n<script type=\"application\/ld+json\" class=\"yoast-schema-graph\">{\"@context\":\"https:\/\/schema.org\",\"@graph\":[{\"@type\":\"Article\",\"@id\":\"https:\/\/www.cric-colombia.org\/portal\/milciades-trochez-guardian-de-la-naturaleza-el-territorio-y-la-vida\/#article\",\"isPartOf\":{\"@id\":\"https:\/\/www.cric-colombia.org\/portal\/milciades-trochez-guardian-de-la-naturaleza-el-territorio-y-la-vida\/\"},\"author\":{\"name\":\"Comunicaciones CRIC\",\"@id\":\"https:\/\/www.cric-colombia.org\/portal\/#\/schema\/person\/ab3a3099267de33d55f74f34ba201931\"},\"headline\":\"Milciades Trochez guardi\u00e1n de la naturaleza, el Territorio y la vida\",\"datePublished\":\"2016-01-12T15:53:26+00:00\",\"dateModified\":\"2017-01-12T16:14:17+00:00\",\"mainEntityOfPage\":{\"@id\":\"https:\/\/www.cric-colombia.org\/portal\/milciades-trochez-guardian-de-la-naturaleza-el-territorio-y-la-vida\/\"},\"wordCount\":530,\"commentCount\":0,\"publisher\":{\"@id\":\"https:\/\/www.cric-colombia.org\/portal\/#organization\"},\"articleSection\":[\"Actualidad Ind\u00edgena del Cauca\"],\"inLanguage\":\"es\",\"potentialAction\":[{\"@type\":\"CommentAction\",\"name\":\"Comment\",\"target\":[\"https:\/\/www.cric-colombia.org\/portal\/milciades-trochez-guardian-de-la-naturaleza-el-territorio-y-la-vida\/#respond\"]}]},{\"@type\":\"WebPage\",\"@id\":\"https:\/\/www.cric-colombia.org\/portal\/milciades-trochez-guardian-de-la-naturaleza-el-territorio-y-la-vida\/\",\"url\":\"https:\/\/www.cric-colombia.org\/portal\/milciades-trochez-guardian-de-la-naturaleza-el-territorio-y-la-vida\/\",\"name\":\"Milciades Trochez guardi\u00e1n de la naturaleza, el Territorio y la vida - Consejo Regional Ind\u00edgena del Cauca - CRIC\",\"isPartOf\":{\"@id\":\"https:\/\/www.cric-colombia.org\/portal\/#website\"},\"datePublished\":\"2016-01-12T15:53:26+00:00\",\"dateModified\":\"2017-01-12T16:14:17+00:00\",\"breadcrumb\":{\"@id\":\"https:\/\/www.cric-colombia.org\/portal\/milciades-trochez-guardian-de-la-naturaleza-el-territorio-y-la-vida\/#breadcrumb\"},\"inLanguage\":\"es\",\"potentialAction\":[{\"@type\":\"ReadAction\",\"target\":[\"https:\/\/www.cric-colombia.org\/portal\/milciades-trochez-guardian-de-la-naturaleza-el-territorio-y-la-vida\/\"]}]},{\"@type\":\"BreadcrumbList\",\"@id\":\"https:\/\/www.cric-colombia.org\/portal\/milciades-trochez-guardian-de-la-naturaleza-el-territorio-y-la-vida\/#breadcrumb\",\"itemListElement\":[{\"@type\":\"ListItem\",\"position\":1,\"name\":\"Portada\",\"item\":\"https:\/\/www.cric-colombia.org\/portal\/\"},{\"@type\":\"ListItem\",\"position\":2,\"name\":\"Milciades Trochez guardi\u00e1n de la naturaleza, el Territorio y la vida\"}]},{\"@type\":\"WebSite\",\"@id\":\"https:\/\/www.cric-colombia.org\/portal\/#website\",\"url\":\"https:\/\/www.cric-colombia.org\/portal\/\",\"name\":\"Consejo Regional Ind\u00edgena del Cauca - CRIC\",\"description\":\"P\u00e1gina oficial del Consejo Regional Ind\u00edgena del Cauca, Colombia\",\"publisher\":{\"@id\":\"https:\/\/www.cric-colombia.org\/portal\/#organization\"},\"potentialAction\":[{\"@type\":\"SearchAction\",\"target\":{\"@type\":\"EntryPoint\",\"urlTemplate\":\"https:\/\/www.cric-colombia.org\/portal\/?s={search_term_string}\"},\"query-input\":\"required name=search_term_string\"}],\"inLanguage\":\"es\"},{\"@type\":\"Organization\",\"@id\":\"https:\/\/www.cric-colombia.org\/portal\/#organization\",\"name\":\"Consejo Regional Ind\u00edgena del Cauca\",\"url\":\"https:\/\/www.cric-colombia.org\/portal\/\",\"logo\":{\"@type\":\"ImageObject\",\"inLanguage\":\"es\",\"@id\":\"https:\/\/www.cric-colombia.org\/portal\/#\/schema\/logo\/image\/\",\"url\":\"https:\/\/www.cric-colombia.org\/portal\/wp-content\/uploads\/2015\/08\/logo_cric.jpg\",\"contentUrl\":\"https:\/\/www.cric-colombia.org\/portal\/wp-content\/uploads\/2015\/08\/logo_cric.jpg\",\"width\":512,\"height\":512,\"caption\":\"Consejo Regional Ind\u00edgena del Cauca\"},\"image\":{\"@id\":\"https:\/\/www.cric-colombia.org\/portal\/#\/schema\/logo\/image\/\"},\"sameAs\":[\"https:\/\/www.facebook.com\/cric.colombia\/\",\"https:\/\/twitter.com\/CRIC_Cauca\"]},{\"@type\":\"Person\",\"@id\":\"https:\/\/www.cric-colombia.org\/portal\/#\/schema\/person\/ab3a3099267de33d55f74f34ba201931\",\"name\":\"Comunicaciones CRIC\",\"image\":{\"@type\":\"ImageObject\",\"inLanguage\":\"es\",\"@id\":\"https:\/\/www.cric-colombia.org\/portal\/#\/schema\/person\/image\/\",\"url\":\"https:\/\/secure.gravatar.com\/avatar\/a8d1a6cfcb82a80d09dafefdcc3dcc8a?s=96&d=retro&r=g\",\"contentUrl\":\"https:\/\/secure.gravatar.com\/avatar\/a8d1a6cfcb82a80d09dafefdcc3dcc8a?s=96&d=retro&r=g\",\"caption\":\"Comunicaciones CRIC\"},\"url\":\"https:\/\/www.cric-colombia.org\/portal\/author\/comunicaciones\/\"}]}<\/script>\n<!-- \/ Yoast SEO plugin. -->","yoast_head_json":{"title":"Milciades Trochez guardi\u00e1n de la naturaleza, el Territorio y la vida - Consejo Regional Ind\u00edgena del Cauca - CRIC","robots":{"index":"index","follow":"follow","max-snippet":"max-snippet:-1","max-image-preview":"max-image-preview:large","max-video-preview":"max-video-preview:-1"},"canonical":"https:\/\/www.cric-colombia.org\/portal\/milciades-trochez-guardian-de-la-naturaleza-el-territorio-y-la-vida\/","og_locale":"es_ES","og_type":"article","og_title":"Milciades Trochez guardi\u00e1n de la naturaleza, el Territorio y la vida - Consejo Regional Ind\u00edgena del Cauca - CRIC","og_description":"\u201cA los que llamamos muertos, est\u00e1n m\u00e1s vivos que nosotros y su esp\u00edritu sigue acompa\u00f1ando nuestro caminar, con sus acciones y ense\u00f1anzas\u201d. Pensamiento del pueblo Nasa MILCIADES TROCHEZ CONDA, ind\u00edgena del pueblo Nasa, \u00a0naci\u00f3 el d\u00eda 11 de Abril de 1972 en la Vereda Loma Gruesa, hijo de ANTONIO JOSE TROCHEZ ESCUE y ANA MARIA","og_url":"https:\/\/www.cric-colombia.org\/portal\/milciades-trochez-guardian-de-la-naturaleza-el-territorio-y-la-vida\/","og_site_name":"Consejo Regional Ind\u00edgena del Cauca - CRIC","article_publisher":"https:\/\/www.facebook.com\/cric.colombia\/","article_published_time":"2016-01-12T15:53:26+00:00","article_modified_time":"2017-01-12T16:14:17+00:00","og_image":[{"width":1082,"height":847,"url":"https:\/\/www.cric-colombia.org\/portal\/wp-content\/uploads\/2016\/01\/milciades222.jpg","type":"image\/jpeg"}],"author":"Comunicaciones CRIC","twitter_card":"summary_large_image","twitter_creator":"@CRIC_Cauca","twitter_site":"@CRIC_Cauca","twitter_misc":{"Escrito por":"Comunicaciones CRIC","Tiempo de lectura":"3 minutos"},"schema":{"@context":"https:\/\/schema.org","@graph":[{"@type":"Article","@id":"https:\/\/www.cric-colombia.org\/portal\/milciades-trochez-guardian-de-la-naturaleza-el-territorio-y-la-vida\/#article","isPartOf":{"@id":"https:\/\/www.cric-colombia.org\/portal\/milciades-trochez-guardian-de-la-naturaleza-el-territorio-y-la-vida\/"},"author":{"name":"Comunicaciones CRIC","@id":"https:\/\/www.cric-colombia.org\/portal\/#\/schema\/person\/ab3a3099267de33d55f74f34ba201931"},"headline":"Milciades Trochez guardi\u00e1n de la naturaleza, el Territorio y la vida","datePublished":"2016-01-12T15:53:26+00:00","dateModified":"2017-01-12T16:14:17+00:00","mainEntityOfPage":{"@id":"https:\/\/www.cric-colombia.org\/portal\/milciades-trochez-guardian-de-la-naturaleza-el-territorio-y-la-vida\/"},"wordCount":530,"commentCount":0,"publisher":{"@id":"https:\/\/www.cric-colombia.org\/portal\/#organization"},"articleSection":["Actualidad Ind\u00edgena del Cauca"],"inLanguage":"es","potentialAction":[{"@type":"CommentAction","name":"Comment","target":["https:\/\/www.cric-colombia.org\/portal\/milciades-trochez-guardian-de-la-naturaleza-el-territorio-y-la-vida\/#respond"]}]},{"@type":"WebPage","@id":"https:\/\/www.cric-colombia.org\/portal\/milciades-trochez-guardian-de-la-naturaleza-el-territorio-y-la-vida\/","url":"https:\/\/www.cric-colombia.org\/portal\/milciades-trochez-guardian-de-la-naturaleza-el-territorio-y-la-vida\/","name":"Milciades Trochez guardi\u00e1n de la naturaleza, el Territorio y la vida - Consejo Regional Ind\u00edgena del Cauca - CRIC","isPartOf":{"@id":"https:\/\/www.cric-colombia.org\/portal\/#website"},"datePublished":"2016-01-12T15:53:26+00:00","dateModified":"2017-01-12T16:14:17+00:00","breadcrumb":{"@id":"https:\/\/www.cric-colombia.org\/portal\/milciades-trochez-guardian-de-la-naturaleza-el-territorio-y-la-vida\/#breadcrumb"},"inLanguage":"es","potentialAction":[{"@type":"ReadAction","target":["https:\/\/www.cric-colombia.org\/portal\/milciades-trochez-guardian-de-la-naturaleza-el-territorio-y-la-vida\/"]}]},{"@type":"BreadcrumbList","@id":"https:\/\/www.cric-colombia.org\/portal\/milciades-trochez-guardian-de-la-naturaleza-el-territorio-y-la-vida\/#breadcrumb","itemListElement":[{"@type":"ListItem","position":1,"name":"Portada","item":"https:\/\/www.cric-colombia.org\/portal\/"},{"@type":"ListItem","position":2,"name":"Milciades Trochez guardi\u00e1n de la naturaleza, el Territorio y la vida"}]},{"@type":"WebSite","@id":"https:\/\/www.cric-colombia.org\/portal\/#website","url":"https:\/\/www.cric-colombia.org\/portal\/","name":"Consejo Regional Ind\u00edgena del Cauca - CRIC","description":"P\u00e1gina oficial del Consejo Regional Ind\u00edgena del Cauca, Colombia","publisher":{"@id":"https:\/\/www.cric-colombia.org\/portal\/#organization"},"potentialAction":[{"@type":"SearchAction","target":{"@type":"EntryPoint","urlTemplate":"https:\/\/www.cric-colombia.org\/portal\/?s={search_term_string}"},"query-input":"required name=search_term_string"}],"inLanguage":"es"},{"@type":"Organization","@id":"https:\/\/www.cric-colombia.org\/portal\/#organization","name":"Consejo Regional Ind\u00edgena del Cauca","url":"https:\/\/www.cric-colombia.org\/portal\/","logo":{"@type":"ImageObject","inLanguage":"es","@id":"https:\/\/www.cric-colombia.org\/portal\/#\/schema\/logo\/image\/","url":"https:\/\/www.cric-colombia.org\/portal\/wp-content\/uploads\/2015\/08\/logo_cric.jpg","contentUrl":"https:\/\/www.cric-colombia.org\/portal\/wp-content\/uploads\/2015\/08\/logo_cric.jpg","width":512,"height":512,"caption":"Consejo Regional Ind\u00edgena del Cauca"},"image":{"@id":"https:\/\/www.cric-colombia.org\/portal\/#\/schema\/logo\/image\/"},"sameAs":["https:\/\/www.facebook.com\/cric.colombia\/","https:\/\/twitter.com\/CRIC_Cauca"]},{"@type":"Person","@id":"https:\/\/www.cric-colombia.org\/portal\/#\/schema\/person\/ab3a3099267de33d55f74f34ba201931","name":"Comunicaciones CRIC","image":{"@type":"ImageObject","inLanguage":"es","@id":"https:\/\/www.cric-colombia.org\/portal\/#\/schema\/person\/image\/","url":"https:\/\/secure.gravatar.com\/avatar\/a8d1a6cfcb82a80d09dafefdcc3dcc8a?s=96&d=retro&r=g","contentUrl":"https:\/\/secure.gravatar.com\/avatar\/a8d1a6cfcb82a80d09dafefdcc3dcc8a?s=96&d=retro&r=g","caption":"Comunicaciones CRIC"},"url":"https:\/\/www.cric-colombia.org\/portal\/author\/comunicaciones\/"}]}},"jetpack_featured_media_url":"https:\/\/www.cric-colombia.org\/portal\/wp-content\/uploads\/2016\/01\/milciades222.jpg","_links":{"self":[{"href":"https:\/\/www.cric-colombia.org\/portal\/wp-json\/wp\/v2\/posts\/12348"}],"collection":[{"href":"https:\/\/www.cric-colombia.org\/portal\/wp-json\/wp\/v2\/posts"}],"about":[{"href":"https:\/\/www.cric-colombia.org\/portal\/wp-json\/wp\/v2\/types\/post"}],"author":[{"embeddable":true,"href":"https:\/\/www.cric-colombia.org\/portal\/wp-json\/wp\/v2\/users\/6"}],"replies":[{"embeddable":true,"href":"https:\/\/www.cric-colombia.org\/portal\/wp-json\/wp\/v2\/comments?post=12348"}],"version-history":[{"count":5,"href":"https:\/\/www.cric-colombia.org\/portal\/wp-json\/wp\/v2\/posts\/12348\/revisions"}],"predecessor-version":[{"id":16328,"href":"https:\/\/www.cric-colombia.org\/portal\/wp-json\/wp\/v2\/posts\/12348\/revisions\/16328"}],"wp:featuredmedia":[{"embeddable":true,"href":"https:\/\/www.cric-colombia.org\/portal\/wp-json\/wp\/v2\/media\/12359"}],"wp:attachment":[{"href":"https:\/\/www.cric-colombia.org\/portal\/wp-json\/wp\/v2\/media?parent=12348"}],"wp:term":[{"taxonomy":"category","embeddable":true,"href":"https:\/\/www.cric-colombia.org\/portal\/wp-json\/wp\/v2\/categories?post=12348"},{"taxonomy":"post_tag","embeddable":true,"href":"https:\/\/www.cric-colombia.org\/portal\/wp-json\/wp\/v2\/tags?post=12348"}],"curies":[{"name":"wp","href":"https:\/\/api.w.org\/{rel}","templated":true}]}}